{"id":18351,"date":"2023-03-09T12:10:25","date_gmt":"2023-03-09T12:10:25","guid":{"rendered":"https:\/\/www.africa-press.net\/togo\/politique\/togo-perturbations-electriques-du-09-au-11-mars-voici-les-zones-concernees"},"modified":"2023-03-09T12:43:56","modified_gmt":"2023-03-09T12:43:56","slug":"togo-perturbations-electriques-du-09-au-11-mars-voici-les-zones-concernees","status":"publish","type":"post","link":"https:\/\/www.africa-press.net\/togo\/toutes-les-actualites\/togo-perturbations-electriques-du-09-au-11-mars-voici-les-zones-concernees","title":{"rendered":"Togo\u00a0: Perturbations \u00e9lectriques du 09 au 11 mars\u00a0; voici les zones concern\u00e9es"},"content":{"rendered":"<p><span style=\"color: #ff6600\"><strong>Africa-Press &#8211; Togo. <\/strong><\/span>La fourniture du courant e\u0301lectrique connai\u0302tra des interruptions dans certains quartiers du Grand Lome\u0301 et d\u2019autres localite\u0301s, du jeudi 9 au samedi 11 mars.<\/p>\n<p>Selon la CEET, c\u2019est en raison des habituels travaux de maintenance sur les ouvrages e\u0301lectriques de la CEET.<\/p>\n<p>Les coupures interviendront principalement en journe\u0301e, entre 8h00 et 13h00 au plus tard. La compagnie publique recommande a\u0300 cet effet \u201cque les appareils soient de\u0301branche\u0301s lorsque la coupure intervient et qu\u2019ils ne soient remis en service qu\u2019apre\u0300s le retour de l\u2019e\u0301lectricite\u0301\u201d.<\/p>\n<p>Programme des interruptions<\/p>\n<p>Jeudi 09 mars<\/p>\n<p>09h00 a\u0300 12h30 : Tsikplonou-kondji, Zones Cita, Ge\u0301ne\u0301ral Agro, Atlantique Te\u0301le\u0301com d\u2019Ade\u0301tikope\u0301, Service Amical, Sogea Satom, Mango Sari, Pia annexe et leurs environs<\/p>\n<p>09 h 00 a\u0300 13 h 00 : Zone Bar le Retour et ses environs<\/p>\n<p>Vendredi 10 mars<\/p>\n<p>09 h 30 a\u0300 12 h 30 : Badja, Ke\u0301ve\u0301 et leurs environs.<\/p>\n<p>Samedi 11 mars<\/p>\n<p>08 h 00 a\u0300 10 h 00 : Doumasse\u0301sse\u0301 et ses environs<\/p>\n<p><strong>Pour plus d&rsquo;informations et d&rsquo;analyses sur la <a href=\"https:\/\/www.africa-press.net\/togo\">Togo<\/a>, suivez <a href=\"https:\/\/www.africa-press.net\/\">Africa-Press<\/a><\/strong><\/p>\n","protected":false},"excerpt":{"rendered":"<p>Africa-Press &#8211; Togo. La fourniture du courant e\u0301lectrique connai\u0302tra des interruptions dans certains quartiers du Grand Lome\u0301 et d\u2019autres localite\u0301s, du jeudi 9 au samedi 11 mars. Selon la CEET, c\u2019est en raison des habituels travaux de maintenance sur les ouvrages e\u0301lectriques de la CEET. Les coupures interviendront principalement en journe\u0301e, entre 8h00 et 13h00 [&hellip;]<\/p>\n","protected":false},"author":82,"featured_media":18349,"comment_status":"open","ping_status":"closed","sticky":false,"template":"","format":"standard","meta":{"footnotes":""},"categories":[21,10],"tags":[36,49,546,50],"class_list":["post-18351","post","type-post","status-publish","format-standard","has-post-thumbnail","hentry","category-communaute","category-toutes-les-actualites","tag-africa-press","tag-africa-press-togo","tag-ceet","tag-togo"],"yoast_head":"<!-- This site is optimized with the Yoast SEO Premium plugin v26.1 (Yoast SEO v27.0) - https:\/\/yoast.com\/product\/yoast-seo-premium-wordpress\/ -->\n<title>Togo\u00a0: Perturbations \u00e9lectriques du 09 au 11 mars\u00a0; voici les zones concern\u00e9es - Togo<\/title>\n<meta name=\"description\" content=\"La fourniture du courant e\u0301lectrique connai\u0302tra des interruptions dans certains quartiers du Grand Lome\u0301 et d\u2019autres loc ...\" \/>\n<meta name=\"robots\" content=\"index, follow, max-snippet:-1, max-image-preview:large, max-video-preview:-1\" \/>\n<link rel=\"canonical\" href=\"https:\/\/www.africa-press.net\/togo\/toutes-les-actualites\/togo-perturbations-electriques-du-09-au-11-mars-voici-les-zones-concernees\" \/>\n<meta property=\"og:locale\" content=\"fr_FR\" \/>\n<meta property=\"og:type\" content=\"article\" \/>\n<meta property=\"og:title\" content=\"Togo\u00a0: Perturbations \u00e9lectriques du 09 au 11 mars\u00a0; voici les zones concern\u00e9es\" \/>\n<meta property=\"og:description\" content=\"La fourniture du courant e\u0301lectrique connai\u0302tra des interruptions dans certains quartiers du Grand Lome\u0301 et d\u2019autres loc ...\" \/>\n<meta property=\"og:url\" content=\"https:\/\/www.africa-press.net\/togo\/toutes-les-actualites\/togo-perturbations-electriques-du-09-au-11-mars-voici-les-zones-concernees\" \/>\n<meta property=\"og:site_name\" content=\"Togo\" \/>\n<meta property=\"article:published_time\" content=\"2023-03-09T12:10:25+00:00\" \/>\n<meta property=\"article:modified_time\" content=\"2023-03-09T12:43:56+00:00\" \/>\n<meta property=\"og:image\" content=\"https:\/\/static.africa-press.net\/togo\/sites\/58\/2023\/03\/postQueueImg_1678351231.94.jpg\" \/>\n\t<meta property=\"og:image:width\" content=\"720\" \/>\n\t<meta property=\"og:image:height\" content=\"509\" \/>\n\t<meta property=\"og:image:type\" content=\"image\/jpeg\" \/>\n<meta name=\"author\" content=\"cfeditorfr\" \/>\n<meta name=\"twitter:card\" content=\"summary_large_image\" \/>\n<meta name=\"twitter:label1\" content=\"\u00c9crit par\" \/>\n\t<meta name=\"twitter:data1\" content=\"cfeditorfr\" \/>\n\t<meta name=\"twitter:label2\" content=\"Dur\u00e9e de lecture estim\u00e9e\" \/>\n\t<meta name=\"twitter:data2\" content=\"1 minute\" \/>\n<script type=\"application\/ld+json\" class=\"yoast-schema-graph\">{\"@context\":\"https:\/\/schema.org\",\"@graph\":[{\"@type\":\"Article\",\"@id\":\"https:\/\/www.africa-press.net\/togo\/toutes-les-actualites\/togo-perturbations-electriques-du-09-au-11-mars-voici-les-zones-concernees#article\",\"isPartOf\":{\"@id\":\"https:\/\/www.africa-press.net\/togo\/toutes-les-actualites\/togo-perturbations-electriques-du-09-au-11-mars-voici-les-zones-concernees\"},\"author\":{\"name\":\"cfeditorfr\",\"@id\":\"https:\/\/www.africa-press.net\/togo\/#\/schema\/person\/2b1cf3cd81a31e3cd26889ca66d677f1\"},\"headline\":\"Togo\u00a0: Perturbations \u00e9lectriques du 09 au 11 mars\u00a0; voici les zones concern\u00e9es\",\"datePublished\":\"2023-03-09T12:10:25+00:00\",\"dateModified\":\"2023-03-09T12:43:56+00:00\",\"mainEntityOfPage\":{\"@id\":\"https:\/\/www.africa-press.net\/togo\/toutes-les-actualites\/togo-perturbations-electriques-du-09-au-11-mars-voici-les-zones-concernees\"},\"wordCount\":185,\"commentCount\":0,\"image\":{\"@id\":\"https:\/\/www.africa-press.net\/togo\/toutes-les-actualites\/togo-perturbations-electriques-du-09-au-11-mars-voici-les-zones-concernees#primaryimage\"},\"thumbnailUrl\":\"https:\/\/static.africa-press.net\/togo\/sites\/58\/2023\/03\/postQueueImg_1678351231.94.jpg\",\"keywords\":[\"Africa Press\",\"Africa Press-Togo\",\"CEET\",\"Togo\"],\"articleSection\":[\"Communaut\u00e9\",\"Toutes les actualit\u00e9s\"],\"inLanguage\":\"fr-FR\",\"potentialAction\":[{\"@type\":\"CommentAction\",\"name\":\"Comment\",\"target\":[\"https:\/\/www.africa-press.net\/togo\/toutes-les-actualites\/togo-perturbations-electriques-du-09-au-11-mars-voici-les-zones-concernees#respond\"]}]},{\"@type\":\"WebPage\",\"@id\":\"https:\/\/www.africa-press.net\/togo\/toutes-les-actualites\/togo-perturbations-electriques-du-09-au-11-mars-voici-les-zones-concernees\",\"url\":\"https:\/\/www.africa-press.net\/togo\/toutes-les-actualites\/togo-perturbations-electriques-du-09-au-11-mars-voici-les-zones-concernees\",\"name\":\"Togo\u00a0: Perturbations \u00e9lectriques du 09 au 11 mars\u00a0; voici les zones concern\u00e9es - Togo\",\"isPartOf\":{\"@id\":\"https:\/\/www.africa-press.net\/togo\/#website\"},\"primaryImageOfPage\":{\"@id\":\"https:\/\/www.africa-press.net\/togo\/toutes-les-actualites\/togo-perturbations-electriques-du-09-au-11-mars-voici-les-zones-concernees#primaryimage\"},\"image\":{\"@id\":\"https:\/\/www.africa-press.net\/togo\/toutes-les-actualites\/togo-perturbations-electriques-du-09-au-11-mars-voici-les-zones-concernees#primaryimage\"},\"thumbnailUrl\":\"https:\/\/static.africa-press.net\/togo\/sites\/58\/2023\/03\/postQueueImg_1678351231.94.jpg\",\"datePublished\":\"2023-03-09T12:10:25+00:00\",\"dateModified\":\"2023-03-09T12:43:56+00:00\",\"author\":{\"@id\":\"https:\/\/www.africa-press.net\/togo\/#\/schema\/person\/2b1cf3cd81a31e3cd26889ca66d677f1\"},\"description\":\"La fourniture du courant e\u0301lectrique connai\u0302tra des interruptions dans certains quartiers du Grand Lome\u0301 et d\u2019autres loc ...\",\"breadcrumb\":{\"@id\":\"https:\/\/www.africa-press.net\/togo\/toutes-les-actualites\/togo-perturbations-electriques-du-09-au-11-mars-voici-les-zones-concernees#breadcrumb\"},\"inLanguage\":\"fr-FR\",\"potentialAction\":[{\"@type\":\"ReadAction\",\"target\":[\"https:\/\/www.africa-press.net\/togo\/toutes-les-actualites\/togo-perturbations-electriques-du-09-au-11-mars-voici-les-zones-concernees\"]}]},{\"@type\":\"ImageObject\",\"inLanguage\":\"fr-FR\",\"@id\":\"https:\/\/www.africa-press.net\/togo\/toutes-les-actualites\/togo-perturbations-electriques-du-09-au-11-mars-voici-les-zones-concernees#primaryimage\",\"url\":\"https:\/\/static.africa-press.net\/togo\/sites\/58\/2023\/03\/postQueueImg_1678351231.94.jpg\",\"contentUrl\":\"https:\/\/static.africa-press.net\/togo\/sites\/58\/2023\/03\/postQueueImg_1678351231.94.jpg\",\"width\":720,\"height\":509,\"caption\":\"Togo\u00a0: Perturbations \u00e9lectriques du 09 au 11 mars\u00a0; voici les zones concern\u00e9es\"},{\"@type\":\"BreadcrumbList\",\"@id\":\"https:\/\/www.africa-press.net\/togo\/toutes-les-actualites\/togo-perturbations-electriques-du-09-au-11-mars-voici-les-zones-concernees#breadcrumb\",\"itemListElement\":[{\"@type\":\"ListItem\",\"position\":1,\"name\":\"Accueil\",\"item\":\"https:\/\/www.africa-press.net\/togo\/\"},{\"@type\":\"ListItem\",\"position\":2,\"name\":\"Togo\u00a0: Perturbations \u00e9lectriques du 09 au 11 mars\u00a0; voici les zones concern\u00e9es\"}]},{\"@type\":\"WebSite\",\"@id\":\"https:\/\/www.africa-press.net\/togo\/#website\",\"url\":\"https:\/\/www.africa-press.net\/togo\/\",\"name\":\"Togo\",\"description\":\"Just another Africa News Agency Sites site\",\"potentialAction\":[{\"@type\":\"SearchAction\",\"target\":{\"@type\":\"EntryPoint\",\"urlTemplate\":\"https:\/\/www.africa-press.net\/togo\/?s={search_term_string}\"},\"query-input\":{\"@type\":\"PropertyValueSpecification\",\"valueRequired\":true,\"valueName\":\"search_term_string\"}}],\"inLanguage\":\"fr-FR\"},{\"@type\":\"Person\",\"@id\":\"https:\/\/www.africa-press.net\/togo\/#\/schema\/person\/2b1cf3cd81a31e3cd26889ca66d677f1\",\"name\":\"cfeditorfr\"}]}<\/script>\n<!-- \/ Yoast SEO Premium plugin. -->","yoast_head_json":{"title":"Togo\u00a0: Perturbations \u00e9lectriques du 09 au 11 mars\u00a0; voici les zones concern\u00e9es - Togo","description":"La fourniture du courant e\u0301lectrique connai\u0302tra des interruptions dans certains quartiers du Grand Lome\u0301 et d\u2019autres loc ...","robots":{"index":"index","follow":"follow","max-snippet":"max-snippet:-1","max-image-preview":"max-image-preview:large","max-video-preview":"max-video-preview:-1"},"canonical":"https:\/\/www.africa-press.net\/togo\/toutes-les-actualites\/togo-perturbations-electriques-du-09-au-11-mars-voici-les-zones-concernees","og_locale":"fr_FR","og_type":"article","og_title":"Togo\u00a0: Perturbations \u00e9lectriques du 09 au 11 mars\u00a0; voici les zones concern\u00e9es","og_description":"La fourniture du courant e\u0301lectrique connai\u0302tra des interruptions dans certains quartiers du Grand Lome\u0301 et d\u2019autres loc ...","og_url":"https:\/\/www.africa-press.net\/togo\/toutes-les-actualites\/togo-perturbations-electriques-du-09-au-11-mars-voici-les-zones-concernees","og_site_name":"Togo","article_published_time":"2023-03-09T12:10:25+00:00","article_modified_time":"2023-03-09T12:43:56+00:00","og_image":[{"width":720,"height":509,"url":"https:\/\/static.africa-press.net\/togo\/sites\/58\/2023\/03\/postQueueImg_1678351231.94.jpg","type":"image\/jpeg"}],"author":"cfeditorfr","twitter_card":"summary_large_image","twitter_misc":{"\u00c9crit par":"cfeditorfr","Dur\u00e9e de lecture estim\u00e9e":"1 minute"},"schema":{"@context":"https:\/\/schema.org","@graph":[{"@type":"Article","@id":"https:\/\/www.africa-press.net\/togo\/toutes-les-actualites\/togo-perturbations-electriques-du-09-au-11-mars-voici-les-zones-concernees#article","isPartOf":{"@id":"https:\/\/www.africa-press.net\/togo\/toutes-les-actualites\/togo-perturbations-electriques-du-09-au-11-mars-voici-les-zones-concernees"},"author":{"name":"cfeditorfr","@id":"https:\/\/www.africa-press.net\/togo\/#\/schema\/person\/2b1cf3cd81a31e3cd26889ca66d677f1"},"headline":"Togo\u00a0: Perturbations \u00e9lectriques du 09 au 11 mars\u00a0; voici les zones concern\u00e9es","datePublished":"2023-03-09T12:10:25+00:00","dateModified":"2023-03-09T12:43:56+00:00","mainEntityOfPage":{"@id":"https:\/\/www.africa-press.net\/togo\/toutes-les-actualites\/togo-perturbations-electriques-du-09-au-11-mars-voici-les-zones-concernees"},"wordCount":185,"commentCount":0,"image":{"@id":"https:\/\/www.africa-press.net\/togo\/toutes-les-actualites\/togo-perturbations-electriques-du-09-au-11-mars-voici-les-zones-concernees#primaryimage"},"thumbnailUrl":"https:\/\/static.africa-press.net\/togo\/sites\/58\/2023\/03\/postQueueImg_1678351231.94.jpg","keywords":["Africa Press","Africa Press-Togo","CEET","Togo"],"articleSection":["Communaut\u00e9","Toutes les actualit\u00e9s"],"inLanguage":"fr-FR","potentialAction":[{"@type":"CommentAction","name":"Comment","target":["https:\/\/www.africa-press.net\/togo\/toutes-les-actualites\/togo-perturbations-electriques-du-09-au-11-mars-voici-les-zones-concernees#respond"]}]},{"@type":"WebPage","@id":"https:\/\/www.africa-press.net\/togo\/toutes-les-actualites\/togo-perturbations-electriques-du-09-au-11-mars-voici-les-zones-concernees","url":"https:\/\/www.africa-press.net\/togo\/toutes-les-actualites\/togo-perturbations-electriques-du-09-au-11-mars-voici-les-zones-concernees","name":"Togo\u00a0: Perturbations \u00e9lectriques du 09 au 11 mars\u00a0; voici les zones concern\u00e9es - Togo","isPartOf":{"@id":"https:\/\/www.africa-press.net\/togo\/#website"},"primaryImageOfPage":{"@id":"https:\/\/www.africa-press.net\/togo\/toutes-les-actualites\/togo-perturbations-electriques-du-09-au-11-mars-voici-les-zones-concernees#primaryimage"},"image":{"@id":"https:\/\/www.africa-press.net\/togo\/toutes-les-actualites\/togo-perturbations-electriques-du-09-au-11-mars-voici-les-zones-concernees#primaryimage"},"thumbnailUrl":"https:\/\/static.africa-press.net\/togo\/sites\/58\/2023\/03\/postQueueImg_1678351231.94.jpg","datePublished":"2023-03-09T12:10:25+00:00","dateModified":"2023-03-09T12:43:56+00:00","author":{"@id":"https:\/\/www.africa-press.net\/togo\/#\/schema\/person\/2b1cf3cd81a31e3cd26889ca66d677f1"},"description":"La fourniture du courant e\u0301lectrique connai\u0302tra des interruptions dans certains quartiers du Grand Lome\u0301 et d\u2019autres loc ...","breadcrumb":{"@id":"https:\/\/www.africa-press.net\/togo\/toutes-les-actualites\/togo-perturbations-electriques-du-09-au-11-mars-voici-les-zones-concernees#breadcrumb"},"inLanguage":"fr-FR","potentialAction":[{"@type":"ReadAction","target":["https:\/\/www.africa-press.net\/togo\/toutes-les-actualites\/togo-perturbations-electriques-du-09-au-11-mars-voici-les-zones-concernees"]}]},{"@type":"ImageObject","inLanguage":"fr-FR","@id":"https:\/\/www.africa-press.net\/togo\/toutes-les-actualites\/togo-perturbations-electriques-du-09-au-11-mars-voici-les-zones-concernees#primaryimage","url":"https:\/\/static.africa-press.net\/togo\/sites\/58\/2023\/03\/postQueueImg_1678351231.94.jpg","contentUrl":"https:\/\/static.africa-press.net\/togo\/sites\/58\/2023\/03\/postQueueImg_1678351231.94.jpg","width":720,"height":509,"caption":"Togo\u00a0: Perturbations \u00e9lectriques du 09 au 11 mars\u00a0; voici les zones concern\u00e9es"},{"@type":"BreadcrumbList","@id":"https:\/\/www.africa-press.net\/togo\/toutes-les-actualites\/togo-perturbations-electriques-du-09-au-11-mars-voici-les-zones-concernees#breadcrumb","itemListElement":[{"@type":"ListItem","position":1,"name":"Accueil","item":"https:\/\/www.africa-press.net\/togo\/"},{"@type":"ListItem","position":2,"name":"Togo\u00a0: Perturbations \u00e9lectriques du 09 au 11 mars\u00a0; voici les zones concern\u00e9es"}]},{"@type":"WebSite","@id":"https:\/\/www.africa-press.net\/togo\/#website","url":"https:\/\/www.africa-press.net\/togo\/","name":"Togo","description":"Just another Africa News Agency Sites site","potentialAction":[{"@type":"SearchAction","target":{"@type":"EntryPoint","urlTemplate":"https:\/\/www.africa-press.net\/togo\/?s={search_term_string}"},"query-input":{"@type":"PropertyValueSpecification","valueRequired":true,"valueName":"search_term_string"}}],"inLanguage":"fr-FR"},{"@type":"Person","@id":"https:\/\/www.africa-press.net\/togo\/#\/schema\/person\/2b1cf3cd81a31e3cd26889ca66d677f1","name":"cfeditorfr"}]}},"_links":{"self":[{"href":"https:\/\/www.africa-press.net\/togo\/wp-json\/wp\/v2\/posts\/18351","targetHints":{"allow":["GET"]}}],"collection":[{"href":"https:\/\/www.africa-press.net\/togo\/wp-json\/wp\/v2\/posts"}],"about":[{"href":"https:\/\/www.africa-press.net\/togo\/wp-json\/wp\/v2\/types\/post"}],"author":[{"embeddable":true,"href":"https:\/\/www.africa-press.net\/togo\/wp-json\/wp\/v2\/users\/82"}],"replies":[{"embeddable":true,"href":"https:\/\/www.africa-press.net\/togo\/wp-json\/wp\/v2\/comments?post=18351"}],"version-history":[{"count":0,"href":"https:\/\/www.africa-press.net\/togo\/wp-json\/wp\/v2\/posts\/18351\/revisions"}],"wp:featuredmedia":[{"embeddable":true,"href":"https:\/\/www.africa-press.net\/togo\/wp-json\/wp\/v2\/media\/18349"}],"wp:attachment":[{"href":"https:\/\/www.africa-press.net\/togo\/wp-json\/wp\/v2\/media?parent=18351"}],"wp:term":[{"taxonomy":"category","embeddable":true,"href":"https:\/\/www.africa-press.net\/togo\/wp-json\/wp\/v2\/categories?post=18351"},{"taxonomy":"post_tag","embeddable":true,"href":"https:\/\/www.africa-press.net\/togo\/wp-json\/wp\/v2\/tags?post=18351"}],"curies":[{"name":"wp","href":"https:\/\/api.w.org\/{rel}","templated":true}]}}