{"id":18372,"date":"2023-03-09T19:07:49","date_gmt":"2023-03-09T19:07:49","guid":{"rendered":"https:\/\/www.africa-press.net\/togo\/politique\/togo-prof-dussey-discute-des-relations-france-afrique-de-louest-avec-colonna"},"modified":"2023-03-09T19:58:59","modified_gmt":"2023-03-09T19:58:59","slug":"togo-prof-dussey-discute-des-relations-france-afrique-de-louest-avec-colonna","status":"publish","type":"post","link":"https:\/\/www.africa-press.net\/togo\/politique\/togo-prof-dussey-discute-des-relations-france-afrique-de-louest-avec-colonna","title":{"rendered":"Togo-Prof. Dussey discute des relations France-Afrique de l\u2019Ouest avec Colonna"},"content":{"rendered":"<p><span style=\"color: #ff6600\"><strong>Africa-Press &#8211; Togo. <\/strong><\/span><b>Le ministre franc\u0327ais de l\u2019Europe et des Affaires e\u0301trange\u0300res, Catherine Colonna a rencontre\u0301 le Chef de la diplomatie Togolaise, Prof. Robert Dussey pour des discussions centre\u0301es sur \u201cles engagements de la France en Afrique de l\u2019ouest\u201d.<\/b><\/p>\n<p>D\u2019apre\u0300s l\u2019annonce du ministe\u0300re franc\u0327ais, qui n\u2019a toutefois pas pre\u0301cise\u0301 le lieu de rencontre, les entretiens de ce matin ont porte\u0301 sur les perspectives du partenariat entre Paris et Lome\u0301, \u00ab la situation re\u0301gionale et les engagements de la France en Afrique de l\u2019Ouest \u00bb.<\/p>\n<p>Ce matin, @MinColonna a eu un e\u0301change fructueux avec @rdussey sur les perspectives du partenariat entre la France et le Togo, la situation re\u0301gionale et les engagements de la France en Afrique de l\u2019Ouest. pic.twitter.com\/djeI6UGU99<\/p>\n<p>Connu pour son implication dans la re\u0301solution des crises diplomatiques en Afrique de l\u2019Ouest ces dernie\u0300res anne\u0301es, le Togo entend e\u0301galement renforcer la coope\u0301ration avec le pays d\u2019Emmanuel Macron.<\/p>\n<p>Prof. Robert Dussey s\u2019est rendu a\u0300 Doha au Qatar, pour assister a\u0300 la session ministe\u0301rielle sur la Coope\u0301ration Sud-Sud en marge de la 5e\u0300me confe\u0301rence des Pays les Moins Avance\u0301s (PMA5) qui s\u2019ache\u0300ve aujourd\u2019hui.<\/p>\n<p><strong>Pour plus d&rsquo;informations et d&rsquo;analyses sur la <a href=\"https:\/\/www.africa-press.net\/togo\">Togo<\/a>, suivez <a href=\"https:\/\/www.africa-press.net\/\">Africa-Press<\/a><\/strong><\/p>\n","protected":false},"excerpt":{"rendered":"<p>Africa-Press &#8211; Togo. Le ministre franc\u0327ais de l\u2019Europe et des Affaires e\u0301trange\u0300res, Catherine Colonna a rencontre\u0301 le Chef de la diplomatie Togolaise, Prof. Robert Dussey pour des discussions centre\u0301es sur \u201cles engagements de la France en Afrique de l\u2019ouest\u201d. D\u2019apre\u0300s l\u2019annonce du ministe\u0300re franc\u0327ais, qui n\u2019a toutefois pas pre\u0301cise\u0301 le lieu de rencontre, les entretiens [&hellip;]<\/p>\n","protected":false},"author":82,"featured_media":18371,"comment_status":"open","ping_status":"closed","sticky":false,"template":"","format":"standard","meta":{"footnotes":""},"categories":[2,10],"tags":[36,49,50],"class_list":["post-18372","post","type-post","status-publish","format-standard","has-post-thumbnail","hentry","category-politique","category-toutes-les-actualites","tag-africa-press","tag-africa-press-togo","tag-togo"],"yoast_head":"<!-- This site is optimized with the Yoast SEO Premium plugin v26.1 (Yoast SEO v27.0) - https:\/\/yoast.com\/product\/yoast-seo-premium-wordpress\/ -->\n<title>Togo-Prof. Dussey discute des relations France-Afrique de l\u2019Ouest avec Colonna - Togo<\/title>\n<meta name=\"description\" content=\"Le ministre franc\u0327ais de l\u2019Europe et des Affaires e\u0301trange\u0300res, Catherine Colonna a rencontre\u0301 le Chef de la diplomat ...\" \/>\n<meta name=\"robots\" content=\"index, follow, max-snippet:-1, max-image-preview:large, max-video-preview:-1\" \/>\n<link rel=\"canonical\" href=\"https:\/\/www.africa-press.net\/togo\/politique\/togo-prof-dussey-discute-des-relations-france-afrique-de-louest-avec-colonna\" \/>\n<meta property=\"og:locale\" content=\"fr_FR\" \/>\n<meta property=\"og:type\" content=\"article\" \/>\n<meta property=\"og:title\" content=\"Togo-Prof. Dussey discute des relations France-Afrique de l\u2019Ouest avec Colonna\" \/>\n<meta property=\"og:description\" content=\"Le ministre franc\u0327ais de l\u2019Europe et des Affaires e\u0301trange\u0300res, Catherine Colonna a rencontre\u0301 le Chef de la diplomat ...\" \/>\n<meta property=\"og:url\" content=\"https:\/\/www.africa-press.net\/togo\/politique\/togo-prof-dussey-discute-des-relations-france-afrique-de-louest-avec-colonna\" \/>\n<meta property=\"og:site_name\" content=\"Togo\" \/>\n<meta property=\"article:published_time\" content=\"2023-03-09T19:07:49+00:00\" \/>\n<meta property=\"article:modified_time\" content=\"2023-03-09T19:58:59+00:00\" \/>\n<meta property=\"og:image\" content=\"https:\/\/static.africa-press.net\/togo\/sites\/58\/2023\/03\/postQueueImg_1678376283.27.jpg\" \/>\n\t<meta property=\"og:image:width\" content=\"1080\" \/>\n\t<meta property=\"og:image:height\" content=\"823\" \/>\n\t<meta property=\"og:image:type\" content=\"image\/jpeg\" \/>\n<meta name=\"author\" content=\"cfeditorfr\" \/>\n<meta name=\"twitter:card\" content=\"summary_large_image\" \/>\n<meta name=\"twitter:label1\" content=\"\u00c9crit par\" \/>\n\t<meta name=\"twitter:data1\" content=\"cfeditorfr\" \/>\n\t<meta name=\"twitter:label2\" content=\"Dur\u00e9e de lecture estim\u00e9e\" \/>\n\t<meta name=\"twitter:data2\" content=\"1 minute\" \/>\n<script type=\"application\/ld+json\" class=\"yoast-schema-graph\">{\"@context\":\"https:\/\/schema.org\",\"@graph\":[{\"@type\":\"Article\",\"@id\":\"https:\/\/www.africa-press.net\/togo\/politique\/togo-prof-dussey-discute-des-relations-france-afrique-de-louest-avec-colonna#article\",\"isPartOf\":{\"@id\":\"https:\/\/www.africa-press.net\/togo\/politique\/togo-prof-dussey-discute-des-relations-france-afrique-de-louest-avec-colonna\"},\"author\":{\"name\":\"cfeditorfr\",\"@id\":\"https:\/\/www.africa-press.net\/togo\/#\/schema\/person\/2b1cf3cd81a31e3cd26889ca66d677f1\"},\"headline\":\"Togo-Prof. Dussey discute des relations France-Afrique de l\u2019Ouest avec Colonna\",\"datePublished\":\"2023-03-09T19:07:49+00:00\",\"dateModified\":\"2023-03-09T19:58:59+00:00\",\"mainEntityOfPage\":{\"@id\":\"https:\/\/www.africa-press.net\/togo\/politique\/togo-prof-dussey-discute-des-relations-france-afrique-de-louest-avec-colonna\"},\"wordCount\":241,\"commentCount\":0,\"image\":{\"@id\":\"https:\/\/www.africa-press.net\/togo\/politique\/togo-prof-dussey-discute-des-relations-france-afrique-de-louest-avec-colonna#primaryimage\"},\"thumbnailUrl\":\"https:\/\/static.africa-press.net\/togo\/sites\/58\/2023\/03\/postQueueImg_1678376283.27.jpg\",\"keywords\":[\"Africa Press\",\"Africa Press-Togo\",\"Togo\"],\"articleSection\":[\"Politique\",\"Toutes les actualit\u00e9s\"],\"inLanguage\":\"fr-FR\",\"potentialAction\":[{\"@type\":\"CommentAction\",\"name\":\"Comment\",\"target\":[\"https:\/\/www.africa-press.net\/togo\/politique\/togo-prof-dussey-discute-des-relations-france-afrique-de-louest-avec-colonna#respond\"]}]},{\"@type\":\"WebPage\",\"@id\":\"https:\/\/www.africa-press.net\/togo\/politique\/togo-prof-dussey-discute-des-relations-france-afrique-de-louest-avec-colonna\",\"url\":\"https:\/\/www.africa-press.net\/togo\/politique\/togo-prof-dussey-discute-des-relations-france-afrique-de-louest-avec-colonna\",\"name\":\"Togo-Prof. Dussey discute des relations France-Afrique de l\u2019Ouest avec Colonna - Togo\",\"isPartOf\":{\"@id\":\"https:\/\/www.africa-press.net\/togo\/#website\"},\"primaryImageOfPage\":{\"@id\":\"https:\/\/www.africa-press.net\/togo\/politique\/togo-prof-dussey-discute-des-relations-france-afrique-de-louest-avec-colonna#primaryimage\"},\"image\":{\"@id\":\"https:\/\/www.africa-press.net\/togo\/politique\/togo-prof-dussey-discute-des-relations-france-afrique-de-louest-avec-colonna#primaryimage\"},\"thumbnailUrl\":\"https:\/\/static.africa-press.net\/togo\/sites\/58\/2023\/03\/postQueueImg_1678376283.27.jpg\",\"datePublished\":\"2023-03-09T19:07:49+00:00\",\"dateModified\":\"2023-03-09T19:58:59+00:00\",\"author\":{\"@id\":\"https:\/\/www.africa-press.net\/togo\/#\/schema\/person\/2b1cf3cd81a31e3cd26889ca66d677f1\"},\"description\":\"Le ministre franc\u0327ais de l\u2019Europe et des Affaires e\u0301trange\u0300res, Catherine Colonna a rencontre\u0301 le Chef de la diplomat ...\",\"breadcrumb\":{\"@id\":\"https:\/\/www.africa-press.net\/togo\/politique\/togo-prof-dussey-discute-des-relations-france-afrique-de-louest-avec-colonna#breadcrumb\"},\"inLanguage\":\"fr-FR\",\"potentialAction\":[{\"@type\":\"ReadAction\",\"target\":[\"https:\/\/www.africa-press.net\/togo\/politique\/togo-prof-dussey-discute-des-relations-france-afrique-de-louest-avec-colonna\"]}]},{\"@type\":\"ImageObject\",\"inLanguage\":\"fr-FR\",\"@id\":\"https:\/\/www.africa-press.net\/togo\/politique\/togo-prof-dussey-discute-des-relations-france-afrique-de-louest-avec-colonna#primaryimage\",\"url\":\"https:\/\/static.africa-press.net\/togo\/sites\/58\/2023\/03\/postQueueImg_1678376283.27.jpg\",\"contentUrl\":\"https:\/\/static.africa-press.net\/togo\/sites\/58\/2023\/03\/postQueueImg_1678376283.27.jpg\",\"width\":1080,\"height\":823,\"caption\":\"Togo-Prof. Dussey discute des relations France-Afrique de l\u2019Ouest avec Colonna\"},{\"@type\":\"BreadcrumbList\",\"@id\":\"https:\/\/www.africa-press.net\/togo\/politique\/togo-prof-dussey-discute-des-relations-france-afrique-de-louest-avec-colonna#breadcrumb\",\"itemListElement\":[{\"@type\":\"ListItem\",\"position\":1,\"name\":\"Accueil\",\"item\":\"https:\/\/www.africa-press.net\/togo\/\"},{\"@type\":\"ListItem\",\"position\":2,\"name\":\"Togo-Prof. Dussey discute des relations France-Afrique de l\u2019Ouest avec Colonna\"}]},{\"@type\":\"WebSite\",\"@id\":\"https:\/\/www.africa-press.net\/togo\/#website\",\"url\":\"https:\/\/www.africa-press.net\/togo\/\",\"name\":\"Togo\",\"description\":\"Just another Africa News Agency Sites site\",\"potentialAction\":[{\"@type\":\"SearchAction\",\"target\":{\"@type\":\"EntryPoint\",\"urlTemplate\":\"https:\/\/www.africa-press.net\/togo\/?s={search_term_string}\"},\"query-input\":{\"@type\":\"PropertyValueSpecification\",\"valueRequired\":true,\"valueName\":\"search_term_string\"}}],\"inLanguage\":\"fr-FR\"},{\"@type\":\"Person\",\"@id\":\"https:\/\/www.africa-press.net\/togo\/#\/schema\/person\/2b1cf3cd81a31e3cd26889ca66d677f1\",\"name\":\"cfeditorfr\"}]}<\/script>\n<!-- \/ Yoast SEO Premium plugin. -->","yoast_head_json":{"title":"Togo-Prof. Dussey discute des relations France-Afrique de l\u2019Ouest avec Colonna - Togo","description":"Le ministre franc\u0327ais de l\u2019Europe et des Affaires e\u0301trange\u0300res, Catherine Colonna a rencontre\u0301 le Chef de la diplomat ...","robots":{"index":"index","follow":"follow","max-snippet":"max-snippet:-1","max-image-preview":"max-image-preview:large","max-video-preview":"max-video-preview:-1"},"canonical":"https:\/\/www.africa-press.net\/togo\/politique\/togo-prof-dussey-discute-des-relations-france-afrique-de-louest-avec-colonna","og_locale":"fr_FR","og_type":"article","og_title":"Togo-Prof. Dussey discute des relations France-Afrique de l\u2019Ouest avec Colonna","og_description":"Le ministre franc\u0327ais de l\u2019Europe et des Affaires e\u0301trange\u0300res, Catherine Colonna a rencontre\u0301 le Chef de la diplomat ...","og_url":"https:\/\/www.africa-press.net\/togo\/politique\/togo-prof-dussey-discute-des-relations-france-afrique-de-louest-avec-colonna","og_site_name":"Togo","article_published_time":"2023-03-09T19:07:49+00:00","article_modified_time":"2023-03-09T19:58:59+00:00","og_image":[{"width":1080,"height":823,"url":"https:\/\/static.africa-press.net\/togo\/sites\/58\/2023\/03\/postQueueImg_1678376283.27.jpg","type":"image\/jpeg"}],"author":"cfeditorfr","twitter_card":"summary_large_image","twitter_misc":{"\u00c9crit par":"cfeditorfr","Dur\u00e9e de lecture estim\u00e9e":"1 minute"},"schema":{"@context":"https:\/\/schema.org","@graph":[{"@type":"Article","@id":"https:\/\/www.africa-press.net\/togo\/politique\/togo-prof-dussey-discute-des-relations-france-afrique-de-louest-avec-colonna#article","isPartOf":{"@id":"https:\/\/www.africa-press.net\/togo\/politique\/togo-prof-dussey-discute-des-relations-france-afrique-de-louest-avec-colonna"},"author":{"name":"cfeditorfr","@id":"https:\/\/www.africa-press.net\/togo\/#\/schema\/person\/2b1cf3cd81a31e3cd26889ca66d677f1"},"headline":"Togo-Prof. Dussey discute des relations France-Afrique de l\u2019Ouest avec Colonna","datePublished":"2023-03-09T19:07:49+00:00","dateModified":"2023-03-09T19:58:59+00:00","mainEntityOfPage":{"@id":"https:\/\/www.africa-press.net\/togo\/politique\/togo-prof-dussey-discute-des-relations-france-afrique-de-louest-avec-colonna"},"wordCount":241,"commentCount":0,"image":{"@id":"https:\/\/www.africa-press.net\/togo\/politique\/togo-prof-dussey-discute-des-relations-france-afrique-de-louest-avec-colonna#primaryimage"},"thumbnailUrl":"https:\/\/static.africa-press.net\/togo\/sites\/58\/2023\/03\/postQueueImg_1678376283.27.jpg","keywords":["Africa Press","Africa Press-Togo","Togo"],"articleSection":["Politique","Toutes les actualit\u00e9s"],"inLanguage":"fr-FR","potentialAction":[{"@type":"CommentAction","name":"Comment","target":["https:\/\/www.africa-press.net\/togo\/politique\/togo-prof-dussey-discute-des-relations-france-afrique-de-louest-avec-colonna#respond"]}]},{"@type":"WebPage","@id":"https:\/\/www.africa-press.net\/togo\/politique\/togo-prof-dussey-discute-des-relations-france-afrique-de-louest-avec-colonna","url":"https:\/\/www.africa-press.net\/togo\/politique\/togo-prof-dussey-discute-des-relations-france-afrique-de-louest-avec-colonna","name":"Togo-Prof. Dussey discute des relations France-Afrique de l\u2019Ouest avec Colonna - Togo","isPartOf":{"@id":"https:\/\/www.africa-press.net\/togo\/#website"},"primaryImageOfPage":{"@id":"https:\/\/www.africa-press.net\/togo\/politique\/togo-prof-dussey-discute-des-relations-france-afrique-de-louest-avec-colonna#primaryimage"},"image":{"@id":"https:\/\/www.africa-press.net\/togo\/politique\/togo-prof-dussey-discute-des-relations-france-afrique-de-louest-avec-colonna#primaryimage"},"thumbnailUrl":"https:\/\/static.africa-press.net\/togo\/sites\/58\/2023\/03\/postQueueImg_1678376283.27.jpg","datePublished":"2023-03-09T19:07:49+00:00","dateModified":"2023-03-09T19:58:59+00:00","author":{"@id":"https:\/\/www.africa-press.net\/togo\/#\/schema\/person\/2b1cf3cd81a31e3cd26889ca66d677f1"},"description":"Le ministre franc\u0327ais de l\u2019Europe et des Affaires e\u0301trange\u0300res, Catherine Colonna a rencontre\u0301 le Chef de la diplomat ...","breadcrumb":{"@id":"https:\/\/www.africa-press.net\/togo\/politique\/togo-prof-dussey-discute-des-relations-france-afrique-de-louest-avec-colonna#breadcrumb"},"inLanguage":"fr-FR","potentialAction":[{"@type":"ReadAction","target":["https:\/\/www.africa-press.net\/togo\/politique\/togo-prof-dussey-discute-des-relations-france-afrique-de-louest-avec-colonna"]}]},{"@type":"ImageObject","inLanguage":"fr-FR","@id":"https:\/\/www.africa-press.net\/togo\/politique\/togo-prof-dussey-discute-des-relations-france-afrique-de-louest-avec-colonna#primaryimage","url":"https:\/\/static.africa-press.net\/togo\/sites\/58\/2023\/03\/postQueueImg_1678376283.27.jpg","contentUrl":"https:\/\/static.africa-press.net\/togo\/sites\/58\/2023\/03\/postQueueImg_1678376283.27.jpg","width":1080,"height":823,"caption":"Togo-Prof. Dussey discute des relations France-Afrique de l\u2019Ouest avec Colonna"},{"@type":"BreadcrumbList","@id":"https:\/\/www.africa-press.net\/togo\/politique\/togo-prof-dussey-discute-des-relations-france-afrique-de-louest-avec-colonna#breadcrumb","itemListElement":[{"@type":"ListItem","position":1,"name":"Accueil","item":"https:\/\/www.africa-press.net\/togo\/"},{"@type":"ListItem","position":2,"name":"Togo-Prof. Dussey discute des relations France-Afrique de l\u2019Ouest avec Colonna"}]},{"@type":"WebSite","@id":"https:\/\/www.africa-press.net\/togo\/#website","url":"https:\/\/www.africa-press.net\/togo\/","name":"Togo","description":"Just another Africa News Agency Sites site","potentialAction":[{"@type":"SearchAction","target":{"@type":"EntryPoint","urlTemplate":"https:\/\/www.africa-press.net\/togo\/?s={search_term_string}"},"query-input":{"@type":"PropertyValueSpecification","valueRequired":true,"valueName":"search_term_string"}}],"inLanguage":"fr-FR"},{"@type":"Person","@id":"https:\/\/www.africa-press.net\/togo\/#\/schema\/person\/2b1cf3cd81a31e3cd26889ca66d677f1","name":"cfeditorfr"}]}},"_links":{"self":[{"href":"https:\/\/www.africa-press.net\/togo\/wp-json\/wp\/v2\/posts\/18372","targetHints":{"allow":["GET"]}}],"collection":[{"href":"https:\/\/www.africa-press.net\/togo\/wp-json\/wp\/v2\/posts"}],"about":[{"href":"https:\/\/www.africa-press.net\/togo\/wp-json\/wp\/v2\/types\/post"}],"author":[{"embeddable":true,"href":"https:\/\/www.africa-press.net\/togo\/wp-json\/wp\/v2\/users\/82"}],"replies":[{"embeddable":true,"href":"https:\/\/www.africa-press.net\/togo\/wp-json\/wp\/v2\/comments?post=18372"}],"version-history":[{"count":0,"href":"https:\/\/www.africa-press.net\/togo\/wp-json\/wp\/v2\/posts\/18372\/revisions"}],"wp:featuredmedia":[{"embeddable":true,"href":"https:\/\/www.africa-press.net\/togo\/wp-json\/wp\/v2\/media\/18371"}],"wp:attachment":[{"href":"https:\/\/www.africa-press.net\/togo\/wp-json\/wp\/v2\/media?parent=18372"}],"wp:term":[{"taxonomy":"category","embeddable":true,"href":"https:\/\/www.africa-press.net\/togo\/wp-json\/wp\/v2\/categories?post=18372"},{"taxonomy":"post_tag","embeddable":true,"href":"https:\/\/www.africa-press.net\/togo\/wp-json\/wp\/v2\/tags?post=18372"}],"curies":[{"name":"wp","href":"https:\/\/api.w.org\/{rel}","templated":true}]}}