{"id":18375,"date":"2023-03-09T19:08:15","date_gmt":"2023-03-09T19:08:15","guid":{"rendered":"https:\/\/www.africa-press.net\/togo\/politique\/togo-liste-des-presidents-des-celi-lufc-emet-des-reserves"},"modified":"2023-03-09T19:59:42","modified_gmt":"2023-03-09T19:59:42","slug":"togo-liste-des-presidents-des-celi-lufc-emet-des-reserves","status":"publish","type":"post","link":"https:\/\/www.africa-press.net\/togo\/politique\/togo-liste-des-presidents-des-celi-lufc-emet-des-reserves","title":{"rendered":"Togo\/liste des pr\u00e9sidents des CELI\u00a0: l\u2019UFC \u00e9met des r\u00e9serves"},"content":{"rendered":"<p><span style=\"color: #ff6600\"><strong>Africa-Press &#8211; Togo. <\/strong><\/span>La Commission Electorale Nationale Inde\u0301pendante a rendu publique, ce 7 mars 2023, la liste des pre\u0301sidents des CELI (Commission Electorale Locale Inde\u0301pendante) sur toute l\u2019e\u0301tendue du territoire. Ils sont au nombre de 56. Biento\u0302t ce sera au tour des partis politiques de composer la liste de leurs repre\u0301sentants dans ces CELI et les Commission de Listes et Cartes (CLC). Du co\u0302te\u0301 de l\u2019UFC, l\u2019on de\u0301nonce de\u0301ja\u0300 les de\u0301rives de leurs repre\u0301sentants a\u0300 la CENI qui veulent se charger de composer eux me\u0302me les listes des repre\u0301sentants du parti dans les autres de\u0301membrements de la CENI. Se substituant ainsi aux organales statutaires. Ce que le Bureau national avec a\u0300 sa te\u0302te le 2e vice-pre\u0301sident Elliot Ohin trouve inacceptable.<\/p>\n<p>Communique\u0301 de presse :<\/p>\n<p>Nous venons informer l\u2019opinion sur les e\u0301carts de transmission des informations entre la Commission Electorale Nationale Inde\u0301pendante(CENI) et notre parti l\u2019Union des Forces de Changement(UFC).<\/p>\n<p>Par courrier en date du 26 octobre 2022 nous avons informe\u0301 la CENI des dispositions statutaires de gestion de notre parti notamment en cas d\u2019absence du Pre\u0301sident national du territoire.<\/p>\n<p>Le 14 novembre 2022 par lettre N\u00b029\/2022\/UFCNP, nous avons saisi la me\u0302me institution sur les de\u0301rives des repre\u0301sentants de l\u2019UFC a\u0300 la CENI qui retiennent les courriers du parti. Malheureusement la CENI n\u2019a pas pris en compte notre reque\u0302te.<\/p>\n<p>En plus de la re\u0301tention d\u2019information, les repre\u0301sentants de l\u2019UFC a\u0300 la CENI veulent se charger de composer eux-me\u0302mes les listes de nos repre\u0301sentants dans les de\u0301membrements de la CENI notamment les Commissions Electorales Locales inde\u0301pendantes (CELI) et Commission de Listes et Cartes(CLC), voire les choix des candidats de l\u2019UFC aux prochaines e\u0301lections re\u0301gionales et le\u0301gislatives ; se substituant ainsi aux organes statutaires du parti. Nous estimons que cet e\u0301tat de choses est contraire au principe de la neutralite\u0301 et d\u2019impartialite\u0301 qui doit guider les membres de la CENI.<\/p>\n<p>Nous prenons a\u0300 te\u0301moin l\u2019opinion nationale sur les conse\u0301quences de telles pratiques qui risquent d\u2019entacher la cre\u0301dibilite\u0301 de l\u2019actuel processus e\u0301lectoral.<\/p>\n<p><strong>Pour plus d&rsquo;informations et d&rsquo;analyses sur la <a href=\"https:\/\/www.africa-press.net\/togo\">Togo<\/a>, suivez <a href=\"https:\/\/www.africa-press.net\/\">Africa-Press<\/a><\/strong><\/p>\n","protected":false},"excerpt":{"rendered":"<p>Africa-Press &#8211; Togo. La Commission Electorale Nationale Inde\u0301pendante a rendu publique, ce 7 mars 2023, la liste des pre\u0301sidents des CELI (Commission Electorale Locale Inde\u0301pendante) sur toute l\u2019e\u0301tendue du territoire. Ils sont au nombre de 56. Biento\u0302t ce sera au tour des partis politiques de composer la liste de leurs repre\u0301sentants dans ces CELI et [&hellip;]<\/p>\n","protected":false},"author":82,"featured_media":18373,"comment_status":"open","ping_status":"closed","sticky":false,"template":"","format":"standard","meta":{"footnotes":""},"categories":[2,10],"tags":[36,49,1277,50,1657],"class_list":["post-18375","post","type-post","status-publish","format-standard","has-post-thumbnail","hentry","category-politique","category-toutes-les-actualites","tag-africa-press","tag-africa-press-togo","tag-ceni","tag-togo","tag-ufc-togo"],"yoast_head":"<!-- This site is optimized with the Yoast SEO Premium plugin v26.1 (Yoast SEO v27.0) - https:\/\/yoast.com\/product\/yoast-seo-premium-wordpress\/ -->\n<title>Togo\/liste des pr\u00e9sidents des CELI\u00a0: l\u2019UFC \u00e9met des r\u00e9serves - Togo<\/title>\n<meta name=\"description\" content=\"La Commission Electorale Nationale Inde\u0301pendante a rendu publique, ce 7 mars 2023, la liste des pre\u0301sidents des CELI (Co ...\" \/>\n<meta name=\"robots\" content=\"index, follow, max-snippet:-1, max-image-preview:large, max-video-preview:-1\" \/>\n<link rel=\"canonical\" href=\"https:\/\/www.africa-press.net\/togo\/politique\/togo-liste-des-presidents-des-celi-lufc-emet-des-reserves\" \/>\n<meta property=\"og:locale\" content=\"fr_FR\" \/>\n<meta property=\"og:type\" content=\"article\" \/>\n<meta property=\"og:title\" content=\"Togo\/liste des pr\u00e9sidents des CELI\u00a0: l\u2019UFC \u00e9met des r\u00e9serves\" \/>\n<meta property=\"og:description\" content=\"La Commission Electorale Nationale Inde\u0301pendante a rendu publique, ce 7 mars 2023, la liste des pre\u0301sidents des CELI (Co ...\" \/>\n<meta property=\"og:url\" content=\"https:\/\/www.africa-press.net\/togo\/politique\/togo-liste-des-presidents-des-celi-lufc-emet-des-reserves\" \/>\n<meta property=\"og:site_name\" content=\"Togo\" \/>\n<meta property=\"article:published_time\" content=\"2023-03-09T19:08:15+00:00\" \/>\n<meta property=\"article:modified_time\" content=\"2023-03-09T19:59:42+00:00\" \/>\n<meta property=\"og:image\" content=\"https:\/\/static.africa-press.net\/togo\/sites\/58\/2023\/03\/postQueueImg_1678376303.66.jpg\" \/>\n\t<meta property=\"og:image:width\" content=\"720\" \/>\n\t<meta property=\"og:image:height\" content=\"480\" \/>\n\t<meta property=\"og:image:type\" content=\"image\/jpeg\" \/>\n<meta name=\"author\" content=\"cfeditorfr\" \/>\n<meta name=\"twitter:card\" content=\"summary_large_image\" \/>\n<meta name=\"twitter:label1\" content=\"\u00c9crit par\" \/>\n\t<meta name=\"twitter:data1\" content=\"cfeditorfr\" \/>\n\t<meta name=\"twitter:label2\" content=\"Dur\u00e9e de lecture estim\u00e9e\" \/>\n\t<meta name=\"twitter:data2\" content=\"2 minutes\" \/>\n<script type=\"application\/ld+json\" class=\"yoast-schema-graph\">{\"@context\":\"https:\/\/schema.org\",\"@graph\":[{\"@type\":\"Article\",\"@id\":\"https:\/\/www.africa-press.net\/togo\/politique\/togo-liste-des-presidents-des-celi-lufc-emet-des-reserves#article\",\"isPartOf\":{\"@id\":\"https:\/\/www.africa-press.net\/togo\/politique\/togo-liste-des-presidents-des-celi-lufc-emet-des-reserves\"},\"author\":{\"name\":\"cfeditorfr\",\"@id\":\"https:\/\/www.africa-press.net\/togo\/#\/schema\/person\/2b1cf3cd81a31e3cd26889ca66d677f1\"},\"headline\":\"Togo\/liste des pr\u00e9sidents des CELI\u00a0: l\u2019UFC \u00e9met des r\u00e9serves\",\"datePublished\":\"2023-03-09T19:08:15+00:00\",\"dateModified\":\"2023-03-09T19:59:42+00:00\",\"mainEntityOfPage\":{\"@id\":\"https:\/\/www.africa-press.net\/togo\/politique\/togo-liste-des-presidents-des-celi-lufc-emet-des-reserves\"},\"wordCount\":400,\"commentCount\":0,\"image\":{\"@id\":\"https:\/\/www.africa-press.net\/togo\/politique\/togo-liste-des-presidents-des-celi-lufc-emet-des-reserves#primaryimage\"},\"thumbnailUrl\":\"https:\/\/static.africa-press.net\/togo\/sites\/58\/2023\/03\/postQueueImg_1678376303.66.jpg\",\"keywords\":[\"Africa Press\",\"Africa Press-Togo\",\"CENI\",\"Togo\",\"UFC-Togo\"],\"articleSection\":[\"Politique\",\"Toutes les actualit\u00e9s\"],\"inLanguage\":\"fr-FR\",\"potentialAction\":[{\"@type\":\"CommentAction\",\"name\":\"Comment\",\"target\":[\"https:\/\/www.africa-press.net\/togo\/politique\/togo-liste-des-presidents-des-celi-lufc-emet-des-reserves#respond\"]}]},{\"@type\":\"WebPage\",\"@id\":\"https:\/\/www.africa-press.net\/togo\/politique\/togo-liste-des-presidents-des-celi-lufc-emet-des-reserves\",\"url\":\"https:\/\/www.africa-press.net\/togo\/politique\/togo-liste-des-presidents-des-celi-lufc-emet-des-reserves\",\"name\":\"Togo\/liste des pr\u00e9sidents des CELI\u00a0: l\u2019UFC \u00e9met des r\u00e9serves - Togo\",\"isPartOf\":{\"@id\":\"https:\/\/www.africa-press.net\/togo\/#website\"},\"primaryImageOfPage\":{\"@id\":\"https:\/\/www.africa-press.net\/togo\/politique\/togo-liste-des-presidents-des-celi-lufc-emet-des-reserves#primaryimage\"},\"image\":{\"@id\":\"https:\/\/www.africa-press.net\/togo\/politique\/togo-liste-des-presidents-des-celi-lufc-emet-des-reserves#primaryimage\"},\"thumbnailUrl\":\"https:\/\/static.africa-press.net\/togo\/sites\/58\/2023\/03\/postQueueImg_1678376303.66.jpg\",\"datePublished\":\"2023-03-09T19:08:15+00:00\",\"dateModified\":\"2023-03-09T19:59:42+00:00\",\"author\":{\"@id\":\"https:\/\/www.africa-press.net\/togo\/#\/schema\/person\/2b1cf3cd81a31e3cd26889ca66d677f1\"},\"description\":\"La Commission Electorale Nationale Inde\u0301pendante a rendu publique, ce 7 mars 2023, la liste des pre\u0301sidents des CELI (Co ...\",\"breadcrumb\":{\"@id\":\"https:\/\/www.africa-press.net\/togo\/politique\/togo-liste-des-presidents-des-celi-lufc-emet-des-reserves#breadcrumb\"},\"inLanguage\":\"fr-FR\",\"potentialAction\":[{\"@type\":\"ReadAction\",\"target\":[\"https:\/\/www.africa-press.net\/togo\/politique\/togo-liste-des-presidents-des-celi-lufc-emet-des-reserves\"]}]},{\"@type\":\"ImageObject\",\"inLanguage\":\"fr-FR\",\"@id\":\"https:\/\/www.africa-press.net\/togo\/politique\/togo-liste-des-presidents-des-celi-lufc-emet-des-reserves#primaryimage\",\"url\":\"https:\/\/static.africa-press.net\/togo\/sites\/58\/2023\/03\/postQueueImg_1678376303.66.jpg\",\"contentUrl\":\"https:\/\/static.africa-press.net\/togo\/sites\/58\/2023\/03\/postQueueImg_1678376303.66.jpg\",\"width\":720,\"height\":480,\"caption\":\"Togo\/liste des pr\u00e9sidents des CELI\u00a0: l\u2019UFC \u00e9met des r\u00e9serves\"},{\"@type\":\"BreadcrumbList\",\"@id\":\"https:\/\/www.africa-press.net\/togo\/politique\/togo-liste-des-presidents-des-celi-lufc-emet-des-reserves#breadcrumb\",\"itemListElement\":[{\"@type\":\"ListItem\",\"position\":1,\"name\":\"Accueil\",\"item\":\"https:\/\/www.africa-press.net\/togo\/\"},{\"@type\":\"ListItem\",\"position\":2,\"name\":\"Togo\/liste des pr\u00e9sidents des CELI\u00a0: l\u2019UFC \u00e9met des r\u00e9serves\"}]},{\"@type\":\"WebSite\",\"@id\":\"https:\/\/www.africa-press.net\/togo\/#website\",\"url\":\"https:\/\/www.africa-press.net\/togo\/\",\"name\":\"Togo\",\"description\":\"Just another Africa News Agency Sites site\",\"potentialAction\":[{\"@type\":\"SearchAction\",\"target\":{\"@type\":\"EntryPoint\",\"urlTemplate\":\"https:\/\/www.africa-press.net\/togo\/?s={search_term_string}\"},\"query-input\":{\"@type\":\"PropertyValueSpecification\",\"valueRequired\":true,\"valueName\":\"search_term_string\"}}],\"inLanguage\":\"fr-FR\"},{\"@type\":\"Person\",\"@id\":\"https:\/\/www.africa-press.net\/togo\/#\/schema\/person\/2b1cf3cd81a31e3cd26889ca66d677f1\",\"name\":\"cfeditorfr\"}]}<\/script>\n<!-- \/ Yoast SEO Premium plugin. -->","yoast_head_json":{"title":"Togo\/liste des pr\u00e9sidents des CELI\u00a0: l\u2019UFC \u00e9met des r\u00e9serves - Togo","description":"La Commission Electorale Nationale Inde\u0301pendante a rendu publique, ce 7 mars 2023, la liste des pre\u0301sidents des CELI (Co ...","robots":{"index":"index","follow":"follow","max-snippet":"max-snippet:-1","max-image-preview":"max-image-preview:large","max-video-preview":"max-video-preview:-1"},"canonical":"https:\/\/www.africa-press.net\/togo\/politique\/togo-liste-des-presidents-des-celi-lufc-emet-des-reserves","og_locale":"fr_FR","og_type":"article","og_title":"Togo\/liste des pr\u00e9sidents des CELI\u00a0: l\u2019UFC \u00e9met des r\u00e9serves","og_description":"La Commission Electorale Nationale Inde\u0301pendante a rendu publique, ce 7 mars 2023, la liste des pre\u0301sidents des CELI (Co ...","og_url":"https:\/\/www.africa-press.net\/togo\/politique\/togo-liste-des-presidents-des-celi-lufc-emet-des-reserves","og_site_name":"Togo","article_published_time":"2023-03-09T19:08:15+00:00","article_modified_time":"2023-03-09T19:59:42+00:00","og_image":[{"width":720,"height":480,"url":"https:\/\/static.africa-press.net\/togo\/sites\/58\/2023\/03\/postQueueImg_1678376303.66.jpg","type":"image\/jpeg"}],"author":"cfeditorfr","twitter_card":"summary_large_image","twitter_misc":{"\u00c9crit par":"cfeditorfr","Dur\u00e9e de lecture estim\u00e9e":"2 minutes"},"schema":{"@context":"https:\/\/schema.org","@graph":[{"@type":"Article","@id":"https:\/\/www.africa-press.net\/togo\/politique\/togo-liste-des-presidents-des-celi-lufc-emet-des-reserves#article","isPartOf":{"@id":"https:\/\/www.africa-press.net\/togo\/politique\/togo-liste-des-presidents-des-celi-lufc-emet-des-reserves"},"author":{"name":"cfeditorfr","@id":"https:\/\/www.africa-press.net\/togo\/#\/schema\/person\/2b1cf3cd81a31e3cd26889ca66d677f1"},"headline":"Togo\/liste des pr\u00e9sidents des CELI\u00a0: l\u2019UFC \u00e9met des r\u00e9serves","datePublished":"2023-03-09T19:08:15+00:00","dateModified":"2023-03-09T19:59:42+00:00","mainEntityOfPage":{"@id":"https:\/\/www.africa-press.net\/togo\/politique\/togo-liste-des-presidents-des-celi-lufc-emet-des-reserves"},"wordCount":400,"commentCount":0,"image":{"@id":"https:\/\/www.africa-press.net\/togo\/politique\/togo-liste-des-presidents-des-celi-lufc-emet-des-reserves#primaryimage"},"thumbnailUrl":"https:\/\/static.africa-press.net\/togo\/sites\/58\/2023\/03\/postQueueImg_1678376303.66.jpg","keywords":["Africa Press","Africa Press-Togo","CENI","Togo","UFC-Togo"],"articleSection":["Politique","Toutes les actualit\u00e9s"],"inLanguage":"fr-FR","potentialAction":[{"@type":"CommentAction","name":"Comment","target":["https:\/\/www.africa-press.net\/togo\/politique\/togo-liste-des-presidents-des-celi-lufc-emet-des-reserves#respond"]}]},{"@type":"WebPage","@id":"https:\/\/www.africa-press.net\/togo\/politique\/togo-liste-des-presidents-des-celi-lufc-emet-des-reserves","url":"https:\/\/www.africa-press.net\/togo\/politique\/togo-liste-des-presidents-des-celi-lufc-emet-des-reserves","name":"Togo\/liste des pr\u00e9sidents des CELI\u00a0: l\u2019UFC \u00e9met des r\u00e9serves - Togo","isPartOf":{"@id":"https:\/\/www.africa-press.net\/togo\/#website"},"primaryImageOfPage":{"@id":"https:\/\/www.africa-press.net\/togo\/politique\/togo-liste-des-presidents-des-celi-lufc-emet-des-reserves#primaryimage"},"image":{"@id":"https:\/\/www.africa-press.net\/togo\/politique\/togo-liste-des-presidents-des-celi-lufc-emet-des-reserves#primaryimage"},"thumbnailUrl":"https:\/\/static.africa-press.net\/togo\/sites\/58\/2023\/03\/postQueueImg_1678376303.66.jpg","datePublished":"2023-03-09T19:08:15+00:00","dateModified":"2023-03-09T19:59:42+00:00","author":{"@id":"https:\/\/www.africa-press.net\/togo\/#\/schema\/person\/2b1cf3cd81a31e3cd26889ca66d677f1"},"description":"La Commission Electorale Nationale Inde\u0301pendante a rendu publique, ce 7 mars 2023, la liste des pre\u0301sidents des CELI (Co ...","breadcrumb":{"@id":"https:\/\/www.africa-press.net\/togo\/politique\/togo-liste-des-presidents-des-celi-lufc-emet-des-reserves#breadcrumb"},"inLanguage":"fr-FR","potentialAction":[{"@type":"ReadAction","target":["https:\/\/www.africa-press.net\/togo\/politique\/togo-liste-des-presidents-des-celi-lufc-emet-des-reserves"]}]},{"@type":"ImageObject","inLanguage":"fr-FR","@id":"https:\/\/www.africa-press.net\/togo\/politique\/togo-liste-des-presidents-des-celi-lufc-emet-des-reserves#primaryimage","url":"https:\/\/static.africa-press.net\/togo\/sites\/58\/2023\/03\/postQueueImg_1678376303.66.jpg","contentUrl":"https:\/\/static.africa-press.net\/togo\/sites\/58\/2023\/03\/postQueueImg_1678376303.66.jpg","width":720,"height":480,"caption":"Togo\/liste des pr\u00e9sidents des CELI\u00a0: l\u2019UFC \u00e9met des r\u00e9serves"},{"@type":"BreadcrumbList","@id":"https:\/\/www.africa-press.net\/togo\/politique\/togo-liste-des-presidents-des-celi-lufc-emet-des-reserves#breadcrumb","itemListElement":[{"@type":"ListItem","position":1,"name":"Accueil","item":"https:\/\/www.africa-press.net\/togo\/"},{"@type":"ListItem","position":2,"name":"Togo\/liste des pr\u00e9sidents des CELI\u00a0: l\u2019UFC \u00e9met des r\u00e9serves"}]},{"@type":"WebSite","@id":"https:\/\/www.africa-press.net\/togo\/#website","url":"https:\/\/www.africa-press.net\/togo\/","name":"Togo","description":"Just another Africa News Agency Sites site","potentialAction":[{"@type":"SearchAction","target":{"@type":"EntryPoint","urlTemplate":"https:\/\/www.africa-press.net\/togo\/?s={search_term_string}"},"query-input":{"@type":"PropertyValueSpecification","valueRequired":true,"valueName":"search_term_string"}}],"inLanguage":"fr-FR"},{"@type":"Person","@id":"https:\/\/www.africa-press.net\/togo\/#\/schema\/person\/2b1cf3cd81a31e3cd26889ca66d677f1","name":"cfeditorfr"}]}},"_links":{"self":[{"href":"https:\/\/www.africa-press.net\/togo\/wp-json\/wp\/v2\/posts\/18375","targetHints":{"allow":["GET"]}}],"collection":[{"href":"https:\/\/www.africa-press.net\/togo\/wp-json\/wp\/v2\/posts"}],"about":[{"href":"https:\/\/www.africa-press.net\/togo\/wp-json\/wp\/v2\/types\/post"}],"author":[{"embeddable":true,"href":"https:\/\/www.africa-press.net\/togo\/wp-json\/wp\/v2\/users\/82"}],"replies":[{"embeddable":true,"href":"https:\/\/www.africa-press.net\/togo\/wp-json\/wp\/v2\/comments?post=18375"}],"version-history":[{"count":0,"href":"https:\/\/www.africa-press.net\/togo\/wp-json\/wp\/v2\/posts\/18375\/revisions"}],"wp:featuredmedia":[{"embeddable":true,"href":"https:\/\/www.africa-press.net\/togo\/wp-json\/wp\/v2\/media\/18373"}],"wp:attachment":[{"href":"https:\/\/www.africa-press.net\/togo\/wp-json\/wp\/v2\/media?parent=18375"}],"wp:term":[{"taxonomy":"category","embeddable":true,"href":"https:\/\/www.africa-press.net\/togo\/wp-json\/wp\/v2\/categories?post=18375"},{"taxonomy":"post_tag","embeddable":true,"href":"https:\/\/www.africa-press.net\/togo\/wp-json\/wp\/v2\/tags?post=18375"}],"curies":[{"name":"wp","href":"https:\/\/api.w.org\/{rel}","templated":true}]}}