{"id":18380,"date":"2023-03-09T19:08:33","date_gmt":"2023-03-09T19:08:33","guid":{"rendered":"https:\/\/www.africa-press.net\/togo\/politique\/togo-persecution-du-journaliste-ferdinand-ayite-la-dmk-dit-halte-a-la-tentative-daneantissement-des-medias-critiques"},"modified":"2023-03-09T20:01:04","modified_gmt":"2023-03-09T20:01:04","slug":"togo-persecution-du-journaliste-ferdinand-ayite-la-dmk-dit-halte-a-la-tentative-daneantissement-des-medias-critiques","status":"publish","type":"post","link":"https:\/\/www.africa-press.net\/togo\/politique\/togo-persecution-du-journaliste-ferdinand-ayite-la-dmk-dit-halte-a-la-tentative-daneantissement-des-medias-critiques","title":{"rendered":"Togo\/Pers\u00e9cution du Journaliste Ferdinand Ayit\u00e9 : La DMK dit halte \u00e0 la tentative d\u2019an\u00e9antissement des m\u00e9dias critiques"},"content":{"rendered":"<p><span style=\"color: #ff6600\"><strong>Africa-Press &#8211; Togo. <\/strong><\/span>COMMUNIQUE\u0301 DE PRESSE DE LA DMK RELATIF A\u0300 LA PERSECUTION<\/p>\n<p>DU JOURNALISTE D\u2019INVESTIGATION FERDINAND AYITE<\/p>\n<p>\u00ab HALTE A\u0300 LA TENTATIVE D\u2019ANEANTISSEMENT DES MEDIAS CRITIQUES. RAMENEZ-NOUS<\/p>\n<p>FERDINAND AYITE \u00bb<\/p>\n<p>La Dynamique Monseigneur Kpodzro (DMK), re\u0301unie en confe\u0301rence des pre\u0301sidents ce mercredi 8 mars 2023, a e\u0301tudie\u0301 avec une attention particulie\u0300re l\u2019information relative a\u0300 la disparition du Journaliste Ferdinand AYITE.<\/p>\n<p>En effet, les re\u0301seaux sociaux font circuler depuis le mardi 7 mars 2023, des informations sur la disparition de M. Ferdinand AYITE alors que ce dernier est convoque\u0301 par le SCRIC dans la journe\u0301e du dimanche 5 mars 2023 a\u0300 15h. Aux dernie\u0300res nouvelles, et dans un tweet qui serait publie\u0301 par M. Ferdinand AYITE lui-me\u0302me, il donne un signe de vie et rassure les Togolais qui<\/p>\n<p>s\u2019inquie\u0300tent pour lui depuis le dimanche 5 mars 2023.<\/p>\n<p>Il dit e\u0302tre relativement bien portant malgre\u0301 l\u2019effroyable e\u0301preuve subit, l\u2019obligeant a\u0300 se mettre a\u0300 l\u2019abri du danger pour l\u2019instant.<\/p>\n<p>La DMK est tre\u0300s pre\u0301occupe\u0301e par cette nouvelle de la perse\u0301cution du journaliste Ferdinand AYITE qui l\u2019oblige ainsi a\u0300 se mettre a\u0300 l\u2019abri et exige du gouvernement de Faure Gnassingbe\u0301, toute la lumie\u0300re sur le danger qu\u2019a perc\u0327u le journaliste Ferdinand AYITE derrie\u0300re la convocation qui lui est adresse\u0301e ce dimanche dernier.<\/p>\n<p>La DMK s\u2019indigne de cette politique de silence que le gouvernement de Faure Gnassingbe\u0301 veut imposer a\u0300 tous et la restriction des liberte\u0301s publiques et de parole qui caracte\u0301rise ce pouvoir qui devient de plus en plus dangereux et menac\u0327ant pour l\u2019ensemble des Togolais.<\/p>\n<p>La DMK s\u2019e\u0301tonne qu\u2019au moment ou\u0300 le gouvernement de Faure Gnassingbe\u0301 peine a\u0300 cre\u0301er les conditions d\u2019une cohe\u0301sion nationale afin d\u2019amener les Togolais a\u0300 soutenir leurs forces de de\u0301fense et de se\u0301curite\u0301 ( FDS ) durement confronte\u0301es aux attaques terroristes qui endeuillent tous les jours notre pays, il se permet de commettre encore des actes qui re\u0301voltent plus d\u2019un.<\/p>\n<p>La DMK avertit le gouvernement de Faure Gnassingbe\u0301 qu\u2019il sera tenu pour responsable de tout ce qui pourrait arriver a\u0300 M. Ferdinand AYITE, sa famille et ses collaborateurs.<\/p>\n<p>En aucun cas M. Ferdinand AYITE ne doit e\u0302tre la e\u0301nie\u0300me proie du re\u0301gime Togolais qui cherche a\u0300 de\u0301truire toutes les figures emble\u0301matiques et qualitatives de notre pays. Disons tous ASSEZ! a\u0300 cette tentative planifie\u0301e de la dictature cinquantenaire des Gnassingbe\u0301 qui cherche a\u0300 de\u0301truire toutes les presses critiques et discordantes dans notre pays<\/p>\n<p>La DMK interpelle les repre\u0301sentations diplomatiques dans notre pays et plus particulie\u0300rement le groupe des 5 Ambassadeurs a\u0300 savoir l\u2019Union Europe\u0301enne, l\u2019Allemagne, la France, les E\u0301tats-Unis et le Syste\u0300me des Nations Unies pour qu\u2019ils ame\u0300nent le gouvernement de Faure Gnassingbe\u0301 a\u0300 abandonner son projet d\u2019e\u0301limination de Ferdinand AYITE, et a\u0300 cesser la perse\u0301cution des journalistes.<\/p>\n<p>E\u0301vitons a\u0300 M. Ferdinand AYITE, le sort de Norbert ZONGO du Burkina Faso de Martinez ZOGO du<\/p>\n<p>Came\u0301roun.<\/p>\n<p>La DMK invite les populations Togolaises dans toutes leurs composantes notamment les me\u0301dias, les organisations de de\u0301fense des Droits humains sur le plan national et international, les syndicats de tous les secteurs d\u2019activite\u0301s et les masses populaires a\u0300 l\u2019inte\u0301rieur comme dans la diaspora a\u0300 se mobiliser<\/p>\n<p>partout ou\u0300 elles se trouvent, pour faire e\u0301chec a\u0300 ce qui s\u2019apparente a\u0300 un plan machiave\u0301lique<\/p>\n<p>d\u2019e\u0301limination de Ferdinand AYITE.<\/p>\n<p>Fait a\u0300 Lome\u0301, le 9 mars 2023.<\/p>\n<p>La Confe\u0301rence des Pre\u0301sidents.<\/p>\n<p><strong>Pour plus d&rsquo;informations et d&rsquo;analyses sur la <a href=\"https:\/\/www.africa-press.net\/togo\">Togo<\/a>, suivez <a href=\"https:\/\/www.africa-press.net\/\">Africa-Press<\/a><\/strong><\/p>\n","protected":false},"excerpt":{"rendered":"<p>Africa-Press &#8211; Togo. COMMUNIQUE\u0301 DE PRESSE DE LA DMK RELATIF A\u0300 LA PERSECUTION DU JOURNALISTE D\u2019INVESTIGATION FERDINAND AYITE \u00ab HALTE A\u0300 LA TENTATIVE D\u2019ANEANTISSEMENT DES MEDIAS CRITIQUES. RAMENEZ-NOUS FERDINAND AYITE \u00bb La Dynamique Monseigneur Kpodzro (DMK), re\u0301unie en confe\u0301rence des pre\u0301sidents ce mercredi 8 mars 2023, a e\u0301tudie\u0301 avec une attention particulie\u0300re l\u2019information relative a\u0300 [&hellip;]<\/p>\n","protected":false},"author":82,"featured_media":18379,"comment_status":"open","ping_status":"closed","sticky":false,"template":"","format":"standard","meta":{"footnotes":""},"categories":[2,10],"tags":[36,49,50],"class_list":["post-18380","post","type-post","status-publish","format-standard","has-post-thumbnail","hentry","category-politique","category-toutes-les-actualites","tag-africa-press","tag-africa-press-togo","tag-togo"],"yoast_head":"<!-- This site is optimized with the Yoast SEO Premium plugin v26.1 (Yoast SEO v27.0) - https:\/\/yoast.com\/product\/yoast-seo-premium-wordpress\/ -->\n<title>Togo\/Pers\u00e9cution du Journaliste Ferdinand Ayit\u00e9 : La DMK dit halte \u00e0 la tentative d\u2019an\u00e9antissement des m\u00e9dias critiques - Togo<\/title>\n<meta name=\"description\" content=\"COMMUNIQUE\u0301 DE PRESSE DE LA DMK RELATIF A\u0300 LA PERSECUTION DU JOURNALISTE D\u2019INVESTIGATION FERDINAND AYITE \u00ab HALTE A\u0300 LA ...\" \/>\n<meta name=\"robots\" content=\"index, follow, max-snippet:-1, max-image-preview:large, max-video-preview:-1\" \/>\n<link rel=\"canonical\" href=\"https:\/\/www.africa-press.net\/togo\/politique\/togo-persecution-du-journaliste-ferdinand-ayite-la-dmk-dit-halte-a-la-tentative-daneantissement-des-medias-critiques\" \/>\n<meta property=\"og:locale\" content=\"fr_FR\" \/>\n<meta property=\"og:type\" content=\"article\" \/>\n<meta property=\"og:title\" content=\"Togo\/Pers\u00e9cution du Journaliste Ferdinand Ayit\u00e9 : La DMK dit halte \u00e0 la tentative d\u2019an\u00e9antissement des m\u00e9dias critiques\" \/>\n<meta property=\"og:description\" content=\"COMMUNIQUE\u0301 DE PRESSE DE LA DMK RELATIF A\u0300 LA PERSECUTION DU JOURNALISTE D\u2019INVESTIGATION FERDINAND AYITE \u00ab HALTE A\u0300 LA ...\" \/>\n<meta property=\"og:url\" content=\"https:\/\/www.africa-press.net\/togo\/politique\/togo-persecution-du-journaliste-ferdinand-ayite-la-dmk-dit-halte-a-la-tentative-daneantissement-des-medias-critiques\" \/>\n<meta property=\"og:site_name\" content=\"Togo\" \/>\n<meta property=\"article:published_time\" content=\"2023-03-09T19:08:33+00:00\" \/>\n<meta property=\"article:modified_time\" content=\"2023-03-09T20:01:04+00:00\" \/>\n<meta property=\"og:image\" content=\"https:\/\/static.africa-press.net\/togo\/sites\/58\/2023\/03\/postQueueImg_1678376318.21.jpg\" \/>\n\t<meta property=\"og:image:width\" content=\"720\" \/>\n\t<meta property=\"og:image:height\" content=\"450\" \/>\n\t<meta property=\"og:image:type\" content=\"image\/jpeg\" \/>\n<meta name=\"author\" content=\"cfeditorfr\" \/>\n<meta name=\"twitter:card\" content=\"summary_large_image\" \/>\n<meta name=\"twitter:label1\" content=\"\u00c9crit par\" \/>\n\t<meta name=\"twitter:data1\" content=\"cfeditorfr\" \/>\n\t<meta name=\"twitter:label2\" content=\"Dur\u00e9e de lecture estim\u00e9e\" \/>\n\t<meta name=\"twitter:data2\" content=\"3 minutes\" \/>\n<script type=\"application\/ld+json\" class=\"yoast-schema-graph\">{\"@context\":\"https:\/\/schema.org\",\"@graph\":[{\"@type\":\"Article\",\"@id\":\"https:\/\/www.africa-press.net\/togo\/politique\/togo-persecution-du-journaliste-ferdinand-ayite-la-dmk-dit-halte-a-la-tentative-daneantissement-des-medias-critiques#article\",\"isPartOf\":{\"@id\":\"https:\/\/www.africa-press.net\/togo\/politique\/togo-persecution-du-journaliste-ferdinand-ayite-la-dmk-dit-halte-a-la-tentative-daneantissement-des-medias-critiques\"},\"author\":{\"name\":\"cfeditorfr\",\"@id\":\"https:\/\/www.africa-press.net\/togo\/#\/schema\/person\/2b1cf3cd81a31e3cd26889ca66d677f1\"},\"headline\":\"Togo\/Pers\u00e9cution du Journaliste Ferdinand Ayit\u00e9 : La DMK dit halte \u00e0 la tentative d\u2019an\u00e9antissement des m\u00e9dias critiques\",\"datePublished\":\"2023-03-09T19:08:33+00:00\",\"dateModified\":\"2023-03-09T20:01:04+00:00\",\"mainEntityOfPage\":{\"@id\":\"https:\/\/www.africa-press.net\/togo\/politique\/togo-persecution-du-journaliste-ferdinand-ayite-la-dmk-dit-halte-a-la-tentative-daneantissement-des-medias-critiques\"},\"wordCount\":645,\"commentCount\":0,\"image\":{\"@id\":\"https:\/\/www.africa-press.net\/togo\/politique\/togo-persecution-du-journaliste-ferdinand-ayite-la-dmk-dit-halte-a-la-tentative-daneantissement-des-medias-critiques#primaryimage\"},\"thumbnailUrl\":\"https:\/\/static.africa-press.net\/togo\/sites\/58\/2023\/03\/postQueueImg_1678376318.21.jpg\",\"keywords\":[\"Africa Press\",\"Africa Press-Togo\",\"Togo\"],\"articleSection\":[\"Politique\",\"Toutes les actualit\u00e9s\"],\"inLanguage\":\"fr-FR\",\"potentialAction\":[{\"@type\":\"CommentAction\",\"name\":\"Comment\",\"target\":[\"https:\/\/www.africa-press.net\/togo\/politique\/togo-persecution-du-journaliste-ferdinand-ayite-la-dmk-dit-halte-a-la-tentative-daneantissement-des-medias-critiques#respond\"]}]},{\"@type\":\"WebPage\",\"@id\":\"https:\/\/www.africa-press.net\/togo\/politique\/togo-persecution-du-journaliste-ferdinand-ayite-la-dmk-dit-halte-a-la-tentative-daneantissement-des-medias-critiques\",\"url\":\"https:\/\/www.africa-press.net\/togo\/politique\/togo-persecution-du-journaliste-ferdinand-ayite-la-dmk-dit-halte-a-la-tentative-daneantissement-des-medias-critiques\",\"name\":\"Togo\/Pers\u00e9cution du Journaliste Ferdinand Ayit\u00e9 : La DMK dit halte \u00e0 la tentative d\u2019an\u00e9antissement des m\u00e9dias critiques - Togo\",\"isPartOf\":{\"@id\":\"https:\/\/www.africa-press.net\/togo\/#website\"},\"primaryImageOfPage\":{\"@id\":\"https:\/\/www.africa-press.net\/togo\/politique\/togo-persecution-du-journaliste-ferdinand-ayite-la-dmk-dit-halte-a-la-tentative-daneantissement-des-medias-critiques#primaryimage\"},\"image\":{\"@id\":\"https:\/\/www.africa-press.net\/togo\/politique\/togo-persecution-du-journaliste-ferdinand-ayite-la-dmk-dit-halte-a-la-tentative-daneantissement-des-medias-critiques#primaryimage\"},\"thumbnailUrl\":\"https:\/\/static.africa-press.net\/togo\/sites\/58\/2023\/03\/postQueueImg_1678376318.21.jpg\",\"datePublished\":\"2023-03-09T19:08:33+00:00\",\"dateModified\":\"2023-03-09T20:01:04+00:00\",\"author\":{\"@id\":\"https:\/\/www.africa-press.net\/togo\/#\/schema\/person\/2b1cf3cd81a31e3cd26889ca66d677f1\"},\"description\":\"COMMUNIQUE\u0301 DE PRESSE DE LA DMK RELATIF A\u0300 LA PERSECUTION DU JOURNALISTE D\u2019INVESTIGATION FERDINAND AYITE \u00ab HALTE A\u0300 LA ...\",\"breadcrumb\":{\"@id\":\"https:\/\/www.africa-press.net\/togo\/politique\/togo-persecution-du-journaliste-ferdinand-ayite-la-dmk-dit-halte-a-la-tentative-daneantissement-des-medias-critiques#breadcrumb\"},\"inLanguage\":\"fr-FR\",\"potentialAction\":[{\"@type\":\"ReadAction\",\"target\":[\"https:\/\/www.africa-press.net\/togo\/politique\/togo-persecution-du-journaliste-ferdinand-ayite-la-dmk-dit-halte-a-la-tentative-daneantissement-des-medias-critiques\"]}]},{\"@type\":\"ImageObject\",\"inLanguage\":\"fr-FR\",\"@id\":\"https:\/\/www.africa-press.net\/togo\/politique\/togo-persecution-du-journaliste-ferdinand-ayite-la-dmk-dit-halte-a-la-tentative-daneantissement-des-medias-critiques#primaryimage\",\"url\":\"https:\/\/static.africa-press.net\/togo\/sites\/58\/2023\/03\/postQueueImg_1678376318.21.jpg\",\"contentUrl\":\"https:\/\/static.africa-press.net\/togo\/sites\/58\/2023\/03\/postQueueImg_1678376318.21.jpg\",\"width\":720,\"height\":450,\"caption\":\"Togo\/Pers\u00e9cution du Journaliste Ferdinand Ayit\u00e9 : La DMK dit halte \u00e0 la tentative d\u2019an\u00e9antissement des m\u00e9dias critiques\"},{\"@type\":\"BreadcrumbList\",\"@id\":\"https:\/\/www.africa-press.net\/togo\/politique\/togo-persecution-du-journaliste-ferdinand-ayite-la-dmk-dit-halte-a-la-tentative-daneantissement-des-medias-critiques#breadcrumb\",\"itemListElement\":[{\"@type\":\"ListItem\",\"position\":1,\"name\":\"Accueil\",\"item\":\"https:\/\/www.africa-press.net\/togo\/\"},{\"@type\":\"ListItem\",\"position\":2,\"name\":\"Togo\/Pers\u00e9cution du Journaliste Ferdinand Ayit\u00e9 : La DMK dit halte \u00e0 la tentative d\u2019an\u00e9antissement des m\u00e9dias critiques\"}]},{\"@type\":\"WebSite\",\"@id\":\"https:\/\/www.africa-press.net\/togo\/#website\",\"url\":\"https:\/\/www.africa-press.net\/togo\/\",\"name\":\"Togo\",\"description\":\"Just another Africa News Agency Sites site\",\"potentialAction\":[{\"@type\":\"SearchAction\",\"target\":{\"@type\":\"EntryPoint\",\"urlTemplate\":\"https:\/\/www.africa-press.net\/togo\/?s={search_term_string}\"},\"query-input\":{\"@type\":\"PropertyValueSpecification\",\"valueRequired\":true,\"valueName\":\"search_term_string\"}}],\"inLanguage\":\"fr-FR\"},{\"@type\":\"Person\",\"@id\":\"https:\/\/www.africa-press.net\/togo\/#\/schema\/person\/2b1cf3cd81a31e3cd26889ca66d677f1\",\"name\":\"cfeditorfr\"}]}<\/script>\n<!-- \/ Yoast SEO Premium plugin. -->","yoast_head_json":{"title":"Togo\/Pers\u00e9cution du Journaliste Ferdinand Ayit\u00e9 : La DMK dit halte \u00e0 la tentative d\u2019an\u00e9antissement des m\u00e9dias critiques - Togo","description":"COMMUNIQUE\u0301 DE PRESSE DE LA DMK RELATIF A\u0300 LA PERSECUTION DU JOURNALISTE D\u2019INVESTIGATION FERDINAND AYITE \u00ab HALTE A\u0300 LA ...","robots":{"index":"index","follow":"follow","max-snippet":"max-snippet:-1","max-image-preview":"max-image-preview:large","max-video-preview":"max-video-preview:-1"},"canonical":"https:\/\/www.africa-press.net\/togo\/politique\/togo-persecution-du-journaliste-ferdinand-ayite-la-dmk-dit-halte-a-la-tentative-daneantissement-des-medias-critiques","og_locale":"fr_FR","og_type":"article","og_title":"Togo\/Pers\u00e9cution du Journaliste Ferdinand Ayit\u00e9 : La DMK dit halte \u00e0 la tentative d\u2019an\u00e9antissement des m\u00e9dias critiques","og_description":"COMMUNIQUE\u0301 DE PRESSE DE LA DMK RELATIF A\u0300 LA PERSECUTION DU JOURNALISTE D\u2019INVESTIGATION FERDINAND AYITE \u00ab HALTE A\u0300 LA ...","og_url":"https:\/\/www.africa-press.net\/togo\/politique\/togo-persecution-du-journaliste-ferdinand-ayite-la-dmk-dit-halte-a-la-tentative-daneantissement-des-medias-critiques","og_site_name":"Togo","article_published_time":"2023-03-09T19:08:33+00:00","article_modified_time":"2023-03-09T20:01:04+00:00","og_image":[{"width":720,"height":450,"url":"https:\/\/static.africa-press.net\/togo\/sites\/58\/2023\/03\/postQueueImg_1678376318.21.jpg","type":"image\/jpeg"}],"author":"cfeditorfr","twitter_card":"summary_large_image","twitter_misc":{"\u00c9crit par":"cfeditorfr","Dur\u00e9e de lecture estim\u00e9e":"3 minutes"},"schema":{"@context":"https:\/\/schema.org","@graph":[{"@type":"Article","@id":"https:\/\/www.africa-press.net\/togo\/politique\/togo-persecution-du-journaliste-ferdinand-ayite-la-dmk-dit-halte-a-la-tentative-daneantissement-des-medias-critiques#article","isPartOf":{"@id":"https:\/\/www.africa-press.net\/togo\/politique\/togo-persecution-du-journaliste-ferdinand-ayite-la-dmk-dit-halte-a-la-tentative-daneantissement-des-medias-critiques"},"author":{"name":"cfeditorfr","@id":"https:\/\/www.africa-press.net\/togo\/#\/schema\/person\/2b1cf3cd81a31e3cd26889ca66d677f1"},"headline":"Togo\/Pers\u00e9cution du Journaliste Ferdinand Ayit\u00e9 : La DMK dit halte \u00e0 la tentative d\u2019an\u00e9antissement des m\u00e9dias critiques","datePublished":"2023-03-09T19:08:33+00:00","dateModified":"2023-03-09T20:01:04+00:00","mainEntityOfPage":{"@id":"https:\/\/www.africa-press.net\/togo\/politique\/togo-persecution-du-journaliste-ferdinand-ayite-la-dmk-dit-halte-a-la-tentative-daneantissement-des-medias-critiques"},"wordCount":645,"commentCount":0,"image":{"@id":"https:\/\/www.africa-press.net\/togo\/politique\/togo-persecution-du-journaliste-ferdinand-ayite-la-dmk-dit-halte-a-la-tentative-daneantissement-des-medias-critiques#primaryimage"},"thumbnailUrl":"https:\/\/static.africa-press.net\/togo\/sites\/58\/2023\/03\/postQueueImg_1678376318.21.jpg","keywords":["Africa Press","Africa Press-Togo","Togo"],"articleSection":["Politique","Toutes les actualit\u00e9s"],"inLanguage":"fr-FR","potentialAction":[{"@type":"CommentAction","name":"Comment","target":["https:\/\/www.africa-press.net\/togo\/politique\/togo-persecution-du-journaliste-ferdinand-ayite-la-dmk-dit-halte-a-la-tentative-daneantissement-des-medias-critiques#respond"]}]},{"@type":"WebPage","@id":"https:\/\/www.africa-press.net\/togo\/politique\/togo-persecution-du-journaliste-ferdinand-ayite-la-dmk-dit-halte-a-la-tentative-daneantissement-des-medias-critiques","url":"https:\/\/www.africa-press.net\/togo\/politique\/togo-persecution-du-journaliste-ferdinand-ayite-la-dmk-dit-halte-a-la-tentative-daneantissement-des-medias-critiques","name":"Togo\/Pers\u00e9cution du Journaliste Ferdinand Ayit\u00e9 : La DMK dit halte \u00e0 la tentative d\u2019an\u00e9antissement des m\u00e9dias critiques - Togo","isPartOf":{"@id":"https:\/\/www.africa-press.net\/togo\/#website"},"primaryImageOfPage":{"@id":"https:\/\/www.africa-press.net\/togo\/politique\/togo-persecution-du-journaliste-ferdinand-ayite-la-dmk-dit-halte-a-la-tentative-daneantissement-des-medias-critiques#primaryimage"},"image":{"@id":"https:\/\/www.africa-press.net\/togo\/politique\/togo-persecution-du-journaliste-ferdinand-ayite-la-dmk-dit-halte-a-la-tentative-daneantissement-des-medias-critiques#primaryimage"},"thumbnailUrl":"https:\/\/static.africa-press.net\/togo\/sites\/58\/2023\/03\/postQueueImg_1678376318.21.jpg","datePublished":"2023-03-09T19:08:33+00:00","dateModified":"2023-03-09T20:01:04+00:00","author":{"@id":"https:\/\/www.africa-press.net\/togo\/#\/schema\/person\/2b1cf3cd81a31e3cd26889ca66d677f1"},"description":"COMMUNIQUE\u0301 DE PRESSE DE LA DMK RELATIF A\u0300 LA PERSECUTION DU JOURNALISTE D\u2019INVESTIGATION FERDINAND AYITE \u00ab HALTE A\u0300 LA ...","breadcrumb":{"@id":"https:\/\/www.africa-press.net\/togo\/politique\/togo-persecution-du-journaliste-ferdinand-ayite-la-dmk-dit-halte-a-la-tentative-daneantissement-des-medias-critiques#breadcrumb"},"inLanguage":"fr-FR","potentialAction":[{"@type":"ReadAction","target":["https:\/\/www.africa-press.net\/togo\/politique\/togo-persecution-du-journaliste-ferdinand-ayite-la-dmk-dit-halte-a-la-tentative-daneantissement-des-medias-critiques"]}]},{"@type":"ImageObject","inLanguage":"fr-FR","@id":"https:\/\/www.africa-press.net\/togo\/politique\/togo-persecution-du-journaliste-ferdinand-ayite-la-dmk-dit-halte-a-la-tentative-daneantissement-des-medias-critiques#primaryimage","url":"https:\/\/static.africa-press.net\/togo\/sites\/58\/2023\/03\/postQueueImg_1678376318.21.jpg","contentUrl":"https:\/\/static.africa-press.net\/togo\/sites\/58\/2023\/03\/postQueueImg_1678376318.21.jpg","width":720,"height":450,"caption":"Togo\/Pers\u00e9cution du Journaliste Ferdinand Ayit\u00e9 : La DMK dit halte \u00e0 la tentative d\u2019an\u00e9antissement des m\u00e9dias critiques"},{"@type":"BreadcrumbList","@id":"https:\/\/www.africa-press.net\/togo\/politique\/togo-persecution-du-journaliste-ferdinand-ayite-la-dmk-dit-halte-a-la-tentative-daneantissement-des-medias-critiques#breadcrumb","itemListElement":[{"@type":"ListItem","position":1,"name":"Accueil","item":"https:\/\/www.africa-press.net\/togo\/"},{"@type":"ListItem","position":2,"name":"Togo\/Pers\u00e9cution du Journaliste Ferdinand Ayit\u00e9 : La DMK dit halte \u00e0 la tentative d\u2019an\u00e9antissement des m\u00e9dias critiques"}]},{"@type":"WebSite","@id":"https:\/\/www.africa-press.net\/togo\/#website","url":"https:\/\/www.africa-press.net\/togo\/","name":"Togo","description":"Just another Africa News Agency Sites site","potentialAction":[{"@type":"SearchAction","target":{"@type":"EntryPoint","urlTemplate":"https:\/\/www.africa-press.net\/togo\/?s={search_term_string}"},"query-input":{"@type":"PropertyValueSpecification","valueRequired":true,"valueName":"search_term_string"}}],"inLanguage":"fr-FR"},{"@type":"Person","@id":"https:\/\/www.africa-press.net\/togo\/#\/schema\/person\/2b1cf3cd81a31e3cd26889ca66d677f1","name":"cfeditorfr"}]}},"_links":{"self":[{"href":"https:\/\/www.africa-press.net\/togo\/wp-json\/wp\/v2\/posts\/18380","targetHints":{"allow":["GET"]}}],"collection":[{"href":"https:\/\/www.africa-press.net\/togo\/wp-json\/wp\/v2\/posts"}],"about":[{"href":"https:\/\/www.africa-press.net\/togo\/wp-json\/wp\/v2\/types\/post"}],"author":[{"embeddable":true,"href":"https:\/\/www.africa-press.net\/togo\/wp-json\/wp\/v2\/users\/82"}],"replies":[{"embeddable":true,"href":"https:\/\/www.africa-press.net\/togo\/wp-json\/wp\/v2\/comments?post=18380"}],"version-history":[{"count":0,"href":"https:\/\/www.africa-press.net\/togo\/wp-json\/wp\/v2\/posts\/18380\/revisions"}],"wp:featuredmedia":[{"embeddable":true,"href":"https:\/\/www.africa-press.net\/togo\/wp-json\/wp\/v2\/media\/18379"}],"wp:attachment":[{"href":"https:\/\/www.africa-press.net\/togo\/wp-json\/wp\/v2\/media?parent=18380"}],"wp:term":[{"taxonomy":"category","embeddable":true,"href":"https:\/\/www.africa-press.net\/togo\/wp-json\/wp\/v2\/categories?post=18380"},{"taxonomy":"post_tag","embeddable":true,"href":"https:\/\/www.africa-press.net\/togo\/wp-json\/wp\/v2\/tags?post=18380"}],"curies":[{"name":"wp","href":"https:\/\/api.w.org\/{rel}","templated":true}]}}