{"id":18386,"date":"2023-03-09T19:08:51","date_gmt":"2023-03-09T19:08:51","guid":{"rendered":"https:\/\/www.africa-press.net\/togo\/politique\/togo-le-journal-lalternative-suspend-ses-parutions-a-compter-de-ce-jour"},"modified":"2023-03-09T20:01:58","modified_gmt":"2023-03-09T20:01:58","slug":"togo-le-journal-lalternative-suspend-ses-parutions-a-compter-de-ce-jour","status":"publish","type":"post","link":"https:\/\/www.africa-press.net\/togo\/politique\/togo-le-journal-lalternative-suspend-ses-parutions-a-compter-de-ce-jour","title":{"rendered":"Togo\u00a0: le journal \u00ab\u00a0L\u2019alternative\u00a0\u00bb suspend ses parutions \u00e0 compter de ce jour"},"content":{"rendered":"<p><span style=\"color: #ff6600\"><strong>Africa-Press &#8211; Togo. <\/strong><\/span>Introuvable depuis le dimanche 5 mars 2023, le Directeur de publication du journal \u00ab L\u2019alternative \u00bb a fait signe de vie dans la journe\u0301e du 8 mars 2023, 3 jours apre\u0300s sa disparition. Le moins qu\u2019on puisse retenir, c\u2019est qu\u2019il est en vie. Une bonne nouvelle pour tous ceux qui s\u2019inquie\u0301taient de sa disparition soudaine.<\/p>\n<p>Mais au lendemain de cette bonne nouvelle, le journal annonce qu\u2019il ne sera plus disponible dans les kiosques jusqu\u2019a\u0300 nouvel ordre.<\/p>\n<p>\u00ab Compte tenu de la situation et vu les pesanteurs, la Re\u0301daction a de\u0301cide\u0301 de suspendre les parutions de votre journal L\u2019ALTERNATIVE a\u0300 compter de ce jour. Les parutions reprendront de\u0300s que possible. Nous pre\u0301sentons toutes nos excuses a\u0300 nos lecteurs et aux abonne\u0301s. Dieu veille sur chacun. Union de prie\u0300re \u00bb, aposte\u0301 Isidore Kouwonou, le re\u0301dacteur en chef du journal sur sa page Facebook.<\/p>\n<p><strong>Pour plus d&rsquo;informations et d&rsquo;analyses sur la <a href=\"https:\/\/www.africa-press.net\/togo\">Togo<\/a>, suivez <a href=\"https:\/\/www.africa-press.net\/\">Africa-Press<\/a><\/strong><\/p>\n","protected":false},"excerpt":{"rendered":"<p>Africa-Press &#8211; Togo. Introuvable depuis le dimanche 5 mars 2023, le Directeur de publication du journal \u00ab L\u2019alternative \u00bb a fait signe de vie dans la journe\u0301e du 8 mars 2023, 3 jours apre\u0300s sa disparition. Le moins qu\u2019on puisse retenir, c\u2019est qu\u2019il est en vie. Une bonne nouvelle pour tous ceux qui s\u2019inquie\u0301taient de [&hellip;]<\/p>\n","protected":false},"author":82,"featured_media":18385,"comment_status":"open","ping_status":"closed","sticky":false,"template":"","format":"standard","meta":{"footnotes":""},"categories":[2,10],"tags":[36,49,50],"class_list":["post-18386","post","type-post","status-publish","format-standard","has-post-thumbnail","hentry","category-politique","category-toutes-les-actualites","tag-africa-press","tag-africa-press-togo","tag-togo"],"yoast_head":"<!-- This site is optimized with the Yoast SEO Premium plugin v26.1 (Yoast SEO v27.0) - https:\/\/yoast.com\/product\/yoast-seo-premium-wordpress\/ -->\n<title>Togo\u00a0: le journal \u00ab\u00a0L\u2019alternative\u00a0\u00bb suspend ses parutions \u00e0 compter de ce jour - Togo<\/title>\n<meta name=\"description\" content=\"Introuvable depuis le dimanche 5 mars 2023, le Directeur de publication du journal \u00ab L\u2019alternative \u00bb a fait signe de vie ...\" \/>\n<meta name=\"robots\" content=\"index, follow, max-snippet:-1, max-image-preview:large, max-video-preview:-1\" \/>\n<link rel=\"canonical\" href=\"https:\/\/www.africa-press.net\/togo\/politique\/togo-le-journal-lalternative-suspend-ses-parutions-a-compter-de-ce-jour\" \/>\n<meta property=\"og:locale\" content=\"fr_FR\" \/>\n<meta property=\"og:type\" content=\"article\" \/>\n<meta property=\"og:title\" content=\"Togo\u00a0: le journal \u00ab\u00a0L\u2019alternative\u00a0\u00bb suspend ses parutions \u00e0 compter de ce jour\" \/>\n<meta property=\"og:description\" content=\"Introuvable depuis le dimanche 5 mars 2023, le Directeur de publication du journal \u00ab L\u2019alternative \u00bb a fait signe de vie ...\" \/>\n<meta property=\"og:url\" content=\"https:\/\/www.africa-press.net\/togo\/politique\/togo-le-journal-lalternative-suspend-ses-parutions-a-compter-de-ce-jour\" \/>\n<meta property=\"og:site_name\" content=\"Togo\" \/>\n<meta property=\"article:published_time\" content=\"2023-03-09T19:08:51+00:00\" \/>\n<meta property=\"article:modified_time\" content=\"2023-03-09T20:01:58+00:00\" \/>\n<meta property=\"og:image\" content=\"https:\/\/static.africa-press.net\/togo\/sites\/58\/2023\/03\/postQueueImg_1678376336.51.jpg\" \/>\n\t<meta property=\"og:image:width\" content=\"720\" \/>\n\t<meta property=\"og:image:height\" content=\"480\" \/>\n\t<meta property=\"og:image:type\" content=\"image\/jpeg\" \/>\n<meta name=\"author\" content=\"cfeditorfr\" \/>\n<meta name=\"twitter:card\" content=\"summary_large_image\" \/>\n<meta name=\"twitter:label1\" content=\"\u00c9crit par\" \/>\n\t<meta name=\"twitter:data1\" content=\"cfeditorfr\" \/>\n\t<meta name=\"twitter:label2\" content=\"Dur\u00e9e de lecture estim\u00e9e\" \/>\n\t<meta name=\"twitter:data2\" content=\"1 minute\" \/>\n<script type=\"application\/ld+json\" class=\"yoast-schema-graph\">{\"@context\":\"https:\/\/schema.org\",\"@graph\":[{\"@type\":\"Article\",\"@id\":\"https:\/\/www.africa-press.net\/togo\/politique\/togo-le-journal-lalternative-suspend-ses-parutions-a-compter-de-ce-jour#article\",\"isPartOf\":{\"@id\":\"https:\/\/www.africa-press.net\/togo\/politique\/togo-le-journal-lalternative-suspend-ses-parutions-a-compter-de-ce-jour\"},\"author\":{\"name\":\"cfeditorfr\",\"@id\":\"https:\/\/www.africa-press.net\/togo\/#\/schema\/person\/2b1cf3cd81a31e3cd26889ca66d677f1\"},\"headline\":\"Togo\u00a0: le journal \u00ab\u00a0L\u2019alternative\u00a0\u00bb suspend ses parutions \u00e0 compter de ce jour\",\"datePublished\":\"2023-03-09T19:08:51+00:00\",\"dateModified\":\"2023-03-09T20:01:58+00:00\",\"mainEntityOfPage\":{\"@id\":\"https:\/\/www.africa-press.net\/togo\/politique\/togo-le-journal-lalternative-suspend-ses-parutions-a-compter-de-ce-jour\"},\"wordCount\":177,\"commentCount\":0,\"image\":{\"@id\":\"https:\/\/www.africa-press.net\/togo\/politique\/togo-le-journal-lalternative-suspend-ses-parutions-a-compter-de-ce-jour#primaryimage\"},\"thumbnailUrl\":\"https:\/\/static.africa-press.net\/togo\/sites\/58\/2023\/03\/postQueueImg_1678376336.51.jpg\",\"keywords\":[\"Africa Press\",\"Africa Press-Togo\",\"Togo\"],\"articleSection\":[\"Politique\",\"Toutes les actualit\u00e9s\"],\"inLanguage\":\"fr-FR\",\"potentialAction\":[{\"@type\":\"CommentAction\",\"name\":\"Comment\",\"target\":[\"https:\/\/www.africa-press.net\/togo\/politique\/togo-le-journal-lalternative-suspend-ses-parutions-a-compter-de-ce-jour#respond\"]}]},{\"@type\":\"WebPage\",\"@id\":\"https:\/\/www.africa-press.net\/togo\/politique\/togo-le-journal-lalternative-suspend-ses-parutions-a-compter-de-ce-jour\",\"url\":\"https:\/\/www.africa-press.net\/togo\/politique\/togo-le-journal-lalternative-suspend-ses-parutions-a-compter-de-ce-jour\",\"name\":\"Togo\u00a0: le journal \u00ab\u00a0L\u2019alternative\u00a0\u00bb suspend ses parutions \u00e0 compter de ce jour - Togo\",\"isPartOf\":{\"@id\":\"https:\/\/www.africa-press.net\/togo\/#website\"},\"primaryImageOfPage\":{\"@id\":\"https:\/\/www.africa-press.net\/togo\/politique\/togo-le-journal-lalternative-suspend-ses-parutions-a-compter-de-ce-jour#primaryimage\"},\"image\":{\"@id\":\"https:\/\/www.africa-press.net\/togo\/politique\/togo-le-journal-lalternative-suspend-ses-parutions-a-compter-de-ce-jour#primaryimage\"},\"thumbnailUrl\":\"https:\/\/static.africa-press.net\/togo\/sites\/58\/2023\/03\/postQueueImg_1678376336.51.jpg\",\"datePublished\":\"2023-03-09T19:08:51+00:00\",\"dateModified\":\"2023-03-09T20:01:58+00:00\",\"author\":{\"@id\":\"https:\/\/www.africa-press.net\/togo\/#\/schema\/person\/2b1cf3cd81a31e3cd26889ca66d677f1\"},\"description\":\"Introuvable depuis le dimanche 5 mars 2023, le Directeur de publication du journal \u00ab L\u2019alternative \u00bb a fait signe de vie ...\",\"breadcrumb\":{\"@id\":\"https:\/\/www.africa-press.net\/togo\/politique\/togo-le-journal-lalternative-suspend-ses-parutions-a-compter-de-ce-jour#breadcrumb\"},\"inLanguage\":\"fr-FR\",\"potentialAction\":[{\"@type\":\"ReadAction\",\"target\":[\"https:\/\/www.africa-press.net\/togo\/politique\/togo-le-journal-lalternative-suspend-ses-parutions-a-compter-de-ce-jour\"]}]},{\"@type\":\"ImageObject\",\"inLanguage\":\"fr-FR\",\"@id\":\"https:\/\/www.africa-press.net\/togo\/politique\/togo-le-journal-lalternative-suspend-ses-parutions-a-compter-de-ce-jour#primaryimage\",\"url\":\"https:\/\/static.africa-press.net\/togo\/sites\/58\/2023\/03\/postQueueImg_1678376336.51.jpg\",\"contentUrl\":\"https:\/\/static.africa-press.net\/togo\/sites\/58\/2023\/03\/postQueueImg_1678376336.51.jpg\",\"width\":720,\"height\":480,\"caption\":\"Togo\u00a0: le journal \u00ab\u00a0L\u2019alternative\u00a0\u00bb suspend ses parutions \u00e0 compter de ce jour\"},{\"@type\":\"BreadcrumbList\",\"@id\":\"https:\/\/www.africa-press.net\/togo\/politique\/togo-le-journal-lalternative-suspend-ses-parutions-a-compter-de-ce-jour#breadcrumb\",\"itemListElement\":[{\"@type\":\"ListItem\",\"position\":1,\"name\":\"Accueil\",\"item\":\"https:\/\/www.africa-press.net\/togo\/\"},{\"@type\":\"ListItem\",\"position\":2,\"name\":\"Togo\u00a0: le journal \u00ab\u00a0L\u2019alternative\u00a0\u00bb suspend ses parutions \u00e0 compter de ce jour\"}]},{\"@type\":\"WebSite\",\"@id\":\"https:\/\/www.africa-press.net\/togo\/#website\",\"url\":\"https:\/\/www.africa-press.net\/togo\/\",\"name\":\"Togo\",\"description\":\"Just another Africa News Agency Sites site\",\"potentialAction\":[{\"@type\":\"SearchAction\",\"target\":{\"@type\":\"EntryPoint\",\"urlTemplate\":\"https:\/\/www.africa-press.net\/togo\/?s={search_term_string}\"},\"query-input\":{\"@type\":\"PropertyValueSpecification\",\"valueRequired\":true,\"valueName\":\"search_term_string\"}}],\"inLanguage\":\"fr-FR\"},{\"@type\":\"Person\",\"@id\":\"https:\/\/www.africa-press.net\/togo\/#\/schema\/person\/2b1cf3cd81a31e3cd26889ca66d677f1\",\"name\":\"cfeditorfr\"}]}<\/script>\n<!-- \/ Yoast SEO Premium plugin. -->","yoast_head_json":{"title":"Togo\u00a0: le journal \u00ab\u00a0L\u2019alternative\u00a0\u00bb suspend ses parutions \u00e0 compter de ce jour - Togo","description":"Introuvable depuis le dimanche 5 mars 2023, le Directeur de publication du journal \u00ab L\u2019alternative \u00bb a fait signe de vie ...","robots":{"index":"index","follow":"follow","max-snippet":"max-snippet:-1","max-image-preview":"max-image-preview:large","max-video-preview":"max-video-preview:-1"},"canonical":"https:\/\/www.africa-press.net\/togo\/politique\/togo-le-journal-lalternative-suspend-ses-parutions-a-compter-de-ce-jour","og_locale":"fr_FR","og_type":"article","og_title":"Togo\u00a0: le journal \u00ab\u00a0L\u2019alternative\u00a0\u00bb suspend ses parutions \u00e0 compter de ce jour","og_description":"Introuvable depuis le dimanche 5 mars 2023, le Directeur de publication du journal \u00ab L\u2019alternative \u00bb a fait signe de vie ...","og_url":"https:\/\/www.africa-press.net\/togo\/politique\/togo-le-journal-lalternative-suspend-ses-parutions-a-compter-de-ce-jour","og_site_name":"Togo","article_published_time":"2023-03-09T19:08:51+00:00","article_modified_time":"2023-03-09T20:01:58+00:00","og_image":[{"width":720,"height":480,"url":"https:\/\/static.africa-press.net\/togo\/sites\/58\/2023\/03\/postQueueImg_1678376336.51.jpg","type":"image\/jpeg"}],"author":"cfeditorfr","twitter_card":"summary_large_image","twitter_misc":{"\u00c9crit par":"cfeditorfr","Dur\u00e9e de lecture estim\u00e9e":"1 minute"},"schema":{"@context":"https:\/\/schema.org","@graph":[{"@type":"Article","@id":"https:\/\/www.africa-press.net\/togo\/politique\/togo-le-journal-lalternative-suspend-ses-parutions-a-compter-de-ce-jour#article","isPartOf":{"@id":"https:\/\/www.africa-press.net\/togo\/politique\/togo-le-journal-lalternative-suspend-ses-parutions-a-compter-de-ce-jour"},"author":{"name":"cfeditorfr","@id":"https:\/\/www.africa-press.net\/togo\/#\/schema\/person\/2b1cf3cd81a31e3cd26889ca66d677f1"},"headline":"Togo\u00a0: le journal \u00ab\u00a0L\u2019alternative\u00a0\u00bb suspend ses parutions \u00e0 compter de ce jour","datePublished":"2023-03-09T19:08:51+00:00","dateModified":"2023-03-09T20:01:58+00:00","mainEntityOfPage":{"@id":"https:\/\/www.africa-press.net\/togo\/politique\/togo-le-journal-lalternative-suspend-ses-parutions-a-compter-de-ce-jour"},"wordCount":177,"commentCount":0,"image":{"@id":"https:\/\/www.africa-press.net\/togo\/politique\/togo-le-journal-lalternative-suspend-ses-parutions-a-compter-de-ce-jour#primaryimage"},"thumbnailUrl":"https:\/\/static.africa-press.net\/togo\/sites\/58\/2023\/03\/postQueueImg_1678376336.51.jpg","keywords":["Africa Press","Africa Press-Togo","Togo"],"articleSection":["Politique","Toutes les actualit\u00e9s"],"inLanguage":"fr-FR","potentialAction":[{"@type":"CommentAction","name":"Comment","target":["https:\/\/www.africa-press.net\/togo\/politique\/togo-le-journal-lalternative-suspend-ses-parutions-a-compter-de-ce-jour#respond"]}]},{"@type":"WebPage","@id":"https:\/\/www.africa-press.net\/togo\/politique\/togo-le-journal-lalternative-suspend-ses-parutions-a-compter-de-ce-jour","url":"https:\/\/www.africa-press.net\/togo\/politique\/togo-le-journal-lalternative-suspend-ses-parutions-a-compter-de-ce-jour","name":"Togo\u00a0: le journal \u00ab\u00a0L\u2019alternative\u00a0\u00bb suspend ses parutions \u00e0 compter de ce jour - Togo","isPartOf":{"@id":"https:\/\/www.africa-press.net\/togo\/#website"},"primaryImageOfPage":{"@id":"https:\/\/www.africa-press.net\/togo\/politique\/togo-le-journal-lalternative-suspend-ses-parutions-a-compter-de-ce-jour#primaryimage"},"image":{"@id":"https:\/\/www.africa-press.net\/togo\/politique\/togo-le-journal-lalternative-suspend-ses-parutions-a-compter-de-ce-jour#primaryimage"},"thumbnailUrl":"https:\/\/static.africa-press.net\/togo\/sites\/58\/2023\/03\/postQueueImg_1678376336.51.jpg","datePublished":"2023-03-09T19:08:51+00:00","dateModified":"2023-03-09T20:01:58+00:00","author":{"@id":"https:\/\/www.africa-press.net\/togo\/#\/schema\/person\/2b1cf3cd81a31e3cd26889ca66d677f1"},"description":"Introuvable depuis le dimanche 5 mars 2023, le Directeur de publication du journal \u00ab L\u2019alternative \u00bb a fait signe de vie ...","breadcrumb":{"@id":"https:\/\/www.africa-press.net\/togo\/politique\/togo-le-journal-lalternative-suspend-ses-parutions-a-compter-de-ce-jour#breadcrumb"},"inLanguage":"fr-FR","potentialAction":[{"@type":"ReadAction","target":["https:\/\/www.africa-press.net\/togo\/politique\/togo-le-journal-lalternative-suspend-ses-parutions-a-compter-de-ce-jour"]}]},{"@type":"ImageObject","inLanguage":"fr-FR","@id":"https:\/\/www.africa-press.net\/togo\/politique\/togo-le-journal-lalternative-suspend-ses-parutions-a-compter-de-ce-jour#primaryimage","url":"https:\/\/static.africa-press.net\/togo\/sites\/58\/2023\/03\/postQueueImg_1678376336.51.jpg","contentUrl":"https:\/\/static.africa-press.net\/togo\/sites\/58\/2023\/03\/postQueueImg_1678376336.51.jpg","width":720,"height":480,"caption":"Togo\u00a0: le journal \u00ab\u00a0L\u2019alternative\u00a0\u00bb suspend ses parutions \u00e0 compter de ce jour"},{"@type":"BreadcrumbList","@id":"https:\/\/www.africa-press.net\/togo\/politique\/togo-le-journal-lalternative-suspend-ses-parutions-a-compter-de-ce-jour#breadcrumb","itemListElement":[{"@type":"ListItem","position":1,"name":"Accueil","item":"https:\/\/www.africa-press.net\/togo\/"},{"@type":"ListItem","position":2,"name":"Togo\u00a0: le journal \u00ab\u00a0L\u2019alternative\u00a0\u00bb suspend ses parutions \u00e0 compter de ce jour"}]},{"@type":"WebSite","@id":"https:\/\/www.africa-press.net\/togo\/#website","url":"https:\/\/www.africa-press.net\/togo\/","name":"Togo","description":"Just another Africa News Agency Sites site","potentialAction":[{"@type":"SearchAction","target":{"@type":"EntryPoint","urlTemplate":"https:\/\/www.africa-press.net\/togo\/?s={search_term_string}"},"query-input":{"@type":"PropertyValueSpecification","valueRequired":true,"valueName":"search_term_string"}}],"inLanguage":"fr-FR"},{"@type":"Person","@id":"https:\/\/www.africa-press.net\/togo\/#\/schema\/person\/2b1cf3cd81a31e3cd26889ca66d677f1","name":"cfeditorfr"}]}},"_links":{"self":[{"href":"https:\/\/www.africa-press.net\/togo\/wp-json\/wp\/v2\/posts\/18386","targetHints":{"allow":["GET"]}}],"collection":[{"href":"https:\/\/www.africa-press.net\/togo\/wp-json\/wp\/v2\/posts"}],"about":[{"href":"https:\/\/www.africa-press.net\/togo\/wp-json\/wp\/v2\/types\/post"}],"author":[{"embeddable":true,"href":"https:\/\/www.africa-press.net\/togo\/wp-json\/wp\/v2\/users\/82"}],"replies":[{"embeddable":true,"href":"https:\/\/www.africa-press.net\/togo\/wp-json\/wp\/v2\/comments?post=18386"}],"version-history":[{"count":0,"href":"https:\/\/www.africa-press.net\/togo\/wp-json\/wp\/v2\/posts\/18386\/revisions"}],"wp:featuredmedia":[{"embeddable":true,"href":"https:\/\/www.africa-press.net\/togo\/wp-json\/wp\/v2\/media\/18385"}],"wp:attachment":[{"href":"https:\/\/www.africa-press.net\/togo\/wp-json\/wp\/v2\/media?parent=18386"}],"wp:term":[{"taxonomy":"category","embeddable":true,"href":"https:\/\/www.africa-press.net\/togo\/wp-json\/wp\/v2\/categories?post=18386"},{"taxonomy":"post_tag","embeddable":true,"href":"https:\/\/www.africa-press.net\/togo\/wp-json\/wp\/v2\/tags?post=18386"}],"curies":[{"name":"wp","href":"https:\/\/api.w.org\/{rel}","templated":true}]}}