{"id":18393,"date":"2023-03-10T18:20:08","date_gmt":"2023-03-10T18:20:08","guid":{"rendered":"https:\/\/www.africa-press.net\/togo\/politique\/togo-crise-securitaire-multidimensionnelle-autisme-gouvernemental-suicidaire-et-insouciance-mortifere-de-la-population-togolaise"},"modified":"2023-03-10T19:09:47","modified_gmt":"2023-03-10T19:09:47","slug":"togo-crise-securitaire-multidimensionnelle-autisme-gouvernemental-suicidaire-et-insouciance-mortifere-de-la-population-togolaise","status":"publish","type":"post","link":"https:\/\/www.africa-press.net\/togo\/dossiers\/togo-crise-securitaire-multidimensionnelle-autisme-gouvernemental-suicidaire-et-insouciance-mortifere-de-la-population-togolaise","title":{"rendered":"TOGO: Crise s\u00e9curitaire multidimensionnelle, Autisme gouvernemental suicidaire et Insouciance mortif\u00e8re de la Population togolaise."},"content":{"rendered":"<p><span style=\"color: #ff6600\"><strong>Africa-Press &#8211; Togo. <\/strong><\/span>La gouvernance a\u0300 la te\u0302te d\u2019un pays, fu\u0302t-elle \u00abde\u0301mocratiquement e\u0301lue\u00bb ou violemment usurpe\u0301e, doit e\u0302tre le reflet des profondes Aspirations pour le Vivre ensemble harmonieux ou est le reflet du Degre\u0301 de Me\u0301diocrite\u0301 individuelle et collective en vogue dans la socie\u0301te\u0301 de ce pays.<\/p>\n<p>Cette ve\u0301rite\u0301 immuable et universelle est concre\u0300tement illustre\u0301e aujourd\u2019hui par la socie\u0301te\u0301 togolaise dans laquelle beaucoup de Citoyennes et de Citoyens estimant e\u0302tre des bien-pensants s\u2019adonnent a\u0300 des logorrhe\u0301es pseudo-savantes et le\u0301nifiantes chez les uns, ou a\u0300 des pole\u0301miques de caniveau chez les autres, sans se rendre compte qu\u2019ils sont assis sur un volcan susceptible d\u2019emporter en tout moment aussi bien les me\u0301chants pre\u0301dateurs que les victimes de ces derniers.<\/p>\n<p>Ces logorrhe\u0301es et ces pole\u0301miques qui sont habituellement des re\u0301actions e\u0301pidermiques face aux questions d\u2019actualite\u0301s politiques sont loin de permettre a\u0300 leurs auteurs de distinguer rapidement l\u2019urgent du subsidiaire ou l\u2019essentiel du superflu dans le flot des e\u0301ve\u0301nements bru\u0302lants du moment.<\/p>\n<p>Le TOGO est devenu la rise\u0301e de toute l\u2019Afrique de l\u2019Ouest sur presque tous les plans depuis plusieurs ge\u0301ne\u0301rations. Ceci est bien e\u0301tabli dans l\u2019opinion publique urbi et orbi, me\u0302me si cette ve\u0301rite\u0301 n\u2019est pas dite assez souvent. Les agissements irresponsables et enfantins des uns ajoute\u0301s au gangste\u0301risme d\u2019E\u0301tat ouvertement affiche\u0301 par les autres constituent des Preuves suffisantes de cette affirmation. Vu avec un recul d\u2019Observateur objectif, ce petit pays aux grands Potentiels mutliformes est comparable a\u0300 un grand paquebot qui chavire, pendant que ses occupants passent le clair de leur temps dans des futilite\u0301s, dans des frivolite\u0301s, dans des mises en sce\u0300ne aussi grotesques que farfelues, dans des pole\u0301miques aussi stupides qu\u2019insense\u0301es, dans l\u2019avidite\u0301 mate\u0301rialiste mortife\u0300re et insense\u0301e, sans vouloir se rendre a\u0300 l\u2019e\u0301vidence que leur Survie individuelle et collective est en pe\u0301ril!<\/p>\n<p>Les e\u0301ve\u0301nements de plus en plus inque\u0301tants qui affectent le TOGO et qui risquent de transformer toute l\u2019Afrique de l\u2019Ouest en une jungle infernale ayant <b>Lome\u0301<\/b>, <b>Kara<\/b> et d\u2019autres localite\u0301s du TOGO comme des repaires ou des e\u0301picentres de menaces terroristes obligent de dresser un tableau sans complaisance sur ce pays pour que l\u2019opinion publique (nationale et internationale) ne soit pas surprise lorsque le pire s\u2019abattra sur ce pays, sur son Peuple et sur toute l\u2019Afrique de l\u2019Ouest.<\/p>\n<p><b>Le TOGO en lambeaux sous la Pression de l\u2019Inse\u0301curite\u0301 venant des Mers et venant du Sahel.<\/b><\/p>\n<p>Ce qui avait e\u0301te\u0301 furtivement pre\u0301sente\u0301 de fac\u0327on chaotique comme un e\u0301piphe\u0301nome\u0300ne au grand public en <b>2002<\/b> au sujet du scandale autour du navire baptise\u0301 \u00abPITEA\u00bb qui e\u0301tait bourre\u0301 de drogues dures (Cocai\u0308ne et He\u0301roi\u0308ne) et qui avait e\u0301te\u0301 arraisonne\u0301 par la Marine militaire franc\u0327aise dans les eaux territoriales du TOGO, n\u2019e\u0301tait en re\u0301alite\u0301 que la partie visible de l\u2019effroyable iceberg togolais.<\/p>\n<p>Le TOGO est devenu de\u0300s les anne\u0301es <b>1990<\/b> sour le re\u0300gne sanglant et gabe\u0301gique de <b>GNASSINGBE\u0301-pe\u0300re<\/b> un pays en grave putre\u0301faction et est gangrene\u0301 depuis ce temps par diffe\u0301rentes hordes de la pe\u0300gre internationale venues d\u2019horizons divers et ayant rec\u0327u la be\u0301ne\u0301diction cynique de <b>GNASSINGBE\u0301-pe\u0300re<\/b> pour <b>de\u0301truire le TOGO afin de le faire reculer de 100 ans<\/b>, comme il l\u2019avait d\u2019ailleurs de\u0301clare\u0301 publiquement lui-me\u0302me par lapsus devant micros et came\u0301ras!<\/p>\n<p>Les eaux territoriales togolaises et les co\u0302tes togolaises sont prises d\u2019assaut depuis ce temps par des bandes criminelles tre\u0300s dangereuses. Elles ope\u0300rent dans le Narco-Trafic a\u0300 grande e\u0301chelle, dans le Trafic d\u2019E\u0302tres humains a\u0300 travers des enle\u0300vements et des assassinats brutaux (pour pre\u0301lever les Organes frais!) ou a\u0300 travers des promesses fallacieuses d\u2019une vie meilleure a\u0300 l\u2019e\u0301tranger.<\/p>\n<p>Elles ope\u0300rent aussi dans le Proxe\u0301ne\u0301tisme tre\u0300s violent (Prostitution force\u0301e a\u0300 l\u2019e\u0301tranger) et dans la Contrefac\u0327on criminelle de divers produits alimentaires importe\u0301s a\u0300 travers l\u2019usage de substances chimiques hautement dangereuses pour la sante\u0301 humaine, animale et environnementale &#8230;<\/p>\n<p>E\u0301tant donne\u0301 que l\u2019intention malveillante du re\u0301gime des <b>GNASSINGBE\u0301<\/b> a toujours e\u0301te\u0301 <b>la destruction cynique du TOGO et de son Peuple<\/b> pour donner ce Pays et son Peuple en pa\u0302ture a\u0300 ces envahisseurs criminels e\u0301trangers, les Institutions d\u2019E\u0301tat telles que les Forces Arme\u0301es Togolaises, la Police Nationale Togolaise, les Services de Renseignements militaires et policiers, le Service des Douanes et des Impo\u0302ts, le Tre\u0301sor public, les Services du Foncier et toute l\u2019Administration publique ont e\u0301te\u0301 intentionnellement plonge\u0301s dans un <b>Laxisme morbide<\/b> double\u0301 d\u2019un <b>Ne\u0301potisme inhibiteur<\/b> qui a ouvert la voie a\u0300 une <b>effroyable Corruption multiforme<\/b> jamais e\u0301gale\u0301e.<\/p>\n<p><b>Le re\u0301gime de GNASSINGBE\u0301-pe\u0300re-et-fils: Crimes crapuleux, Terrorisme d\u2019E\u0301tat, Corruption syste\u0301mique et Cafouillages ide\u0301ologiques en Politique inte\u0301rieure; Me\u0301diocrite\u0301 de\u0301gou\u0302tante, Mensonges grossiers et Me\u0301galomanie en Politique exte\u0301rieure.<\/b><\/p>\n<p>De nombreuses Organisations internationales telles que le Haut Commissariat des Nations Unies pour les Droits de l\u2019Homme (HCDH) et le Comite\u0301 International de la Croix Rouge (CICR) avaient classe\u0301 le TOGO de\u0300s <b>1993<\/b> comme un pays connaissant une <b>situation se\u0301curitaire et humanitaire tre\u0300s de\u0301te\u0301riore\u0301e<\/b> qui s\u2019apparente a\u0300 celle d\u2019<b>un Pays en Guerre<\/b>.<\/p>\n<p>Oui, un pays dont le re\u0301gime est en guerre contre le Peuple dont il pre\u0301tend de\u0301fendre les inte\u0301re\u0302ts &#8230;<\/p>\n<p>Voila\u0300 l\u2019une des raisons pour laquelle des pays comme la Confe\u0301de\u0301ration Suisse, l\u2019Allemagne, la France (quoiqu\u2019on dise d\u2019elle sur son ro\u0302le trouble en Afrique) et bien d\u2019autres pays europe\u0301ens avaient octroye\u0301 volontiers l\u2019Asile politique a\u0300 des centaines de milliers de Togolaises et de Togolais depuis ce temps. L\u2019Auteur de la pre\u0301sente Publication a travaille\u0301 de\u0300s <b>1999<\/b> comme Collaborateur externe du <b>Secre\u0301tariat d\u2019E\u0301tat pour les Migrations<\/b> (<b>SEM<\/b>) de la Confe\u0301de\u0301ration Suisse et sait donc de quoi il parle sur ces Questions de Droit d\u2019Asile accorde\u0301 a\u0300 ces milliers de Togolaises et de Togolais en Europe &#8230;<\/p>\n<p>S\u2019il est vrai que l\u2019Agenda cache\u0301 des pays occidentaux et d\u2019autres pays envahisseurs sur le tre\u0300s ancien Continent Africain depuis la violente Traite ne\u0301grie\u0300re arabo-musulmane suivie de la Traite ne\u0301grie\u0300re euro-atlantiste a toujours e\u0301te\u0301 de <b>de\u0301peupler totalement le Continent<\/b> afin de s\u2019accaparer de nos immenses Ressources naturelles et de nos riches Terres, il est important de souligner que ce Complot odieux ne peut aboutir s\u2019il n\u2019y a pas des exe\u0301cutants ne\u0300gres qui me\u0300nent sur place cette Politique de Pre\u0301dation de\u0301vastarice, de Destruction gratuite, de Spoliation de masse et de Paupe\u0301risation syste\u0301matique au de\u0301triment de leurs propres Peuples. Les Crimes crapuleux, le Terrorisme d\u2019E\u0301tat et la Corruption ende\u0301mique font partie des me\u0301thodes de\u0301ploye\u0301es par ces exe\u0301cutants locaux ne\u0300gres pour faire aboutir cet Agenda macabre des ennemis de l\u2019exte\u0301rieur.<\/p>\n<p>De nombreux Togolaises et Togolais tombent souvent dans le pie\u0300ge a\u0300 con du syste\u0300me en passant le clair de leur temps a\u0300 vouloir de\u0301noncer ces Crimes crapuleux, a\u0300 condamner ce Terrorisme d\u2019E\u0301tat et a\u0300 vilipender cette Corruption syste\u0301matique. Ils perdent de vue que les commanditaires exte\u0301rieurs sont dans leur propre \u00ablogique\u00bb de Spoliation saprophyte et d\u2019Accaparement de nos Richesses a\u0300 leur profit et que cette \u00ablogique\u00bb ne pourra jamais e\u0302tre stoppe\u0301e gra\u0302ce a\u0300 des lamentations pue\u0301riles, gra\u0302ce a\u0300 des je\u0301re\u0301miades enfantines et gra\u0302ce a\u0300 autres \u00abmarches de protestation\u00bb scabreuses, mais pluto\u0302t a\u0300 travers des <b>Actions e\u0301nergiques et me\u0301thodiques<\/b>.<\/p>\n<p>E\u0301tant donne\u0301 que ces exe\u0301cutants locaux ne\u0300gres ne sont pas les Concepteurs initiaux de cet Agenda macabre de <b>De\u0301peuplement du Continent Africain<\/b>, ils ne peuvent pas mettre en place ouvertement une <b>Politique cohe\u0301rente<\/b> re\u0301fle\u0301tant ces velle\u0301ite\u0301s ne\u0301ocolonialistes et impe\u0301rialistes de leurs Commanditaires e\u0301trangers.<\/p>\n<p>Ils ne peuvent pas mettre en place non plus une Politique patriotique faveur de leur Peuple, comme les Pe\u0300res Patriotes de l\u2019Inde\u0301pendance l\u2019avaient conc\u0327u avec abne\u0301gation.<\/p>\n<p>Ils ne peuvent que s\u2019adonner a\u0300 l\u2019<b>Opportunisme ide\u0301ologique de\u0301magogique<\/b> consistant a\u0300 surfer sur les e\u0301motions des Masses populaires a\u0300 travers des discours populistes qui re\u0301cupe\u0300rent des The\u0301matiques de la Souverainete\u0301 nationale et du Panafricanisme formule\u0301es jadis par les Pe\u0300res de l\u2019Inde\u0301pendance.<\/p>\n<p>Sur le plan de la Politique inte\u0301rieure, ces re\u0301gimes ne\u0301ocoloniaux comme celui de<b> GNASSINGBE\u0301-pe\u0300re-et-fils<\/b> se sont donc empe\u0302tre\u0301s dans des <b>Cafouillages ide\u0301ologiques<\/b> qui ne les classent ni a\u0300 Droite, ni a\u0300 Gauche et encore moins au Centre, comme la pre\u0301tendue \u00abde\u0301mocratie\u00bb a\u0300 l\u2019occidentale le pro\u0302ne.<\/p>\n<p>On constate donc que la Politique inte\u0301rieure d\u2019un re\u0301gime comme celui de <b>Faure Essozimna GNASSINGBE\u0301<\/b> et de son ge\u0301niteur de\u0301funt n\u2019est qu\u2019un <b>Champs de Ruines chaotique<\/b> ou\u0300 il est difficile de faire e\u0301merger un <b>Projet de Socie\u0301te\u0301 solide<\/b> et un <b>Programme politique<\/b> assez clair.<\/p>\n<p>Voila\u0300 pourquoi il existe aujourd\u2019hui dans ce petit TOGO d\u2019environ 7,5 Millions d\u2019Habitant plus de 100 partis politiques officiellement enre\u0301gistre\u0301s!<\/p>\n<p>Ce re\u0301gime a cru a\u0300 tort qu\u2019une telle situation de pourrissement pourrait lui profiter et a donc opte\u0301 pour la me\u0301thode de gouvernement a\u0300 travers la Manipulation psychologique de Masse dont le re\u0301sultat s\u2019est pluto\u0302t re\u0301ve\u0301le\u0301 contre-productif.<\/p>\n<p>Sur le plan de la Politique exte\u0301rieure le re\u0301gime de <b>Faure Essozimna GNASSINGBE\u0301<\/b> excelle dans la <b>Me\u0301diocrite\u0301 de\u0301gou\u0302tante<\/b> en tentant de jouer a\u0300 un faux Panafricanisme tout en restant membre d\u2019une minable Bourgeoisie compradore corrompue et sans ambition patriotique qui est toujours te\u0301le\u0301guide\u0301e par des milieux obscurs occidentaux. Les fre\u0301quentes visites prive\u0301es de <b>Faure Essozimna GNASSINGBE\u0301<\/b> au Vatican constituent une preuve e\u0301vidente de l\u2019alle\u0301ge\u0301ance de cette minable Bourgeoisie compradore a\u0300 ces milieux obscurs occidentaux.<\/p>\n<p>Il est clair dans ces conditions que les tribuns du re\u0301gime e\u0301cument assez souvent les grandes me\u0301tropoles occidentales pour y de\u0301biter des Contre-Ve\u0301rite\u0301s ahurissantes qui sont totalement aux antipodes des re\u0301alite\u0301s ambiantes et alarmantes au TOGO.<\/p>\n<p>Il est clair dans ces conditions que le re\u0301gime de <b>Faure Essozimna GNASSINGBE\u0301<\/b> s\u2019invite dans des missions onusiennes de Lutte contre le Terrorisme au Mali et dans d\u2019autres pays afin d\u2019en tirer un grand Profit financier sur le dos des pauvres Militaires togolais, alors que le TOGO est lui-me\u0302me confronte\u0301 a\u0300 l\u2019Inse\u0301curite\u0301 terroriste! [<b>2<\/b>]<\/p>\n<p><b>L\u2019Incivisme ambiant comme le Re\u0301sultat contre-productif de la Manipulation grotesque de Masse par le re\u0301gime de Faure GNASSINGBE\u0301<\/b><\/p>\n<p>A force de trop tirer sur la corde de la Manipulation de Masse, de la Paupe\u0301risation de la Population et surtout sur la corde de la Violence militaro-politique ende\u0301mique envers la Population, le re\u0301gime impopulaire de <b>Faure Essozimna GNASSINGBE\u0301<\/b> a cre\u0301e\u0301 un <b>Re\u0301sultat contre-productif<\/b> en lieu et place du Contro\u0302le socio-psychologique total qu\u2019il souhaitait exercer sur l\u2019ensemble de la Population togolaise.<\/p>\n<p>Ce Re\u0301sultat contre-productif est illustre\u0301 par <b>le grand Fosse\u0301 communicationnel<\/b> qui s\u2019est instaure\u0301 entre tout personnage suppose\u0301 repre\u0301senter l\u2019Autorite\u0301 de l\u2019E\u0301tat et les Citoyens ordinaires.<\/p>\n<p>En effet, la plupart des Togolaises et des Togolais sont devenus stoi\u0308quement re\u0301actionnaires face a\u0300 toute de\u0301cision venant d\u2019un Repre\u0301sentant de l\u2019E\u0301tat, me\u0302me si cette de\u0301cision parai\u0302t judicieuse et pourrait aller dans leur inte\u0301re\u0302t. Ils sont devenus totalement insensibles aux principales Techniques habituelles de la Manipualtion de Masse que sont les suivantes:<\/p>\n<p>Les Togolaises et les Togolais ont heureusement surmonte\u0301 dans leur grande majorite\u0301 ces embu\u0302ches et ne sont plus en phase avec tout Repre\u0301sentant de l\u2019E\u0301tat. Ainsi beaucoup parmi eux partent aujourd\u2019hui des a priori ne\u0301gatifs et scrutent constamment avec un esprit <b>de<\/b> Critique tous les gestes et actions de l\u2019Exe\u0301cutif et du Le\u0301gislatif togolais envers lesquels ils ont de\u0301veloppe\u0301 un rejet tacite.<\/p>\n<p>Cet e\u0301chec de la grotesque Manipulation de Masse est le re\u0301sultat d\u2019une dynamique endoge\u0300ne et exoge\u0300ne qui a fini par bousculer se\u0301rieusement les mythes mensongers construits autour du re\u0301gime des <b>GNASSINGBE\u0301<\/b> jusqu\u2019au de\u0301but des anne\u0301es <b>1990<\/b>.<\/p>\n<p>En effet, la mainmise totale du re\u0301gime tyrannique des <b>GNASSINGBE\u0301<\/b> sur les me\u0301dias d\u2019E\u0301tat avait permis de soumettre jusque dans les anne\u0301es <b>1990<\/b> l\u2019ensemble de la Population togolaise aux Mensonges d\u2019E\u0301tat, au Culte abject de la personnalite\u0301, aux montages e\u0301motionnels me\u0301diatise\u0301s et au Black-out me\u0301diatique sur des faits importants, avec l\u2019intention pernicieuse d\u2019exercer un <b>Contro\u0302le social<\/b> total sur tous les Citoyens, me\u0302me jusque dans leur intimite\u0301.<\/p>\n<p>L\u2019ave\u0300nement de la multitude de <b>Me\u0301dias prive\u0301s<\/b> a\u0300 partir des anne\u0301es <b>1990<\/b> qui avaient suscite\u0301 l\u2019espoir de soustraire la Population togolaise de cette tyrannie informationnelle et me\u0301diatique a e\u0301te\u0301 vite annihile\u0301 par l\u2019instrumentalisation politicienne de la Haute Autorite\u0301 de l\u2019Audio-Visuel et de la Communication (HAAC) transforme\u0301e en un Organe d\u2019Inquisition contre le Droit inalie\u0301nable des Citoyens d\u2019avoir acce\u0300s a\u0300 des Informations de Qualite\u0301.<\/p>\n<p>Mais l\u2019expansion rapide de l\u2019<b>Internet<\/b> ajoute\u0301e a\u0300 l\u2019ave\u0300nement des <b>Re\u0301seaux sociaux<\/b> (au de\u0301part Facebook, MSN Messenger, Youtube etc.) ont enleve\u0301 au Re\u0301gime autiste le monopole absolu sur l\u2019acce\u0300s a\u0300 l\u2019Information de Qualite\u0301 et sur sa large diffusion sans censure.<\/p>\n<p>Face au succe\u0300s inde\u0301niable des <b>Me\u0301dias alternatifs<\/b> et des <b>Re\u0301seaux sociaux<\/b> a\u0300 travers lesquels des <b>Lanceurs d\u2019alerte<\/b> souvent anonymes mettent a\u0300 nu les sordides machinations du re\u0301gime, les sorties me\u0301diatiques manipulatrices de <b>Faure Essozimna GNASSINGBE\u0301<\/b> et de son entourage n\u2019affectent plus profonde\u0301ment l\u2019e\u0301tat d\u2019esprit des Citoyens togolais et virent souvent au ridicule, me\u0302me si la ne\u0301cessite\u0301 de parler au Peuple se fait sentir de plus en plus pressant.<\/p>\n<p><b>Que cache le Silence assourdissant de Faure Essozimna GNASSINGBE\u0301 et de son Arme\u0301e face a\u0300 l\u2019Inse\u0301curite\u0301 grandissante au TOGO?<\/b><\/p>\n<p>Il est du Devoir impe\u0301ratif de tout Exe\u0301cutif (qu\u2019il soit populaire ou impopulaire) d\u2019informer re\u0301gulie\u0300rement les Citoyennes et les Citoyens sur l\u2019e\u0301tat de la Nation concernant les Sujets bru\u0302lants touchant la Se\u0301curite\u0301 des Biens et des Personnes, les Catastrophes naturelles, la Propagation de Pande\u0301mie, les Flux d\u2019immigration, l\u2019Economie et les Finances &#8230;<\/p>\n<p>Dans le cas d\u2019espe\u0300ce du TOGO, il est tout de me\u0302me surprenant de constater que ni le Chef de l\u2019Exe\u0301cutif, ni son Porte-Parole et encore moins le Chef de son Arme\u0301e n\u2019informent les Citoyens sur l\u2019<b>Inse\u0301curite\u0301 grandissante<\/b> qui s\u2019est instaure\u0301e dans les eaux territoriales togolaises et sur les co\u0302tes togolaises depuis <b>2002<\/b>!<\/p>\n<p>Il est encore plus surprenant de constater le Silence assourdissant de <b>Faure Essozimna GNASSINGBE\u0301<\/b> himself et de tout son entourage civil et militaire depuis que les premie\u0300res attaques terroristes de pre\u0301tendus \u00abDjihadistes\u00bb ont eu lieu au Nord-Togo de\u0300s <b>2017<\/b>!<\/p>\n<p>Les Togolaises et les Togolais ont eu droit tout au plus a\u0300 une mise en sce\u0300ne grotesque du Ge\u0301ne\u0301ral de Pacotille <b>Damehane YARK<\/b> au quartier administratif de Lome\u0301, sous le pre\u0301texte idiot selon lequel les Forces de De\u0301fense et de Se\u0301curite\u0301 du TOGO s\u2019entrai\u0302naient ainsi pour faire face aux Terroristes en cas d\u2019attaque en milieu urbain.<\/p>\n<p>Et pendant que des centaines voire des milliers de Militaires et Civils togolais meurent sous les balles assassines de ces bandes de grands Criminels tant en mer que dans diverses localite\u0301s du Nord-Togo, <b>Faure Essozimna GNASSINGBE\u0301<\/b> se paie le vilain plaisir de se ballader gaillardement de pays en pays sans qu\u2019on ne sache me\u0302me exactement l\u2019objet de ces multiples voyages d\u2019E\u0301tat!<\/p>\n<p>Ce silence suspect ame\u0300ne donc a\u0300 formuler deux Hypothe\u0300ses importantes:<\/p>\n<p>Concernant l\u2019Hypothe\u0300se de la Complicite\u0301 secre\u0300te avec ces bandes de grands Criminels, il est bien connu que les Forces Arme\u0301es Togolaises sont gangrene\u0301es par la <b>Corruption syste\u0301matique<\/b> a\u0300 travers des Clans organise\u0301s autour de certains Officiers qui croient e\u0302tre les \u00abfaiseurs de roi\u00bb et se croient ainsi tout permis! Le scandale le plus re\u0301ve\u0301lateur de cette <b>Corruption syste\u0301matique<\/b> favorisant la <b>Complicite\u0301 secre\u0300te<\/b> avec ces grands Criminels est le grave scandale cre\u0301e\u0301 par le Contingent togolais de la MINUSMA qui avait e\u0301te\u0301 surpris en train de vendre des produits pharmaceutiques et des produits alimentaires a\u0300 ces bandes de grands Criminels au Mali, contre espe\u0300ces sonnantes et tre\u0301buchantes! L\u2019affaire a e\u0301te\u0301 vite e\u0301touffe\u0301e a\u0300 travers le rapatriement rapide de ces Militaires togolais malheureux qui agissaient en re\u0301alite\u0301 pour le compte de leur \u00abChef de Clan\u00bb respectif au sein des Forces Arme\u0301es Togolaises. Un autre scandale re\u0301cent qui corrobore la <b>Corruption syste\u0301matique<\/b> au sein des FAT est l\u2019alle\u0301gation de malversations financie\u0300res ope\u0301re\u0301es par dame <b>Margue\u0301rite GNAKADE<\/b> (veuve <b>GNASSINGBE\u0301<\/b>) qui s\u2019est vue vire\u0301e du Ministe\u0300re des Arme\u0301es sans commentaire, sans menagement et en vrai malpropre, afin d\u2019e\u0301touffer rapidement le scandale.<\/p>\n<p>Mais tant que la <b>Probite\u0301<\/b>, la <b>bonne Re\u0301putation<\/b> et le <b>Patriotisme<\/b> seront des denre\u0301es rares au sein des Forces Arme\u0301es Togolaises et tant que les Militaires togolais ge\u0301ne\u0301ralement mal forme\u0301s (en comparaison avec d\u2019autres Arme\u0301es ouest-africaines) doivent continuer de travailler dans des conditions e\u0301pouvantables avec un Salaire de Mise\u0300re, la Ve\u0301nalite\u0301 et la Cupidite\u0301 ouvriront toujours la voie de la Complicite\u0301 secre\u0300te avec des bandes de grands Criminels.<\/p>\n<p>La deuxie\u0300me Hypothe\u0300se concernant <b>l\u2019Incompe\u0301tence militaire et politique<\/b> s\u2019appuie aussi sur des Faits ve\u0301rifie\u0301s ou ve\u0301rifiables. En effet, il est bien connu que les Forces Arme\u0301es Togolaises ont e\u0301te\u0301 de\u0301tourne\u0301es lamentablement depuis <b>1963<\/b> de leur Mission re\u0301galienne de la Protection de l\u2019inte\u0301grite\u0301 territoriale et de la Protection de la Nation en cas d\u2019aggression exte\u0301rieure. [<b>3<\/b>]<\/p>\n<p>En l\u2019e\u0301tat actuel des choses, les Forces Arme\u0301es Togolaises ne sont qu\u2019une <b>arme\u0301e ne\u0301ocoloniale d\u2019occupation<\/b> dont le Personnel rec\u0327oit a\u0300 dessein une formation au rabais pour servir simplement comme de vulgaires Supple\u0301tifs au profit de l\u2019Arme\u0301e ne\u0301ocoloniale franc\u0327aise dans ses guerres ne\u0301ocoloniales intentionnellement cre\u0301e\u0301es en Afrique et pour servir d\u2019e\u0301pouvantail envers la Population. L\u2019unique but qu\u2019elle a poursuivi jusqu\u2019ici a e\u0301te\u0301 donc la pe\u0301rennisation du re\u0301gime ne\u0301ocolonial des <b>GNASSINGBE\u0301<\/b> travaillant pour le compte des milieux obscurs e\u0301trangers (occidentaux). Une Arme\u0301e de plus de <b>12\u2019000 Hommes<\/b> incapable de se\u0301curiser une re\u0301gion non-accidente\u0301e ayant la petite Superficie de <b>8\u2019602 Km2<\/b> (voir Carte ci-apre\u0300s) et habite\u0301e par juste <b>700\u2019000 A\u0302mes<\/b> environ, e\u0301tale aux yeux de tout le monde <b>une honteuse Incompe\u0301tence militaire<\/b> illustrant son profil peu luisant et ses performances me\u0301diocres.<\/p>\n<p>Il est clair donc que le Militaire togolais ne rec\u0327oit aucune Formation militaire ade\u0301quate dans le domaine de la <b>Guerre asyme\u0301trique<\/b> ou dans le domaine de la <b>Lutte anti-terroriste<\/b>.<\/p>\n<p>Son domaine de pre\u0301dilection demeure le joyeux massacre a\u0300 balle re\u0301elle des pauvres Populations togolaises aux mains nues, leur matraquage sans pitie\u0301 (me\u0302me jusque dans leur chambre a\u0300 coucher!) et l\u2019usurpation cupide de Fonctions administratives conc\u0327ues en principe pour des Administrateurs civils forme\u0301s a\u0300 cet effet.<\/p>\n<p>L\u2019absence d\u2019une ve\u0301ritable Politique de De\u0301fense nationale ajoute\u0301e a\u0300 l\u2019absence d\u2019une Formation militaire ade\u0301quate ne peuvent que de\u0301boucher sur une <b>Incompe\u0301tence militaire et politique<\/b> de\u0301sastreuse, comme on le constate dans la situation actuelle du TOGO.<\/p>\n<p>Si l\u2019on ajoute a\u0300 cette Incompe\u0301tence militaire ave\u0301re\u0301e double\u0301e de l\u2019absence d\u2019une ve\u0301ritable Politique de De\u0301fense nationale l\u2019existence d\u2019une <b>grave Crise de Confiance<\/b> entre les Forces Arme\u0301es Togolaises et la Population togolaise en raison des multiples massacres effroyables dont elle a toujours e\u0301te\u0301 victime, il est clair qu\u2019une symbiose patriotique spontane\u0301e en ce moment de crise se\u0301curitaire est difficile a\u0300 re\u0301aliser entre Arme\u0301e et Population civile, contrairement au cas d\u2019e\u0301cole au Mali et au Burkina Faso.<\/p>\n<p><b>Le De\u0301ficit d\u2019Intelligence organisationnelle au sein de la Population togolaise face a\u0300 la Crise se\u0301curitaire?<\/b><\/p>\n<p>Il est de\u0301mographiquement bien connu que Lome\u0301 et ses alentours abritent a\u0300 eux seuls le 1\/6 de toute la Population togolaise, soit environ 1,7 Millions d\u2019habitants. Mais cette Population citadine ne produit aucun bien de consommation alimentaire et de\u0301pend fortement des autres re\u0301gions de l\u2019arrie\u0300re-pays qui constituent les greniers et les granges pour tout le pays.<\/p>\n<p>Ce qui est dit au sujet de Lome\u0301 vaut e\u0301galement pour les autres agglome\u0301rations urbaines ou semi-urbaines du TOGO.<\/p>\n<p>Or, ce sont justement ces re\u0301gions de production agricole qui sont actuellement prises d\u2019assaut par les bandes de grands Criminels faussement appele\u0301s des \u00abDjihadistes\u00bb! On est donc en face d\u2019une situation tre\u0300s inquie\u0301tante dans laquelle une <b>Crise se\u0301curitaire<\/b> dans les re\u0301gions productives du pays risque d\u2019entrai\u0302ner une <b>Crise alimentaire<\/b> dans les agglome\u0301rations urbaines comme Lome\u0301 et pour tout le pays!<\/p>\n<p>A\u0300 l\u2019instar du re\u0301gime de <b>Faure Essozimna GNASSINGBE\u0301<\/b> qui donne l\u2019impression de contempler seulement le drame qui se produit sous ses yeux et qui ne communique rien a\u0300 la Population sur ce qui se passe, cette Population aussi se vautre curieusement dans une se\u0301re\u0301nite\u0301 le\u0301thargique inquie\u0301tante sans interpeller directement et avec ve\u0301he\u0301mence l\u2019Exe\u0301cutif togolais sur la Question de <b>l\u2019Inse\u0301curite\u0301 grandissante<\/b>!<\/p>\n<p>Pire, on a me\u0302me entendu certains citoyens inconscients de\u0301clarer dans des forums de discussion qu\u2019il n\u2019est pas de leur devoir de prendre une initiative quelconque face a\u0300 l\u2019avance\u0301e fulgurante de cette nouvelle forme de Terrorisme depuis le Nord-Togo vers les re\u0301gions centrales et me\u0301ridionales!<\/p>\n<p>Ces citoyens inconscients s\u2019en remettent aveugle\u0301ment au bon vouloir hypothe\u0301tique du seul Exe\u0301cutif de combattre ces bandes de Criminels, sans se rendre compte que <b>Faure Essozimna GNASSINGBE\u0301<\/b> et son re\u0301gime sont dans une posture de spectateur passif face a\u0300 ce drame et que leurs re\u0301sidences sont militairement bien garde\u0301es, contrairement a\u0300 la pauvre Population sans de\u0301fense abandonne\u0301e a\u0300 elle-me\u0302me!<\/p>\n<p>Et pendant que ces citoyens inconscients utilisent de fac\u0327on irresponsable et chaotique les <b>Re\u0301seaux sociaux<\/b> (en l\u2019occurence WhatsApp, Instagram, Youtube et Facebook entre autres) pour mener leurs pole\u0301miques futiles sur leur appartenance a\u0300 tel ou tel parti politique ou leur aversion envers tel ou tel parti politique, les bandes de Criminels utilisent intelligemment les me\u0302mes <b>Re\u0301seaux sociaux<\/b> pour organiser minutieusement leurs Cellules d\u2019attaques terroristes et progresser de re\u0301gion en re\u0301gion!<\/p>\n<p>Or, les <b>Re\u0301seaux sociaux<\/b> entre les mains d\u2019une poigne\u0301e d\u2019Activistes patriotes et de\u0301termine\u0301s s\u2019e\u0301taient jadis re\u0301le\u0301ve\u0301s tre\u0300s efficaces de\u0300s <b>2003<\/b> pour e\u0301branler se\u0301rieusement la mainmise totalitaire du re\u0301gime sur le Droit citoyen d\u2019Acce\u0300s a\u0300 l\u2019Information de Qualite\u0301 et faire nai\u0302tre des <b>Cellules semi-clandestines d\u2019Informations bien organise\u0301es <\/b>qui avaient fait bouger les lignes dans le Combat citoyen face au re\u0301gime totalitaire et pre\u0301dateur des <b>GNASSINGBE\u0301<\/b>.<\/p>\n<p>En raison de ce constat amer sur la non-utilisation judicieuse des <b>Re\u0301seaux sociaux<\/b> pour organiser une <b>Mobilisation citoyenne bien structure\u0301e face a\u0300<\/b> <b>l\u2019expansion inquie\u0301tante de la Menace terroriste multiforme<\/b>, on est en droit de poser la question si les Togolaises et les Togolais ne souffrent pas d\u2019un <b>De\u0301ficit d\u2019Intelligence organisationnelle<\/b>! Car les Togolaises et les Togolais sont re\u0301pute\u0301s pour leur passion maladive de cre\u0301er en se\u0301rie des dizianes de partis politiques et des centaines d\u2019associations, me\u0302me si ces partis politiques et associations finissent toujours par voler en e\u0301clats peu de temps apre\u0300s a\u0300 la suite des querelles enfantines de chiffonniers &#8230;<\/p>\n<p>Il est donc impe\u0301ratif que la Jeunesse togolaise et les Forces vives en ge\u0301ne\u0301ral prennent rapidement conscience de la <b>Menace terroriste collective venant aussi bien des mers que des zones sahe\u0301liennes<\/b> et confirmant les Re\u0301ve\u0301lations pre\u0301monitoires quasi-apocalyptiques de Madame <b>Alice Nkassibou<\/b> (Pre\u0301sidente de l\u2019Association CLE) dont la Fille de 5 ans avait vu en pre\u0301sage a\u0300 la date du <b>05 Fe\u0301vrier 2006<\/b> une \u00ab<b>Pluie de Feu, de Sang et de Poudre<\/b>\u00bb qui s\u2019abat sur le TOGO dans ses visions en suivant l\u2019axe allant du Sud-Ouest vers le Nord-Est ou inversement.<\/p>\n<p>Monsieur <b>Romain Kokou DEKPO<\/b> (alias Prophe\u0300te Esai\u0308e) e\u0301tait revenu sur ces Pre\u0301monitions a\u0300 travers une Confe\u0301rence de Presse donne\u0301e le <b>8 De\u0301cembre 2012<\/b>, en les visualisant avec le sche\u0301ma ci-apre\u0300s:<\/p>\n<p>Tout le monde peut donc convenir au regard de tout ce qui pre\u0301ce\u0300de qu\u2019il est une question du Droit le\u0301gitime a\u0300 la Vie et du Devoir citoyen impe\u0301ratif des Forces vives de la Nation togolaise et plus particulie\u0300rement de la Jeunesse togolaise de s\u2019appuyer tre\u0300s intense\u0301ment sur les <b>Re\u0301seaux sociaux<\/b> pour bien s\u2019organiser en de solides <b>Comite\u0301s Citoyens de De\u0301fense de la Patrie<\/b> (<b>CCDP<\/b>) dans toutes les localite\u0301s du TOGO en vue d\u2019interpeller tre\u0300s vivement le re\u0301gime irresponsable de Faure Essozimna GNASSINGBE\u0301 et son Arme\u0301e et les mettre devant leurs Responsabilite\u0301s se\u0301curitaires vis-a\u0300-vis du Peuple togolais!<\/p>\n<p>Ces <b>Comite\u0301s Citoyens de De\u0301fense de la Patrie<\/b> (<b>CCDP<\/b>) doivent signifier clairement a\u0300 Faure Essozimna GNASSINGBE\u0301 et a\u0300 son Arme\u0301e d\u2019ope\u0301rette le Droit des Colectivite\u0301s locales a\u0300 <b>l\u2019Auto-De\u0301fense le\u0301gitime<\/b> face a\u0300 la progression inquie\u0301tante de l\u2019Inse\u0301curite\u0301 et le Droit le\u0301gitime des Collectivite\u0301s locales de se doter des moyens pour cette Auto-De\u0301fense le\u0301gitime, e\u0301tant donne\u0301 que le re\u0301gime de <b>Faure Essozimna GNASSINGBE\u0301<\/b> et son Arme\u0301e ont lamentablement failli a\u0300 la Mission re\u0301galienne de la Protection des Citoyens, de leurs Biens ainsi que celle de l\u2019Inte\u0301grite\u0301 territoriale jusqu\u2019ici!<\/p>\n<p>Les exigences se\u0301curitaires de ces <b>Comite\u0301s Citoyens de De\u0301fense de la Patrie<\/b> (<b>CCDP<\/b>) en direction de <b>Faure Essozimna GNASSINGBE\u0301<\/b> et de son Arme\u0301e doivent e\u0302tre non-ne\u0301gociables et sans ambigui\u0308te\u0301.<\/p>\n<p>Ne pas le faire serait un signe de La\u0302chete\u0301 collective!<\/p>\n<p>Ne pas le faire serait une manie\u0300re de refuser de se battre pour sa propre Se\u0301curite\u0301, pour sa propre Survie et pour celles de sa Communaute\u0301!<\/p>\n<p>Ne pas le faire serait une manie\u0300re de donner raison a\u0300 ceux qui croient (a\u0300 tort sans doute) que les Togolaises et les Togolais manqueraient d\u2019<b>Intelligence organisationnelle<\/b> pour reconque\u0301rir leur <b>Liberte\u0301<\/b>, leur <b>Dignite\u0301<\/b> et leur <b>Se\u0301curite\u0301<\/b>.<\/p>\n<p><b>Lenzburg (SUISSE), le 07 Mars 2023.<\/b><\/p>\n<p>[1] Contacts:<\/p>\n<p><b>PYRAMID OF YE\u01b2E<\/b><\/p>\n<p>Case Postale<\/p>\n<p>CH-5600 Lenzburg (SUISSE)<\/p>\n<p>Site Web associative: <b>www.pyramid-of-yewe.org<\/b><\/p>\n<p>Site Web personnel: <b>www.kebo-toe.net\/?page_id=2676<\/b><\/p>\n<p>E-Mail prive\u0301: <b>[email protected]<\/b><\/p>\n<p>Te\u0301le\u0301phone: <b>+41\u2019 (0)76\u2019 391\u2019 55\u2019 45<\/b><\/p>\n<p>[2] Lire l\u2019Article suivant:<\/p>\n<p><b>K. Kofi FOLIKPO<\/b>: Le juteux Commerce de la Chair a\u0300 Canon togolaise sous Gnassingbe\u0301-pe\u0300re et Gnassingbe\u0301-fils.<\/p>\n<p>(Publie\u0301 le <b>12 Mars 2017<\/b> sur <b>www.icilome.com<\/b> et te\u0301le\u0301chargeable a\u0300 partir du Site <b>https:\/\/independent.academia.edu\/KofiFolikpo<\/b> )<\/p>\n<p>[3] Lire l\u2019Article suivant:<\/p>\n<p><b>K. Kofi FOLIKPO<\/b>: les Trois Mythes mensongers a\u0300 l\u2019origine de l\u2019absence d\u2019une ve\u0301ritable Politique de De\u0301fense nationale et de Se\u0301curite\u0301 collective au TOGO.<\/p>\n<p>(Publie\u0301 le <b>22 Juillet 2022<\/b> sur <b>www.icilome.com<\/b> et te\u0301le\u0301chargeable a\u0300 partir du Site <b>https:\/\/independent.academia.edu\/KofiFolikpo<\/b> )<\/p>\n<p><strong>Pour plus d&rsquo;informations et d&rsquo;analyses sur la <a href=\"https:\/\/www.africa-press.net\/togo\">Togo<\/a>, suivez <a href=\"https:\/\/www.africa-press.net\/\">Africa-Press<\/a><\/strong><\/p>\n","protected":false},"excerpt":{"rendered":"<p>Africa-Press &#8211; Togo. La gouvernance a\u0300 la te\u0302te d\u2019un pays, fu\u0302t-elle \u00abde\u0301mocratiquement e\u0301lue\u00bb ou violemment usurpe\u0301e, doit e\u0302tre le reflet des profondes Aspirations pour le Vivre ensemble harmonieux ou est le reflet du Degre\u0301 de Me\u0301diocrite\u0301 individuelle et collective en vogue dans la socie\u0301te\u0301 de ce pays. Cette ve\u0301rite\u0301 immuable et universelle est concre\u0300tement illustre\u0301e [&hellip;]<\/p>\n","protected":false},"author":82,"featured_media":18392,"comment_status":"open","ping_status":"closed","sticky":false,"template":"","format":"standard","meta":{"footnotes":""},"categories":[7,20,10],"tags":[36,49,50],"class_list":["post-18393","post","type-post","status-publish","format-standard","has-post-thumbnail","hentry","category-dossiers","category-top-nouvelles","category-toutes-les-actualites","tag-africa-press","tag-africa-press-togo","tag-togo"],"yoast_head":"<!-- This site is optimized with the Yoast SEO Premium plugin v26.1 (Yoast SEO v27.0) - https:\/\/yoast.com\/product\/yoast-seo-premium-wordpress\/ -->\n<title>TOGO: Crise s\u00e9curitaire multidimensionnelle, Autisme gouvernemental suicidaire et Insouciance mortif\u00e8re de la Population togolaise. - Togo<\/title>\n<meta name=\"description\" content=\"La gouvernance a\u0300 la te\u0302te d\u2019un pays, fu\u0302t-elle \u00abde\u0301mocratiquement e\u0301lue\u00bb ou violemment usurpe\u0301e, doit e\u0302tre le reflet d ...\" \/>\n<meta name=\"robots\" content=\"index, follow, max-snippet:-1, max-image-preview:large, max-video-preview:-1\" \/>\n<link rel=\"canonical\" href=\"https:\/\/www.africa-press.net\/togo\/dossiers\/togo-crise-securitaire-multidimensionnelle-autisme-gouvernemental-suicidaire-et-insouciance-mortifere-de-la-population-togolaise\" \/>\n<meta property=\"og:locale\" content=\"fr_FR\" \/>\n<meta property=\"og:type\" content=\"article\" \/>\n<meta property=\"og:title\" content=\"TOGO: Crise s\u00e9curitaire multidimensionnelle, Autisme gouvernemental suicidaire et Insouciance mortif\u00e8re de la Population togolaise.\" \/>\n<meta property=\"og:description\" content=\"La gouvernance a\u0300 la te\u0302te d\u2019un pays, fu\u0302t-elle \u00abde\u0301mocratiquement e\u0301lue\u00bb ou violemment usurpe\u0301e, doit e\u0302tre le reflet d ...\" \/>\n<meta property=\"og:url\" content=\"https:\/\/www.africa-press.net\/togo\/dossiers\/togo-crise-securitaire-multidimensionnelle-autisme-gouvernemental-suicidaire-et-insouciance-mortifere-de-la-population-togolaise\" \/>\n<meta property=\"og:site_name\" content=\"Togo\" \/>\n<meta property=\"article:published_time\" content=\"2023-03-10T18:20:08+00:00\" \/>\n<meta property=\"article:modified_time\" content=\"2023-03-10T19:09:47+00:00\" \/>\n<meta property=\"og:image\" content=\"https:\/\/static.africa-press.net\/togo\/sites\/58\/2023\/03\/postQueueImg_1678459823.32.jpg\" \/>\n\t<meta property=\"og:image:width\" content=\"720\" \/>\n\t<meta property=\"og:image:height\" content=\"480\" \/>\n\t<meta property=\"og:image:type\" content=\"image\/jpeg\" \/>\n<meta name=\"author\" content=\"cfeditorfr\" \/>\n<meta name=\"twitter:card\" content=\"summary_large_image\" \/>\n<meta name=\"twitter:label1\" content=\"\u00c9crit par\" \/>\n\t<meta name=\"twitter:data1\" content=\"cfeditorfr\" \/>\n\t<meta name=\"twitter:label2\" content=\"Dur\u00e9e de lecture estim\u00e9e\" \/>\n\t<meta name=\"twitter:data2\" content=\"24 minutes\" \/>\n<script type=\"application\/ld+json\" class=\"yoast-schema-graph\">{\"@context\":\"https:\/\/schema.org\",\"@graph\":[{\"@type\":\"Article\",\"@id\":\"https:\/\/www.africa-press.net\/togo\/dossiers\/togo-crise-securitaire-multidimensionnelle-autisme-gouvernemental-suicidaire-et-insouciance-mortifere-de-la-population-togolaise#article\",\"isPartOf\":{\"@id\":\"https:\/\/www.africa-press.net\/togo\/dossiers\/togo-crise-securitaire-multidimensionnelle-autisme-gouvernemental-suicidaire-et-insouciance-mortifere-de-la-population-togolaise\"},\"author\":{\"name\":\"cfeditorfr\",\"@id\":\"https:\/\/www.africa-press.net\/togo\/#\/schema\/person\/2b1cf3cd81a31e3cd26889ca66d677f1\"},\"headline\":\"TOGO: Crise s\u00e9curitaire multidimensionnelle, Autisme gouvernemental suicidaire et Insouciance mortif\u00e8re de la Population togolaise.\",\"datePublished\":\"2023-03-10T18:20:08+00:00\",\"dateModified\":\"2023-03-10T19:09:47+00:00\",\"mainEntityOfPage\":{\"@id\":\"https:\/\/www.africa-press.net\/togo\/dossiers\/togo-crise-securitaire-multidimensionnelle-autisme-gouvernemental-suicidaire-et-insouciance-mortifere-de-la-population-togolaise\"},\"wordCount\":4845,\"commentCount\":0,\"image\":{\"@id\":\"https:\/\/www.africa-press.net\/togo\/dossiers\/togo-crise-securitaire-multidimensionnelle-autisme-gouvernemental-suicidaire-et-insouciance-mortifere-de-la-population-togolaise#primaryimage\"},\"thumbnailUrl\":\"https:\/\/static.africa-press.net\/togo\/sites\/58\/2023\/03\/postQueueImg_1678459823.32.jpg\",\"keywords\":[\"Africa Press\",\"Africa Press-Togo\",\"Togo\"],\"articleSection\":[\"Dossiers\",\"Top Nouvelles\",\"Toutes les actualit\u00e9s\"],\"inLanguage\":\"fr-FR\",\"potentialAction\":[{\"@type\":\"CommentAction\",\"name\":\"Comment\",\"target\":[\"https:\/\/www.africa-press.net\/togo\/dossiers\/togo-crise-securitaire-multidimensionnelle-autisme-gouvernemental-suicidaire-et-insouciance-mortifere-de-la-population-togolaise#respond\"]}]},{\"@type\":\"WebPage\",\"@id\":\"https:\/\/www.africa-press.net\/togo\/dossiers\/togo-crise-securitaire-multidimensionnelle-autisme-gouvernemental-suicidaire-et-insouciance-mortifere-de-la-population-togolaise\",\"url\":\"https:\/\/www.africa-press.net\/togo\/dossiers\/togo-crise-securitaire-multidimensionnelle-autisme-gouvernemental-suicidaire-et-insouciance-mortifere-de-la-population-togolaise\",\"name\":\"TOGO: Crise s\u00e9curitaire multidimensionnelle, Autisme gouvernemental suicidaire et Insouciance mortif\u00e8re de la Population togolaise. - Togo\",\"isPartOf\":{\"@id\":\"https:\/\/www.africa-press.net\/togo\/#website\"},\"primaryImageOfPage\":{\"@id\":\"https:\/\/www.africa-press.net\/togo\/dossiers\/togo-crise-securitaire-multidimensionnelle-autisme-gouvernemental-suicidaire-et-insouciance-mortifere-de-la-population-togolaise#primaryimage\"},\"image\":{\"@id\":\"https:\/\/www.africa-press.net\/togo\/dossiers\/togo-crise-securitaire-multidimensionnelle-autisme-gouvernemental-suicidaire-et-insouciance-mortifere-de-la-population-togolaise#primaryimage\"},\"thumbnailUrl\":\"https:\/\/static.africa-press.net\/togo\/sites\/58\/2023\/03\/postQueueImg_1678459823.32.jpg\",\"datePublished\":\"2023-03-10T18:20:08+00:00\",\"dateModified\":\"2023-03-10T19:09:47+00:00\",\"author\":{\"@id\":\"https:\/\/www.africa-press.net\/togo\/#\/schema\/person\/2b1cf3cd81a31e3cd26889ca66d677f1\"},\"description\":\"La gouvernance a\u0300 la te\u0302te d\u2019un pays, fu\u0302t-elle \u00abde\u0301mocratiquement e\u0301lue\u00bb ou violemment usurpe\u0301e, doit e\u0302tre le reflet d ...\",\"breadcrumb\":{\"@id\":\"https:\/\/www.africa-press.net\/togo\/dossiers\/togo-crise-securitaire-multidimensionnelle-autisme-gouvernemental-suicidaire-et-insouciance-mortifere-de-la-population-togolaise#breadcrumb\"},\"inLanguage\":\"fr-FR\",\"potentialAction\":[{\"@type\":\"ReadAction\",\"target\":[\"https:\/\/www.africa-press.net\/togo\/dossiers\/togo-crise-securitaire-multidimensionnelle-autisme-gouvernemental-suicidaire-et-insouciance-mortifere-de-la-population-togolaise\"]}]},{\"@type\":\"ImageObject\",\"inLanguage\":\"fr-FR\",\"@id\":\"https:\/\/www.africa-press.net\/togo\/dossiers\/togo-crise-securitaire-multidimensionnelle-autisme-gouvernemental-suicidaire-et-insouciance-mortifere-de-la-population-togolaise#primaryimage\",\"url\":\"https:\/\/static.africa-press.net\/togo\/sites\/58\/2023\/03\/postQueueImg_1678459823.32.jpg\",\"contentUrl\":\"https:\/\/static.africa-press.net\/togo\/sites\/58\/2023\/03\/postQueueImg_1678459823.32.jpg\",\"width\":720,\"height\":480,\"caption\":\"TOGO: Crise s\u00e9curitaire multidimensionnelle, Autisme gouvernemental suicidaire et Insouciance mortif\u00e8re de la Population togolaise.\"},{\"@type\":\"BreadcrumbList\",\"@id\":\"https:\/\/www.africa-press.net\/togo\/dossiers\/togo-crise-securitaire-multidimensionnelle-autisme-gouvernemental-suicidaire-et-insouciance-mortifere-de-la-population-togolaise#breadcrumb\",\"itemListElement\":[{\"@type\":\"ListItem\",\"position\":1,\"name\":\"Accueil\",\"item\":\"https:\/\/www.africa-press.net\/togo\/\"},{\"@type\":\"ListItem\",\"position\":2,\"name\":\"TOGO: Crise s\u00e9curitaire multidimensionnelle, Autisme gouvernemental suicidaire et Insouciance mortif\u00e8re de la Population togolaise.\"}]},{\"@type\":\"WebSite\",\"@id\":\"https:\/\/www.africa-press.net\/togo\/#website\",\"url\":\"https:\/\/www.africa-press.net\/togo\/\",\"name\":\"Togo\",\"description\":\"Just another Africa News Agency Sites site\",\"potentialAction\":[{\"@type\":\"SearchAction\",\"target\":{\"@type\":\"EntryPoint\",\"urlTemplate\":\"https:\/\/www.africa-press.net\/togo\/?s={search_term_string}\"},\"query-input\":{\"@type\":\"PropertyValueSpecification\",\"valueRequired\":true,\"valueName\":\"search_term_string\"}}],\"inLanguage\":\"fr-FR\"},{\"@type\":\"Person\",\"@id\":\"https:\/\/www.africa-press.net\/togo\/#\/schema\/person\/2b1cf3cd81a31e3cd26889ca66d677f1\",\"name\":\"cfeditorfr\"}]}<\/script>\n<!-- \/ Yoast SEO Premium plugin. -->","yoast_head_json":{"title":"TOGO: Crise s\u00e9curitaire multidimensionnelle, Autisme gouvernemental suicidaire et Insouciance mortif\u00e8re de la Population togolaise. - Togo","description":"La gouvernance a\u0300 la te\u0302te d\u2019un pays, fu\u0302t-elle \u00abde\u0301mocratiquement e\u0301lue\u00bb ou violemment usurpe\u0301e, doit e\u0302tre le reflet d ...","robots":{"index":"index","follow":"follow","max-snippet":"max-snippet:-1","max-image-preview":"max-image-preview:large","max-video-preview":"max-video-preview:-1"},"canonical":"https:\/\/www.africa-press.net\/togo\/dossiers\/togo-crise-securitaire-multidimensionnelle-autisme-gouvernemental-suicidaire-et-insouciance-mortifere-de-la-population-togolaise","og_locale":"fr_FR","og_type":"article","og_title":"TOGO: Crise s\u00e9curitaire multidimensionnelle, Autisme gouvernemental suicidaire et Insouciance mortif\u00e8re de la Population togolaise.","og_description":"La gouvernance a\u0300 la te\u0302te d\u2019un pays, fu\u0302t-elle \u00abde\u0301mocratiquement e\u0301lue\u00bb ou violemment usurpe\u0301e, doit e\u0302tre le reflet d ...","og_url":"https:\/\/www.africa-press.net\/togo\/dossiers\/togo-crise-securitaire-multidimensionnelle-autisme-gouvernemental-suicidaire-et-insouciance-mortifere-de-la-population-togolaise","og_site_name":"Togo","article_published_time":"2023-03-10T18:20:08+00:00","article_modified_time":"2023-03-10T19:09:47+00:00","og_image":[{"width":720,"height":480,"url":"https:\/\/static.africa-press.net\/togo\/sites\/58\/2023\/03\/postQueueImg_1678459823.32.jpg","type":"image\/jpeg"}],"author":"cfeditorfr","twitter_card":"summary_large_image","twitter_misc":{"\u00c9crit par":"cfeditorfr","Dur\u00e9e de lecture estim\u00e9e":"24 minutes"},"schema":{"@context":"https:\/\/schema.org","@graph":[{"@type":"Article","@id":"https:\/\/www.africa-press.net\/togo\/dossiers\/togo-crise-securitaire-multidimensionnelle-autisme-gouvernemental-suicidaire-et-insouciance-mortifere-de-la-population-togolaise#article","isPartOf":{"@id":"https:\/\/www.africa-press.net\/togo\/dossiers\/togo-crise-securitaire-multidimensionnelle-autisme-gouvernemental-suicidaire-et-insouciance-mortifere-de-la-population-togolaise"},"author":{"name":"cfeditorfr","@id":"https:\/\/www.africa-press.net\/togo\/#\/schema\/person\/2b1cf3cd81a31e3cd26889ca66d677f1"},"headline":"TOGO: Crise s\u00e9curitaire multidimensionnelle, Autisme gouvernemental suicidaire et Insouciance mortif\u00e8re de la Population togolaise.","datePublished":"2023-03-10T18:20:08+00:00","dateModified":"2023-03-10T19:09:47+00:00","mainEntityOfPage":{"@id":"https:\/\/www.africa-press.net\/togo\/dossiers\/togo-crise-securitaire-multidimensionnelle-autisme-gouvernemental-suicidaire-et-insouciance-mortifere-de-la-population-togolaise"},"wordCount":4845,"commentCount":0,"image":{"@id":"https:\/\/www.africa-press.net\/togo\/dossiers\/togo-crise-securitaire-multidimensionnelle-autisme-gouvernemental-suicidaire-et-insouciance-mortifere-de-la-population-togolaise#primaryimage"},"thumbnailUrl":"https:\/\/static.africa-press.net\/togo\/sites\/58\/2023\/03\/postQueueImg_1678459823.32.jpg","keywords":["Africa Press","Africa Press-Togo","Togo"],"articleSection":["Dossiers","Top Nouvelles","Toutes les actualit\u00e9s"],"inLanguage":"fr-FR","potentialAction":[{"@type":"CommentAction","name":"Comment","target":["https:\/\/www.africa-press.net\/togo\/dossiers\/togo-crise-securitaire-multidimensionnelle-autisme-gouvernemental-suicidaire-et-insouciance-mortifere-de-la-population-togolaise#respond"]}]},{"@type":"WebPage","@id":"https:\/\/www.africa-press.net\/togo\/dossiers\/togo-crise-securitaire-multidimensionnelle-autisme-gouvernemental-suicidaire-et-insouciance-mortifere-de-la-population-togolaise","url":"https:\/\/www.africa-press.net\/togo\/dossiers\/togo-crise-securitaire-multidimensionnelle-autisme-gouvernemental-suicidaire-et-insouciance-mortifere-de-la-population-togolaise","name":"TOGO: Crise s\u00e9curitaire multidimensionnelle, Autisme gouvernemental suicidaire et Insouciance mortif\u00e8re de la Population togolaise. - Togo","isPartOf":{"@id":"https:\/\/www.africa-press.net\/togo\/#website"},"primaryImageOfPage":{"@id":"https:\/\/www.africa-press.net\/togo\/dossiers\/togo-crise-securitaire-multidimensionnelle-autisme-gouvernemental-suicidaire-et-insouciance-mortifere-de-la-population-togolaise#primaryimage"},"image":{"@id":"https:\/\/www.africa-press.net\/togo\/dossiers\/togo-crise-securitaire-multidimensionnelle-autisme-gouvernemental-suicidaire-et-insouciance-mortifere-de-la-population-togolaise#primaryimage"},"thumbnailUrl":"https:\/\/static.africa-press.net\/togo\/sites\/58\/2023\/03\/postQueueImg_1678459823.32.jpg","datePublished":"2023-03-10T18:20:08+00:00","dateModified":"2023-03-10T19:09:47+00:00","author":{"@id":"https:\/\/www.africa-press.net\/togo\/#\/schema\/person\/2b1cf3cd81a31e3cd26889ca66d677f1"},"description":"La gouvernance a\u0300 la te\u0302te d\u2019un pays, fu\u0302t-elle \u00abde\u0301mocratiquement e\u0301lue\u00bb ou violemment usurpe\u0301e, doit e\u0302tre le reflet d ...","breadcrumb":{"@id":"https:\/\/www.africa-press.net\/togo\/dossiers\/togo-crise-securitaire-multidimensionnelle-autisme-gouvernemental-suicidaire-et-insouciance-mortifere-de-la-population-togolaise#breadcrumb"},"inLanguage":"fr-FR","potentialAction":[{"@type":"ReadAction","target":["https:\/\/www.africa-press.net\/togo\/dossiers\/togo-crise-securitaire-multidimensionnelle-autisme-gouvernemental-suicidaire-et-insouciance-mortifere-de-la-population-togolaise"]}]},{"@type":"ImageObject","inLanguage":"fr-FR","@id":"https:\/\/www.africa-press.net\/togo\/dossiers\/togo-crise-securitaire-multidimensionnelle-autisme-gouvernemental-suicidaire-et-insouciance-mortifere-de-la-population-togolaise#primaryimage","url":"https:\/\/static.africa-press.net\/togo\/sites\/58\/2023\/03\/postQueueImg_1678459823.32.jpg","contentUrl":"https:\/\/static.africa-press.net\/togo\/sites\/58\/2023\/03\/postQueueImg_1678459823.32.jpg","width":720,"height":480,"caption":"TOGO: Crise s\u00e9curitaire multidimensionnelle, Autisme gouvernemental suicidaire et Insouciance mortif\u00e8re de la Population togolaise."},{"@type":"BreadcrumbList","@id":"https:\/\/www.africa-press.net\/togo\/dossiers\/togo-crise-securitaire-multidimensionnelle-autisme-gouvernemental-suicidaire-et-insouciance-mortifere-de-la-population-togolaise#breadcrumb","itemListElement":[{"@type":"ListItem","position":1,"name":"Accueil","item":"https:\/\/www.africa-press.net\/togo\/"},{"@type":"ListItem","position":2,"name":"TOGO: Crise s\u00e9curitaire multidimensionnelle, Autisme gouvernemental suicidaire et Insouciance mortif\u00e8re de la Population togolaise."}]},{"@type":"WebSite","@id":"https:\/\/www.africa-press.net\/togo\/#website","url":"https:\/\/www.africa-press.net\/togo\/","name":"Togo","description":"Just another Africa News Agency Sites site","potentialAction":[{"@type":"SearchAction","target":{"@type":"EntryPoint","urlTemplate":"https:\/\/www.africa-press.net\/togo\/?s={search_term_string}"},"query-input":{"@type":"PropertyValueSpecification","valueRequired":true,"valueName":"search_term_string"}}],"inLanguage":"fr-FR"},{"@type":"Person","@id":"https:\/\/www.africa-press.net\/togo\/#\/schema\/person\/2b1cf3cd81a31e3cd26889ca66d677f1","name":"cfeditorfr"}]}},"_links":{"self":[{"href":"https:\/\/www.africa-press.net\/togo\/wp-json\/wp\/v2\/posts\/18393","targetHints":{"allow":["GET"]}}],"collection":[{"href":"https:\/\/www.africa-press.net\/togo\/wp-json\/wp\/v2\/posts"}],"about":[{"href":"https:\/\/www.africa-press.net\/togo\/wp-json\/wp\/v2\/types\/post"}],"author":[{"embeddable":true,"href":"https:\/\/www.africa-press.net\/togo\/wp-json\/wp\/v2\/users\/82"}],"replies":[{"embeddable":true,"href":"https:\/\/www.africa-press.net\/togo\/wp-json\/wp\/v2\/comments?post=18393"}],"version-history":[{"count":0,"href":"https:\/\/www.africa-press.net\/togo\/wp-json\/wp\/v2\/posts\/18393\/revisions"}],"wp:featuredmedia":[{"embeddable":true,"href":"https:\/\/www.africa-press.net\/togo\/wp-json\/wp\/v2\/media\/18392"}],"wp:attachment":[{"href":"https:\/\/www.africa-press.net\/togo\/wp-json\/wp\/v2\/media?parent=18393"}],"wp:term":[{"taxonomy":"category","embeddable":true,"href":"https:\/\/www.africa-press.net\/togo\/wp-json\/wp\/v2\/categories?post=18393"},{"taxonomy":"post_tag","embeddable":true,"href":"https:\/\/www.africa-press.net\/togo\/wp-json\/wp\/v2\/tags?post=18393"}],"curies":[{"name":"wp","href":"https:\/\/api.w.org\/{rel}","templated":true}]}}