{"id":18411,"date":"2023-03-11T12:31:00","date_gmt":"2023-03-11T12:31:00","guid":{"rendered":"https:\/\/www.africa-press.net\/togo\/politique\/morocco-to-take-part-in-doing-business-with-togo"},"modified":"2023-03-11T12:46:58","modified_gmt":"2023-03-11T12:46:58","slug":"morocco-to-take-part-in-doing-business-with-togo","status":"publish","type":"post","link":"https:\/\/www.africa-press.net\/togo\/politique\/morocco-to-take-part-in-doing-business-with-togo","title":{"rendered":"Morocco to take part in \u201cDoing Business with Togo\u201d"},"content":{"rendered":"<p><span style=\"color: #ff6600\"><strong>Africa-Press &#8211; Togo. <\/strong><\/span><b>Togo and Morocco will organize on March 21, 2023, a business meeting called \u201cDoing Business with Togo\u201d, announced the organizers of the two countries.<\/b><\/p>\n<p>This Togo promotion space is organized by the Ministry of Investment Promotion, in partnership with the Moroccan Association of Exporters (ASMEX).<\/p>\n<p>The conference, which will take place online, aims to promote investment and trade between Togo and Morocco.<\/p>\n<p>To participate, companies and economic operators from both countries who are interested must first <b>register online<\/b> on the dedicated platform.<\/p>\n<p>A few days ago, Togo\u2019s Ministry of Investment Promotion organized a similar event in Bordeaux (France).<\/p>\n<p><strong>Pour plus d&rsquo;informations et d&rsquo;analyses sur la <a href=\"https:\/\/www.africa-press.net\/togo\">Togo<\/a>, suivez <a href=\"https:\/\/www.africa-press.net\/\">Africa-Press<\/a><\/strong><\/p>\n","protected":false},"excerpt":{"rendered":"<p>Africa-Press &#8211; Togo. Togo and Morocco will organize on March 21, 2023, a business meeting called \u201cDoing Business with Togo\u201d, announced the organizers of the two countries. This Togo promotion space is organized by the Ministry of Investment Promotion, in partnership with the Moroccan Association of Exporters (ASMEX). The conference, which will take place online, [&hellip;]<\/p>\n","protected":false},"author":82,"featured_media":18409,"comment_status":"open","ping_status":"closed","sticky":false,"template":"","format":"standard","meta":{"footnotes":""},"categories":[2,10],"tags":[36,49,50],"class_list":["post-18411","post","type-post","status-publish","format-standard","has-post-thumbnail","hentry","category-politique","category-toutes-les-actualites","tag-africa-press","tag-africa-press-togo","tag-togo"],"yoast_head":"<!-- This site is optimized with the Yoast SEO Premium plugin v26.1 (Yoast SEO v27.0) - https:\/\/yoast.com\/product\/yoast-seo-premium-wordpress\/ -->\n<title>Morocco to take part in \u201cDoing Business with Togo\u201d - Togo<\/title>\n<meta name=\"description\" content=\"Togo and Morocco will organize on March 21, 2023, a business meeting called \u201cDoing Business with Togo\u201d, announced the ...\" \/>\n<meta name=\"robots\" content=\"index, follow, max-snippet:-1, max-image-preview:large, max-video-preview:-1\" \/>\n<link rel=\"canonical\" href=\"https:\/\/www.africa-press.net\/togo\/politique\/morocco-to-take-part-in-doing-business-with-togo\" \/>\n<meta property=\"og:locale\" content=\"fr_FR\" \/>\n<meta property=\"og:type\" content=\"article\" \/>\n<meta property=\"og:title\" content=\"Morocco to take part in \u201cDoing Business with Togo\u201d\" \/>\n<meta property=\"og:description\" content=\"Togo and Morocco will organize on March 21, 2023, a business meeting called \u201cDoing Business with Togo\u201d, announced the ...\" \/>\n<meta property=\"og:url\" content=\"https:\/\/www.africa-press.net\/togo\/politique\/morocco-to-take-part-in-doing-business-with-togo\" \/>\n<meta property=\"og:site_name\" content=\"Togo\" \/>\n<meta property=\"article:published_time\" content=\"2023-03-11T12:31:00+00:00\" \/>\n<meta property=\"article:modified_time\" content=\"2023-03-11T12:46:58+00:00\" \/>\n<meta property=\"og:image\" content=\"https:\/\/static.africa-press.net\/togo\/sites\/58\/2023\/03\/postQueueImg_1678525203.24.jpg\" \/>\n\t<meta property=\"og:image:width\" content=\"720\" \/>\n\t<meta property=\"og:image:height\" content=\"360\" \/>\n\t<meta property=\"og:image:type\" content=\"image\/jpeg\" \/>\n<meta name=\"author\" content=\"cfeditorfr\" \/>\n<meta name=\"twitter:card\" content=\"summary_large_image\" \/>\n<meta name=\"twitter:label1\" content=\"\u00c9crit par\" \/>\n\t<meta name=\"twitter:data1\" content=\"cfeditorfr\" \/>\n\t<meta name=\"twitter:label2\" content=\"Dur\u00e9e de lecture estim\u00e9e\" \/>\n\t<meta name=\"twitter:data2\" content=\"1 minute\" \/>\n<script type=\"application\/ld+json\" class=\"yoast-schema-graph\">{\"@context\":\"https:\/\/schema.org\",\"@graph\":[{\"@type\":\"Article\",\"@id\":\"https:\/\/www.africa-press.net\/togo\/politique\/morocco-to-take-part-in-doing-business-with-togo#article\",\"isPartOf\":{\"@id\":\"https:\/\/www.africa-press.net\/togo\/politique\/morocco-to-take-part-in-doing-business-with-togo\"},\"author\":{\"name\":\"cfeditorfr\",\"@id\":\"https:\/\/www.africa-press.net\/togo\/#\/schema\/person\/2b1cf3cd81a31e3cd26889ca66d677f1\"},\"headline\":\"Morocco to take part in \u201cDoing Business with Togo\u201d\",\"datePublished\":\"2023-03-11T12:31:00+00:00\",\"dateModified\":\"2023-03-11T12:46:58+00:00\",\"mainEntityOfPage\":{\"@id\":\"https:\/\/www.africa-press.net\/togo\/politique\/morocco-to-take-part-in-doing-business-with-togo\"},\"wordCount\":121,\"commentCount\":0,\"image\":{\"@id\":\"https:\/\/www.africa-press.net\/togo\/politique\/morocco-to-take-part-in-doing-business-with-togo#primaryimage\"},\"thumbnailUrl\":\"https:\/\/static.africa-press.net\/togo\/sites\/58\/2023\/03\/postQueueImg_1678525203.24.jpg\",\"keywords\":[\"Africa Press\",\"Africa Press-Togo\",\"Togo\"],\"articleSection\":[\"Politique\",\"Toutes les actualit\u00e9s\"],\"inLanguage\":\"fr-FR\",\"potentialAction\":[{\"@type\":\"CommentAction\",\"name\":\"Comment\",\"target\":[\"https:\/\/www.africa-press.net\/togo\/politique\/morocco-to-take-part-in-doing-business-with-togo#respond\"]}]},{\"@type\":\"WebPage\",\"@id\":\"https:\/\/www.africa-press.net\/togo\/politique\/morocco-to-take-part-in-doing-business-with-togo\",\"url\":\"https:\/\/www.africa-press.net\/togo\/politique\/morocco-to-take-part-in-doing-business-with-togo\",\"name\":\"Morocco to take part in \u201cDoing Business with Togo\u201d - Togo\",\"isPartOf\":{\"@id\":\"https:\/\/www.africa-press.net\/togo\/#website\"},\"primaryImageOfPage\":{\"@id\":\"https:\/\/www.africa-press.net\/togo\/politique\/morocco-to-take-part-in-doing-business-with-togo#primaryimage\"},\"image\":{\"@id\":\"https:\/\/www.africa-press.net\/togo\/politique\/morocco-to-take-part-in-doing-business-with-togo#primaryimage\"},\"thumbnailUrl\":\"https:\/\/static.africa-press.net\/togo\/sites\/58\/2023\/03\/postQueueImg_1678525203.24.jpg\",\"datePublished\":\"2023-03-11T12:31:00+00:00\",\"dateModified\":\"2023-03-11T12:46:58+00:00\",\"author\":{\"@id\":\"https:\/\/www.africa-press.net\/togo\/#\/schema\/person\/2b1cf3cd81a31e3cd26889ca66d677f1\"},\"description\":\"Togo and Morocco will organize on March 21, 2023, a business meeting called \u201cDoing Business with Togo\u201d, announced the ...\",\"breadcrumb\":{\"@id\":\"https:\/\/www.africa-press.net\/togo\/politique\/morocco-to-take-part-in-doing-business-with-togo#breadcrumb\"},\"inLanguage\":\"fr-FR\",\"potentialAction\":[{\"@type\":\"ReadAction\",\"target\":[\"https:\/\/www.africa-press.net\/togo\/politique\/morocco-to-take-part-in-doing-business-with-togo\"]}]},{\"@type\":\"ImageObject\",\"inLanguage\":\"fr-FR\",\"@id\":\"https:\/\/www.africa-press.net\/togo\/politique\/morocco-to-take-part-in-doing-business-with-togo#primaryimage\",\"url\":\"https:\/\/static.africa-press.net\/togo\/sites\/58\/2023\/03\/postQueueImg_1678525203.24.jpg\",\"contentUrl\":\"https:\/\/static.africa-press.net\/togo\/sites\/58\/2023\/03\/postQueueImg_1678525203.24.jpg\",\"width\":720,\"height\":360,\"caption\":\"Morocco to take part in \u201cDoing Business with Togo\u201d\"},{\"@type\":\"BreadcrumbList\",\"@id\":\"https:\/\/www.africa-press.net\/togo\/politique\/morocco-to-take-part-in-doing-business-with-togo#breadcrumb\",\"itemListElement\":[{\"@type\":\"ListItem\",\"position\":1,\"name\":\"Accueil\",\"item\":\"https:\/\/www.africa-press.net\/togo\/\"},{\"@type\":\"ListItem\",\"position\":2,\"name\":\"Morocco to take part in \u201cDoing Business with Togo\u201d\"}]},{\"@type\":\"WebSite\",\"@id\":\"https:\/\/www.africa-press.net\/togo\/#website\",\"url\":\"https:\/\/www.africa-press.net\/togo\/\",\"name\":\"Togo\",\"description\":\"Just another Africa News Agency Sites site\",\"potentialAction\":[{\"@type\":\"SearchAction\",\"target\":{\"@type\":\"EntryPoint\",\"urlTemplate\":\"https:\/\/www.africa-press.net\/togo\/?s={search_term_string}\"},\"query-input\":{\"@type\":\"PropertyValueSpecification\",\"valueRequired\":true,\"valueName\":\"search_term_string\"}}],\"inLanguage\":\"fr-FR\"},{\"@type\":\"Person\",\"@id\":\"https:\/\/www.africa-press.net\/togo\/#\/schema\/person\/2b1cf3cd81a31e3cd26889ca66d677f1\",\"name\":\"cfeditorfr\"}]}<\/script>\n<!-- \/ Yoast SEO Premium plugin. -->","yoast_head_json":{"title":"Morocco to take part in \u201cDoing Business with Togo\u201d - Togo","description":"Togo and Morocco will organize on March 21, 2023, a business meeting called \u201cDoing Business with Togo\u201d, announced the ...","robots":{"index":"index","follow":"follow","max-snippet":"max-snippet:-1","max-image-preview":"max-image-preview:large","max-video-preview":"max-video-preview:-1"},"canonical":"https:\/\/www.africa-press.net\/togo\/politique\/morocco-to-take-part-in-doing-business-with-togo","og_locale":"fr_FR","og_type":"article","og_title":"Morocco to take part in \u201cDoing Business with Togo\u201d","og_description":"Togo and Morocco will organize on March 21, 2023, a business meeting called \u201cDoing Business with Togo\u201d, announced the ...","og_url":"https:\/\/www.africa-press.net\/togo\/politique\/morocco-to-take-part-in-doing-business-with-togo","og_site_name":"Togo","article_published_time":"2023-03-11T12:31:00+00:00","article_modified_time":"2023-03-11T12:46:58+00:00","og_image":[{"width":720,"height":360,"url":"https:\/\/static.africa-press.net\/togo\/sites\/58\/2023\/03\/postQueueImg_1678525203.24.jpg","type":"image\/jpeg"}],"author":"cfeditorfr","twitter_card":"summary_large_image","twitter_misc":{"\u00c9crit par":"cfeditorfr","Dur\u00e9e de lecture estim\u00e9e":"1 minute"},"schema":{"@context":"https:\/\/schema.org","@graph":[{"@type":"Article","@id":"https:\/\/www.africa-press.net\/togo\/politique\/morocco-to-take-part-in-doing-business-with-togo#article","isPartOf":{"@id":"https:\/\/www.africa-press.net\/togo\/politique\/morocco-to-take-part-in-doing-business-with-togo"},"author":{"name":"cfeditorfr","@id":"https:\/\/www.africa-press.net\/togo\/#\/schema\/person\/2b1cf3cd81a31e3cd26889ca66d677f1"},"headline":"Morocco to take part in \u201cDoing Business with Togo\u201d","datePublished":"2023-03-11T12:31:00+00:00","dateModified":"2023-03-11T12:46:58+00:00","mainEntityOfPage":{"@id":"https:\/\/www.africa-press.net\/togo\/politique\/morocco-to-take-part-in-doing-business-with-togo"},"wordCount":121,"commentCount":0,"image":{"@id":"https:\/\/www.africa-press.net\/togo\/politique\/morocco-to-take-part-in-doing-business-with-togo#primaryimage"},"thumbnailUrl":"https:\/\/static.africa-press.net\/togo\/sites\/58\/2023\/03\/postQueueImg_1678525203.24.jpg","keywords":["Africa Press","Africa Press-Togo","Togo"],"articleSection":["Politique","Toutes les actualit\u00e9s"],"inLanguage":"fr-FR","potentialAction":[{"@type":"CommentAction","name":"Comment","target":["https:\/\/www.africa-press.net\/togo\/politique\/morocco-to-take-part-in-doing-business-with-togo#respond"]}]},{"@type":"WebPage","@id":"https:\/\/www.africa-press.net\/togo\/politique\/morocco-to-take-part-in-doing-business-with-togo","url":"https:\/\/www.africa-press.net\/togo\/politique\/morocco-to-take-part-in-doing-business-with-togo","name":"Morocco to take part in \u201cDoing Business with Togo\u201d - Togo","isPartOf":{"@id":"https:\/\/www.africa-press.net\/togo\/#website"},"primaryImageOfPage":{"@id":"https:\/\/www.africa-press.net\/togo\/politique\/morocco-to-take-part-in-doing-business-with-togo#primaryimage"},"image":{"@id":"https:\/\/www.africa-press.net\/togo\/politique\/morocco-to-take-part-in-doing-business-with-togo#primaryimage"},"thumbnailUrl":"https:\/\/static.africa-press.net\/togo\/sites\/58\/2023\/03\/postQueueImg_1678525203.24.jpg","datePublished":"2023-03-11T12:31:00+00:00","dateModified":"2023-03-11T12:46:58+00:00","author":{"@id":"https:\/\/www.africa-press.net\/togo\/#\/schema\/person\/2b1cf3cd81a31e3cd26889ca66d677f1"},"description":"Togo and Morocco will organize on March 21, 2023, a business meeting called \u201cDoing Business with Togo\u201d, announced the ...","breadcrumb":{"@id":"https:\/\/www.africa-press.net\/togo\/politique\/morocco-to-take-part-in-doing-business-with-togo#breadcrumb"},"inLanguage":"fr-FR","potentialAction":[{"@type":"ReadAction","target":["https:\/\/www.africa-press.net\/togo\/politique\/morocco-to-take-part-in-doing-business-with-togo"]}]},{"@type":"ImageObject","inLanguage":"fr-FR","@id":"https:\/\/www.africa-press.net\/togo\/politique\/morocco-to-take-part-in-doing-business-with-togo#primaryimage","url":"https:\/\/static.africa-press.net\/togo\/sites\/58\/2023\/03\/postQueueImg_1678525203.24.jpg","contentUrl":"https:\/\/static.africa-press.net\/togo\/sites\/58\/2023\/03\/postQueueImg_1678525203.24.jpg","width":720,"height":360,"caption":"Morocco to take part in \u201cDoing Business with Togo\u201d"},{"@type":"BreadcrumbList","@id":"https:\/\/www.africa-press.net\/togo\/politique\/morocco-to-take-part-in-doing-business-with-togo#breadcrumb","itemListElement":[{"@type":"ListItem","position":1,"name":"Accueil","item":"https:\/\/www.africa-press.net\/togo\/"},{"@type":"ListItem","position":2,"name":"Morocco to take part in \u201cDoing Business with Togo\u201d"}]},{"@type":"WebSite","@id":"https:\/\/www.africa-press.net\/togo\/#website","url":"https:\/\/www.africa-press.net\/togo\/","name":"Togo","description":"Just another Africa News Agency Sites site","potentialAction":[{"@type":"SearchAction","target":{"@type":"EntryPoint","urlTemplate":"https:\/\/www.africa-press.net\/togo\/?s={search_term_string}"},"query-input":{"@type":"PropertyValueSpecification","valueRequired":true,"valueName":"search_term_string"}}],"inLanguage":"fr-FR"},{"@type":"Person","@id":"https:\/\/www.africa-press.net\/togo\/#\/schema\/person\/2b1cf3cd81a31e3cd26889ca66d677f1","name":"cfeditorfr"}]}},"_links":{"self":[{"href":"https:\/\/www.africa-press.net\/togo\/wp-json\/wp\/v2\/posts\/18411","targetHints":{"allow":["GET"]}}],"collection":[{"href":"https:\/\/www.africa-press.net\/togo\/wp-json\/wp\/v2\/posts"}],"about":[{"href":"https:\/\/www.africa-press.net\/togo\/wp-json\/wp\/v2\/types\/post"}],"author":[{"embeddable":true,"href":"https:\/\/www.africa-press.net\/togo\/wp-json\/wp\/v2\/users\/82"}],"replies":[{"embeddable":true,"href":"https:\/\/www.africa-press.net\/togo\/wp-json\/wp\/v2\/comments?post=18411"}],"version-history":[{"count":0,"href":"https:\/\/www.africa-press.net\/togo\/wp-json\/wp\/v2\/posts\/18411\/revisions"}],"wp:featuredmedia":[{"embeddable":true,"href":"https:\/\/www.africa-press.net\/togo\/wp-json\/wp\/v2\/media\/18409"}],"wp:attachment":[{"href":"https:\/\/www.africa-press.net\/togo\/wp-json\/wp\/v2\/media?parent=18411"}],"wp:term":[{"taxonomy":"category","embeddable":true,"href":"https:\/\/www.africa-press.net\/togo\/wp-json\/wp\/v2\/categories?post=18411"},{"taxonomy":"post_tag","embeddable":true,"href":"https:\/\/www.africa-press.net\/togo\/wp-json\/wp\/v2\/tags?post=18411"}],"curies":[{"name":"wp","href":"https:\/\/api.w.org\/{rel}","templated":true}]}}