{"id":18417,"date":"2023-03-11T12:30:28","date_gmt":"2023-03-11T12:30:28","guid":{"rendered":"https:\/\/www.africa-press.net\/togo\/politique\/terrorisme-le-nombre-de-refugies-togolais-augmente-au-benin"},"modified":"2023-03-11T12:48:29","modified_gmt":"2023-03-11T12:48:29","slug":"terrorisme-le-nombre-de-refugies-togolais-augmente-au-benin","status":"publish","type":"post","link":"https:\/\/www.africa-press.net\/togo\/dossiers\/terrorisme-le-nombre-de-refugies-togolais-augmente-au-benin","title":{"rendered":"Terrorisme : le nombre de r\u00e9fugi\u00e9s Togolais augmente au B\u00e9nin"},"content":{"rendered":"<p><span style=\"color: #ff6600\"><strong>Africa-Press &#8211; Togo. <\/strong><\/span><b>Il y a quelques semaines, ils n\u2019e\u0301taient que des centaines. Aujourd\u2019hui, on apprend que plus de 1 000 Togolais ont fui la re\u0301gion des savanes, vise\u0301e par des attentats terroristes, pour se re\u0301fugier au Be\u0301nin<\/b>.<\/p>\n<p>En effet, l\u2019incursion des terroristes dans l\u2019extre\u0302me nord du Togo de\u0301place un grand nombre d\u2019habitants. Selon la presse Be\u0301ninoise, ils sont plus de 1400 a\u0300 rejoindre leurs voisins be\u0301ninois de Mate\u0301ri.<\/p>\n<p>Des sources indiquent que de\u0301ja\u0300 1 411 re\u0301fugie\u0301s togolais ont e\u0301te\u0301 enregistre\u0301s a\u0300 Mate\u0301ri, dans le de\u0301partement de l\u2019Atacora au Be\u0301nin.<\/p>\n<p>Le 25 fe\u0301vrier dernier, la commission be\u0301ninoise en charge des re\u0301fugie\u0301s et apatrides n\u2019avait recense\u0301 que pre\u0300s de 750 personnes originaires de villages de la re\u0301gion des Savanes.<\/p>\n<p>\u201cIl n\u2019y a pas de camp construit pour les accueillir, selon le choix des autorite\u0301s be\u0301ninoises. Des familles d\u2019accueil les he\u0301bergent. Ge\u0301ne\u0301ralement il n\u2019y a pas de place pour tout le monde dans les cases ou dans les maisons, mais les grandes cours des concessions de\u0301pannent.\u201d, avait rapporte\u0301 il y a quelques jours, Jean-Luc Ablogan de la RFI.<\/p>\n<p>\u201cIls sont he\u0301berge\u0301s et nourris par des familles d\u2019accueil. Des personnes de bonne volonte\u0301 participent e\u0301galement au bien-e\u0302tre des re\u0301fugie\u0301s Togolais.\u201d, ont relaye\u0301 vendredi les confre\u0300res de Beninweb TV.<\/p>\n<p>A noter que le Be\u0301nin est e\u0301galement touche\u0301 par des attentats terroristes depuis de\u0301cembre 2021. Le pays de Patrice Talon a e\u0301te\u0301 secoue\u0301 par de fre\u0301quentes incursions de terroristes qui ont se\u0301vi dans les localite\u0301s du Nord.<\/p>\n<p><strong>Pour plus d&rsquo;informations et d&rsquo;analyses sur la <a href=\"https:\/\/www.africa-press.net\/togo\">Togo<\/a>, suivez <a href=\"https:\/\/www.africa-press.net\/\">Africa-Press<\/a><\/strong><\/p>\n","protected":false},"excerpt":{"rendered":"<p>Africa-Press &#8211; Togo. Il y a quelques semaines, ils n\u2019e\u0301taient que des centaines. Aujourd\u2019hui, on apprend que plus de 1 000 Togolais ont fui la re\u0301gion des savanes, vise\u0301e par des attentats terroristes, pour se re\u0301fugier au Be\u0301nin. En effet, l\u2019incursion des terroristes dans l\u2019extre\u0302me nord du Togo de\u0301place un grand nombre d\u2019habitants. Selon la [&hellip;]<\/p>\n","protected":false},"author":82,"featured_media":18415,"comment_status":"open","ping_status":"closed","sticky":false,"template":"","format":"standard","meta":{"footnotes":""},"categories":[7,10],"tags":[36,49,50],"class_list":["post-18417","post","type-post","status-publish","format-standard","has-post-thumbnail","hentry","category-dossiers","category-toutes-les-actualites","tag-africa-press","tag-africa-press-togo","tag-togo"],"yoast_head":"<!-- This site is optimized with the Yoast SEO Premium plugin v26.1 (Yoast SEO v27.0) - https:\/\/yoast.com\/product\/yoast-seo-premium-wordpress\/ -->\n<title>Terrorisme : le nombre de r\u00e9fugi\u00e9s Togolais augmente au B\u00e9nin - Togo<\/title>\n<meta name=\"description\" content=\"Il y a quelques semaines, ils n\u2019e\u0301taient que des centaines. Aujourd\u2019hui, on apprend que plus de 1 000 Togolais ont fu ...\" \/>\n<meta name=\"robots\" content=\"index, follow, max-snippet:-1, max-image-preview:large, max-video-preview:-1\" \/>\n<link rel=\"canonical\" href=\"https:\/\/www.africa-press.net\/togo\/dossiers\/terrorisme-le-nombre-de-refugies-togolais-augmente-au-benin\" \/>\n<meta property=\"og:locale\" content=\"fr_FR\" \/>\n<meta property=\"og:type\" content=\"article\" \/>\n<meta property=\"og:title\" content=\"Terrorisme : le nombre de r\u00e9fugi\u00e9s Togolais augmente au B\u00e9nin\" \/>\n<meta property=\"og:description\" content=\"Il y a quelques semaines, ils n\u2019e\u0301taient que des centaines. Aujourd\u2019hui, on apprend que plus de 1 000 Togolais ont fu ...\" \/>\n<meta property=\"og:url\" content=\"https:\/\/www.africa-press.net\/togo\/dossiers\/terrorisme-le-nombre-de-refugies-togolais-augmente-au-benin\" \/>\n<meta property=\"og:site_name\" content=\"Togo\" \/>\n<meta property=\"article:published_time\" content=\"2023-03-11T12:30:28+00:00\" \/>\n<meta property=\"article:modified_time\" content=\"2023-03-11T12:48:29+00:00\" \/>\n<meta property=\"og:image\" content=\"https:\/\/static.africa-press.net\/togo\/sites\/58\/2023\/03\/postQueueImg_1678525236.87.jpg\" \/>\n\t<meta property=\"og:image:width\" content=\"1280\" \/>\n\t<meta property=\"og:image:height\" content=\"815\" \/>\n\t<meta property=\"og:image:type\" content=\"image\/jpeg\" \/>\n<meta name=\"author\" content=\"cfeditorfr\" \/>\n<meta name=\"twitter:card\" content=\"summary_large_image\" \/>\n<meta name=\"twitter:label1\" content=\"\u00c9crit par\" \/>\n\t<meta name=\"twitter:data1\" content=\"cfeditorfr\" \/>\n\t<meta name=\"twitter:label2\" content=\"Dur\u00e9e de lecture estim\u00e9e\" \/>\n\t<meta name=\"twitter:data2\" content=\"1 minute\" \/>\n<script type=\"application\/ld+json\" class=\"yoast-schema-graph\">{\"@context\":\"https:\/\/schema.org\",\"@graph\":[{\"@type\":\"Article\",\"@id\":\"https:\/\/www.africa-press.net\/togo\/dossiers\/terrorisme-le-nombre-de-refugies-togolais-augmente-au-benin#article\",\"isPartOf\":{\"@id\":\"https:\/\/www.africa-press.net\/togo\/dossiers\/terrorisme-le-nombre-de-refugies-togolais-augmente-au-benin\"},\"author\":{\"name\":\"cfeditorfr\",\"@id\":\"https:\/\/www.africa-press.net\/togo\/#\/schema\/person\/2b1cf3cd81a31e3cd26889ca66d677f1\"},\"headline\":\"Terrorisme : le nombre de r\u00e9fugi\u00e9s Togolais augmente au B\u00e9nin\",\"datePublished\":\"2023-03-11T12:30:28+00:00\",\"dateModified\":\"2023-03-11T12:48:29+00:00\",\"mainEntityOfPage\":{\"@id\":\"https:\/\/www.africa-press.net\/togo\/dossiers\/terrorisme-le-nombre-de-refugies-togolais-augmente-au-benin\"},\"wordCount\":313,\"commentCount\":0,\"image\":{\"@id\":\"https:\/\/www.africa-press.net\/togo\/dossiers\/terrorisme-le-nombre-de-refugies-togolais-augmente-au-benin#primaryimage\"},\"thumbnailUrl\":\"https:\/\/static.africa-press.net\/togo\/sites\/58\/2023\/03\/postQueueImg_1678525236.87.jpg\",\"keywords\":[\"Africa Press\",\"Africa Press-Togo\",\"Togo\"],\"articleSection\":[\"Dossiers\",\"Toutes les actualit\u00e9s\"],\"inLanguage\":\"fr-FR\",\"potentialAction\":[{\"@type\":\"CommentAction\",\"name\":\"Comment\",\"target\":[\"https:\/\/www.africa-press.net\/togo\/dossiers\/terrorisme-le-nombre-de-refugies-togolais-augmente-au-benin#respond\"]}]},{\"@type\":\"WebPage\",\"@id\":\"https:\/\/www.africa-press.net\/togo\/dossiers\/terrorisme-le-nombre-de-refugies-togolais-augmente-au-benin\",\"url\":\"https:\/\/www.africa-press.net\/togo\/dossiers\/terrorisme-le-nombre-de-refugies-togolais-augmente-au-benin\",\"name\":\"Terrorisme : le nombre de r\u00e9fugi\u00e9s Togolais augmente au B\u00e9nin - Togo\",\"isPartOf\":{\"@id\":\"https:\/\/www.africa-press.net\/togo\/#website\"},\"primaryImageOfPage\":{\"@id\":\"https:\/\/www.africa-press.net\/togo\/dossiers\/terrorisme-le-nombre-de-refugies-togolais-augmente-au-benin#primaryimage\"},\"image\":{\"@id\":\"https:\/\/www.africa-press.net\/togo\/dossiers\/terrorisme-le-nombre-de-refugies-togolais-augmente-au-benin#primaryimage\"},\"thumbnailUrl\":\"https:\/\/static.africa-press.net\/togo\/sites\/58\/2023\/03\/postQueueImg_1678525236.87.jpg\",\"datePublished\":\"2023-03-11T12:30:28+00:00\",\"dateModified\":\"2023-03-11T12:48:29+00:00\",\"author\":{\"@id\":\"https:\/\/www.africa-press.net\/togo\/#\/schema\/person\/2b1cf3cd81a31e3cd26889ca66d677f1\"},\"description\":\"Il y a quelques semaines, ils n\u2019e\u0301taient que des centaines. Aujourd\u2019hui, on apprend que plus de 1 000 Togolais ont fu ...\",\"breadcrumb\":{\"@id\":\"https:\/\/www.africa-press.net\/togo\/dossiers\/terrorisme-le-nombre-de-refugies-togolais-augmente-au-benin#breadcrumb\"},\"inLanguage\":\"fr-FR\",\"potentialAction\":[{\"@type\":\"ReadAction\",\"target\":[\"https:\/\/www.africa-press.net\/togo\/dossiers\/terrorisme-le-nombre-de-refugies-togolais-augmente-au-benin\"]}]},{\"@type\":\"ImageObject\",\"inLanguage\":\"fr-FR\",\"@id\":\"https:\/\/www.africa-press.net\/togo\/dossiers\/terrorisme-le-nombre-de-refugies-togolais-augmente-au-benin#primaryimage\",\"url\":\"https:\/\/static.africa-press.net\/togo\/sites\/58\/2023\/03\/postQueueImg_1678525236.87.jpg\",\"contentUrl\":\"https:\/\/static.africa-press.net\/togo\/sites\/58\/2023\/03\/postQueueImg_1678525236.87.jpg\",\"width\":1280,\"height\":815,\"caption\":\"Terrorisme : le nombre de r\u00e9fugi\u00e9s Togolais augmente au B\u00e9nin\"},{\"@type\":\"BreadcrumbList\",\"@id\":\"https:\/\/www.africa-press.net\/togo\/dossiers\/terrorisme-le-nombre-de-refugies-togolais-augmente-au-benin#breadcrumb\",\"itemListElement\":[{\"@type\":\"ListItem\",\"position\":1,\"name\":\"Accueil\",\"item\":\"https:\/\/www.africa-press.net\/togo\/\"},{\"@type\":\"ListItem\",\"position\":2,\"name\":\"Terrorisme : le nombre de r\u00e9fugi\u00e9s Togolais augmente au B\u00e9nin\"}]},{\"@type\":\"WebSite\",\"@id\":\"https:\/\/www.africa-press.net\/togo\/#website\",\"url\":\"https:\/\/www.africa-press.net\/togo\/\",\"name\":\"Togo\",\"description\":\"Just another Africa News Agency Sites site\",\"potentialAction\":[{\"@type\":\"SearchAction\",\"target\":{\"@type\":\"EntryPoint\",\"urlTemplate\":\"https:\/\/www.africa-press.net\/togo\/?s={search_term_string}\"},\"query-input\":{\"@type\":\"PropertyValueSpecification\",\"valueRequired\":true,\"valueName\":\"search_term_string\"}}],\"inLanguage\":\"fr-FR\"},{\"@type\":\"Person\",\"@id\":\"https:\/\/www.africa-press.net\/togo\/#\/schema\/person\/2b1cf3cd81a31e3cd26889ca66d677f1\",\"name\":\"cfeditorfr\"}]}<\/script>\n<!-- \/ Yoast SEO Premium plugin. -->","yoast_head_json":{"title":"Terrorisme : le nombre de r\u00e9fugi\u00e9s Togolais augmente au B\u00e9nin - Togo","description":"Il y a quelques semaines, ils n\u2019e\u0301taient que des centaines. Aujourd\u2019hui, on apprend que plus de 1 000 Togolais ont fu ...","robots":{"index":"index","follow":"follow","max-snippet":"max-snippet:-1","max-image-preview":"max-image-preview:large","max-video-preview":"max-video-preview:-1"},"canonical":"https:\/\/www.africa-press.net\/togo\/dossiers\/terrorisme-le-nombre-de-refugies-togolais-augmente-au-benin","og_locale":"fr_FR","og_type":"article","og_title":"Terrorisme : le nombre de r\u00e9fugi\u00e9s Togolais augmente au B\u00e9nin","og_description":"Il y a quelques semaines, ils n\u2019e\u0301taient que des centaines. Aujourd\u2019hui, on apprend que plus de 1 000 Togolais ont fu ...","og_url":"https:\/\/www.africa-press.net\/togo\/dossiers\/terrorisme-le-nombre-de-refugies-togolais-augmente-au-benin","og_site_name":"Togo","article_published_time":"2023-03-11T12:30:28+00:00","article_modified_time":"2023-03-11T12:48:29+00:00","og_image":[{"width":1280,"height":815,"url":"https:\/\/static.africa-press.net\/togo\/sites\/58\/2023\/03\/postQueueImg_1678525236.87.jpg","type":"image\/jpeg"}],"author":"cfeditorfr","twitter_card":"summary_large_image","twitter_misc":{"\u00c9crit par":"cfeditorfr","Dur\u00e9e de lecture estim\u00e9e":"1 minute"},"schema":{"@context":"https:\/\/schema.org","@graph":[{"@type":"Article","@id":"https:\/\/www.africa-press.net\/togo\/dossiers\/terrorisme-le-nombre-de-refugies-togolais-augmente-au-benin#article","isPartOf":{"@id":"https:\/\/www.africa-press.net\/togo\/dossiers\/terrorisme-le-nombre-de-refugies-togolais-augmente-au-benin"},"author":{"name":"cfeditorfr","@id":"https:\/\/www.africa-press.net\/togo\/#\/schema\/person\/2b1cf3cd81a31e3cd26889ca66d677f1"},"headline":"Terrorisme : le nombre de r\u00e9fugi\u00e9s Togolais augmente au B\u00e9nin","datePublished":"2023-03-11T12:30:28+00:00","dateModified":"2023-03-11T12:48:29+00:00","mainEntityOfPage":{"@id":"https:\/\/www.africa-press.net\/togo\/dossiers\/terrorisme-le-nombre-de-refugies-togolais-augmente-au-benin"},"wordCount":313,"commentCount":0,"image":{"@id":"https:\/\/www.africa-press.net\/togo\/dossiers\/terrorisme-le-nombre-de-refugies-togolais-augmente-au-benin#primaryimage"},"thumbnailUrl":"https:\/\/static.africa-press.net\/togo\/sites\/58\/2023\/03\/postQueueImg_1678525236.87.jpg","keywords":["Africa Press","Africa Press-Togo","Togo"],"articleSection":["Dossiers","Toutes les actualit\u00e9s"],"inLanguage":"fr-FR","potentialAction":[{"@type":"CommentAction","name":"Comment","target":["https:\/\/www.africa-press.net\/togo\/dossiers\/terrorisme-le-nombre-de-refugies-togolais-augmente-au-benin#respond"]}]},{"@type":"WebPage","@id":"https:\/\/www.africa-press.net\/togo\/dossiers\/terrorisme-le-nombre-de-refugies-togolais-augmente-au-benin","url":"https:\/\/www.africa-press.net\/togo\/dossiers\/terrorisme-le-nombre-de-refugies-togolais-augmente-au-benin","name":"Terrorisme : le nombre de r\u00e9fugi\u00e9s Togolais augmente au B\u00e9nin - Togo","isPartOf":{"@id":"https:\/\/www.africa-press.net\/togo\/#website"},"primaryImageOfPage":{"@id":"https:\/\/www.africa-press.net\/togo\/dossiers\/terrorisme-le-nombre-de-refugies-togolais-augmente-au-benin#primaryimage"},"image":{"@id":"https:\/\/www.africa-press.net\/togo\/dossiers\/terrorisme-le-nombre-de-refugies-togolais-augmente-au-benin#primaryimage"},"thumbnailUrl":"https:\/\/static.africa-press.net\/togo\/sites\/58\/2023\/03\/postQueueImg_1678525236.87.jpg","datePublished":"2023-03-11T12:30:28+00:00","dateModified":"2023-03-11T12:48:29+00:00","author":{"@id":"https:\/\/www.africa-press.net\/togo\/#\/schema\/person\/2b1cf3cd81a31e3cd26889ca66d677f1"},"description":"Il y a quelques semaines, ils n\u2019e\u0301taient que des centaines. Aujourd\u2019hui, on apprend que plus de 1 000 Togolais ont fu ...","breadcrumb":{"@id":"https:\/\/www.africa-press.net\/togo\/dossiers\/terrorisme-le-nombre-de-refugies-togolais-augmente-au-benin#breadcrumb"},"inLanguage":"fr-FR","potentialAction":[{"@type":"ReadAction","target":["https:\/\/www.africa-press.net\/togo\/dossiers\/terrorisme-le-nombre-de-refugies-togolais-augmente-au-benin"]}]},{"@type":"ImageObject","inLanguage":"fr-FR","@id":"https:\/\/www.africa-press.net\/togo\/dossiers\/terrorisme-le-nombre-de-refugies-togolais-augmente-au-benin#primaryimage","url":"https:\/\/static.africa-press.net\/togo\/sites\/58\/2023\/03\/postQueueImg_1678525236.87.jpg","contentUrl":"https:\/\/static.africa-press.net\/togo\/sites\/58\/2023\/03\/postQueueImg_1678525236.87.jpg","width":1280,"height":815,"caption":"Terrorisme : le nombre de r\u00e9fugi\u00e9s Togolais augmente au B\u00e9nin"},{"@type":"BreadcrumbList","@id":"https:\/\/www.africa-press.net\/togo\/dossiers\/terrorisme-le-nombre-de-refugies-togolais-augmente-au-benin#breadcrumb","itemListElement":[{"@type":"ListItem","position":1,"name":"Accueil","item":"https:\/\/www.africa-press.net\/togo\/"},{"@type":"ListItem","position":2,"name":"Terrorisme : le nombre de r\u00e9fugi\u00e9s Togolais augmente au B\u00e9nin"}]},{"@type":"WebSite","@id":"https:\/\/www.africa-press.net\/togo\/#website","url":"https:\/\/www.africa-press.net\/togo\/","name":"Togo","description":"Just another Africa News Agency Sites site","potentialAction":[{"@type":"SearchAction","target":{"@type":"EntryPoint","urlTemplate":"https:\/\/www.africa-press.net\/togo\/?s={search_term_string}"},"query-input":{"@type":"PropertyValueSpecification","valueRequired":true,"valueName":"search_term_string"}}],"inLanguage":"fr-FR"},{"@type":"Person","@id":"https:\/\/www.africa-press.net\/togo\/#\/schema\/person\/2b1cf3cd81a31e3cd26889ca66d677f1","name":"cfeditorfr"}]}},"_links":{"self":[{"href":"https:\/\/www.africa-press.net\/togo\/wp-json\/wp\/v2\/posts\/18417","targetHints":{"allow":["GET"]}}],"collection":[{"href":"https:\/\/www.africa-press.net\/togo\/wp-json\/wp\/v2\/posts"}],"about":[{"href":"https:\/\/www.africa-press.net\/togo\/wp-json\/wp\/v2\/types\/post"}],"author":[{"embeddable":true,"href":"https:\/\/www.africa-press.net\/togo\/wp-json\/wp\/v2\/users\/82"}],"replies":[{"embeddable":true,"href":"https:\/\/www.africa-press.net\/togo\/wp-json\/wp\/v2\/comments?post=18417"}],"version-history":[{"count":0,"href":"https:\/\/www.africa-press.net\/togo\/wp-json\/wp\/v2\/posts\/18417\/revisions"}],"wp:featuredmedia":[{"embeddable":true,"href":"https:\/\/www.africa-press.net\/togo\/wp-json\/wp\/v2\/media\/18415"}],"wp:attachment":[{"href":"https:\/\/www.africa-press.net\/togo\/wp-json\/wp\/v2\/media?parent=18417"}],"wp:term":[{"taxonomy":"category","embeddable":true,"href":"https:\/\/www.africa-press.net\/togo\/wp-json\/wp\/v2\/categories?post=18417"},{"taxonomy":"post_tag","embeddable":true,"href":"https:\/\/www.africa-press.net\/togo\/wp-json\/wp\/v2\/tags?post=18417"}],"curies":[{"name":"wp","href":"https:\/\/api.w.org\/{rel}","templated":true}]}}