{"id":18426,"date":"2023-03-12T18:29:49","date_gmt":"2023-03-12T18:29:49","guid":{"rendered":"https:\/\/www.africa-press.net\/togo\/politique\/psg-la-sortie-de-zaire-emery"},"modified":"2023-03-12T19:16:49","modified_gmt":"2023-03-12T19:16:49","slug":"psg-la-sortie-de-zaire-emery","status":"publish","type":"post","link":"https:\/\/www.africa-press.net\/togo\/sports\/psg-la-sortie-de-zaire-emery","title":{"rendered":"PSG : La sortie de Za\u00efre-Emery"},"content":{"rendered":"<p><span style=\"color: #ff6600\"><strong>Africa-Press &#8211; Togo. <\/strong><\/span>Malgre\u0301 l\u2019e\u0301limination pre\u0301mature\u0301e du PSG en Ligue des Champions face au Bayern Munich, Warren Zai\u0308re-Emery a assure\u0301 que la motivation e\u0301tait toujours pre\u0301sente apre\u0300s la victoire des siens a\u0300 Brest (1-2).<\/p>\n<p>\u00ab On commence bien le match. Apre\u0300s, on les laisse revenir dedans. Et a\u0300 la fin, on marque a\u0300 la dernie\u0300re minute, c\u0327a montre qu\u2019on est une e\u0301quipe solidaire et qu\u2019on donne tout jusqu\u2019a\u0300 la fin. Apre\u0300s une de\u0301faite, on est tous tristes et de\u0301c\u0327us mais il fallait rebondir aujourd\u2019hui et on a su ramener les trois points a\u0300 la maison. On a trois objectifs dans l\u2019anne\u0301e : la Coupe de France, la Ligue des Champions et le championnat. Il ne nous reste que le championnat et on va tout donner pour le remporter \u00bb, a souligne\u0301 le Zai\u0308re-Emery au micro de Canal+.<\/p>\n<p><strong>Pour plus d&rsquo;informations et d&rsquo;analyses sur la <a href=\"https:\/\/www.africa-press.net\/togo\">Togo<\/a>, suivez <a href=\"https:\/\/www.africa-press.net\/\">Africa-Press<\/a><\/strong><\/p>\n","protected":false},"excerpt":{"rendered":"<p>Africa-Press &#8211; Togo. Malgre\u0301 l\u2019e\u0301limination pre\u0301mature\u0301e du PSG en Ligue des Champions face au Bayern Munich, Warren Zai\u0308re-Emery a assure\u0301 que la motivation e\u0301tait toujours pre\u0301sente apre\u0300s la victoire des siens a\u0300 Brest (1-2). \u00ab On commence bien le match. Apre\u0300s, on les laisse revenir dedans. Et a\u0300 la fin, on marque a\u0300 la dernie\u0300re [&hellip;]<\/p>\n","protected":false},"author":82,"featured_media":18425,"comment_status":"open","ping_status":"closed","sticky":false,"template":"","format":"standard","meta":{"footnotes":""},"categories":[6,10],"tags":[36,49,50],"class_list":["post-18426","post","type-post","status-publish","format-standard","has-post-thumbnail","hentry","category-sports","category-toutes-les-actualites","tag-africa-press","tag-africa-press-togo","tag-togo"],"yoast_head":"<!-- This site is optimized with the Yoast SEO Premium plugin v26.1 (Yoast SEO v27.0) - https:\/\/yoast.com\/product\/yoast-seo-premium-wordpress\/ -->\n<title>PSG : La sortie de Za\u00efre-Emery - Togo<\/title>\n<meta name=\"description\" content=\"Malgre\u0301 l\u2019e\u0301limination pre\u0301mature\u0301e du PSG en Ligue des Champions face au Bayern Munich, Warren Zai\u0308re-Emery a assure\u0301 q ...\" \/>\n<meta name=\"robots\" content=\"index, follow, max-snippet:-1, max-image-preview:large, max-video-preview:-1\" \/>\n<link rel=\"canonical\" href=\"https:\/\/www.africa-press.net\/togo\/sports\/psg-la-sortie-de-zaire-emery\" \/>\n<meta property=\"og:locale\" content=\"fr_FR\" \/>\n<meta property=\"og:type\" content=\"article\" \/>\n<meta property=\"og:title\" content=\"PSG : La sortie de Za\u00efre-Emery\" \/>\n<meta property=\"og:description\" content=\"Malgre\u0301 l\u2019e\u0301limination pre\u0301mature\u0301e du PSG en Ligue des Champions face au Bayern Munich, Warren Zai\u0308re-Emery a assure\u0301 q ...\" \/>\n<meta property=\"og:url\" content=\"https:\/\/www.africa-press.net\/togo\/sports\/psg-la-sortie-de-zaire-emery\" \/>\n<meta property=\"og:site_name\" content=\"Togo\" \/>\n<meta property=\"article:published_time\" content=\"2023-03-12T18:29:49+00:00\" \/>\n<meta property=\"article:modified_time\" content=\"2023-03-12T19:16:49+00:00\" \/>\n<meta property=\"og:image\" content=\"https:\/\/static.africa-press.net\/togo\/sites\/58\/2023\/03\/postQueueImg_1678633261.24.jpg\" \/>\n\t<meta property=\"og:image:width\" content=\"1620\" \/>\n\t<meta property=\"og:image:height\" content=\"1080\" \/>\n\t<meta property=\"og:image:type\" content=\"image\/jpeg\" \/>\n<meta name=\"author\" content=\"cfeditorfr\" \/>\n<meta name=\"twitter:card\" content=\"summary_large_image\" \/>\n<meta name=\"twitter:label1\" content=\"\u00c9crit par\" \/>\n\t<meta name=\"twitter:data1\" content=\"cfeditorfr\" \/>\n\t<meta name=\"twitter:label2\" content=\"Dur\u00e9e de lecture estim\u00e9e\" \/>\n\t<meta name=\"twitter:data2\" content=\"1 minute\" \/>\n<script type=\"application\/ld+json\" class=\"yoast-schema-graph\">{\"@context\":\"https:\/\/schema.org\",\"@graph\":[{\"@type\":\"Article\",\"@id\":\"https:\/\/www.africa-press.net\/togo\/sports\/psg-la-sortie-de-zaire-emery#article\",\"isPartOf\":{\"@id\":\"https:\/\/www.africa-press.net\/togo\/sports\/psg-la-sortie-de-zaire-emery\"},\"author\":{\"name\":\"cfeditorfr\",\"@id\":\"https:\/\/www.africa-press.net\/togo\/#\/schema\/person\/2b1cf3cd81a31e3cd26889ca66d677f1\"},\"headline\":\"PSG : La sortie de Za\u00efre-Emery\",\"datePublished\":\"2023-03-12T18:29:49+00:00\",\"dateModified\":\"2023-03-12T19:16:49+00:00\",\"mainEntityOfPage\":{\"@id\":\"https:\/\/www.africa-press.net\/togo\/sports\/psg-la-sortie-de-zaire-emery\"},\"wordCount\":175,\"commentCount\":0,\"image\":{\"@id\":\"https:\/\/www.africa-press.net\/togo\/sports\/psg-la-sortie-de-zaire-emery#primaryimage\"},\"thumbnailUrl\":\"https:\/\/static.africa-press.net\/togo\/sites\/58\/2023\/03\/postQueueImg_1678633261.24.jpg\",\"keywords\":[\"Africa Press\",\"Africa Press-Togo\",\"Togo\"],\"articleSection\":[\"Sports\",\"Toutes les actualit\u00e9s\"],\"inLanguage\":\"fr-FR\",\"potentialAction\":[{\"@type\":\"CommentAction\",\"name\":\"Comment\",\"target\":[\"https:\/\/www.africa-press.net\/togo\/sports\/psg-la-sortie-de-zaire-emery#respond\"]}]},{\"@type\":\"WebPage\",\"@id\":\"https:\/\/www.africa-press.net\/togo\/sports\/psg-la-sortie-de-zaire-emery\",\"url\":\"https:\/\/www.africa-press.net\/togo\/sports\/psg-la-sortie-de-zaire-emery\",\"name\":\"PSG : La sortie de Za\u00efre-Emery - Togo\",\"isPartOf\":{\"@id\":\"https:\/\/www.africa-press.net\/togo\/#website\"},\"primaryImageOfPage\":{\"@id\":\"https:\/\/www.africa-press.net\/togo\/sports\/psg-la-sortie-de-zaire-emery#primaryimage\"},\"image\":{\"@id\":\"https:\/\/www.africa-press.net\/togo\/sports\/psg-la-sortie-de-zaire-emery#primaryimage\"},\"thumbnailUrl\":\"https:\/\/static.africa-press.net\/togo\/sites\/58\/2023\/03\/postQueueImg_1678633261.24.jpg\",\"datePublished\":\"2023-03-12T18:29:49+00:00\",\"dateModified\":\"2023-03-12T19:16:49+00:00\",\"author\":{\"@id\":\"https:\/\/www.africa-press.net\/togo\/#\/schema\/person\/2b1cf3cd81a31e3cd26889ca66d677f1\"},\"description\":\"Malgre\u0301 l\u2019e\u0301limination pre\u0301mature\u0301e du PSG en Ligue des Champions face au Bayern Munich, Warren Zai\u0308re-Emery a assure\u0301 q ...\",\"breadcrumb\":{\"@id\":\"https:\/\/www.africa-press.net\/togo\/sports\/psg-la-sortie-de-zaire-emery#breadcrumb\"},\"inLanguage\":\"fr-FR\",\"potentialAction\":[{\"@type\":\"ReadAction\",\"target\":[\"https:\/\/www.africa-press.net\/togo\/sports\/psg-la-sortie-de-zaire-emery\"]}]},{\"@type\":\"ImageObject\",\"inLanguage\":\"fr-FR\",\"@id\":\"https:\/\/www.africa-press.net\/togo\/sports\/psg-la-sortie-de-zaire-emery#primaryimage\",\"url\":\"https:\/\/static.africa-press.net\/togo\/sites\/58\/2023\/03\/postQueueImg_1678633261.24.jpg\",\"contentUrl\":\"https:\/\/static.africa-press.net\/togo\/sites\/58\/2023\/03\/postQueueImg_1678633261.24.jpg\",\"width\":1620,\"height\":1080,\"caption\":\"PSG : La sortie de Za\u00efre-Emery\"},{\"@type\":\"BreadcrumbList\",\"@id\":\"https:\/\/www.africa-press.net\/togo\/sports\/psg-la-sortie-de-zaire-emery#breadcrumb\",\"itemListElement\":[{\"@type\":\"ListItem\",\"position\":1,\"name\":\"Accueil\",\"item\":\"https:\/\/www.africa-press.net\/togo\/\"},{\"@type\":\"ListItem\",\"position\":2,\"name\":\"PSG : La sortie de Za\u00efre-Emery\"}]},{\"@type\":\"WebSite\",\"@id\":\"https:\/\/www.africa-press.net\/togo\/#website\",\"url\":\"https:\/\/www.africa-press.net\/togo\/\",\"name\":\"Togo\",\"description\":\"Just another Africa News Agency Sites site\",\"potentialAction\":[{\"@type\":\"SearchAction\",\"target\":{\"@type\":\"EntryPoint\",\"urlTemplate\":\"https:\/\/www.africa-press.net\/togo\/?s={search_term_string}\"},\"query-input\":{\"@type\":\"PropertyValueSpecification\",\"valueRequired\":true,\"valueName\":\"search_term_string\"}}],\"inLanguage\":\"fr-FR\"},{\"@type\":\"Person\",\"@id\":\"https:\/\/www.africa-press.net\/togo\/#\/schema\/person\/2b1cf3cd81a31e3cd26889ca66d677f1\",\"name\":\"cfeditorfr\"}]}<\/script>\n<!-- \/ Yoast SEO Premium plugin. -->","yoast_head_json":{"title":"PSG : La sortie de Za\u00efre-Emery - Togo","description":"Malgre\u0301 l\u2019e\u0301limination pre\u0301mature\u0301e du PSG en Ligue des Champions face au Bayern Munich, Warren Zai\u0308re-Emery a assure\u0301 q ...","robots":{"index":"index","follow":"follow","max-snippet":"max-snippet:-1","max-image-preview":"max-image-preview:large","max-video-preview":"max-video-preview:-1"},"canonical":"https:\/\/www.africa-press.net\/togo\/sports\/psg-la-sortie-de-zaire-emery","og_locale":"fr_FR","og_type":"article","og_title":"PSG : La sortie de Za\u00efre-Emery","og_description":"Malgre\u0301 l\u2019e\u0301limination pre\u0301mature\u0301e du PSG en Ligue des Champions face au Bayern Munich, Warren Zai\u0308re-Emery a assure\u0301 q ...","og_url":"https:\/\/www.africa-press.net\/togo\/sports\/psg-la-sortie-de-zaire-emery","og_site_name":"Togo","article_published_time":"2023-03-12T18:29:49+00:00","article_modified_time":"2023-03-12T19:16:49+00:00","og_image":[{"width":1620,"height":1080,"url":"https:\/\/static.africa-press.net\/togo\/sites\/58\/2023\/03\/postQueueImg_1678633261.24.jpg","type":"image\/jpeg"}],"author":"cfeditorfr","twitter_card":"summary_large_image","twitter_misc":{"\u00c9crit par":"cfeditorfr","Dur\u00e9e de lecture estim\u00e9e":"1 minute"},"schema":{"@context":"https:\/\/schema.org","@graph":[{"@type":"Article","@id":"https:\/\/www.africa-press.net\/togo\/sports\/psg-la-sortie-de-zaire-emery#article","isPartOf":{"@id":"https:\/\/www.africa-press.net\/togo\/sports\/psg-la-sortie-de-zaire-emery"},"author":{"name":"cfeditorfr","@id":"https:\/\/www.africa-press.net\/togo\/#\/schema\/person\/2b1cf3cd81a31e3cd26889ca66d677f1"},"headline":"PSG : La sortie de Za\u00efre-Emery","datePublished":"2023-03-12T18:29:49+00:00","dateModified":"2023-03-12T19:16:49+00:00","mainEntityOfPage":{"@id":"https:\/\/www.africa-press.net\/togo\/sports\/psg-la-sortie-de-zaire-emery"},"wordCount":175,"commentCount":0,"image":{"@id":"https:\/\/www.africa-press.net\/togo\/sports\/psg-la-sortie-de-zaire-emery#primaryimage"},"thumbnailUrl":"https:\/\/static.africa-press.net\/togo\/sites\/58\/2023\/03\/postQueueImg_1678633261.24.jpg","keywords":["Africa Press","Africa Press-Togo","Togo"],"articleSection":["Sports","Toutes les actualit\u00e9s"],"inLanguage":"fr-FR","potentialAction":[{"@type":"CommentAction","name":"Comment","target":["https:\/\/www.africa-press.net\/togo\/sports\/psg-la-sortie-de-zaire-emery#respond"]}]},{"@type":"WebPage","@id":"https:\/\/www.africa-press.net\/togo\/sports\/psg-la-sortie-de-zaire-emery","url":"https:\/\/www.africa-press.net\/togo\/sports\/psg-la-sortie-de-zaire-emery","name":"PSG : La sortie de Za\u00efre-Emery - Togo","isPartOf":{"@id":"https:\/\/www.africa-press.net\/togo\/#website"},"primaryImageOfPage":{"@id":"https:\/\/www.africa-press.net\/togo\/sports\/psg-la-sortie-de-zaire-emery#primaryimage"},"image":{"@id":"https:\/\/www.africa-press.net\/togo\/sports\/psg-la-sortie-de-zaire-emery#primaryimage"},"thumbnailUrl":"https:\/\/static.africa-press.net\/togo\/sites\/58\/2023\/03\/postQueueImg_1678633261.24.jpg","datePublished":"2023-03-12T18:29:49+00:00","dateModified":"2023-03-12T19:16:49+00:00","author":{"@id":"https:\/\/www.africa-press.net\/togo\/#\/schema\/person\/2b1cf3cd81a31e3cd26889ca66d677f1"},"description":"Malgre\u0301 l\u2019e\u0301limination pre\u0301mature\u0301e du PSG en Ligue des Champions face au Bayern Munich, Warren Zai\u0308re-Emery a assure\u0301 q ...","breadcrumb":{"@id":"https:\/\/www.africa-press.net\/togo\/sports\/psg-la-sortie-de-zaire-emery#breadcrumb"},"inLanguage":"fr-FR","potentialAction":[{"@type":"ReadAction","target":["https:\/\/www.africa-press.net\/togo\/sports\/psg-la-sortie-de-zaire-emery"]}]},{"@type":"ImageObject","inLanguage":"fr-FR","@id":"https:\/\/www.africa-press.net\/togo\/sports\/psg-la-sortie-de-zaire-emery#primaryimage","url":"https:\/\/static.africa-press.net\/togo\/sites\/58\/2023\/03\/postQueueImg_1678633261.24.jpg","contentUrl":"https:\/\/static.africa-press.net\/togo\/sites\/58\/2023\/03\/postQueueImg_1678633261.24.jpg","width":1620,"height":1080,"caption":"PSG : La sortie de Za\u00efre-Emery"},{"@type":"BreadcrumbList","@id":"https:\/\/www.africa-press.net\/togo\/sports\/psg-la-sortie-de-zaire-emery#breadcrumb","itemListElement":[{"@type":"ListItem","position":1,"name":"Accueil","item":"https:\/\/www.africa-press.net\/togo\/"},{"@type":"ListItem","position":2,"name":"PSG : La sortie de Za\u00efre-Emery"}]},{"@type":"WebSite","@id":"https:\/\/www.africa-press.net\/togo\/#website","url":"https:\/\/www.africa-press.net\/togo\/","name":"Togo","description":"Just another Africa News Agency Sites site","potentialAction":[{"@type":"SearchAction","target":{"@type":"EntryPoint","urlTemplate":"https:\/\/www.africa-press.net\/togo\/?s={search_term_string}"},"query-input":{"@type":"PropertyValueSpecification","valueRequired":true,"valueName":"search_term_string"}}],"inLanguage":"fr-FR"},{"@type":"Person","@id":"https:\/\/www.africa-press.net\/togo\/#\/schema\/person\/2b1cf3cd81a31e3cd26889ca66d677f1","name":"cfeditorfr"}]}},"_links":{"self":[{"href":"https:\/\/www.africa-press.net\/togo\/wp-json\/wp\/v2\/posts\/18426","targetHints":{"allow":["GET"]}}],"collection":[{"href":"https:\/\/www.africa-press.net\/togo\/wp-json\/wp\/v2\/posts"}],"about":[{"href":"https:\/\/www.africa-press.net\/togo\/wp-json\/wp\/v2\/types\/post"}],"author":[{"embeddable":true,"href":"https:\/\/www.africa-press.net\/togo\/wp-json\/wp\/v2\/users\/82"}],"replies":[{"embeddable":true,"href":"https:\/\/www.africa-press.net\/togo\/wp-json\/wp\/v2\/comments?post=18426"}],"version-history":[{"count":0,"href":"https:\/\/www.africa-press.net\/togo\/wp-json\/wp\/v2\/posts\/18426\/revisions"}],"wp:featuredmedia":[{"embeddable":true,"href":"https:\/\/www.africa-press.net\/togo\/wp-json\/wp\/v2\/media\/18425"}],"wp:attachment":[{"href":"https:\/\/www.africa-press.net\/togo\/wp-json\/wp\/v2\/media?parent=18426"}],"wp:term":[{"taxonomy":"category","embeddable":true,"href":"https:\/\/www.africa-press.net\/togo\/wp-json\/wp\/v2\/categories?post=18426"},{"taxonomy":"post_tag","embeddable":true,"href":"https:\/\/www.africa-press.net\/togo\/wp-json\/wp\/v2\/tags?post=18426"}],"curies":[{"name":"wp","href":"https:\/\/api.w.org\/{rel}","templated":true}]}}