{"id":18431,"date":"2023-03-13T12:32:36","date_gmt":"2023-03-13T12:32:36","guid":{"rendered":"https:\/\/www.africa-press.net\/togo\/politique\/togo-ferdinand-ayite-ne-pouvait-pas-se-jeter-dans-la-gueule-du-loup"},"modified":"2023-03-13T12:44:26","modified_gmt":"2023-03-13T12:44:26","slug":"togo-ferdinand-ayite-ne-pouvait-pas-se-jeter-dans-la-gueule-du-loup","status":"publish","type":"post","link":"https:\/\/www.africa-press.net\/togo\/politique\/togo-ferdinand-ayite-ne-pouvait-pas-se-jeter-dans-la-gueule-du-loup","title":{"rendered":"Togo\u2013Ferdinand Ayit\u00e9 ne pouvait pas se jeter dans la gueule du loup"},"content":{"rendered":"<p><span style=\"color: #ff6600\"><strong>Africa-Press &#8211; Togo. <\/strong><\/span><b>Dans un entretien accorde\u0301 aux confre\u0300res de TogoInfos, Me Raphael Kpande-Adzare s\u2019est prononce\u0301 sur les raisons qui auraient pu pousser le patron du bihebdomadaire togolais L\u2019Alternative a\u0300 \u00ab se mettre a\u0300 l\u2019abri \u00bb, e\u0301vitant de se pre\u0301senter a\u0300 la convocation du Service Central de Recherches et d\u2019Investigations Criminelles (SCRIC) du Togo.<\/b><\/p>\n<p>La liste des exile\u0301s togolais continue de s\u2019allonger avec l\u2019enregistrement du journaliste d\u2019investigation Ferdinand Ayite\u0301 qui, selon les informations, ne serait plus sur le territoire. Cette information surprend beaucoup d\u2019observateurs car ce professionnel des me\u0301dias est connu pour sa te\u0301me\u0301rite\u0301 et sa te\u0301nacite\u0301. Il a d\u2019ailleurs a\u0300 plusieurs reprises e\u0301te\u0301 prive\u0301 de sa liberte\u0301 dans l\u2019exercice de sa profession.<\/p>\n<p>Questionne\u0301 sur ce sujet, Me Raphae\u0308l Kpande-Adzare, ancien Pre\u0301sident de la Ligue Togolaise des Droits de l\u2019Homme (LTDH), estime qu\u2019on ne peut dire que Ferdinand Ayite\u0301 \u00ab <b>a volontairement choisi de se mettre a\u0300 l\u2019abri<\/b> \u00bb, car \u00ab <b>nul ne peut volontairement quitter son pays dans des circonstances pareilles<\/b> \u00bb, c\u2019est-a\u0300-dire \u00ab <b>les circonstances dans lesquelles Ferdinand Ayite\u0301 a de\u0301cide\u0301 de quitter le Togo<\/b> \u00bb.<\/p>\n<p>Pour le de\u0301fenseur des droits de l\u2019Homme, le harce\u0300lement et les tracasseries judiciaires subis par le journaliste et son organe ne sont pas de nature a\u0300 le rassurer sur les tenants et les aboutissants de l\u2019audience correctionnelle pour laquelle il e\u0301tait cite\u0301 a\u0300 comparai\u0302tre le mercredi 08 mars dernier. En plus \u00ab <b>demander a\u0300 Ferdinand Ayite\u0301 de se constituer prisonnier alors qu\u2019il n\u2019est pas dirige\u0301 contre lui un proce\u0300s d\u2019assise ou un proce\u0300s criminel<\/b> \u00bb en le convoquant au SCRIC un dimanche a\u0300 15 heures, est un e\u0301le\u0301ment qui \u00ab sort de l\u2019ordinaire \u00bb.<\/p>\n<p>Au regard de tous ces signes pre\u0301curseurs, Me Raphae\u0308l Kpande-Adzare pense que probablement ce qui \u00ab <b>attendait Ferdinand Ayite\u0301 le mercredi 08 mars, c\u2019e\u0301tait de le condamner et l\u2019envoyer au fin fond d\u2019une prison<\/b> \u00bb.<\/p>\n<p>\u00ab <b>On ne peut donc se jeter dans la gueule du loup<\/b> \u00bb, conclut l\u2019avocat au barreau du Togo.<\/p>\n<p><strong>Pour plus d&rsquo;informations et d&rsquo;analyses sur la <a href=\"https:\/\/www.africa-press.net\/togo\">Togo<\/a>, suivez <a href=\"https:\/\/www.africa-press.net\/\">Africa-Press<\/a><\/strong><\/p>\n","protected":false},"excerpt":{"rendered":"<p>Africa-Press &#8211; Togo. Dans un entretien accorde\u0301 aux confre\u0300res de TogoInfos, Me Raphael Kpande-Adzare s\u2019est prononce\u0301 sur les raisons qui auraient pu pousser le patron du bihebdomadaire togolais L\u2019Alternative a\u0300 \u00ab se mettre a\u0300 l\u2019abri \u00bb, e\u0301vitant de se pre\u0301senter a\u0300 la convocation du Service Central de Recherches et d\u2019Investigations Criminelles (SCRIC) du Togo. La [&hellip;]<\/p>\n","protected":false},"author":82,"featured_media":18430,"comment_status":"open","ping_status":"closed","sticky":false,"template":"","format":"standard","meta":{"footnotes":""},"categories":[2,10],"tags":[36,49,50],"class_list":["post-18431","post","type-post","status-publish","format-standard","has-post-thumbnail","hentry","category-politique","category-toutes-les-actualites","tag-africa-press","tag-africa-press-togo","tag-togo"],"yoast_head":"<!-- This site is optimized with the Yoast SEO Premium plugin v26.1 (Yoast SEO v27.0) - https:\/\/yoast.com\/product\/yoast-seo-premium-wordpress\/ -->\n<title>Togo\u2013Ferdinand Ayit\u00e9 ne pouvait pas se jeter dans la gueule du loup - Togo<\/title>\n<meta name=\"description\" content=\"Dans un entretien accorde\u0301 aux confre\u0300res de TogoInfos, Me Raphael Kpande-Adzare s\u2019est prononce\u0301 sur les raisons qui ...\" \/>\n<meta name=\"robots\" content=\"index, follow, max-snippet:-1, max-image-preview:large, max-video-preview:-1\" \/>\n<link rel=\"canonical\" href=\"https:\/\/www.africa-press.net\/togo\/politique\/togo-ferdinand-ayite-ne-pouvait-pas-se-jeter-dans-la-gueule-du-loup\" \/>\n<meta property=\"og:locale\" content=\"fr_FR\" \/>\n<meta property=\"og:type\" content=\"article\" \/>\n<meta property=\"og:title\" content=\"Togo\u2013Ferdinand Ayit\u00e9 ne pouvait pas se jeter dans la gueule du loup\" \/>\n<meta property=\"og:description\" content=\"Dans un entretien accorde\u0301 aux confre\u0300res de TogoInfos, Me Raphael Kpande-Adzare s\u2019est prononce\u0301 sur les raisons qui ...\" \/>\n<meta property=\"og:url\" content=\"https:\/\/www.africa-press.net\/togo\/politique\/togo-ferdinand-ayite-ne-pouvait-pas-se-jeter-dans-la-gueule-du-loup\" \/>\n<meta property=\"og:site_name\" content=\"Togo\" \/>\n<meta property=\"article:published_time\" content=\"2023-03-13T12:32:36+00:00\" \/>\n<meta property=\"article:modified_time\" content=\"2023-03-13T12:44:26+00:00\" \/>\n<meta property=\"og:image\" content=\"https:\/\/static.africa-press.net\/togo\/sites\/58\/2023\/03\/postQueueImg_1678698160.91.jpg\" \/>\n\t<meta property=\"og:image:width\" content=\"1280\" \/>\n\t<meta property=\"og:image:height\" content=\"802\" \/>\n\t<meta property=\"og:image:type\" content=\"image\/jpeg\" \/>\n<meta name=\"author\" content=\"cfeditorfr\" \/>\n<meta name=\"twitter:card\" content=\"summary_large_image\" \/>\n<meta name=\"twitter:label1\" content=\"\u00c9crit par\" \/>\n\t<meta name=\"twitter:data1\" content=\"cfeditorfr\" \/>\n\t<meta name=\"twitter:label2\" content=\"Dur\u00e9e de lecture estim\u00e9e\" \/>\n\t<meta name=\"twitter:data2\" content=\"2 minutes\" \/>\n<script type=\"application\/ld+json\" class=\"yoast-schema-graph\">{\"@context\":\"https:\/\/schema.org\",\"@graph\":[{\"@type\":\"Article\",\"@id\":\"https:\/\/www.africa-press.net\/togo\/politique\/togo-ferdinand-ayite-ne-pouvait-pas-se-jeter-dans-la-gueule-du-loup#article\",\"isPartOf\":{\"@id\":\"https:\/\/www.africa-press.net\/togo\/politique\/togo-ferdinand-ayite-ne-pouvait-pas-se-jeter-dans-la-gueule-du-loup\"},\"author\":{\"name\":\"cfeditorfr\",\"@id\":\"https:\/\/www.africa-press.net\/togo\/#\/schema\/person\/2b1cf3cd81a31e3cd26889ca66d677f1\"},\"headline\":\"Togo\u2013Ferdinand Ayit\u00e9 ne pouvait pas se jeter dans la gueule du loup\",\"datePublished\":\"2023-03-13T12:32:36+00:00\",\"dateModified\":\"2023-03-13T12:44:26+00:00\",\"mainEntityOfPage\":{\"@id\":\"https:\/\/www.africa-press.net\/togo\/politique\/togo-ferdinand-ayite-ne-pouvait-pas-se-jeter-dans-la-gueule-du-loup\"},\"wordCount\":380,\"commentCount\":0,\"image\":{\"@id\":\"https:\/\/www.africa-press.net\/togo\/politique\/togo-ferdinand-ayite-ne-pouvait-pas-se-jeter-dans-la-gueule-du-loup#primaryimage\"},\"thumbnailUrl\":\"https:\/\/static.africa-press.net\/togo\/sites\/58\/2023\/03\/postQueueImg_1678698160.91.jpg\",\"keywords\":[\"Africa Press\",\"Africa Press-Togo\",\"Togo\"],\"articleSection\":[\"Politique\",\"Toutes les actualit\u00e9s\"],\"inLanguage\":\"fr-FR\",\"potentialAction\":[{\"@type\":\"CommentAction\",\"name\":\"Comment\",\"target\":[\"https:\/\/www.africa-press.net\/togo\/politique\/togo-ferdinand-ayite-ne-pouvait-pas-se-jeter-dans-la-gueule-du-loup#respond\"]}]},{\"@type\":\"WebPage\",\"@id\":\"https:\/\/www.africa-press.net\/togo\/politique\/togo-ferdinand-ayite-ne-pouvait-pas-se-jeter-dans-la-gueule-du-loup\",\"url\":\"https:\/\/www.africa-press.net\/togo\/politique\/togo-ferdinand-ayite-ne-pouvait-pas-se-jeter-dans-la-gueule-du-loup\",\"name\":\"Togo\u2013Ferdinand Ayit\u00e9 ne pouvait pas se jeter dans la gueule du loup - Togo\",\"isPartOf\":{\"@id\":\"https:\/\/www.africa-press.net\/togo\/#website\"},\"primaryImageOfPage\":{\"@id\":\"https:\/\/www.africa-press.net\/togo\/politique\/togo-ferdinand-ayite-ne-pouvait-pas-se-jeter-dans-la-gueule-du-loup#primaryimage\"},\"image\":{\"@id\":\"https:\/\/www.africa-press.net\/togo\/politique\/togo-ferdinand-ayite-ne-pouvait-pas-se-jeter-dans-la-gueule-du-loup#primaryimage\"},\"thumbnailUrl\":\"https:\/\/static.africa-press.net\/togo\/sites\/58\/2023\/03\/postQueueImg_1678698160.91.jpg\",\"datePublished\":\"2023-03-13T12:32:36+00:00\",\"dateModified\":\"2023-03-13T12:44:26+00:00\",\"author\":{\"@id\":\"https:\/\/www.africa-press.net\/togo\/#\/schema\/person\/2b1cf3cd81a31e3cd26889ca66d677f1\"},\"description\":\"Dans un entretien accorde\u0301 aux confre\u0300res de TogoInfos, Me Raphael Kpande-Adzare s\u2019est prononce\u0301 sur les raisons qui ...\",\"breadcrumb\":{\"@id\":\"https:\/\/www.africa-press.net\/togo\/politique\/togo-ferdinand-ayite-ne-pouvait-pas-se-jeter-dans-la-gueule-du-loup#breadcrumb\"},\"inLanguage\":\"fr-FR\",\"potentialAction\":[{\"@type\":\"ReadAction\",\"target\":[\"https:\/\/www.africa-press.net\/togo\/politique\/togo-ferdinand-ayite-ne-pouvait-pas-se-jeter-dans-la-gueule-du-loup\"]}]},{\"@type\":\"ImageObject\",\"inLanguage\":\"fr-FR\",\"@id\":\"https:\/\/www.africa-press.net\/togo\/politique\/togo-ferdinand-ayite-ne-pouvait-pas-se-jeter-dans-la-gueule-du-loup#primaryimage\",\"url\":\"https:\/\/static.africa-press.net\/togo\/sites\/58\/2023\/03\/postQueueImg_1678698160.91.jpg\",\"contentUrl\":\"https:\/\/static.africa-press.net\/togo\/sites\/58\/2023\/03\/postQueueImg_1678698160.91.jpg\",\"width\":1280,\"height\":802,\"caption\":\"Togo\u2013Ferdinand Ayit\u00e9 ne pouvait pas se jeter dans la gueule du loup\"},{\"@type\":\"BreadcrumbList\",\"@id\":\"https:\/\/www.africa-press.net\/togo\/politique\/togo-ferdinand-ayite-ne-pouvait-pas-se-jeter-dans-la-gueule-du-loup#breadcrumb\",\"itemListElement\":[{\"@type\":\"ListItem\",\"position\":1,\"name\":\"Accueil\",\"item\":\"https:\/\/www.africa-press.net\/togo\/\"},{\"@type\":\"ListItem\",\"position\":2,\"name\":\"Togo\u2013Ferdinand Ayit\u00e9 ne pouvait pas se jeter dans la gueule du loup\"}]},{\"@type\":\"WebSite\",\"@id\":\"https:\/\/www.africa-press.net\/togo\/#website\",\"url\":\"https:\/\/www.africa-press.net\/togo\/\",\"name\":\"Togo\",\"description\":\"Just another Africa News Agency Sites site\",\"potentialAction\":[{\"@type\":\"SearchAction\",\"target\":{\"@type\":\"EntryPoint\",\"urlTemplate\":\"https:\/\/www.africa-press.net\/togo\/?s={search_term_string}\"},\"query-input\":{\"@type\":\"PropertyValueSpecification\",\"valueRequired\":true,\"valueName\":\"search_term_string\"}}],\"inLanguage\":\"fr-FR\"},{\"@type\":\"Person\",\"@id\":\"https:\/\/www.africa-press.net\/togo\/#\/schema\/person\/2b1cf3cd81a31e3cd26889ca66d677f1\",\"name\":\"cfeditorfr\"}]}<\/script>\n<!-- \/ Yoast SEO Premium plugin. -->","yoast_head_json":{"title":"Togo\u2013Ferdinand Ayit\u00e9 ne pouvait pas se jeter dans la gueule du loup - Togo","description":"Dans un entretien accorde\u0301 aux confre\u0300res de TogoInfos, Me Raphael Kpande-Adzare s\u2019est prononce\u0301 sur les raisons qui ...","robots":{"index":"index","follow":"follow","max-snippet":"max-snippet:-1","max-image-preview":"max-image-preview:large","max-video-preview":"max-video-preview:-1"},"canonical":"https:\/\/www.africa-press.net\/togo\/politique\/togo-ferdinand-ayite-ne-pouvait-pas-se-jeter-dans-la-gueule-du-loup","og_locale":"fr_FR","og_type":"article","og_title":"Togo\u2013Ferdinand Ayit\u00e9 ne pouvait pas se jeter dans la gueule du loup","og_description":"Dans un entretien accorde\u0301 aux confre\u0300res de TogoInfos, Me Raphael Kpande-Adzare s\u2019est prononce\u0301 sur les raisons qui ...","og_url":"https:\/\/www.africa-press.net\/togo\/politique\/togo-ferdinand-ayite-ne-pouvait-pas-se-jeter-dans-la-gueule-du-loup","og_site_name":"Togo","article_published_time":"2023-03-13T12:32:36+00:00","article_modified_time":"2023-03-13T12:44:26+00:00","og_image":[{"width":1280,"height":802,"url":"https:\/\/static.africa-press.net\/togo\/sites\/58\/2023\/03\/postQueueImg_1678698160.91.jpg","type":"image\/jpeg"}],"author":"cfeditorfr","twitter_card":"summary_large_image","twitter_misc":{"\u00c9crit par":"cfeditorfr","Dur\u00e9e de lecture estim\u00e9e":"2 minutes"},"schema":{"@context":"https:\/\/schema.org","@graph":[{"@type":"Article","@id":"https:\/\/www.africa-press.net\/togo\/politique\/togo-ferdinand-ayite-ne-pouvait-pas-se-jeter-dans-la-gueule-du-loup#article","isPartOf":{"@id":"https:\/\/www.africa-press.net\/togo\/politique\/togo-ferdinand-ayite-ne-pouvait-pas-se-jeter-dans-la-gueule-du-loup"},"author":{"name":"cfeditorfr","@id":"https:\/\/www.africa-press.net\/togo\/#\/schema\/person\/2b1cf3cd81a31e3cd26889ca66d677f1"},"headline":"Togo\u2013Ferdinand Ayit\u00e9 ne pouvait pas se jeter dans la gueule du loup","datePublished":"2023-03-13T12:32:36+00:00","dateModified":"2023-03-13T12:44:26+00:00","mainEntityOfPage":{"@id":"https:\/\/www.africa-press.net\/togo\/politique\/togo-ferdinand-ayite-ne-pouvait-pas-se-jeter-dans-la-gueule-du-loup"},"wordCount":380,"commentCount":0,"image":{"@id":"https:\/\/www.africa-press.net\/togo\/politique\/togo-ferdinand-ayite-ne-pouvait-pas-se-jeter-dans-la-gueule-du-loup#primaryimage"},"thumbnailUrl":"https:\/\/static.africa-press.net\/togo\/sites\/58\/2023\/03\/postQueueImg_1678698160.91.jpg","keywords":["Africa Press","Africa Press-Togo","Togo"],"articleSection":["Politique","Toutes les actualit\u00e9s"],"inLanguage":"fr-FR","potentialAction":[{"@type":"CommentAction","name":"Comment","target":["https:\/\/www.africa-press.net\/togo\/politique\/togo-ferdinand-ayite-ne-pouvait-pas-se-jeter-dans-la-gueule-du-loup#respond"]}]},{"@type":"WebPage","@id":"https:\/\/www.africa-press.net\/togo\/politique\/togo-ferdinand-ayite-ne-pouvait-pas-se-jeter-dans-la-gueule-du-loup","url":"https:\/\/www.africa-press.net\/togo\/politique\/togo-ferdinand-ayite-ne-pouvait-pas-se-jeter-dans-la-gueule-du-loup","name":"Togo\u2013Ferdinand Ayit\u00e9 ne pouvait pas se jeter dans la gueule du loup - Togo","isPartOf":{"@id":"https:\/\/www.africa-press.net\/togo\/#website"},"primaryImageOfPage":{"@id":"https:\/\/www.africa-press.net\/togo\/politique\/togo-ferdinand-ayite-ne-pouvait-pas-se-jeter-dans-la-gueule-du-loup#primaryimage"},"image":{"@id":"https:\/\/www.africa-press.net\/togo\/politique\/togo-ferdinand-ayite-ne-pouvait-pas-se-jeter-dans-la-gueule-du-loup#primaryimage"},"thumbnailUrl":"https:\/\/static.africa-press.net\/togo\/sites\/58\/2023\/03\/postQueueImg_1678698160.91.jpg","datePublished":"2023-03-13T12:32:36+00:00","dateModified":"2023-03-13T12:44:26+00:00","author":{"@id":"https:\/\/www.africa-press.net\/togo\/#\/schema\/person\/2b1cf3cd81a31e3cd26889ca66d677f1"},"description":"Dans un entretien accorde\u0301 aux confre\u0300res de TogoInfos, Me Raphael Kpande-Adzare s\u2019est prononce\u0301 sur les raisons qui ...","breadcrumb":{"@id":"https:\/\/www.africa-press.net\/togo\/politique\/togo-ferdinand-ayite-ne-pouvait-pas-se-jeter-dans-la-gueule-du-loup#breadcrumb"},"inLanguage":"fr-FR","potentialAction":[{"@type":"ReadAction","target":["https:\/\/www.africa-press.net\/togo\/politique\/togo-ferdinand-ayite-ne-pouvait-pas-se-jeter-dans-la-gueule-du-loup"]}]},{"@type":"ImageObject","inLanguage":"fr-FR","@id":"https:\/\/www.africa-press.net\/togo\/politique\/togo-ferdinand-ayite-ne-pouvait-pas-se-jeter-dans-la-gueule-du-loup#primaryimage","url":"https:\/\/static.africa-press.net\/togo\/sites\/58\/2023\/03\/postQueueImg_1678698160.91.jpg","contentUrl":"https:\/\/static.africa-press.net\/togo\/sites\/58\/2023\/03\/postQueueImg_1678698160.91.jpg","width":1280,"height":802,"caption":"Togo\u2013Ferdinand Ayit\u00e9 ne pouvait pas se jeter dans la gueule du loup"},{"@type":"BreadcrumbList","@id":"https:\/\/www.africa-press.net\/togo\/politique\/togo-ferdinand-ayite-ne-pouvait-pas-se-jeter-dans-la-gueule-du-loup#breadcrumb","itemListElement":[{"@type":"ListItem","position":1,"name":"Accueil","item":"https:\/\/www.africa-press.net\/togo\/"},{"@type":"ListItem","position":2,"name":"Togo\u2013Ferdinand Ayit\u00e9 ne pouvait pas se jeter dans la gueule du loup"}]},{"@type":"WebSite","@id":"https:\/\/www.africa-press.net\/togo\/#website","url":"https:\/\/www.africa-press.net\/togo\/","name":"Togo","description":"Just another Africa News Agency Sites site","potentialAction":[{"@type":"SearchAction","target":{"@type":"EntryPoint","urlTemplate":"https:\/\/www.africa-press.net\/togo\/?s={search_term_string}"},"query-input":{"@type":"PropertyValueSpecification","valueRequired":true,"valueName":"search_term_string"}}],"inLanguage":"fr-FR"},{"@type":"Person","@id":"https:\/\/www.africa-press.net\/togo\/#\/schema\/person\/2b1cf3cd81a31e3cd26889ca66d677f1","name":"cfeditorfr"}]}},"_links":{"self":[{"href":"https:\/\/www.africa-press.net\/togo\/wp-json\/wp\/v2\/posts\/18431","targetHints":{"allow":["GET"]}}],"collection":[{"href":"https:\/\/www.africa-press.net\/togo\/wp-json\/wp\/v2\/posts"}],"about":[{"href":"https:\/\/www.africa-press.net\/togo\/wp-json\/wp\/v2\/types\/post"}],"author":[{"embeddable":true,"href":"https:\/\/www.africa-press.net\/togo\/wp-json\/wp\/v2\/users\/82"}],"replies":[{"embeddable":true,"href":"https:\/\/www.africa-press.net\/togo\/wp-json\/wp\/v2\/comments?post=18431"}],"version-history":[{"count":0,"href":"https:\/\/www.africa-press.net\/togo\/wp-json\/wp\/v2\/posts\/18431\/revisions"}],"wp:featuredmedia":[{"embeddable":true,"href":"https:\/\/www.africa-press.net\/togo\/wp-json\/wp\/v2\/media\/18430"}],"wp:attachment":[{"href":"https:\/\/www.africa-press.net\/togo\/wp-json\/wp\/v2\/media?parent=18431"}],"wp:term":[{"taxonomy":"category","embeddable":true,"href":"https:\/\/www.africa-press.net\/togo\/wp-json\/wp\/v2\/categories?post=18431"},{"taxonomy":"post_tag","embeddable":true,"href":"https:\/\/www.africa-press.net\/togo\/wp-json\/wp\/v2\/tags?post=18431"}],"curies":[{"name":"wp","href":"https:\/\/api.w.org\/{rel}","templated":true}]}}