{"id":18439,"date":"2023-03-13T12:32:57","date_gmt":"2023-03-13T12:32:57","guid":{"rendered":"https:\/\/www.africa-press.net\/togo\/politique\/togo-attaques-terroristes-gestion-de-fonds-covid-19-les-eveques-sans-concession"},"modified":"2023-03-13T12:47:17","modified_gmt":"2023-03-13T12:47:17","slug":"togo-attaques-terroristes-gestion-de-fonds-covid-19-les-eveques-sans-concession","status":"publish","type":"post","link":"https:\/\/www.africa-press.net\/togo\/toutes-les-actualites\/togo-attaques-terroristes-gestion-de-fonds-covid-19-les-eveques-sans-concession","title":{"rendered":"Togo-Attaques terroristes, gestion de fonds Covid-19\u2026 les \u00e9v\u00eaques sans concession"},"content":{"rendered":"<p><span style=\"color: #ff6600\"><strong>Africa-Press &#8211; Togo. <\/strong><\/span><b>A l\u2019issue de la 132e\u0300 session ordinaire de la Confe\u0301rence des e\u0301ve\u0302ques du Togo, les pre\u0302tres se sont prononce\u0301s sur plusieurs sujets d\u2019actualite\u0301 dans un style sobre mais since\u0300re.<\/b><br \/>\n<b>132e\u0300me SESSION ORDINAIRE DE LA CONFE\u0301RENCE DES E\u0301VE\u0302QUES DU TOGO (CET)<\/b><br \/>\n<b>COMMUNIQUE DE PRESSE<\/b><\/p>\n<p>Du 07 au 10 mars 2023, les E\u0301ve\u0302ques du Togo se sont re\u0301unis en Session ordinaire, la premie\u0300re de l\u2019anne\u0301e civile en cours.<\/p>\n<p><b>Formation permanente.<\/b><\/p>\n<p>Cette session a e\u0301te\u0301 pre\u0301ce\u0301de\u0301e le 6 mars 2023, d\u2019une journe\u0301e de formation permanente dans le domaine du Droit Canonique et celui de l\u2019Enseignement Catholique. Concernant le Droit Canonique, les E\u0301ve\u0302ques ont e\u0301change\u0301 avec trois pre\u0302tres membres du Re\u0301seau des Canonistes du Togo, sur l\u2019essentiel de la Lettre Apostolique sous forme de Motu Proprio, Competentias quasdam decerneredu 11 fe\u0301vrier 2022 du Pape Franc\u0327ois, par laquelle sont modifie\u0301es certaines normes du Code de Droit Canonique, et du Code des Canons des E\u0301glises Orientales. Ils ont e\u0301te\u0301 instruits sur l\u2019application du principe de subsidiarite\u0301 comme substrat du Motu Proprio en re\u0301vision du Code de 1917, e\u0301crit dans le but de cre\u0301er une dynamique de proximite\u0301 dans l\u2019E\u0301glise, avec une saine de\u0301centralisation.<\/p>\n<p>Avec le Directeur National de l\u2019Enseignement Catholique, les E\u0301ve\u0302ques ont suivi la Pre\u0301sentation du Corpus des Textes juridiques de l\u2019institution, adopte\u0301s dernie\u0300rement, en vue de leur appropriation. Il s\u2019est agi de la pre\u0301sentation des re\u0301alite\u0301s de l\u2019anne\u0301e acade\u0301mique 2022-2023 de l\u2019Enseignement Catholique a\u0300 travers les De\u0301crets de promulgation des diffe\u0301rents statuts et organes, et autres textes de l\u2019Enseignement Catholique.<\/p>\n<p><b>Entretien avec le Nonce Apostolique.<\/b><\/p>\n<p>Le Nonce Apostolique au Togo, Mgr Mark Gerard MILES, lors de son entretien avec les E\u0301ve\u0302ques, a d\u2019abord aborde\u0301 le message de Care\u0302me 2023 du Pape Franc\u0327ois qui appelle a\u0300 la conversion, une E\u0301glise en marche vers la ce\u0301le\u0301bration de Pa\u0302ques. Dans l\u2019esprit de la marche synodale, il importe de n\u2019e\u0302tre ni divise\u0301, ni de\u0301courage\u0301, jusqu\u2019a\u0300 l\u2019arrive\u0301e au sommet de la montagne. En vue de notre transfiguration, le Pape propose deux sentiers : e\u0301couter Je\u0301sus dans sa parole de me\u0302me qu\u2019a\u0300 travers le visage de ses fre\u0300res, et ne pas se re\u0301fugier dans une religiosite\u0301 faite d\u2019e\u0301ve\u0301nements extraordinaires.<\/p>\n<p>Le Nonce Apostolique a ensuite pre\u0301sente\u0301 quelques e\u0301le\u0301ments du Discours du Pape a\u0300 la Curie Romaine, a\u0300 l\u2019occasion des v\u0153ux de Noe\u0308l 2022, ou\u0300 le Souverain Pontife a fait savoir que pour lutter contre les tentateurs de\u0301guise\u0301s, il faut e\u0301viter de se fier a\u0300 soi-me\u0302me, et d\u2019avoir une attitude constante de vigilance qui s\u2019entretient, a\u0300 travers la pratique quotidienne de l\u2019examen de conscience.<\/p>\n<p>E\u0301voquant le 10e\u0300me anniversaire du Pontificat du Pape Franc\u0327ois ce 13 mars 2023, le Nonce Apostolique a demande\u0301 aux E\u0301ve\u0302ques d\u2019inviter l\u2019E\u0301glise Famille-de-Dieu au Togo, a\u0300 prier pour le Saint Pe\u0300re. Il a annonce\u0301 que la ce\u0301le\u0301bration de cet anniversaire par la Nonciature sera reporte\u0301e sur le 29 juin 2023, en la solennite\u0301 des saints Apo\u0302tres Pierre et Paul.<\/p>\n<p><b>Les audiences.<\/b><\/p>\n<p>Dans le but d\u2019e\u0301changer sur des sujets d\u2019inte\u0301re\u0302t socio-pastoraux, les E\u0301ve\u0302ques ont rec\u0327u d\u2019abord, le Secre\u0301taire Ge\u0301ne\u0301ral de l\u2019\u0152uvre de Solidarite\u0301 Sacerdotale\u2013Togo (OSS-T) le RP Dieudonne\u0301 BANTAGUETE, ensuite le nouveau Responsable de Catholic Relief Services (CRS) M. Anicet NEMEYIMANA, et enfin, le Directeur National de l\u2019Enseignement Catholique le RP Pierre-Chanel AFFOGNON.<\/p>\n<p>Ils ont tour a\u0300 tour donne\u0301 aux E\u0301ve\u0302ques, des communications relatives a\u0300 leurs domaines de mission. Le Repre\u0301sentant de CRS, pour sa premie\u0300re rencontre avec les E\u0301ve\u0302ques en Session, a pre\u0301sente\u0301 les grandes lignes d\u2019action de son Institution au Togo. Le Directeur National de l\u2019Enseignement Catholique a fait le point de la rencontre annuelle de formation des chefs d\u2019E\u0301tablissement avec le Conseil Permanent de l\u2019Enseignement Catholique (COPEC) a\u0300 Kpalime\u0301, du 6 au 10 mars 2023. Il a e\u0301galement pre\u0301sente\u0301 les activite\u0301s du jubile\u0301 des 130 ans de l\u2019Enseignement Catholique au Togo, depuis son lancement le 19 novembre 2022, de me\u0302me que celles qui sont au programme durant toute l\u2019anne\u0301e jubilaire. Les E\u0301ve\u0302ques saluent ici tous les acteurs, ainsi que tous les partenaires de l\u2019Enseignement Catholique, pour leur noble mission de formation de tout l\u2019homme.<\/p>\n<p><b>Le Synode sur la synodalite\u0301.<\/b><\/p>\n<p>Tel qu\u2019annonce\u0301 a\u0300 l\u2019Ange\u0301lus du16 octobre 2022 par le Pape Franc\u0327ois, la prochaine Assemble\u0301e du Synode des E\u0301ve\u0302ques se tiendra en deux sessions, du 4 au 29 octobre 2023, puis en octobre 2024. Les E\u0301ve\u0302ques du Togo se fe\u0301licitent de la participation active de la de\u0301le\u0301gue\u0301e du Togo Mlle Martine ADANLETE, a\u0300 la phase continentale qui s\u2019est de\u0301roule\u0301e a\u0300 Addis-Abeba en E\u0301thiopie, du 1er au 6 mars 2023. Ils prient le Seigneur, afin que les fruits de ces travaux ouvrent dans le c\u0153ur de chaque chre\u0301tien, la voie d\u2019un \u00ab marcher ensemble \u00bb profitable a\u0300 notre E\u0301glise particulie\u0300re.<\/p>\n<p>A la demande du Secre\u0301tariat du Synode des E\u0301ve\u0302ques, le 31 mai 2023, dernier jour du mois de Marie, est retenu pour une ce\u0301le\u0301bration de soutien a\u0300 la pre\u0301paration de la XVIe\u0300me Assemble\u0301e Ge\u0301ne\u0301rale Ordinaire du Synode des E\u0301ve\u0302ques. Les pre\u0301cisions seront donne\u0301es par chaque E\u0301ve\u0302que pour ce qui est de son dioce\u0300se.<\/p>\n<p><b>La visite ad limina apostolorum.<\/b><\/p>\n<p>Les E\u0301ve\u0302ques se sont penche\u0301s sur leur prochaine visite ad limina apostolorum, (leur Pe\u0300lerinage pe\u0301riodique aux tombes des Apo\u0302tres Pierre et Paul) qui est programme\u0301e du 23 au 28 octobre 2023, et ont commence\u0301 a\u0300 prendre les dispositions ne\u0301cessaires, en vue d\u2019une rencontre fructueuse avec le Souverain Pontife et des Dicaste\u0300res romains.<\/p>\n<p><b>Les comptes rendus des visites des E\u0301ve\u0302ques dans les se\u0301minaires.<\/b><\/p>\n<p>A la rentre\u0301e acade\u0301mique 2022-2023, la CET s\u2019est constitue\u0301e en groupes de deux ou trois E\u0301ve\u0302ques, pour visiter les trois Grands Se\u0301minaires. Ils ont pre\u0301sente\u0301 des comptes rendus de ces visites et analyse\u0301 les re\u0301flexions, les pre\u0301occupations, les propositions ainsi que les dole\u0301ances, tant des se\u0301minaristes que des formateurs, en vue de meilleures dispositions a\u0300 prendre.<\/p>\n<p><b>Visite au Se\u0301minaire Saint Jean Paul II.<\/b><\/p>\n<p>Faisant suite a\u0300 une de\u0301cision prise a\u0300 leur Session de mars 2022, les E\u0301ve\u0302ques ont de\u0301sormais au programme, une visite pastorale au Grand Se\u0301minaire Saint Jean Paul II, en marge de leur premie\u0300re Session ordinaire de chaque anne\u0301e.<\/p>\n<p>Ils y ont ainsi rencontre\u0301 les formateurs a\u0300 qui ils ont rappele\u0301 leur devoir de stabilite\u0301, d\u2019exemplarite\u0301 et de fide\u0301lite\u0301. Les E\u0301ve\u0302ques fe\u0301licitent ici les formateurs, et les encouragent dans leur de\u0301licate mission.<\/p>\n<p>Les se\u0301minaristes quant a\u0300 eux, ont e\u0301te\u0301 invite\u0301s par les E\u0301ve\u0302ques a\u0300 e\u0302tre se\u0301rieux, since\u0300res, disponibles et a\u0300 se laisser former. Les E\u0301ve\u0302ques saisissent l\u2019occasion pour rappeler aux familles, aux communaute\u0301s dioce\u0301saines et paroissiales leurs responsabilite\u0301s de s\u2019impliquer positivement dans la formation des futurs pre\u0302tres.<\/p>\n<p>Ils exhortent les fide\u0300les a\u0300 prier pour les formateurs, afin que toutes leurs actions et de\u0301cisions coi\u0308ncident avec la volonte\u0301 de Dieu pour son E\u0301glise.<\/p>\n<p><b>La situation se\u0301curitaire dans la re\u0301gion des savanes.<\/b><\/p>\n<p>Il y a de cela quelques mois, la Confe\u0301rence des E\u0301ve\u0302ques du Togo avait lance\u0301 un appel de solidarite\u0301, en faveur des populations de la re\u0301gion des Savanes, victimes de l\u2019extre\u0301misme violent. Ils remercient une fois encore, tous ceux et celles qui ont contribue\u0301, pour peu, par leurs dons, a\u0300 soulager les victimes. A ce jour, la situation demeure toujours pre\u0301occupante, avec un nombre croissant de de\u0301place\u0301s. A cet e\u0301gard, la solidarite\u0301 n\u2019e\u0301tant pas une action ponctuelle mais permanente, les E\u0301ve\u0302ques re\u0301ite\u0300rent ici leur invitation a\u0300 tous, chre\u0301tiens, femmes et hommes de bonne volonte\u0301, pour une mobilisation de soutien tant morale que financie\u0300re a\u0300 l\u2019endroit de ceux qui sont touche\u0301s par ce drame. Les E\u0301ve\u0302ques exhortent les autorite\u0301s compe\u0301tentes, a\u0300 poursuivre leurs efforts, afin de mettre fin a\u0300 cette trage\u0301die.<\/p>\n<p><b>Mgr KPODZRO.<\/b><\/p>\n<p>De\u0300s l\u2019ouverture de leurs travaux, les E\u0301ve\u0302ques ont e\u0301change\u0301 longuement avec le Nonce apostolique sur la situation de leur confre\u0300re ai\u0302ne\u0301 Monseigneur Philippe Fanoko KPODZRO.<\/p>\n<p>La CET lui renouve\u0300le sa proximite\u0301, continue de travailler pour son retour, et invite le Peuple de Dieu a\u0300 prier pour lui et a\u0300 implorer du Seigneur la gra\u0302ce du discernement, afin que soit trouve\u0301e une solution approprie\u0301e a\u0300 cette malheureuse situation.<\/p>\n<p><b>Rapport de la Cour des Comptes.<\/b><\/p>\n<p>Les Eve\u0302ques ont e\u0301galement e\u0301change\u0301 au sujet du Rapport d\u2019audit de la Cour des Comptes qui, depuis quelques semaines, suscite de vives pole\u0301miques sur la gestion du fonds de riposte et de solidarite\u0301 Covid-19. Ils de\u0301plorent les insuffisances constate\u0301es dans la gestion de ces fonds. Ils de\u0301clarent par ailleurs, n\u2019avoir pas rec\u0327u d\u2019inte\u0301ressement, contrairement aux alle\u0301gations qui circulent sur le sujet.<\/p>\n<p><b>Violence contre les populations subsahariennes en Tunisie.<\/b><\/p>\n<p>Les E\u0301ve\u0302ques condamnent fermement la violence raciale qui s\u2019est de\u0301clenche\u0301e en Tunisie, il y a quelques semaines contre les populations noires et invitent les autorite\u0301s africaines a\u0300 de\u0301noncer cette violation des droits fondamentaux de toute personne humaine tout en apportant l\u2019assistance ne\u0301cessaire aux victimes.<\/p>\n<p><b>Les charges au sein de la CET<\/b><\/p>\n<p>Avec l\u2019ordination du nouvel E\u0301ve\u0302que du dioce\u0300se d\u2019Atakpame\u0301 en la personne de Mgr Moi\u0308se TOUHO, les nouvelles re\u0301partitions des charges des Conseils E\u0301piscopaux et sous-conseils au sein de la CET se pre\u0301sentent comme suit :<\/p>\n<p>Mgr Benoi\u0302t ALOWONOU, Eve\u0302que de Kpalime\u0301, charge\u0301 du Clerge\u0301, des Se\u0301minaires et de la Vie Consacre\u0301e.<\/p>\n<p>Mgr Isaac Jogues GAGLO, E\u0301ve\u0302que d\u2019Ane\u0301ho, charge\u0301 du Lai\u0308cat, de la Famille et de la Vie.<\/p>\n<p>Mgr Nicode\u0300me BARRIGAH-BENISSAN, Archeve\u0302que de Lome\u0301, charge\u0301 du Service E\u0301piscopal du De\u0301veloppement Humain Inte\u0301gral (SEDHI), regroupant Justice et Paix, OCDI\/Caritas, Sante\u0301, Mer\/Migrants et Tourisme.<\/p>\n<p>Mgr Jacques LONGA, E\u0301ve\u0302que de Kara, charge\u0301 de la Cate\u0301che\u0300se, de l\u2019E\u0301vange\u0301lisation et de l\u2019Enseignement Catholique.<\/p>\n<p>Mgr Ce\u0301lestin-Marie GAOUA, E\u0301ve\u0302que de Sokode\u0301, charge\u0301 du Dialogue interreligieux, de l\u2019\u0152cume\u0301nisme et de la Culture.<\/p>\n<p>Mgr Dominique GUIGBILE, E\u0301ve\u0302que de Dapaong, charge\u0301 de la Liturgie, de l\u2019Apostolat Biblique, de la The\u0301ologie et Inculturation.<\/p>\n<p>Mgr Moi\u0308se TOUHO, E\u0301ve\u0302que d\u2019Atakpame\u0301, charge\u0301 des Missions et des Ouvres Pontificales Missionnaires (OPM), ainsi que des Communications Sociales.<\/p>\n<p>Appel a\u0300 la conversion.<\/p>\n<p>La Confe\u0301rence des E\u0301ve\u0302ques invite tous les fide\u0300les a\u0300 se laisser interpeller par le message de ce temps de care\u0302me et l\u2019appel a\u0300 la communion lance\u0301 par le synode sur la synodalite\u0301 dont la phase continentale vient de se tenir a\u0300 Addis Abeba. Les E\u0301ve\u0302ques exhortent chaque fils et fille de l\u2019E\u0301glise a\u0300 se pre\u0301parer a\u0300 la ce\u0301le\u0301bration des fe\u0302tes pascales non seulement a\u0300 travers la prie\u0300re, le jeu\u0302ne et le partage, mais aussi et surtout par une conversion authentique des c\u0153urs qui se traduise par une meilleure pratique de la justice sociale conforme\u0301ment au message du prophe\u0300te Isai\u0308e : \u00ab Le jeu\u0302ne qui me plai\u0302t, n\u2019est-ce pas ceci : faire tomber les chai\u0302nes injustes, de\u0301lier les attaches du joug, rendre la liberte\u0301 aux opprime\u0301s, briser tous les jougs ? N\u2019est-ce pas partager ton pain avec celui qui a faim, accueillir chez toi les pauvres sans abri, couvrir celui que tu verras sans ve\u0302tement, ne pas te de\u0301rober a\u0300 ton semblable ? \u00bb (Isai\u0308e 58,6-7).<\/p>\n<p><strong>Pour plus d&rsquo;informations et d&rsquo;analyses sur la <a href=\"https:\/\/www.africa-press.net\/togo\">Togo<\/a>, suivez <a href=\"https:\/\/www.africa-press.net\/\">Africa-Press<\/a><\/strong><\/p>\n","protected":false},"excerpt":{"rendered":"<p>Africa-Press &#8211; Togo. A l\u2019issue de la 132e\u0300 session ordinaire de la Confe\u0301rence des e\u0301ve\u0302ques du Togo, les pre\u0302tres se sont prononce\u0301s sur plusieurs sujets d\u2019actualite\u0301 dans un style sobre mais since\u0300re. 132e\u0300me SESSION ORDINAIRE DE LA CONFE\u0301RENCE DES E\u0301VE\u0302QUES DU TOGO (CET) COMMUNIQUE DE PRESSE Du 07 au 10 mars 2023, les E\u0301ve\u0302ques du [&hellip;]<\/p>\n","protected":false},"author":82,"featured_media":18437,"comment_status":"open","ping_status":"closed","sticky":false,"template":"","format":"standard","meta":{"footnotes":""},"categories":[21,10],"tags":[36,49,50],"class_list":["post-18439","post","type-post","status-publish","format-standard","has-post-thumbnail","hentry","category-communaute","category-toutes-les-actualites","tag-africa-press","tag-africa-press-togo","tag-togo"],"yoast_head":"<!-- This site is optimized with the Yoast SEO Premium plugin v26.1 (Yoast SEO v27.0) - https:\/\/yoast.com\/product\/yoast-seo-premium-wordpress\/ -->\n<title>Togo-Attaques terroristes, gestion de fonds Covid-19\u2026 les \u00e9v\u00eaques sans concession - Togo<\/title>\n<meta name=\"description\" content=\"A l\u2019issue de la 132e\u0300 session ordinaire de la Confe\u0301rence des e\u0301ve\u0302ques du Togo, les pre\u0302tres se sont prononce\u0301s sur ...\" \/>\n<meta name=\"robots\" content=\"index, follow, max-snippet:-1, max-image-preview:large, max-video-preview:-1\" \/>\n<link rel=\"canonical\" href=\"https:\/\/www.africa-press.net\/togo\/toutes-les-actualites\/togo-attaques-terroristes-gestion-de-fonds-covid-19-les-eveques-sans-concession\" \/>\n<meta property=\"og:locale\" content=\"fr_FR\" \/>\n<meta property=\"og:type\" content=\"article\" \/>\n<meta property=\"og:title\" content=\"Togo-Attaques terroristes, gestion de fonds Covid-19\u2026 les \u00e9v\u00eaques sans concession\" \/>\n<meta property=\"og:description\" content=\"A l\u2019issue de la 132e\u0300 session ordinaire de la Confe\u0301rence des e\u0301ve\u0302ques du Togo, les pre\u0302tres se sont prononce\u0301s sur ...\" \/>\n<meta property=\"og:url\" content=\"https:\/\/www.africa-press.net\/togo\/toutes-les-actualites\/togo-attaques-terroristes-gestion-de-fonds-covid-19-les-eveques-sans-concession\" \/>\n<meta property=\"og:site_name\" content=\"Togo\" \/>\n<meta property=\"article:published_time\" content=\"2023-03-13T12:32:57+00:00\" \/>\n<meta property=\"article:modified_time\" content=\"2023-03-13T12:47:17+00:00\" \/>\n<meta property=\"og:image\" content=\"https:\/\/static.africa-press.net\/togo\/sites\/58\/2023\/03\/postQueueImg_1678698184.57.jpg\" \/>\n\t<meta property=\"og:image:width\" content=\"1280\" \/>\n\t<meta property=\"og:image:height\" content=\"800\" \/>\n\t<meta property=\"og:image:type\" content=\"image\/jpeg\" \/>\n<meta name=\"author\" content=\"cfeditorfr\" \/>\n<meta name=\"twitter:card\" content=\"summary_large_image\" \/>\n<meta name=\"twitter:label1\" content=\"\u00c9crit par\" \/>\n\t<meta name=\"twitter:data1\" content=\"cfeditorfr\" \/>\n\t<meta name=\"twitter:label2\" content=\"Dur\u00e9e de lecture estim\u00e9e\" \/>\n\t<meta name=\"twitter:data2\" content=\"11 minutes\" \/>\n<script type=\"application\/ld+json\" class=\"yoast-schema-graph\">{\"@context\":\"https:\/\/schema.org\",\"@graph\":[{\"@type\":\"Article\",\"@id\":\"https:\/\/www.africa-press.net\/togo\/toutes-les-actualites\/togo-attaques-terroristes-gestion-de-fonds-covid-19-les-eveques-sans-concession#article\",\"isPartOf\":{\"@id\":\"https:\/\/www.africa-press.net\/togo\/toutes-les-actualites\/togo-attaques-terroristes-gestion-de-fonds-covid-19-les-eveques-sans-concession\"},\"author\":{\"name\":\"cfeditorfr\",\"@id\":\"https:\/\/www.africa-press.net\/togo\/#\/schema\/person\/2b1cf3cd81a31e3cd26889ca66d677f1\"},\"headline\":\"Togo-Attaques terroristes, gestion de fonds Covid-19\u2026 les \u00e9v\u00eaques sans concession\",\"datePublished\":\"2023-03-13T12:32:57+00:00\",\"dateModified\":\"2023-03-13T12:47:17+00:00\",\"mainEntityOfPage\":{\"@id\":\"https:\/\/www.africa-press.net\/togo\/toutes-les-actualites\/togo-attaques-terroristes-gestion-de-fonds-covid-19-les-eveques-sans-concession\"},\"wordCount\":2113,\"commentCount\":0,\"image\":{\"@id\":\"https:\/\/www.africa-press.net\/togo\/toutes-les-actualites\/togo-attaques-terroristes-gestion-de-fonds-covid-19-les-eveques-sans-concession#primaryimage\"},\"thumbnailUrl\":\"https:\/\/static.africa-press.net\/togo\/sites\/58\/2023\/03\/postQueueImg_1678698184.57.jpg\",\"keywords\":[\"Africa Press\",\"Africa Press-Togo\",\"Togo\"],\"articleSection\":[\"Communaut\u00e9\",\"Toutes les actualit\u00e9s\"],\"inLanguage\":\"fr-FR\",\"potentialAction\":[{\"@type\":\"CommentAction\",\"name\":\"Comment\",\"target\":[\"https:\/\/www.africa-press.net\/togo\/toutes-les-actualites\/togo-attaques-terroristes-gestion-de-fonds-covid-19-les-eveques-sans-concession#respond\"]}]},{\"@type\":\"WebPage\",\"@id\":\"https:\/\/www.africa-press.net\/togo\/toutes-les-actualites\/togo-attaques-terroristes-gestion-de-fonds-covid-19-les-eveques-sans-concession\",\"url\":\"https:\/\/www.africa-press.net\/togo\/toutes-les-actualites\/togo-attaques-terroristes-gestion-de-fonds-covid-19-les-eveques-sans-concession\",\"name\":\"Togo-Attaques terroristes, gestion de fonds Covid-19\u2026 les \u00e9v\u00eaques sans concession - Togo\",\"isPartOf\":{\"@id\":\"https:\/\/www.africa-press.net\/togo\/#website\"},\"primaryImageOfPage\":{\"@id\":\"https:\/\/www.africa-press.net\/togo\/toutes-les-actualites\/togo-attaques-terroristes-gestion-de-fonds-covid-19-les-eveques-sans-concession#primaryimage\"},\"image\":{\"@id\":\"https:\/\/www.africa-press.net\/togo\/toutes-les-actualites\/togo-attaques-terroristes-gestion-de-fonds-covid-19-les-eveques-sans-concession#primaryimage\"},\"thumbnailUrl\":\"https:\/\/static.africa-press.net\/togo\/sites\/58\/2023\/03\/postQueueImg_1678698184.57.jpg\",\"datePublished\":\"2023-03-13T12:32:57+00:00\",\"dateModified\":\"2023-03-13T12:47:17+00:00\",\"author\":{\"@id\":\"https:\/\/www.africa-press.net\/togo\/#\/schema\/person\/2b1cf3cd81a31e3cd26889ca66d677f1\"},\"description\":\"A l\u2019issue de la 132e\u0300 session ordinaire de la Confe\u0301rence des e\u0301ve\u0302ques du Togo, les pre\u0302tres se sont prononce\u0301s sur ...\",\"breadcrumb\":{\"@id\":\"https:\/\/www.africa-press.net\/togo\/toutes-les-actualites\/togo-attaques-terroristes-gestion-de-fonds-covid-19-les-eveques-sans-concession#breadcrumb\"},\"inLanguage\":\"fr-FR\",\"potentialAction\":[{\"@type\":\"ReadAction\",\"target\":[\"https:\/\/www.africa-press.net\/togo\/toutes-les-actualites\/togo-attaques-terroristes-gestion-de-fonds-covid-19-les-eveques-sans-concession\"]}]},{\"@type\":\"ImageObject\",\"inLanguage\":\"fr-FR\",\"@id\":\"https:\/\/www.africa-press.net\/togo\/toutes-les-actualites\/togo-attaques-terroristes-gestion-de-fonds-covid-19-les-eveques-sans-concession#primaryimage\",\"url\":\"https:\/\/static.africa-press.net\/togo\/sites\/58\/2023\/03\/postQueueImg_1678698184.57.jpg\",\"contentUrl\":\"https:\/\/static.africa-press.net\/togo\/sites\/58\/2023\/03\/postQueueImg_1678698184.57.jpg\",\"width\":1280,\"height\":800,\"caption\":\"Togo-Attaques terroristes, gestion de fonds Covid-19\u2026 les \u00e9v\u00eaques sans concession\"},{\"@type\":\"BreadcrumbList\",\"@id\":\"https:\/\/www.africa-press.net\/togo\/toutes-les-actualites\/togo-attaques-terroristes-gestion-de-fonds-covid-19-les-eveques-sans-concession#breadcrumb\",\"itemListElement\":[{\"@type\":\"ListItem\",\"position\":1,\"name\":\"Accueil\",\"item\":\"https:\/\/www.africa-press.net\/togo\/\"},{\"@type\":\"ListItem\",\"position\":2,\"name\":\"Togo-Attaques terroristes, gestion de fonds Covid-19\u2026 les \u00e9v\u00eaques sans concession\"}]},{\"@type\":\"WebSite\",\"@id\":\"https:\/\/www.africa-press.net\/togo\/#website\",\"url\":\"https:\/\/www.africa-press.net\/togo\/\",\"name\":\"Togo\",\"description\":\"Just another Africa News Agency Sites site\",\"potentialAction\":[{\"@type\":\"SearchAction\",\"target\":{\"@type\":\"EntryPoint\",\"urlTemplate\":\"https:\/\/www.africa-press.net\/togo\/?s={search_term_string}\"},\"query-input\":{\"@type\":\"PropertyValueSpecification\",\"valueRequired\":true,\"valueName\":\"search_term_string\"}}],\"inLanguage\":\"fr-FR\"},{\"@type\":\"Person\",\"@id\":\"https:\/\/www.africa-press.net\/togo\/#\/schema\/person\/2b1cf3cd81a31e3cd26889ca66d677f1\",\"name\":\"cfeditorfr\"}]}<\/script>\n<!-- \/ Yoast SEO Premium plugin. -->","yoast_head_json":{"title":"Togo-Attaques terroristes, gestion de fonds Covid-19\u2026 les \u00e9v\u00eaques sans concession - Togo","description":"A l\u2019issue de la 132e\u0300 session ordinaire de la Confe\u0301rence des e\u0301ve\u0302ques du Togo, les pre\u0302tres se sont prononce\u0301s sur ...","robots":{"index":"index","follow":"follow","max-snippet":"max-snippet:-1","max-image-preview":"max-image-preview:large","max-video-preview":"max-video-preview:-1"},"canonical":"https:\/\/www.africa-press.net\/togo\/toutes-les-actualites\/togo-attaques-terroristes-gestion-de-fonds-covid-19-les-eveques-sans-concession","og_locale":"fr_FR","og_type":"article","og_title":"Togo-Attaques terroristes, gestion de fonds Covid-19\u2026 les \u00e9v\u00eaques sans concession","og_description":"A l\u2019issue de la 132e\u0300 session ordinaire de la Confe\u0301rence des e\u0301ve\u0302ques du Togo, les pre\u0302tres se sont prononce\u0301s sur ...","og_url":"https:\/\/www.africa-press.net\/togo\/toutes-les-actualites\/togo-attaques-terroristes-gestion-de-fonds-covid-19-les-eveques-sans-concession","og_site_name":"Togo","article_published_time":"2023-03-13T12:32:57+00:00","article_modified_time":"2023-03-13T12:47:17+00:00","og_image":[{"width":1280,"height":800,"url":"https:\/\/static.africa-press.net\/togo\/sites\/58\/2023\/03\/postQueueImg_1678698184.57.jpg","type":"image\/jpeg"}],"author":"cfeditorfr","twitter_card":"summary_large_image","twitter_misc":{"\u00c9crit par":"cfeditorfr","Dur\u00e9e de lecture estim\u00e9e":"11 minutes"},"schema":{"@context":"https:\/\/schema.org","@graph":[{"@type":"Article","@id":"https:\/\/www.africa-press.net\/togo\/toutes-les-actualites\/togo-attaques-terroristes-gestion-de-fonds-covid-19-les-eveques-sans-concession#article","isPartOf":{"@id":"https:\/\/www.africa-press.net\/togo\/toutes-les-actualites\/togo-attaques-terroristes-gestion-de-fonds-covid-19-les-eveques-sans-concession"},"author":{"name":"cfeditorfr","@id":"https:\/\/www.africa-press.net\/togo\/#\/schema\/person\/2b1cf3cd81a31e3cd26889ca66d677f1"},"headline":"Togo-Attaques terroristes, gestion de fonds Covid-19\u2026 les \u00e9v\u00eaques sans concession","datePublished":"2023-03-13T12:32:57+00:00","dateModified":"2023-03-13T12:47:17+00:00","mainEntityOfPage":{"@id":"https:\/\/www.africa-press.net\/togo\/toutes-les-actualites\/togo-attaques-terroristes-gestion-de-fonds-covid-19-les-eveques-sans-concession"},"wordCount":2113,"commentCount":0,"image":{"@id":"https:\/\/www.africa-press.net\/togo\/toutes-les-actualites\/togo-attaques-terroristes-gestion-de-fonds-covid-19-les-eveques-sans-concession#primaryimage"},"thumbnailUrl":"https:\/\/static.africa-press.net\/togo\/sites\/58\/2023\/03\/postQueueImg_1678698184.57.jpg","keywords":["Africa Press","Africa Press-Togo","Togo"],"articleSection":["Communaut\u00e9","Toutes les actualit\u00e9s"],"inLanguage":"fr-FR","potentialAction":[{"@type":"CommentAction","name":"Comment","target":["https:\/\/www.africa-press.net\/togo\/toutes-les-actualites\/togo-attaques-terroristes-gestion-de-fonds-covid-19-les-eveques-sans-concession#respond"]}]},{"@type":"WebPage","@id":"https:\/\/www.africa-press.net\/togo\/toutes-les-actualites\/togo-attaques-terroristes-gestion-de-fonds-covid-19-les-eveques-sans-concession","url":"https:\/\/www.africa-press.net\/togo\/toutes-les-actualites\/togo-attaques-terroristes-gestion-de-fonds-covid-19-les-eveques-sans-concession","name":"Togo-Attaques terroristes, gestion de fonds Covid-19\u2026 les \u00e9v\u00eaques sans concession - Togo","isPartOf":{"@id":"https:\/\/www.africa-press.net\/togo\/#website"},"primaryImageOfPage":{"@id":"https:\/\/www.africa-press.net\/togo\/toutes-les-actualites\/togo-attaques-terroristes-gestion-de-fonds-covid-19-les-eveques-sans-concession#primaryimage"},"image":{"@id":"https:\/\/www.africa-press.net\/togo\/toutes-les-actualites\/togo-attaques-terroristes-gestion-de-fonds-covid-19-les-eveques-sans-concession#primaryimage"},"thumbnailUrl":"https:\/\/static.africa-press.net\/togo\/sites\/58\/2023\/03\/postQueueImg_1678698184.57.jpg","datePublished":"2023-03-13T12:32:57+00:00","dateModified":"2023-03-13T12:47:17+00:00","author":{"@id":"https:\/\/www.africa-press.net\/togo\/#\/schema\/person\/2b1cf3cd81a31e3cd26889ca66d677f1"},"description":"A l\u2019issue de la 132e\u0300 session ordinaire de la Confe\u0301rence des e\u0301ve\u0302ques du Togo, les pre\u0302tres se sont prononce\u0301s sur ...","breadcrumb":{"@id":"https:\/\/www.africa-press.net\/togo\/toutes-les-actualites\/togo-attaques-terroristes-gestion-de-fonds-covid-19-les-eveques-sans-concession#breadcrumb"},"inLanguage":"fr-FR","potentialAction":[{"@type":"ReadAction","target":["https:\/\/www.africa-press.net\/togo\/toutes-les-actualites\/togo-attaques-terroristes-gestion-de-fonds-covid-19-les-eveques-sans-concession"]}]},{"@type":"ImageObject","inLanguage":"fr-FR","@id":"https:\/\/www.africa-press.net\/togo\/toutes-les-actualites\/togo-attaques-terroristes-gestion-de-fonds-covid-19-les-eveques-sans-concession#primaryimage","url":"https:\/\/static.africa-press.net\/togo\/sites\/58\/2023\/03\/postQueueImg_1678698184.57.jpg","contentUrl":"https:\/\/static.africa-press.net\/togo\/sites\/58\/2023\/03\/postQueueImg_1678698184.57.jpg","width":1280,"height":800,"caption":"Togo-Attaques terroristes, gestion de fonds Covid-19\u2026 les \u00e9v\u00eaques sans concession"},{"@type":"BreadcrumbList","@id":"https:\/\/www.africa-press.net\/togo\/toutes-les-actualites\/togo-attaques-terroristes-gestion-de-fonds-covid-19-les-eveques-sans-concession#breadcrumb","itemListElement":[{"@type":"ListItem","position":1,"name":"Accueil","item":"https:\/\/www.africa-press.net\/togo\/"},{"@type":"ListItem","position":2,"name":"Togo-Attaques terroristes, gestion de fonds Covid-19\u2026 les \u00e9v\u00eaques sans concession"}]},{"@type":"WebSite","@id":"https:\/\/www.africa-press.net\/togo\/#website","url":"https:\/\/www.africa-press.net\/togo\/","name":"Togo","description":"Just another Africa News Agency Sites site","potentialAction":[{"@type":"SearchAction","target":{"@type":"EntryPoint","urlTemplate":"https:\/\/www.africa-press.net\/togo\/?s={search_term_string}"},"query-input":{"@type":"PropertyValueSpecification","valueRequired":true,"valueName":"search_term_string"}}],"inLanguage":"fr-FR"},{"@type":"Person","@id":"https:\/\/www.africa-press.net\/togo\/#\/schema\/person\/2b1cf3cd81a31e3cd26889ca66d677f1","name":"cfeditorfr"}]}},"_links":{"self":[{"href":"https:\/\/www.africa-press.net\/togo\/wp-json\/wp\/v2\/posts\/18439","targetHints":{"allow":["GET"]}}],"collection":[{"href":"https:\/\/www.africa-press.net\/togo\/wp-json\/wp\/v2\/posts"}],"about":[{"href":"https:\/\/www.africa-press.net\/togo\/wp-json\/wp\/v2\/types\/post"}],"author":[{"embeddable":true,"href":"https:\/\/www.africa-press.net\/togo\/wp-json\/wp\/v2\/users\/82"}],"replies":[{"embeddable":true,"href":"https:\/\/www.africa-press.net\/togo\/wp-json\/wp\/v2\/comments?post=18439"}],"version-history":[{"count":0,"href":"https:\/\/www.africa-press.net\/togo\/wp-json\/wp\/v2\/posts\/18439\/revisions"}],"wp:featuredmedia":[{"embeddable":true,"href":"https:\/\/www.africa-press.net\/togo\/wp-json\/wp\/v2\/media\/18437"}],"wp:attachment":[{"href":"https:\/\/www.africa-press.net\/togo\/wp-json\/wp\/v2\/media?parent=18439"}],"wp:term":[{"taxonomy":"category","embeddable":true,"href":"https:\/\/www.africa-press.net\/togo\/wp-json\/wp\/v2\/categories?post=18439"},{"taxonomy":"post_tag","embeddable":true,"href":"https:\/\/www.africa-press.net\/togo\/wp-json\/wp\/v2\/tags?post=18439"}],"curies":[{"name":"wp","href":"https:\/\/api.w.org\/{rel}","templated":true}]}}