{"id":18442,"date":"2023-03-13T12:33:08","date_gmt":"2023-03-13T12:33:08","guid":{"rendered":"https:\/\/www.africa-press.net\/togo\/politique\/le-togo-celebre-la-journee-du-commonwealth-pour-la-premiere-fois"},"modified":"2023-03-13T12:48:12","modified_gmt":"2023-03-13T12:48:12","slug":"le-togo-celebre-la-journee-du-commonwealth-pour-la-premiere-fois","status":"publish","type":"post","link":"https:\/\/www.africa-press.net\/togo\/politique\/le-togo-celebre-la-journee-du-commonwealth-pour-la-premiere-fois","title":{"rendered":"Le Togo c\u00e9l\u00e8bre la Journ\u00e9e du Commonwealth pour la premi\u00e8re fois"},"content":{"rendered":"<p><span style=\"color: #ff6600\"><strong>Africa-Press &#8211; Togo. <\/strong><\/span><b>Le Togo se joint aux Nations du Commonwealth pour ce\u0301le\u0301brer une journe\u0301e spe\u0301ciale ce lundi 13 mars 2023. La journe\u0301e sera marque\u0301e par des ce\u0301le\u0301brations, des discours, des expositions et des e\u0301ve\u0301nements culturels dans les 56 pays membres du Commonwealth.<\/b><\/p>\n<p>Cette anne\u0301e, la ce\u0301le\u0301bration s\u2019inscrit sous le the\u0300me: \u201cForger un avenir commun durable et pacifique\u201d.<\/p>\n<p>En tant que nouveau membre de l\u2019organisation, le Togo, a\u0300 travers un message du ministre des Affaires e\u0301trange\u0300res, de l\u2019inte\u0301gration re\u0301gionale et des Togolais de l\u2019exte\u0301rieur, Prof. Robert Dussey, a exprime\u0301 sa joie de se joindre, pour sa premie\u0300re fois, aux autres membres dans cette ce\u0301le\u0301bration ce lundi.<\/p>\n<p>C\u2019est e\u0301galement la premie\u0300re Journe\u0301e du Commonwealth pre\u0301side\u0301e par Sa Majeste\u0301 le Roi Charles III en tant que Roi et Chef du Commonwealth. Cette journe\u0301e marque aussi le dixie\u0300me anniversaire de la signature de la Charte du Commonwealth, qui e\u0301nonce les valeurs et les principes qui unissent les 56 pays du Commonwealth, repre\u0301sentant un tiers de l\u2019humanite\u0301.<\/p>\n<p>Cette journe\u0301e vise a\u0300 unir 2,5 milliards de citoyens du Commonwealth dans \u201cla ce\u0301le\u0301bration de leurs valeurs et principes communs, et dans la poursuite d\u2019un avenir commun, centre\u0301 sur la durabilite\u0301 et la paix.\u201d<\/p>\n<p>Fonde\u0301 depuis 1931, le Commonwealth a accueilli le Togo en juin 2022 apre\u0300s l\u2019approbation de la candidature du pays par les chefs de gouvernement lors de la re\u0301union des chefs de gouvernement du Commonwealth de 2022 tenue a\u0300 Kigali, au Rwanda.<\/p>\n<p><strong>Pour plus d&rsquo;informations et d&rsquo;analyses sur la <a href=\"https:\/\/www.africa-press.net\/togo\">Togo<\/a>, suivez <a href=\"https:\/\/www.africa-press.net\/\">Africa-Press<\/a><\/strong><\/p>\n","protected":false},"excerpt":{"rendered":"<p>Africa-Press &#8211; Togo. Le Togo se joint aux Nations du Commonwealth pour ce\u0301le\u0301brer une journe\u0301e spe\u0301ciale ce lundi 13 mars 2023. La journe\u0301e sera marque\u0301e par des ce\u0301le\u0301brations, des discours, des expositions et des e\u0301ve\u0301nements culturels dans les 56 pays membres du Commonwealth. Cette anne\u0301e, la ce\u0301le\u0301bration s\u2019inscrit sous le the\u0300me: \u201cForger un avenir commun [&hellip;]<\/p>\n","protected":false},"author":82,"featured_media":18440,"comment_status":"open","ping_status":"closed","sticky":false,"template":"","format":"standard","meta":{"footnotes":""},"categories":[2,20,10],"tags":[36,49,50],"class_list":["post-18442","post","type-post","status-publish","format-standard","has-post-thumbnail","hentry","category-politique","category-top-nouvelles","category-toutes-les-actualites","tag-africa-press","tag-africa-press-togo","tag-togo"],"yoast_head":"<!-- This site is optimized with the Yoast SEO Premium plugin v26.1 (Yoast SEO v27.0) - https:\/\/yoast.com\/product\/yoast-seo-premium-wordpress\/ -->\n<title>Le Togo c\u00e9l\u00e8bre la Journ\u00e9e du Commonwealth pour la premi\u00e8re fois - Togo<\/title>\n<meta name=\"description\" content=\"Le Togo se joint aux Nations du Commonwealth pour ce\u0301le\u0301brer une journe\u0301e spe\u0301ciale ce lundi 13 mars 2023. La journe\u0301 ...\" \/>\n<meta name=\"robots\" content=\"index, follow, max-snippet:-1, max-image-preview:large, max-video-preview:-1\" \/>\n<link rel=\"canonical\" href=\"https:\/\/www.africa-press.net\/togo\/politique\/le-togo-celebre-la-journee-du-commonwealth-pour-la-premiere-fois\" \/>\n<meta property=\"og:locale\" content=\"fr_FR\" \/>\n<meta property=\"og:type\" content=\"article\" \/>\n<meta property=\"og:title\" content=\"Le Togo c\u00e9l\u00e8bre la Journ\u00e9e du Commonwealth pour la premi\u00e8re fois\" \/>\n<meta property=\"og:description\" content=\"Le Togo se joint aux Nations du Commonwealth pour ce\u0301le\u0301brer une journe\u0301e spe\u0301ciale ce lundi 13 mars 2023. La journe\u0301 ...\" \/>\n<meta property=\"og:url\" content=\"https:\/\/www.africa-press.net\/togo\/politique\/le-togo-celebre-la-journee-du-commonwealth-pour-la-premiere-fois\" \/>\n<meta property=\"og:site_name\" content=\"Togo\" \/>\n<meta property=\"article:published_time\" content=\"2023-03-13T12:33:08+00:00\" \/>\n<meta property=\"article:modified_time\" content=\"2023-03-13T12:48:12+00:00\" \/>\n<meta property=\"og:image\" content=\"https:\/\/static.africa-press.net\/togo\/sites\/58\/2023\/03\/postQueueImg_1678698192.02.jpg\" \/>\n\t<meta property=\"og:image:width\" content=\"1600\" \/>\n\t<meta property=\"og:image:height\" content=\"1050\" \/>\n\t<meta property=\"og:image:type\" content=\"image\/jpeg\" \/>\n<meta name=\"author\" content=\"cfeditorfr\" \/>\n<meta name=\"twitter:card\" content=\"summary_large_image\" \/>\n<meta name=\"twitter:label1\" content=\"\u00c9crit par\" \/>\n\t<meta name=\"twitter:data1\" content=\"cfeditorfr\" \/>\n\t<meta name=\"twitter:label2\" content=\"Dur\u00e9e de lecture estim\u00e9e\" \/>\n\t<meta name=\"twitter:data2\" content=\"1 minute\" \/>\n<script type=\"application\/ld+json\" class=\"yoast-schema-graph\">{\"@context\":\"https:\/\/schema.org\",\"@graph\":[{\"@type\":\"Article\",\"@id\":\"https:\/\/www.africa-press.net\/togo\/politique\/le-togo-celebre-la-journee-du-commonwealth-pour-la-premiere-fois#article\",\"isPartOf\":{\"@id\":\"https:\/\/www.africa-press.net\/togo\/politique\/le-togo-celebre-la-journee-du-commonwealth-pour-la-premiere-fois\"},\"author\":{\"name\":\"cfeditorfr\",\"@id\":\"https:\/\/www.africa-press.net\/togo\/#\/schema\/person\/2b1cf3cd81a31e3cd26889ca66d677f1\"},\"headline\":\"Le Togo c\u00e9l\u00e8bre la Journ\u00e9e du Commonwealth pour la premi\u00e8re fois\",\"datePublished\":\"2023-03-13T12:33:08+00:00\",\"dateModified\":\"2023-03-13T12:48:12+00:00\",\"mainEntityOfPage\":{\"@id\":\"https:\/\/www.africa-press.net\/togo\/politique\/le-togo-celebre-la-journee-du-commonwealth-pour-la-premiere-fois\"},\"wordCount\":301,\"commentCount\":0,\"image\":{\"@id\":\"https:\/\/www.africa-press.net\/togo\/politique\/le-togo-celebre-la-journee-du-commonwealth-pour-la-premiere-fois#primaryimage\"},\"thumbnailUrl\":\"https:\/\/static.africa-press.net\/togo\/sites\/58\/2023\/03\/postQueueImg_1678698192.02.jpg\",\"keywords\":[\"Africa Press\",\"Africa Press-Togo\",\"Togo\"],\"articleSection\":[\"Politique\",\"Top Nouvelles\",\"Toutes les actualit\u00e9s\"],\"inLanguage\":\"fr-FR\",\"potentialAction\":[{\"@type\":\"CommentAction\",\"name\":\"Comment\",\"target\":[\"https:\/\/www.africa-press.net\/togo\/politique\/le-togo-celebre-la-journee-du-commonwealth-pour-la-premiere-fois#respond\"]}]},{\"@type\":\"WebPage\",\"@id\":\"https:\/\/www.africa-press.net\/togo\/politique\/le-togo-celebre-la-journee-du-commonwealth-pour-la-premiere-fois\",\"url\":\"https:\/\/www.africa-press.net\/togo\/politique\/le-togo-celebre-la-journee-du-commonwealth-pour-la-premiere-fois\",\"name\":\"Le Togo c\u00e9l\u00e8bre la Journ\u00e9e du Commonwealth pour la premi\u00e8re fois - Togo\",\"isPartOf\":{\"@id\":\"https:\/\/www.africa-press.net\/togo\/#website\"},\"primaryImageOfPage\":{\"@id\":\"https:\/\/www.africa-press.net\/togo\/politique\/le-togo-celebre-la-journee-du-commonwealth-pour-la-premiere-fois#primaryimage\"},\"image\":{\"@id\":\"https:\/\/www.africa-press.net\/togo\/politique\/le-togo-celebre-la-journee-du-commonwealth-pour-la-premiere-fois#primaryimage\"},\"thumbnailUrl\":\"https:\/\/static.africa-press.net\/togo\/sites\/58\/2023\/03\/postQueueImg_1678698192.02.jpg\",\"datePublished\":\"2023-03-13T12:33:08+00:00\",\"dateModified\":\"2023-03-13T12:48:12+00:00\",\"author\":{\"@id\":\"https:\/\/www.africa-press.net\/togo\/#\/schema\/person\/2b1cf3cd81a31e3cd26889ca66d677f1\"},\"description\":\"Le Togo se joint aux Nations du Commonwealth pour ce\u0301le\u0301brer une journe\u0301e spe\u0301ciale ce lundi 13 mars 2023. La journe\u0301 ...\",\"breadcrumb\":{\"@id\":\"https:\/\/www.africa-press.net\/togo\/politique\/le-togo-celebre-la-journee-du-commonwealth-pour-la-premiere-fois#breadcrumb\"},\"inLanguage\":\"fr-FR\",\"potentialAction\":[{\"@type\":\"ReadAction\",\"target\":[\"https:\/\/www.africa-press.net\/togo\/politique\/le-togo-celebre-la-journee-du-commonwealth-pour-la-premiere-fois\"]}]},{\"@type\":\"ImageObject\",\"inLanguage\":\"fr-FR\",\"@id\":\"https:\/\/www.africa-press.net\/togo\/politique\/le-togo-celebre-la-journee-du-commonwealth-pour-la-premiere-fois#primaryimage\",\"url\":\"https:\/\/static.africa-press.net\/togo\/sites\/58\/2023\/03\/postQueueImg_1678698192.02.jpg\",\"contentUrl\":\"https:\/\/static.africa-press.net\/togo\/sites\/58\/2023\/03\/postQueueImg_1678698192.02.jpg\",\"width\":1600,\"height\":1050,\"caption\":\"Le Togo c\u00e9l\u00e8bre la Journ\u00e9e du Commonwealth pour la premi\u00e8re fois\"},{\"@type\":\"BreadcrumbList\",\"@id\":\"https:\/\/www.africa-press.net\/togo\/politique\/le-togo-celebre-la-journee-du-commonwealth-pour-la-premiere-fois#breadcrumb\",\"itemListElement\":[{\"@type\":\"ListItem\",\"position\":1,\"name\":\"Accueil\",\"item\":\"https:\/\/www.africa-press.net\/togo\/\"},{\"@type\":\"ListItem\",\"position\":2,\"name\":\"Le Togo c\u00e9l\u00e8bre la Journ\u00e9e du Commonwealth pour la premi\u00e8re fois\"}]},{\"@type\":\"WebSite\",\"@id\":\"https:\/\/www.africa-press.net\/togo\/#website\",\"url\":\"https:\/\/www.africa-press.net\/togo\/\",\"name\":\"Togo\",\"description\":\"Just another Africa News Agency Sites site\",\"potentialAction\":[{\"@type\":\"SearchAction\",\"target\":{\"@type\":\"EntryPoint\",\"urlTemplate\":\"https:\/\/www.africa-press.net\/togo\/?s={search_term_string}\"},\"query-input\":{\"@type\":\"PropertyValueSpecification\",\"valueRequired\":true,\"valueName\":\"search_term_string\"}}],\"inLanguage\":\"fr-FR\"},{\"@type\":\"Person\",\"@id\":\"https:\/\/www.africa-press.net\/togo\/#\/schema\/person\/2b1cf3cd81a31e3cd26889ca66d677f1\",\"name\":\"cfeditorfr\"}]}<\/script>\n<!-- \/ Yoast SEO Premium plugin. -->","yoast_head_json":{"title":"Le Togo c\u00e9l\u00e8bre la Journ\u00e9e du Commonwealth pour la premi\u00e8re fois - Togo","description":"Le Togo se joint aux Nations du Commonwealth pour ce\u0301le\u0301brer une journe\u0301e spe\u0301ciale ce lundi 13 mars 2023. La journe\u0301 ...","robots":{"index":"index","follow":"follow","max-snippet":"max-snippet:-1","max-image-preview":"max-image-preview:large","max-video-preview":"max-video-preview:-1"},"canonical":"https:\/\/www.africa-press.net\/togo\/politique\/le-togo-celebre-la-journee-du-commonwealth-pour-la-premiere-fois","og_locale":"fr_FR","og_type":"article","og_title":"Le Togo c\u00e9l\u00e8bre la Journ\u00e9e du Commonwealth pour la premi\u00e8re fois","og_description":"Le Togo se joint aux Nations du Commonwealth pour ce\u0301le\u0301brer une journe\u0301e spe\u0301ciale ce lundi 13 mars 2023. La journe\u0301 ...","og_url":"https:\/\/www.africa-press.net\/togo\/politique\/le-togo-celebre-la-journee-du-commonwealth-pour-la-premiere-fois","og_site_name":"Togo","article_published_time":"2023-03-13T12:33:08+00:00","article_modified_time":"2023-03-13T12:48:12+00:00","og_image":[{"width":1600,"height":1050,"url":"https:\/\/static.africa-press.net\/togo\/sites\/58\/2023\/03\/postQueueImg_1678698192.02.jpg","type":"image\/jpeg"}],"author":"cfeditorfr","twitter_card":"summary_large_image","twitter_misc":{"\u00c9crit par":"cfeditorfr","Dur\u00e9e de lecture estim\u00e9e":"1 minute"},"schema":{"@context":"https:\/\/schema.org","@graph":[{"@type":"Article","@id":"https:\/\/www.africa-press.net\/togo\/politique\/le-togo-celebre-la-journee-du-commonwealth-pour-la-premiere-fois#article","isPartOf":{"@id":"https:\/\/www.africa-press.net\/togo\/politique\/le-togo-celebre-la-journee-du-commonwealth-pour-la-premiere-fois"},"author":{"name":"cfeditorfr","@id":"https:\/\/www.africa-press.net\/togo\/#\/schema\/person\/2b1cf3cd81a31e3cd26889ca66d677f1"},"headline":"Le Togo c\u00e9l\u00e8bre la Journ\u00e9e du Commonwealth pour la premi\u00e8re fois","datePublished":"2023-03-13T12:33:08+00:00","dateModified":"2023-03-13T12:48:12+00:00","mainEntityOfPage":{"@id":"https:\/\/www.africa-press.net\/togo\/politique\/le-togo-celebre-la-journee-du-commonwealth-pour-la-premiere-fois"},"wordCount":301,"commentCount":0,"image":{"@id":"https:\/\/www.africa-press.net\/togo\/politique\/le-togo-celebre-la-journee-du-commonwealth-pour-la-premiere-fois#primaryimage"},"thumbnailUrl":"https:\/\/static.africa-press.net\/togo\/sites\/58\/2023\/03\/postQueueImg_1678698192.02.jpg","keywords":["Africa Press","Africa Press-Togo","Togo"],"articleSection":["Politique","Top Nouvelles","Toutes les actualit\u00e9s"],"inLanguage":"fr-FR","potentialAction":[{"@type":"CommentAction","name":"Comment","target":["https:\/\/www.africa-press.net\/togo\/politique\/le-togo-celebre-la-journee-du-commonwealth-pour-la-premiere-fois#respond"]}]},{"@type":"WebPage","@id":"https:\/\/www.africa-press.net\/togo\/politique\/le-togo-celebre-la-journee-du-commonwealth-pour-la-premiere-fois","url":"https:\/\/www.africa-press.net\/togo\/politique\/le-togo-celebre-la-journee-du-commonwealth-pour-la-premiere-fois","name":"Le Togo c\u00e9l\u00e8bre la Journ\u00e9e du Commonwealth pour la premi\u00e8re fois - Togo","isPartOf":{"@id":"https:\/\/www.africa-press.net\/togo\/#website"},"primaryImageOfPage":{"@id":"https:\/\/www.africa-press.net\/togo\/politique\/le-togo-celebre-la-journee-du-commonwealth-pour-la-premiere-fois#primaryimage"},"image":{"@id":"https:\/\/www.africa-press.net\/togo\/politique\/le-togo-celebre-la-journee-du-commonwealth-pour-la-premiere-fois#primaryimage"},"thumbnailUrl":"https:\/\/static.africa-press.net\/togo\/sites\/58\/2023\/03\/postQueueImg_1678698192.02.jpg","datePublished":"2023-03-13T12:33:08+00:00","dateModified":"2023-03-13T12:48:12+00:00","author":{"@id":"https:\/\/www.africa-press.net\/togo\/#\/schema\/person\/2b1cf3cd81a31e3cd26889ca66d677f1"},"description":"Le Togo se joint aux Nations du Commonwealth pour ce\u0301le\u0301brer une journe\u0301e spe\u0301ciale ce lundi 13 mars 2023. La journe\u0301 ...","breadcrumb":{"@id":"https:\/\/www.africa-press.net\/togo\/politique\/le-togo-celebre-la-journee-du-commonwealth-pour-la-premiere-fois#breadcrumb"},"inLanguage":"fr-FR","potentialAction":[{"@type":"ReadAction","target":["https:\/\/www.africa-press.net\/togo\/politique\/le-togo-celebre-la-journee-du-commonwealth-pour-la-premiere-fois"]}]},{"@type":"ImageObject","inLanguage":"fr-FR","@id":"https:\/\/www.africa-press.net\/togo\/politique\/le-togo-celebre-la-journee-du-commonwealth-pour-la-premiere-fois#primaryimage","url":"https:\/\/static.africa-press.net\/togo\/sites\/58\/2023\/03\/postQueueImg_1678698192.02.jpg","contentUrl":"https:\/\/static.africa-press.net\/togo\/sites\/58\/2023\/03\/postQueueImg_1678698192.02.jpg","width":1600,"height":1050,"caption":"Le Togo c\u00e9l\u00e8bre la Journ\u00e9e du Commonwealth pour la premi\u00e8re fois"},{"@type":"BreadcrumbList","@id":"https:\/\/www.africa-press.net\/togo\/politique\/le-togo-celebre-la-journee-du-commonwealth-pour-la-premiere-fois#breadcrumb","itemListElement":[{"@type":"ListItem","position":1,"name":"Accueil","item":"https:\/\/www.africa-press.net\/togo\/"},{"@type":"ListItem","position":2,"name":"Le Togo c\u00e9l\u00e8bre la Journ\u00e9e du Commonwealth pour la premi\u00e8re fois"}]},{"@type":"WebSite","@id":"https:\/\/www.africa-press.net\/togo\/#website","url":"https:\/\/www.africa-press.net\/togo\/","name":"Togo","description":"Just another Africa News Agency Sites site","potentialAction":[{"@type":"SearchAction","target":{"@type":"EntryPoint","urlTemplate":"https:\/\/www.africa-press.net\/togo\/?s={search_term_string}"},"query-input":{"@type":"PropertyValueSpecification","valueRequired":true,"valueName":"search_term_string"}}],"inLanguage":"fr-FR"},{"@type":"Person","@id":"https:\/\/www.africa-press.net\/togo\/#\/schema\/person\/2b1cf3cd81a31e3cd26889ca66d677f1","name":"cfeditorfr"}]}},"_links":{"self":[{"href":"https:\/\/www.africa-press.net\/togo\/wp-json\/wp\/v2\/posts\/18442","targetHints":{"allow":["GET"]}}],"collection":[{"href":"https:\/\/www.africa-press.net\/togo\/wp-json\/wp\/v2\/posts"}],"about":[{"href":"https:\/\/www.africa-press.net\/togo\/wp-json\/wp\/v2\/types\/post"}],"author":[{"embeddable":true,"href":"https:\/\/www.africa-press.net\/togo\/wp-json\/wp\/v2\/users\/82"}],"replies":[{"embeddable":true,"href":"https:\/\/www.africa-press.net\/togo\/wp-json\/wp\/v2\/comments?post=18442"}],"version-history":[{"count":0,"href":"https:\/\/www.africa-press.net\/togo\/wp-json\/wp\/v2\/posts\/18442\/revisions"}],"wp:featuredmedia":[{"embeddable":true,"href":"https:\/\/www.africa-press.net\/togo\/wp-json\/wp\/v2\/media\/18440"}],"wp:attachment":[{"href":"https:\/\/www.africa-press.net\/togo\/wp-json\/wp\/v2\/media?parent=18442"}],"wp:term":[{"taxonomy":"category","embeddable":true,"href":"https:\/\/www.africa-press.net\/togo\/wp-json\/wp\/v2\/categories?post=18442"},{"taxonomy":"post_tag","embeddable":true,"href":"https:\/\/www.africa-press.net\/togo\/wp-json\/wp\/v2\/tags?post=18442"}],"curies":[{"name":"wp","href":"https:\/\/api.w.org\/{rel}","templated":true}]}}