{"id":18448,"date":"2023-03-13T12:33:19","date_gmt":"2023-03-13T12:33:19","guid":{"rendered":"https:\/\/www.africa-press.net\/togo\/politique\/un-ex-secretaire-general-de-la-federation-togolaise-de-football-decede"},"modified":"2023-03-13T12:50:11","modified_gmt":"2023-03-13T12:50:11","slug":"un-ex-secretaire-general-de-la-federation-togolaise-de-football-decede","status":"publish","type":"post","link":"https:\/\/www.africa-press.net\/togo\/sports\/un-ex-secretaire-general-de-la-federation-togolaise-de-football-decede","title":{"rendered":"Un ex-secr\u00e9taire g\u00e9n\u00e9ral de la F\u00e9d\u00e9ration togolaise de football d\u00e9c\u00e9d\u00e9"},"content":{"rendered":"<p><span style=\"color: #ff6600\"><strong>Africa-Press &#8211; Togo. <\/strong><\/span><b>Le football togolais de nouveau en deuil. Segneame Lawson, ancien Secre\u0301taire ge\u0301ne\u0301ral de la Fe\u0301de\u0301ration togolaise de football (FTF) n\u2019est plus du monde des vivants.<\/b><\/p>\n<p>Le de\u0301ce\u0300s de l\u2019ancien arbitre international et ex-membre de diverses commissions de la FTF, est survenu ce samedi 11 mars, plongeant le monde du football national dans une grande tristesse.<\/p>\n<p>\u00ab Afin de lui rendre un dernier hommage, le Comite\u0301 Exe\u0301cutif demande qu\u2019une minute de silence soit observe\u0301e au de\u0301but de tous les matches des championnats du week-end \u00bb, a demande\u0301 l\u2019instance fai\u0302tie\u0300re nationale sportive. Segneame Lawson fut un acte majeur du sport le plus populaire dans son pays.<\/p>\n<p><strong>Pour plus d&rsquo;informations et d&rsquo;analyses sur la <a href=\"https:\/\/www.africa-press.net\/togo\">Togo<\/a>, suivez <a href=\"https:\/\/www.africa-press.net\/\">Africa-Press<\/a><\/strong><\/p>\n","protected":false},"excerpt":{"rendered":"<p>Africa-Press &#8211; Togo. Le football togolais de nouveau en deuil. Segneame Lawson, ancien Secre\u0301taire ge\u0301ne\u0301ral de la Fe\u0301de\u0301ration togolaise de football (FTF) n\u2019est plus du monde des vivants. Le de\u0301ce\u0300s de l\u2019ancien arbitre international et ex-membre de diverses commissions de la FTF, est survenu ce samedi 11 mars, plongeant le monde du football national dans [&hellip;]<\/p>\n","protected":false},"author":82,"featured_media":18446,"comment_status":"open","ping_status":"closed","sticky":false,"template":"","format":"standard","meta":{"footnotes":""},"categories":[6,10],"tags":[36,49,50],"class_list":["post-18448","post","type-post","status-publish","format-standard","has-post-thumbnail","hentry","category-sports","category-toutes-les-actualites","tag-africa-press","tag-africa-press-togo","tag-togo"],"yoast_head":"<!-- This site is optimized with the Yoast SEO Premium plugin v26.1 (Yoast SEO v27.0) - https:\/\/yoast.com\/product\/yoast-seo-premium-wordpress\/ -->\n<title>Un ex-secr\u00e9taire g\u00e9n\u00e9ral de la F\u00e9d\u00e9ration togolaise de football d\u00e9c\u00e9d\u00e9 - Togo<\/title>\n<meta name=\"description\" content=\"Le football togolais de nouveau en deuil. Segneame Lawson, ancien Secre\u0301taire ge\u0301ne\u0301ral de la Fe\u0301de\u0301ration togolaise ...\" \/>\n<meta name=\"robots\" content=\"index, follow, max-snippet:-1, max-image-preview:large, max-video-preview:-1\" \/>\n<link rel=\"canonical\" href=\"https:\/\/www.africa-press.net\/togo\/sports\/un-ex-secretaire-general-de-la-federation-togolaise-de-football-decede\" \/>\n<meta property=\"og:locale\" content=\"fr_FR\" \/>\n<meta property=\"og:type\" content=\"article\" \/>\n<meta property=\"og:title\" content=\"Un ex-secr\u00e9taire g\u00e9n\u00e9ral de la F\u00e9d\u00e9ration togolaise de football d\u00e9c\u00e9d\u00e9\" \/>\n<meta property=\"og:description\" content=\"Le football togolais de nouveau en deuil. Segneame Lawson, ancien Secre\u0301taire ge\u0301ne\u0301ral de la Fe\u0301de\u0301ration togolaise ...\" \/>\n<meta property=\"og:url\" content=\"https:\/\/www.africa-press.net\/togo\/sports\/un-ex-secretaire-general-de-la-federation-togolaise-de-football-decede\" \/>\n<meta property=\"og:site_name\" content=\"Togo\" \/>\n<meta property=\"article:published_time\" content=\"2023-03-13T12:33:19+00:00\" \/>\n<meta property=\"article:modified_time\" content=\"2023-03-13T12:50:11+00:00\" \/>\n<meta property=\"og:image\" content=\"https:\/\/static.africa-press.net\/togo\/sites\/58\/2023\/03\/postQueueImg_1678698201.65.jpg\" \/>\n\t<meta property=\"og:image:width\" content=\"1280\" \/>\n\t<meta property=\"og:image:height\" content=\"800\" \/>\n\t<meta property=\"og:image:type\" content=\"image\/jpeg\" \/>\n<meta name=\"author\" content=\"cfeditorfr\" \/>\n<meta name=\"twitter:card\" content=\"summary_large_image\" \/>\n<meta name=\"twitter:label1\" content=\"\u00c9crit par\" \/>\n\t<meta name=\"twitter:data1\" content=\"cfeditorfr\" \/>\n\t<meta name=\"twitter:label2\" content=\"Dur\u00e9e de lecture estim\u00e9e\" \/>\n\t<meta name=\"twitter:data2\" content=\"1 minute\" \/>\n<script type=\"application\/ld+json\" class=\"yoast-schema-graph\">{\"@context\":\"https:\/\/schema.org\",\"@graph\":[{\"@type\":\"Article\",\"@id\":\"https:\/\/www.africa-press.net\/togo\/sports\/un-ex-secretaire-general-de-la-federation-togolaise-de-football-decede#article\",\"isPartOf\":{\"@id\":\"https:\/\/www.africa-press.net\/togo\/sports\/un-ex-secretaire-general-de-la-federation-togolaise-de-football-decede\"},\"author\":{\"name\":\"cfeditorfr\",\"@id\":\"https:\/\/www.africa-press.net\/togo\/#\/schema\/person\/2b1cf3cd81a31e3cd26889ca66d677f1\"},\"headline\":\"Un ex-secr\u00e9taire g\u00e9n\u00e9ral de la F\u00e9d\u00e9ration togolaise de football d\u00e9c\u00e9d\u00e9\",\"datePublished\":\"2023-03-13T12:33:19+00:00\",\"dateModified\":\"2023-03-13T12:50:11+00:00\",\"mainEntityOfPage\":{\"@id\":\"https:\/\/www.africa-press.net\/togo\/sports\/un-ex-secretaire-general-de-la-federation-togolaise-de-football-decede\"},\"wordCount\":149,\"commentCount\":0,\"image\":{\"@id\":\"https:\/\/www.africa-press.net\/togo\/sports\/un-ex-secretaire-general-de-la-federation-togolaise-de-football-decede#primaryimage\"},\"thumbnailUrl\":\"https:\/\/static.africa-press.net\/togo\/sites\/58\/2023\/03\/postQueueImg_1678698201.65.jpg\",\"keywords\":[\"Africa Press\",\"Africa Press-Togo\",\"Togo\"],\"articleSection\":[\"Sports\",\"Toutes les actualit\u00e9s\"],\"inLanguage\":\"fr-FR\",\"potentialAction\":[{\"@type\":\"CommentAction\",\"name\":\"Comment\",\"target\":[\"https:\/\/www.africa-press.net\/togo\/sports\/un-ex-secretaire-general-de-la-federation-togolaise-de-football-decede#respond\"]}]},{\"@type\":\"WebPage\",\"@id\":\"https:\/\/www.africa-press.net\/togo\/sports\/un-ex-secretaire-general-de-la-federation-togolaise-de-football-decede\",\"url\":\"https:\/\/www.africa-press.net\/togo\/sports\/un-ex-secretaire-general-de-la-federation-togolaise-de-football-decede\",\"name\":\"Un ex-secr\u00e9taire g\u00e9n\u00e9ral de la F\u00e9d\u00e9ration togolaise de football d\u00e9c\u00e9d\u00e9 - Togo\",\"isPartOf\":{\"@id\":\"https:\/\/www.africa-press.net\/togo\/#website\"},\"primaryImageOfPage\":{\"@id\":\"https:\/\/www.africa-press.net\/togo\/sports\/un-ex-secretaire-general-de-la-federation-togolaise-de-football-decede#primaryimage\"},\"image\":{\"@id\":\"https:\/\/www.africa-press.net\/togo\/sports\/un-ex-secretaire-general-de-la-federation-togolaise-de-football-decede#primaryimage\"},\"thumbnailUrl\":\"https:\/\/static.africa-press.net\/togo\/sites\/58\/2023\/03\/postQueueImg_1678698201.65.jpg\",\"datePublished\":\"2023-03-13T12:33:19+00:00\",\"dateModified\":\"2023-03-13T12:50:11+00:00\",\"author\":{\"@id\":\"https:\/\/www.africa-press.net\/togo\/#\/schema\/person\/2b1cf3cd81a31e3cd26889ca66d677f1\"},\"description\":\"Le football togolais de nouveau en deuil. Segneame Lawson, ancien Secre\u0301taire ge\u0301ne\u0301ral de la Fe\u0301de\u0301ration togolaise ...\",\"breadcrumb\":{\"@id\":\"https:\/\/www.africa-press.net\/togo\/sports\/un-ex-secretaire-general-de-la-federation-togolaise-de-football-decede#breadcrumb\"},\"inLanguage\":\"fr-FR\",\"potentialAction\":[{\"@type\":\"ReadAction\",\"target\":[\"https:\/\/www.africa-press.net\/togo\/sports\/un-ex-secretaire-general-de-la-federation-togolaise-de-football-decede\"]}]},{\"@type\":\"ImageObject\",\"inLanguage\":\"fr-FR\",\"@id\":\"https:\/\/www.africa-press.net\/togo\/sports\/un-ex-secretaire-general-de-la-federation-togolaise-de-football-decede#primaryimage\",\"url\":\"https:\/\/static.africa-press.net\/togo\/sites\/58\/2023\/03\/postQueueImg_1678698201.65.jpg\",\"contentUrl\":\"https:\/\/static.africa-press.net\/togo\/sites\/58\/2023\/03\/postQueueImg_1678698201.65.jpg\",\"width\":1280,\"height\":800,\"caption\":\"Un ex-secr\u00e9taire g\u00e9n\u00e9ral de la F\u00e9d\u00e9ration togolaise de football d\u00e9c\u00e9d\u00e9\"},{\"@type\":\"BreadcrumbList\",\"@id\":\"https:\/\/www.africa-press.net\/togo\/sports\/un-ex-secretaire-general-de-la-federation-togolaise-de-football-decede#breadcrumb\",\"itemListElement\":[{\"@type\":\"ListItem\",\"position\":1,\"name\":\"Accueil\",\"item\":\"https:\/\/www.africa-press.net\/togo\/\"},{\"@type\":\"ListItem\",\"position\":2,\"name\":\"Un ex-secr\u00e9taire g\u00e9n\u00e9ral de la F\u00e9d\u00e9ration togolaise de football d\u00e9c\u00e9d\u00e9\"}]},{\"@type\":\"WebSite\",\"@id\":\"https:\/\/www.africa-press.net\/togo\/#website\",\"url\":\"https:\/\/www.africa-press.net\/togo\/\",\"name\":\"Togo\",\"description\":\"Just another Africa News Agency Sites site\",\"potentialAction\":[{\"@type\":\"SearchAction\",\"target\":{\"@type\":\"EntryPoint\",\"urlTemplate\":\"https:\/\/www.africa-press.net\/togo\/?s={search_term_string}\"},\"query-input\":{\"@type\":\"PropertyValueSpecification\",\"valueRequired\":true,\"valueName\":\"search_term_string\"}}],\"inLanguage\":\"fr-FR\"},{\"@type\":\"Person\",\"@id\":\"https:\/\/www.africa-press.net\/togo\/#\/schema\/person\/2b1cf3cd81a31e3cd26889ca66d677f1\",\"name\":\"cfeditorfr\"}]}<\/script>\n<!-- \/ Yoast SEO Premium plugin. -->","yoast_head_json":{"title":"Un ex-secr\u00e9taire g\u00e9n\u00e9ral de la F\u00e9d\u00e9ration togolaise de football d\u00e9c\u00e9d\u00e9 - Togo","description":"Le football togolais de nouveau en deuil. Segneame Lawson, ancien Secre\u0301taire ge\u0301ne\u0301ral de la Fe\u0301de\u0301ration togolaise ...","robots":{"index":"index","follow":"follow","max-snippet":"max-snippet:-1","max-image-preview":"max-image-preview:large","max-video-preview":"max-video-preview:-1"},"canonical":"https:\/\/www.africa-press.net\/togo\/sports\/un-ex-secretaire-general-de-la-federation-togolaise-de-football-decede","og_locale":"fr_FR","og_type":"article","og_title":"Un ex-secr\u00e9taire g\u00e9n\u00e9ral de la F\u00e9d\u00e9ration togolaise de football d\u00e9c\u00e9d\u00e9","og_description":"Le football togolais de nouveau en deuil. Segneame Lawson, ancien Secre\u0301taire ge\u0301ne\u0301ral de la Fe\u0301de\u0301ration togolaise ...","og_url":"https:\/\/www.africa-press.net\/togo\/sports\/un-ex-secretaire-general-de-la-federation-togolaise-de-football-decede","og_site_name":"Togo","article_published_time":"2023-03-13T12:33:19+00:00","article_modified_time":"2023-03-13T12:50:11+00:00","og_image":[{"width":1280,"height":800,"url":"https:\/\/static.africa-press.net\/togo\/sites\/58\/2023\/03\/postQueueImg_1678698201.65.jpg","type":"image\/jpeg"}],"author":"cfeditorfr","twitter_card":"summary_large_image","twitter_misc":{"\u00c9crit par":"cfeditorfr","Dur\u00e9e de lecture estim\u00e9e":"1 minute"},"schema":{"@context":"https:\/\/schema.org","@graph":[{"@type":"Article","@id":"https:\/\/www.africa-press.net\/togo\/sports\/un-ex-secretaire-general-de-la-federation-togolaise-de-football-decede#article","isPartOf":{"@id":"https:\/\/www.africa-press.net\/togo\/sports\/un-ex-secretaire-general-de-la-federation-togolaise-de-football-decede"},"author":{"name":"cfeditorfr","@id":"https:\/\/www.africa-press.net\/togo\/#\/schema\/person\/2b1cf3cd81a31e3cd26889ca66d677f1"},"headline":"Un ex-secr\u00e9taire g\u00e9n\u00e9ral de la F\u00e9d\u00e9ration togolaise de football d\u00e9c\u00e9d\u00e9","datePublished":"2023-03-13T12:33:19+00:00","dateModified":"2023-03-13T12:50:11+00:00","mainEntityOfPage":{"@id":"https:\/\/www.africa-press.net\/togo\/sports\/un-ex-secretaire-general-de-la-federation-togolaise-de-football-decede"},"wordCount":149,"commentCount":0,"image":{"@id":"https:\/\/www.africa-press.net\/togo\/sports\/un-ex-secretaire-general-de-la-federation-togolaise-de-football-decede#primaryimage"},"thumbnailUrl":"https:\/\/static.africa-press.net\/togo\/sites\/58\/2023\/03\/postQueueImg_1678698201.65.jpg","keywords":["Africa Press","Africa Press-Togo","Togo"],"articleSection":["Sports","Toutes les actualit\u00e9s"],"inLanguage":"fr-FR","potentialAction":[{"@type":"CommentAction","name":"Comment","target":["https:\/\/www.africa-press.net\/togo\/sports\/un-ex-secretaire-general-de-la-federation-togolaise-de-football-decede#respond"]}]},{"@type":"WebPage","@id":"https:\/\/www.africa-press.net\/togo\/sports\/un-ex-secretaire-general-de-la-federation-togolaise-de-football-decede","url":"https:\/\/www.africa-press.net\/togo\/sports\/un-ex-secretaire-general-de-la-federation-togolaise-de-football-decede","name":"Un ex-secr\u00e9taire g\u00e9n\u00e9ral de la F\u00e9d\u00e9ration togolaise de football d\u00e9c\u00e9d\u00e9 - Togo","isPartOf":{"@id":"https:\/\/www.africa-press.net\/togo\/#website"},"primaryImageOfPage":{"@id":"https:\/\/www.africa-press.net\/togo\/sports\/un-ex-secretaire-general-de-la-federation-togolaise-de-football-decede#primaryimage"},"image":{"@id":"https:\/\/www.africa-press.net\/togo\/sports\/un-ex-secretaire-general-de-la-federation-togolaise-de-football-decede#primaryimage"},"thumbnailUrl":"https:\/\/static.africa-press.net\/togo\/sites\/58\/2023\/03\/postQueueImg_1678698201.65.jpg","datePublished":"2023-03-13T12:33:19+00:00","dateModified":"2023-03-13T12:50:11+00:00","author":{"@id":"https:\/\/www.africa-press.net\/togo\/#\/schema\/person\/2b1cf3cd81a31e3cd26889ca66d677f1"},"description":"Le football togolais de nouveau en deuil. Segneame Lawson, ancien Secre\u0301taire ge\u0301ne\u0301ral de la Fe\u0301de\u0301ration togolaise ...","breadcrumb":{"@id":"https:\/\/www.africa-press.net\/togo\/sports\/un-ex-secretaire-general-de-la-federation-togolaise-de-football-decede#breadcrumb"},"inLanguage":"fr-FR","potentialAction":[{"@type":"ReadAction","target":["https:\/\/www.africa-press.net\/togo\/sports\/un-ex-secretaire-general-de-la-federation-togolaise-de-football-decede"]}]},{"@type":"ImageObject","inLanguage":"fr-FR","@id":"https:\/\/www.africa-press.net\/togo\/sports\/un-ex-secretaire-general-de-la-federation-togolaise-de-football-decede#primaryimage","url":"https:\/\/static.africa-press.net\/togo\/sites\/58\/2023\/03\/postQueueImg_1678698201.65.jpg","contentUrl":"https:\/\/static.africa-press.net\/togo\/sites\/58\/2023\/03\/postQueueImg_1678698201.65.jpg","width":1280,"height":800,"caption":"Un ex-secr\u00e9taire g\u00e9n\u00e9ral de la F\u00e9d\u00e9ration togolaise de football d\u00e9c\u00e9d\u00e9"},{"@type":"BreadcrumbList","@id":"https:\/\/www.africa-press.net\/togo\/sports\/un-ex-secretaire-general-de-la-federation-togolaise-de-football-decede#breadcrumb","itemListElement":[{"@type":"ListItem","position":1,"name":"Accueil","item":"https:\/\/www.africa-press.net\/togo\/"},{"@type":"ListItem","position":2,"name":"Un ex-secr\u00e9taire g\u00e9n\u00e9ral de la F\u00e9d\u00e9ration togolaise de football d\u00e9c\u00e9d\u00e9"}]},{"@type":"WebSite","@id":"https:\/\/www.africa-press.net\/togo\/#website","url":"https:\/\/www.africa-press.net\/togo\/","name":"Togo","description":"Just another Africa News Agency Sites site","potentialAction":[{"@type":"SearchAction","target":{"@type":"EntryPoint","urlTemplate":"https:\/\/www.africa-press.net\/togo\/?s={search_term_string}"},"query-input":{"@type":"PropertyValueSpecification","valueRequired":true,"valueName":"search_term_string"}}],"inLanguage":"fr-FR"},{"@type":"Person","@id":"https:\/\/www.africa-press.net\/togo\/#\/schema\/person\/2b1cf3cd81a31e3cd26889ca66d677f1","name":"cfeditorfr"}]}},"_links":{"self":[{"href":"https:\/\/www.africa-press.net\/togo\/wp-json\/wp\/v2\/posts\/18448","targetHints":{"allow":["GET"]}}],"collection":[{"href":"https:\/\/www.africa-press.net\/togo\/wp-json\/wp\/v2\/posts"}],"about":[{"href":"https:\/\/www.africa-press.net\/togo\/wp-json\/wp\/v2\/types\/post"}],"author":[{"embeddable":true,"href":"https:\/\/www.africa-press.net\/togo\/wp-json\/wp\/v2\/users\/82"}],"replies":[{"embeddable":true,"href":"https:\/\/www.africa-press.net\/togo\/wp-json\/wp\/v2\/comments?post=18448"}],"version-history":[{"count":0,"href":"https:\/\/www.africa-press.net\/togo\/wp-json\/wp\/v2\/posts\/18448\/revisions"}],"wp:featuredmedia":[{"embeddable":true,"href":"https:\/\/www.africa-press.net\/togo\/wp-json\/wp\/v2\/media\/18446"}],"wp:attachment":[{"href":"https:\/\/www.africa-press.net\/togo\/wp-json\/wp\/v2\/media?parent=18448"}],"wp:term":[{"taxonomy":"category","embeddable":true,"href":"https:\/\/www.africa-press.net\/togo\/wp-json\/wp\/v2\/categories?post=18448"},{"taxonomy":"post_tag","embeddable":true,"href":"https:\/\/www.africa-press.net\/togo\/wp-json\/wp\/v2\/tags?post=18448"}],"curies":[{"name":"wp","href":"https:\/\/api.w.org\/{rel}","templated":true}]}}