{"id":18451,"date":"2023-03-13T12:33:24","date_gmt":"2023-03-13T12:33:24","guid":{"rendered":"https:\/\/www.africa-press.net\/togo\/politique\/togo-la-ftf-en-congres-ordinaire-le-12-mai"},"modified":"2023-03-13T12:51:01","modified_gmt":"2023-03-13T12:51:01","slug":"togo-la-ftf-en-congres-ordinaire-le-12-mai","status":"publish","type":"post","link":"https:\/\/www.africa-press.net\/togo\/politique\/togo-la-ftf-en-congres-ordinaire-le-12-mai","title":{"rendered":"Togo-La FTF en congr\u00e8s ordinaire le 12 mai"},"content":{"rendered":"<p><span style=\"color: #ff6600\"><strong>Africa-Press &#8211; Togo. <\/strong><\/span><b>Les membres de la Fe\u0301de\u0301ration togolaise de football (FTF) seront en assemble\u0301e ge\u0301ne\u0301rale ordinaire annuelle le vendredi 12 mai prochain.<\/b><\/p>\n<p>Dans la correspondance adresse\u0301e aux acteurs concerne\u0301s, l\u2019instance fai\u0302tie\u0300re nationale \u00ab porte a\u0300 la connaissance des associations membres que conforme\u0301ment aux dispositions de l\u2019art. 30 al. 1 et 2 des statuts de la FTF, elle a de\u0301cide\u0301 lors de sa se\u0301ance ordinaire du 2 mars 2023 de tenir son Congre\u0300s ordinaire le vendredi 12 mai 2023 a\u0300 9 heures \u00bb, avec la mention \u00ab que l\u2019ordre du jour portera principalement sur les points inscrits a\u0300 l\u2019article 31 des statuts de la FTF \u00bb.<\/p>\n<p>Les congressistes auront les documents ne\u0301cessaires avant le 12 avril 2023.<\/p>\n<p>\u00ab La Fe\u0301de\u0301ration Togolaise de Football pre\u0301cise par ailleurs que toute association membre de\u0301sirant soumettre une proposition inscrite a\u0300 l\u2019ordre du jour du congre\u0300s devra faire parvenir sa demande au Secre\u0301tariat Ge\u0301ne\u0301ral par e\u0301crit accompagne\u0301e d\u2019une bre\u0300ve explication avant le 31 mars 2023 (Cf article 31 aline\u0301a 1 des statuts de la FTF) \u00bb, indique la note signe\u0301e par Herve\u0301 Te\u0301te\u0301 Agbodan, le Secre\u0301taire ge\u0301ne\u0301ral de cette institution.<\/p>\n<p><strong>Pour plus d&rsquo;informations et d&rsquo;analyses sur la <a href=\"https:\/\/www.africa-press.net\/togo\">Togo<\/a>, suivez <a href=\"https:\/\/www.africa-press.net\/\">Africa-Press<\/a><\/strong><\/p>\n","protected":false},"excerpt":{"rendered":"<p>Africa-Press &#8211; Togo. Les membres de la Fe\u0301de\u0301ration togolaise de football (FTF) seront en assemble\u0301e ge\u0301ne\u0301rale ordinaire annuelle le vendredi 12 mai prochain. Dans la correspondance adresse\u0301e aux acteurs concerne\u0301s, l\u2019instance fai\u0302tie\u0300re nationale \u00ab porte a\u0300 la connaissance des associations membres que conforme\u0301ment aux dispositions de l\u2019art. 30 al. 1 et 2 des statuts de [&hellip;]<\/p>\n","protected":false},"author":82,"featured_media":18449,"comment_status":"open","ping_status":"closed","sticky":false,"template":"","format":"standard","meta":{"footnotes":""},"categories":[2,10],"tags":[36,49,50],"class_list":["post-18451","post","type-post","status-publish","format-standard","has-post-thumbnail","hentry","category-politique","category-toutes-les-actualites","tag-africa-press","tag-africa-press-togo","tag-togo"],"yoast_head":"<!-- This site is optimized with the Yoast SEO Premium plugin v26.1 (Yoast SEO v27.0) - https:\/\/yoast.com\/product\/yoast-seo-premium-wordpress\/ -->\n<title>Togo-La FTF en congr\u00e8s ordinaire le 12 mai - Togo<\/title>\n<meta name=\"description\" content=\"Les membres de la Fe\u0301de\u0301ration togolaise de football (FTF) seront en assemble\u0301e ge\u0301ne\u0301rale ordinaire annuelle le vend ...\" \/>\n<meta name=\"robots\" content=\"index, follow, max-snippet:-1, max-image-preview:large, max-video-preview:-1\" \/>\n<link rel=\"canonical\" href=\"https:\/\/www.africa-press.net\/togo\/politique\/togo-la-ftf-en-congres-ordinaire-le-12-mai\" \/>\n<meta property=\"og:locale\" content=\"fr_FR\" \/>\n<meta property=\"og:type\" content=\"article\" \/>\n<meta property=\"og:title\" content=\"Togo-La FTF en congr\u00e8s ordinaire le 12 mai\" \/>\n<meta property=\"og:description\" content=\"Les membres de la Fe\u0301de\u0301ration togolaise de football (FTF) seront en assemble\u0301e ge\u0301ne\u0301rale ordinaire annuelle le vend ...\" \/>\n<meta property=\"og:url\" content=\"https:\/\/www.africa-press.net\/togo\/politique\/togo-la-ftf-en-congres-ordinaire-le-12-mai\" \/>\n<meta property=\"og:site_name\" content=\"Togo\" \/>\n<meta property=\"article:published_time\" content=\"2023-03-13T12:33:24+00:00\" \/>\n<meta property=\"article:modified_time\" content=\"2023-03-13T12:51:01+00:00\" \/>\n<meta property=\"og:image\" content=\"https:\/\/static.africa-press.net\/togo\/sites\/58\/2023\/03\/postQueueImg_1678698206.57.jpg\" \/>\n\t<meta property=\"og:image:width\" content=\"1280\" \/>\n\t<meta property=\"og:image:height\" content=\"800\" \/>\n\t<meta property=\"og:image:type\" content=\"image\/jpeg\" \/>\n<meta name=\"author\" content=\"cfeditorfr\" \/>\n<meta name=\"twitter:card\" content=\"summary_large_image\" \/>\n<meta name=\"twitter:label1\" content=\"\u00c9crit par\" \/>\n\t<meta name=\"twitter:data1\" content=\"cfeditorfr\" \/>\n\t<meta name=\"twitter:label2\" content=\"Dur\u00e9e de lecture estim\u00e9e\" \/>\n\t<meta name=\"twitter:data2\" content=\"1 minute\" \/>\n<script type=\"application\/ld+json\" class=\"yoast-schema-graph\">{\"@context\":\"https:\/\/schema.org\",\"@graph\":[{\"@type\":\"Article\",\"@id\":\"https:\/\/www.africa-press.net\/togo\/politique\/togo-la-ftf-en-congres-ordinaire-le-12-mai#article\",\"isPartOf\":{\"@id\":\"https:\/\/www.africa-press.net\/togo\/politique\/togo-la-ftf-en-congres-ordinaire-le-12-mai\"},\"author\":{\"name\":\"cfeditorfr\",\"@id\":\"https:\/\/www.africa-press.net\/togo\/#\/schema\/person\/2b1cf3cd81a31e3cd26889ca66d677f1\"},\"headline\":\"Togo-La FTF en congr\u00e8s ordinaire le 12 mai\",\"datePublished\":\"2023-03-13T12:33:24+00:00\",\"dateModified\":\"2023-03-13T12:51:01+00:00\",\"mainEntityOfPage\":{\"@id\":\"https:\/\/www.africa-press.net\/togo\/politique\/togo-la-ftf-en-congres-ordinaire-le-12-mai\"},\"wordCount\":220,\"commentCount\":0,\"image\":{\"@id\":\"https:\/\/www.africa-press.net\/togo\/politique\/togo-la-ftf-en-congres-ordinaire-le-12-mai#primaryimage\"},\"thumbnailUrl\":\"https:\/\/static.africa-press.net\/togo\/sites\/58\/2023\/03\/postQueueImg_1678698206.57.jpg\",\"keywords\":[\"Africa Press\",\"Africa Press-Togo\",\"Togo\"],\"articleSection\":[\"Politique\",\"Toutes les actualit\u00e9s\"],\"inLanguage\":\"fr-FR\",\"potentialAction\":[{\"@type\":\"CommentAction\",\"name\":\"Comment\",\"target\":[\"https:\/\/www.africa-press.net\/togo\/politique\/togo-la-ftf-en-congres-ordinaire-le-12-mai#respond\"]}]},{\"@type\":\"WebPage\",\"@id\":\"https:\/\/www.africa-press.net\/togo\/politique\/togo-la-ftf-en-congres-ordinaire-le-12-mai\",\"url\":\"https:\/\/www.africa-press.net\/togo\/politique\/togo-la-ftf-en-congres-ordinaire-le-12-mai\",\"name\":\"Togo-La FTF en congr\u00e8s ordinaire le 12 mai - Togo\",\"isPartOf\":{\"@id\":\"https:\/\/www.africa-press.net\/togo\/#website\"},\"primaryImageOfPage\":{\"@id\":\"https:\/\/www.africa-press.net\/togo\/politique\/togo-la-ftf-en-congres-ordinaire-le-12-mai#primaryimage\"},\"image\":{\"@id\":\"https:\/\/www.africa-press.net\/togo\/politique\/togo-la-ftf-en-congres-ordinaire-le-12-mai#primaryimage\"},\"thumbnailUrl\":\"https:\/\/static.africa-press.net\/togo\/sites\/58\/2023\/03\/postQueueImg_1678698206.57.jpg\",\"datePublished\":\"2023-03-13T12:33:24+00:00\",\"dateModified\":\"2023-03-13T12:51:01+00:00\",\"author\":{\"@id\":\"https:\/\/www.africa-press.net\/togo\/#\/schema\/person\/2b1cf3cd81a31e3cd26889ca66d677f1\"},\"description\":\"Les membres de la Fe\u0301de\u0301ration togolaise de football (FTF) seront en assemble\u0301e ge\u0301ne\u0301rale ordinaire annuelle le vend ...\",\"breadcrumb\":{\"@id\":\"https:\/\/www.africa-press.net\/togo\/politique\/togo-la-ftf-en-congres-ordinaire-le-12-mai#breadcrumb\"},\"inLanguage\":\"fr-FR\",\"potentialAction\":[{\"@type\":\"ReadAction\",\"target\":[\"https:\/\/www.africa-press.net\/togo\/politique\/togo-la-ftf-en-congres-ordinaire-le-12-mai\"]}]},{\"@type\":\"ImageObject\",\"inLanguage\":\"fr-FR\",\"@id\":\"https:\/\/www.africa-press.net\/togo\/politique\/togo-la-ftf-en-congres-ordinaire-le-12-mai#primaryimage\",\"url\":\"https:\/\/static.africa-press.net\/togo\/sites\/58\/2023\/03\/postQueueImg_1678698206.57.jpg\",\"contentUrl\":\"https:\/\/static.africa-press.net\/togo\/sites\/58\/2023\/03\/postQueueImg_1678698206.57.jpg\",\"width\":1280,\"height\":800,\"caption\":\"Togo-La FTF en congr\u00e8s ordinaire le 12 mai\"},{\"@type\":\"BreadcrumbList\",\"@id\":\"https:\/\/www.africa-press.net\/togo\/politique\/togo-la-ftf-en-congres-ordinaire-le-12-mai#breadcrumb\",\"itemListElement\":[{\"@type\":\"ListItem\",\"position\":1,\"name\":\"Accueil\",\"item\":\"https:\/\/www.africa-press.net\/togo\/\"},{\"@type\":\"ListItem\",\"position\":2,\"name\":\"Togo-La FTF en congr\u00e8s ordinaire le 12 mai\"}]},{\"@type\":\"WebSite\",\"@id\":\"https:\/\/www.africa-press.net\/togo\/#website\",\"url\":\"https:\/\/www.africa-press.net\/togo\/\",\"name\":\"Togo\",\"description\":\"Just another Africa News Agency Sites site\",\"potentialAction\":[{\"@type\":\"SearchAction\",\"target\":{\"@type\":\"EntryPoint\",\"urlTemplate\":\"https:\/\/www.africa-press.net\/togo\/?s={search_term_string}\"},\"query-input\":{\"@type\":\"PropertyValueSpecification\",\"valueRequired\":true,\"valueName\":\"search_term_string\"}}],\"inLanguage\":\"fr-FR\"},{\"@type\":\"Person\",\"@id\":\"https:\/\/www.africa-press.net\/togo\/#\/schema\/person\/2b1cf3cd81a31e3cd26889ca66d677f1\",\"name\":\"cfeditorfr\"}]}<\/script>\n<!-- \/ Yoast SEO Premium plugin. -->","yoast_head_json":{"title":"Togo-La FTF en congr\u00e8s ordinaire le 12 mai - Togo","description":"Les membres de la Fe\u0301de\u0301ration togolaise de football (FTF) seront en assemble\u0301e ge\u0301ne\u0301rale ordinaire annuelle le vend ...","robots":{"index":"index","follow":"follow","max-snippet":"max-snippet:-1","max-image-preview":"max-image-preview:large","max-video-preview":"max-video-preview:-1"},"canonical":"https:\/\/www.africa-press.net\/togo\/politique\/togo-la-ftf-en-congres-ordinaire-le-12-mai","og_locale":"fr_FR","og_type":"article","og_title":"Togo-La FTF en congr\u00e8s ordinaire le 12 mai","og_description":"Les membres de la Fe\u0301de\u0301ration togolaise de football (FTF) seront en assemble\u0301e ge\u0301ne\u0301rale ordinaire annuelle le vend ...","og_url":"https:\/\/www.africa-press.net\/togo\/politique\/togo-la-ftf-en-congres-ordinaire-le-12-mai","og_site_name":"Togo","article_published_time":"2023-03-13T12:33:24+00:00","article_modified_time":"2023-03-13T12:51:01+00:00","og_image":[{"width":1280,"height":800,"url":"https:\/\/static.africa-press.net\/togo\/sites\/58\/2023\/03\/postQueueImg_1678698206.57.jpg","type":"image\/jpeg"}],"author":"cfeditorfr","twitter_card":"summary_large_image","twitter_misc":{"\u00c9crit par":"cfeditorfr","Dur\u00e9e de lecture estim\u00e9e":"1 minute"},"schema":{"@context":"https:\/\/schema.org","@graph":[{"@type":"Article","@id":"https:\/\/www.africa-press.net\/togo\/politique\/togo-la-ftf-en-congres-ordinaire-le-12-mai#article","isPartOf":{"@id":"https:\/\/www.africa-press.net\/togo\/politique\/togo-la-ftf-en-congres-ordinaire-le-12-mai"},"author":{"name":"cfeditorfr","@id":"https:\/\/www.africa-press.net\/togo\/#\/schema\/person\/2b1cf3cd81a31e3cd26889ca66d677f1"},"headline":"Togo-La FTF en congr\u00e8s ordinaire le 12 mai","datePublished":"2023-03-13T12:33:24+00:00","dateModified":"2023-03-13T12:51:01+00:00","mainEntityOfPage":{"@id":"https:\/\/www.africa-press.net\/togo\/politique\/togo-la-ftf-en-congres-ordinaire-le-12-mai"},"wordCount":220,"commentCount":0,"image":{"@id":"https:\/\/www.africa-press.net\/togo\/politique\/togo-la-ftf-en-congres-ordinaire-le-12-mai#primaryimage"},"thumbnailUrl":"https:\/\/static.africa-press.net\/togo\/sites\/58\/2023\/03\/postQueueImg_1678698206.57.jpg","keywords":["Africa Press","Africa Press-Togo","Togo"],"articleSection":["Politique","Toutes les actualit\u00e9s"],"inLanguage":"fr-FR","potentialAction":[{"@type":"CommentAction","name":"Comment","target":["https:\/\/www.africa-press.net\/togo\/politique\/togo-la-ftf-en-congres-ordinaire-le-12-mai#respond"]}]},{"@type":"WebPage","@id":"https:\/\/www.africa-press.net\/togo\/politique\/togo-la-ftf-en-congres-ordinaire-le-12-mai","url":"https:\/\/www.africa-press.net\/togo\/politique\/togo-la-ftf-en-congres-ordinaire-le-12-mai","name":"Togo-La FTF en congr\u00e8s ordinaire le 12 mai - Togo","isPartOf":{"@id":"https:\/\/www.africa-press.net\/togo\/#website"},"primaryImageOfPage":{"@id":"https:\/\/www.africa-press.net\/togo\/politique\/togo-la-ftf-en-congres-ordinaire-le-12-mai#primaryimage"},"image":{"@id":"https:\/\/www.africa-press.net\/togo\/politique\/togo-la-ftf-en-congres-ordinaire-le-12-mai#primaryimage"},"thumbnailUrl":"https:\/\/static.africa-press.net\/togo\/sites\/58\/2023\/03\/postQueueImg_1678698206.57.jpg","datePublished":"2023-03-13T12:33:24+00:00","dateModified":"2023-03-13T12:51:01+00:00","author":{"@id":"https:\/\/www.africa-press.net\/togo\/#\/schema\/person\/2b1cf3cd81a31e3cd26889ca66d677f1"},"description":"Les membres de la Fe\u0301de\u0301ration togolaise de football (FTF) seront en assemble\u0301e ge\u0301ne\u0301rale ordinaire annuelle le vend ...","breadcrumb":{"@id":"https:\/\/www.africa-press.net\/togo\/politique\/togo-la-ftf-en-congres-ordinaire-le-12-mai#breadcrumb"},"inLanguage":"fr-FR","potentialAction":[{"@type":"ReadAction","target":["https:\/\/www.africa-press.net\/togo\/politique\/togo-la-ftf-en-congres-ordinaire-le-12-mai"]}]},{"@type":"ImageObject","inLanguage":"fr-FR","@id":"https:\/\/www.africa-press.net\/togo\/politique\/togo-la-ftf-en-congres-ordinaire-le-12-mai#primaryimage","url":"https:\/\/static.africa-press.net\/togo\/sites\/58\/2023\/03\/postQueueImg_1678698206.57.jpg","contentUrl":"https:\/\/static.africa-press.net\/togo\/sites\/58\/2023\/03\/postQueueImg_1678698206.57.jpg","width":1280,"height":800,"caption":"Togo-La FTF en congr\u00e8s ordinaire le 12 mai"},{"@type":"BreadcrumbList","@id":"https:\/\/www.africa-press.net\/togo\/politique\/togo-la-ftf-en-congres-ordinaire-le-12-mai#breadcrumb","itemListElement":[{"@type":"ListItem","position":1,"name":"Accueil","item":"https:\/\/www.africa-press.net\/togo\/"},{"@type":"ListItem","position":2,"name":"Togo-La FTF en congr\u00e8s ordinaire le 12 mai"}]},{"@type":"WebSite","@id":"https:\/\/www.africa-press.net\/togo\/#website","url":"https:\/\/www.africa-press.net\/togo\/","name":"Togo","description":"Just another Africa News Agency Sites site","potentialAction":[{"@type":"SearchAction","target":{"@type":"EntryPoint","urlTemplate":"https:\/\/www.africa-press.net\/togo\/?s={search_term_string}"},"query-input":{"@type":"PropertyValueSpecification","valueRequired":true,"valueName":"search_term_string"}}],"inLanguage":"fr-FR"},{"@type":"Person","@id":"https:\/\/www.africa-press.net\/togo\/#\/schema\/person\/2b1cf3cd81a31e3cd26889ca66d677f1","name":"cfeditorfr"}]}},"_links":{"self":[{"href":"https:\/\/www.africa-press.net\/togo\/wp-json\/wp\/v2\/posts\/18451","targetHints":{"allow":["GET"]}}],"collection":[{"href":"https:\/\/www.africa-press.net\/togo\/wp-json\/wp\/v2\/posts"}],"about":[{"href":"https:\/\/www.africa-press.net\/togo\/wp-json\/wp\/v2\/types\/post"}],"author":[{"embeddable":true,"href":"https:\/\/www.africa-press.net\/togo\/wp-json\/wp\/v2\/users\/82"}],"replies":[{"embeddable":true,"href":"https:\/\/www.africa-press.net\/togo\/wp-json\/wp\/v2\/comments?post=18451"}],"version-history":[{"count":0,"href":"https:\/\/www.africa-press.net\/togo\/wp-json\/wp\/v2\/posts\/18451\/revisions"}],"wp:featuredmedia":[{"embeddable":true,"href":"https:\/\/www.africa-press.net\/togo\/wp-json\/wp\/v2\/media\/18449"}],"wp:attachment":[{"href":"https:\/\/www.africa-press.net\/togo\/wp-json\/wp\/v2\/media?parent=18451"}],"wp:term":[{"taxonomy":"category","embeddable":true,"href":"https:\/\/www.africa-press.net\/togo\/wp-json\/wp\/v2\/categories?post=18451"},{"taxonomy":"post_tag","embeddable":true,"href":"https:\/\/www.africa-press.net\/togo\/wp-json\/wp\/v2\/tags?post=18451"}],"curies":[{"name":"wp","href":"https:\/\/api.w.org\/{rel}","templated":true}]}}