{"id":18474,"date":"2023-03-13T19:37:24","date_gmt":"2023-03-13T19:37:24","guid":{"rendered":"https:\/\/www.africa-press.net\/togo\/politique\/togo-ferdinand-ayite-victime-de-la-symphonie-de-la-repression"},"modified":"2023-03-13T20:19:25","modified_gmt":"2023-03-13T20:19:25","slug":"togo-ferdinand-ayite-victime-de-la-symphonie-de-la-repression","status":"publish","type":"post","link":"https:\/\/www.africa-press.net\/togo\/dossiers\/togo-ferdinand-ayite-victime-de-la-symphonie-de-la-repression","title":{"rendered":"Togo-Ferdinand Ayit\u00e9, victime de la \u00ab symphonie de la r\u00e9pression \u00bb"},"content":{"rendered":"<p><span style=\"color: #ff6600\"><strong>Africa-Press &#8211; Togo. <\/strong><\/span><b>Une fois encore, un Togolais des plus audacieux, des plus tenaces dans la que\u0302te de justice sociale, Ferdinand Ayite\u0301, vient d\u2019e\u0302tre contraint a\u0300 l\u2019exil. Mais les Togolais qui connaissent le re\u0301gime qui les re\u0301gente ne sont nullement pas surpris. <\/b><\/p>\n<p>Il y a deux semaines lorsque la cour supre\u0302me avait annule\u0301 une de\u0301cision de la HAAC suspendant le Journal Liberte\u0301, tout connaisseur du re\u0301gime savait que cela sonnait mal, et que le re\u0301gime comme a\u0300 son habitude allait se venger, non pas contre les juges qui ont \u00ab humilie\u0301 \u00bb le bras me\u0301diatique de l\u2019appareil de re\u0301pression, mais pluto\u0302t contre le maillon faible de l\u2019e\u0301quation: les journalistes qui ont ose\u0301 de\u0301fier la HAAC. Pas ne\u0301cessairement contre les journalistes victorieux de Liberte\u0301, mais contre la corporation des journalistes, contre le corps de me\u0301tier qu\u2019on tient responsable de \u00ab l\u2019humiliation \u00bb des seigneurs du Togo.<\/p>\n<p>La raison est simple: le re\u0301gime dans sa que\u0302te du pouvoir absolu, inconteste\u0301 et permanent, re\u0302ve d\u2019un contro\u0302le total sur les Togolais ; cela passe par une re\u0301pression uniforme dans tous les domaines. Lorsque la re\u0301pression est mise a\u0300 mal dans un domaine donne\u0301, cela cre\u0301e un de\u0301se\u0301quilibre au sein de tout l\u2019appareil de re\u0301pression, car cela ame\u0300ne ceux qui re\u0301priment a\u0300 se poser des questions, et me\u0302me a\u0300 douter de l\u2019efficacite\u0301 de tout le dispositif de re\u0301pression qui est la pierre angulaire de la dictature militaire. Lorsque la re\u0301pression est de\u0301fie\u0301e et perd du terrain dans un secteur, cela cre\u0301e un malaise au sein du re\u0301gime, une discordance dans ce qu\u2019on peut appeler la symphonie de la re\u0301pression. Il faut donc ne\u0301cessairement re\u0301e\u0301quilibrer les choses en frappant plus durement sur un autre secteur.<\/p>\n<p><b>Le re\u0301gime militaire togolais a ceci de particulier qu\u2019il est e\u0301tonnamment pre\u0301visible. Pour une raison simple: ceux qui l\u2019animent, du sommet a\u0300 la base ont comme de\u0301nominateur la rancune tenace, le penchant vers la vengeance contre les faibles et le refus de tout ce qui pourrait e\u0302tre vu comme une de\u0301faite. <\/b><\/p>\n<p>Y a-t-il une victime du re\u0301gime qui ait e\u0301te\u0301 de\u0301truite a\u0300 moitie\u0301 ? Non, la rancune leur servant de ferment, les acteurs du re\u0301gime n\u2019arre\u0302tent que lorsqu\u2019ils ont l\u2019assurance d\u2019avoir de\u0301truit leur victime jusqu\u2019au point ou\u0300 plus personne ne parle de cette victime, lorsque leur victime est totalement oublie\u0301e dans nos me\u0301moires, lorsque plus personne ne sympathise avec les opinions de leur victime.<\/p>\n<p>Y a-t-il un individu qui a obtenu une victoire, aussi petite soit-elle, sur un membre ou un groupe des seigneurs du re\u0301gime? Oui, mais de\u0300s que cela survient, le re\u0301gime y re\u0301pond en se vengeant contre \u00ab l\u2019humiliation \u00bb en ciblant non seulement l\u2019individu qui a remporte\u0301 cette victoire, mais contre tout le groupe auquel cet individu appartient.<\/p>\n<p>Tenez :<\/p>\n<p>Faut-il de\u0300s lors e\u0302tre surpris qu\u2019apre\u0300s la victoire du journal Liberte\u0301 le re\u0301gime soit alle\u0301 de\u0301terrer l\u2019affaire opposant ses ministres-pasteurs a\u0300 d\u2019autres journalistes, y compris contre un journaliste qui est de\u0301ja\u0300 de\u0301ce\u0301de\u0301 ? Non, c\u2019est dans la droite ligne de ce que le re\u0301gime sait mieux faire: la vengeance contre les plus faibles, en les frappant sous la ceinture. La vengeance contre les faibles est la marque de\u0301pose\u0301e du re\u0301gime militaire togolais. En re\u0301alite\u0301, dans toutes les cultures, ce penchant vers la rancune et la vengeance ainsi que le refus obstine\u0301 de reconnaitre ses torts sont la marque d\u2019une faiblesse. Le re\u0301gime togolais lui en a fait ses points cardinaux, et essaie de se convaincre que c\u2019est sa force. Et pour le Togo, cette faiblesse vante\u0301e comme une force est la \u00ab marque de la be\u0302te \u00bb.<\/p>\n<p><b>Le re\u0301gime militaire togolais et Ferdinand Ayite\u0301, c\u2019est la vengeance d\u2019un troupeau d\u2019e\u0301le\u0301phants contre une fourmi.<\/b> Cela re\u0301ve\u0300le la faiblesse des e\u0301le\u0301phants, quoi que dise le troupeau. Et cette faiblesse des e\u0301le\u0301phants, re\u0301ve\u0301le\u0301e au grand jour, signifie une chose pour les Togolais : tout est encore possible.<\/p>\n<p><b>A Ben Yaya<\/b><\/p>\n<p><strong>Pour plus d&rsquo;informations et d&rsquo;analyses sur la <a href=\"https:\/\/www.africa-press.net\/togo\">Togo<\/a>, suivez <a href=\"https:\/\/www.africa-press.net\/\">Africa-Press<\/a><\/strong><\/p>\n","protected":false},"excerpt":{"rendered":"<p>Africa-Press &#8211; Togo. Une fois encore, un Togolais des plus audacieux, des plus tenaces dans la que\u0302te de justice sociale, Ferdinand Ayite\u0301, vient d\u2019e\u0302tre contraint a\u0300 l\u2019exil. Mais les Togolais qui connaissent le re\u0301gime qui les re\u0301gente ne sont nullement pas surpris. Il y a deux semaines lorsque la cour supre\u0302me avait annule\u0301 une de\u0301cision [&hellip;]<\/p>\n","protected":false},"author":82,"featured_media":18473,"comment_status":"open","ping_status":"closed","sticky":false,"template":"","format":"standard","meta":{"footnotes":""},"categories":[7,10],"tags":[36,49,50],"class_list":["post-18474","post","type-post","status-publish","format-standard","has-post-thumbnail","hentry","category-dossiers","category-toutes-les-actualites","tag-africa-press","tag-africa-press-togo","tag-togo"],"yoast_head":"<!-- This site is optimized with the Yoast SEO Premium plugin v26.1 (Yoast SEO v27.0) - https:\/\/yoast.com\/product\/yoast-seo-premium-wordpress\/ -->\n<title>Togo-Ferdinand Ayit\u00e9, victime de la \u00ab symphonie de la r\u00e9pression \u00bb - Togo<\/title>\n<meta name=\"description\" content=\"Une fois encore, un Togolais des plus audacieux, des plus tenaces dans la que\u0302te de justice sociale, Ferdinand Ayite\u0301 ...\" \/>\n<meta name=\"robots\" content=\"index, follow, max-snippet:-1, max-image-preview:large, max-video-preview:-1\" \/>\n<link rel=\"canonical\" href=\"https:\/\/www.africa-press.net\/togo\/dossiers\/togo-ferdinand-ayite-victime-de-la-symphonie-de-la-repression\" \/>\n<meta property=\"og:locale\" content=\"fr_FR\" \/>\n<meta property=\"og:type\" content=\"article\" \/>\n<meta property=\"og:title\" content=\"Togo-Ferdinand Ayit\u00e9, victime de la \u00ab symphonie de la r\u00e9pression \u00bb\" \/>\n<meta property=\"og:description\" content=\"Une fois encore, un Togolais des plus audacieux, des plus tenaces dans la que\u0302te de justice sociale, Ferdinand Ayite\u0301 ...\" \/>\n<meta property=\"og:url\" content=\"https:\/\/www.africa-press.net\/togo\/dossiers\/togo-ferdinand-ayite-victime-de-la-symphonie-de-la-repression\" \/>\n<meta property=\"og:site_name\" content=\"Togo\" \/>\n<meta property=\"article:published_time\" content=\"2023-03-13T19:37:24+00:00\" \/>\n<meta property=\"article:modified_time\" content=\"2023-03-13T20:19:25+00:00\" \/>\n<meta property=\"og:image\" content=\"https:\/\/static.africa-press.net\/togo\/sites\/58\/2023\/03\/postQueueImg_1678723664.37.jpg\" \/>\n\t<meta property=\"og:image:width\" content=\"1280\" \/>\n\t<meta property=\"og:image:height\" content=\"802\" \/>\n\t<meta property=\"og:image:type\" content=\"image\/jpeg\" \/>\n<meta name=\"author\" content=\"cfeditorfr\" \/>\n<meta name=\"twitter:card\" content=\"summary_large_image\" \/>\n<meta name=\"twitter:label1\" content=\"\u00c9crit par\" \/>\n\t<meta name=\"twitter:data1\" content=\"cfeditorfr\" \/>\n\t<meta name=\"twitter:label2\" content=\"Dur\u00e9e de lecture estim\u00e9e\" \/>\n\t<meta name=\"twitter:data2\" content=\"4 minutes\" \/>\n<script type=\"application\/ld+json\" class=\"yoast-schema-graph\">{\"@context\":\"https:\/\/schema.org\",\"@graph\":[{\"@type\":\"Article\",\"@id\":\"https:\/\/www.africa-press.net\/togo\/dossiers\/togo-ferdinand-ayite-victime-de-la-symphonie-de-la-repression#article\",\"isPartOf\":{\"@id\":\"https:\/\/www.africa-press.net\/togo\/dossiers\/togo-ferdinand-ayite-victime-de-la-symphonie-de-la-repression\"},\"author\":{\"name\":\"cfeditorfr\",\"@id\":\"https:\/\/www.africa-press.net\/togo\/#\/schema\/person\/2b1cf3cd81a31e3cd26889ca66d677f1\"},\"headline\":\"Togo-Ferdinand Ayit\u00e9, victime de la \u00ab symphonie de la r\u00e9pression \u00bb\",\"datePublished\":\"2023-03-13T19:37:24+00:00\",\"dateModified\":\"2023-03-13T20:19:25+00:00\",\"mainEntityOfPage\":{\"@id\":\"https:\/\/www.africa-press.net\/togo\/dossiers\/togo-ferdinand-ayite-victime-de-la-symphonie-de-la-repression\"},\"wordCount\":761,\"commentCount\":0,\"image\":{\"@id\":\"https:\/\/www.africa-press.net\/togo\/dossiers\/togo-ferdinand-ayite-victime-de-la-symphonie-de-la-repression#primaryimage\"},\"thumbnailUrl\":\"https:\/\/static.africa-press.net\/togo\/sites\/58\/2023\/03\/postQueueImg_1678723664.37.jpg\",\"keywords\":[\"Africa Press\",\"Africa Press-Togo\",\"Togo\"],\"articleSection\":[\"Dossiers\",\"Toutes les actualit\u00e9s\"],\"inLanguage\":\"fr-FR\",\"potentialAction\":[{\"@type\":\"CommentAction\",\"name\":\"Comment\",\"target\":[\"https:\/\/www.africa-press.net\/togo\/dossiers\/togo-ferdinand-ayite-victime-de-la-symphonie-de-la-repression#respond\"]}]},{\"@type\":\"WebPage\",\"@id\":\"https:\/\/www.africa-press.net\/togo\/dossiers\/togo-ferdinand-ayite-victime-de-la-symphonie-de-la-repression\",\"url\":\"https:\/\/www.africa-press.net\/togo\/dossiers\/togo-ferdinand-ayite-victime-de-la-symphonie-de-la-repression\",\"name\":\"Togo-Ferdinand Ayit\u00e9, victime de la \u00ab symphonie de la r\u00e9pression \u00bb - Togo\",\"isPartOf\":{\"@id\":\"https:\/\/www.africa-press.net\/togo\/#website\"},\"primaryImageOfPage\":{\"@id\":\"https:\/\/www.africa-press.net\/togo\/dossiers\/togo-ferdinand-ayite-victime-de-la-symphonie-de-la-repression#primaryimage\"},\"image\":{\"@id\":\"https:\/\/www.africa-press.net\/togo\/dossiers\/togo-ferdinand-ayite-victime-de-la-symphonie-de-la-repression#primaryimage\"},\"thumbnailUrl\":\"https:\/\/static.africa-press.net\/togo\/sites\/58\/2023\/03\/postQueueImg_1678723664.37.jpg\",\"datePublished\":\"2023-03-13T19:37:24+00:00\",\"dateModified\":\"2023-03-13T20:19:25+00:00\",\"author\":{\"@id\":\"https:\/\/www.africa-press.net\/togo\/#\/schema\/person\/2b1cf3cd81a31e3cd26889ca66d677f1\"},\"description\":\"Une fois encore, un Togolais des plus audacieux, des plus tenaces dans la que\u0302te de justice sociale, Ferdinand Ayite\u0301 ...\",\"breadcrumb\":{\"@id\":\"https:\/\/www.africa-press.net\/togo\/dossiers\/togo-ferdinand-ayite-victime-de-la-symphonie-de-la-repression#breadcrumb\"},\"inLanguage\":\"fr-FR\",\"potentialAction\":[{\"@type\":\"ReadAction\",\"target\":[\"https:\/\/www.africa-press.net\/togo\/dossiers\/togo-ferdinand-ayite-victime-de-la-symphonie-de-la-repression\"]}]},{\"@type\":\"ImageObject\",\"inLanguage\":\"fr-FR\",\"@id\":\"https:\/\/www.africa-press.net\/togo\/dossiers\/togo-ferdinand-ayite-victime-de-la-symphonie-de-la-repression#primaryimage\",\"url\":\"https:\/\/static.africa-press.net\/togo\/sites\/58\/2023\/03\/postQueueImg_1678723664.37.jpg\",\"contentUrl\":\"https:\/\/static.africa-press.net\/togo\/sites\/58\/2023\/03\/postQueueImg_1678723664.37.jpg\",\"width\":1280,\"height\":802,\"caption\":\"Togo-Ferdinand Ayit\u00e9, victime de la \u00ab symphonie de la r\u00e9pression \u00bb\"},{\"@type\":\"BreadcrumbList\",\"@id\":\"https:\/\/www.africa-press.net\/togo\/dossiers\/togo-ferdinand-ayite-victime-de-la-symphonie-de-la-repression#breadcrumb\",\"itemListElement\":[{\"@type\":\"ListItem\",\"position\":1,\"name\":\"Accueil\",\"item\":\"https:\/\/www.africa-press.net\/togo\/\"},{\"@type\":\"ListItem\",\"position\":2,\"name\":\"Togo-Ferdinand Ayit\u00e9, victime de la \u00ab symphonie de la r\u00e9pression \u00bb\"}]},{\"@type\":\"WebSite\",\"@id\":\"https:\/\/www.africa-press.net\/togo\/#website\",\"url\":\"https:\/\/www.africa-press.net\/togo\/\",\"name\":\"Togo\",\"description\":\"Just another Africa News Agency Sites site\",\"potentialAction\":[{\"@type\":\"SearchAction\",\"target\":{\"@type\":\"EntryPoint\",\"urlTemplate\":\"https:\/\/www.africa-press.net\/togo\/?s={search_term_string}\"},\"query-input\":{\"@type\":\"PropertyValueSpecification\",\"valueRequired\":true,\"valueName\":\"search_term_string\"}}],\"inLanguage\":\"fr-FR\"},{\"@type\":\"Person\",\"@id\":\"https:\/\/www.africa-press.net\/togo\/#\/schema\/person\/2b1cf3cd81a31e3cd26889ca66d677f1\",\"name\":\"cfeditorfr\"}]}<\/script>\n<!-- \/ Yoast SEO Premium plugin. -->","yoast_head_json":{"title":"Togo-Ferdinand Ayit\u00e9, victime de la \u00ab symphonie de la r\u00e9pression \u00bb - Togo","description":"Une fois encore, un Togolais des plus audacieux, des plus tenaces dans la que\u0302te de justice sociale, Ferdinand Ayite\u0301 ...","robots":{"index":"index","follow":"follow","max-snippet":"max-snippet:-1","max-image-preview":"max-image-preview:large","max-video-preview":"max-video-preview:-1"},"canonical":"https:\/\/www.africa-press.net\/togo\/dossiers\/togo-ferdinand-ayite-victime-de-la-symphonie-de-la-repression","og_locale":"fr_FR","og_type":"article","og_title":"Togo-Ferdinand Ayit\u00e9, victime de la \u00ab symphonie de la r\u00e9pression \u00bb","og_description":"Une fois encore, un Togolais des plus audacieux, des plus tenaces dans la que\u0302te de justice sociale, Ferdinand Ayite\u0301 ...","og_url":"https:\/\/www.africa-press.net\/togo\/dossiers\/togo-ferdinand-ayite-victime-de-la-symphonie-de-la-repression","og_site_name":"Togo","article_published_time":"2023-03-13T19:37:24+00:00","article_modified_time":"2023-03-13T20:19:25+00:00","og_image":[{"width":1280,"height":802,"url":"https:\/\/static.africa-press.net\/togo\/sites\/58\/2023\/03\/postQueueImg_1678723664.37.jpg","type":"image\/jpeg"}],"author":"cfeditorfr","twitter_card":"summary_large_image","twitter_misc":{"\u00c9crit par":"cfeditorfr","Dur\u00e9e de lecture estim\u00e9e":"4 minutes"},"schema":{"@context":"https:\/\/schema.org","@graph":[{"@type":"Article","@id":"https:\/\/www.africa-press.net\/togo\/dossiers\/togo-ferdinand-ayite-victime-de-la-symphonie-de-la-repression#article","isPartOf":{"@id":"https:\/\/www.africa-press.net\/togo\/dossiers\/togo-ferdinand-ayite-victime-de-la-symphonie-de-la-repression"},"author":{"name":"cfeditorfr","@id":"https:\/\/www.africa-press.net\/togo\/#\/schema\/person\/2b1cf3cd81a31e3cd26889ca66d677f1"},"headline":"Togo-Ferdinand Ayit\u00e9, victime de la \u00ab symphonie de la r\u00e9pression \u00bb","datePublished":"2023-03-13T19:37:24+00:00","dateModified":"2023-03-13T20:19:25+00:00","mainEntityOfPage":{"@id":"https:\/\/www.africa-press.net\/togo\/dossiers\/togo-ferdinand-ayite-victime-de-la-symphonie-de-la-repression"},"wordCount":761,"commentCount":0,"image":{"@id":"https:\/\/www.africa-press.net\/togo\/dossiers\/togo-ferdinand-ayite-victime-de-la-symphonie-de-la-repression#primaryimage"},"thumbnailUrl":"https:\/\/static.africa-press.net\/togo\/sites\/58\/2023\/03\/postQueueImg_1678723664.37.jpg","keywords":["Africa Press","Africa Press-Togo","Togo"],"articleSection":["Dossiers","Toutes les actualit\u00e9s"],"inLanguage":"fr-FR","potentialAction":[{"@type":"CommentAction","name":"Comment","target":["https:\/\/www.africa-press.net\/togo\/dossiers\/togo-ferdinand-ayite-victime-de-la-symphonie-de-la-repression#respond"]}]},{"@type":"WebPage","@id":"https:\/\/www.africa-press.net\/togo\/dossiers\/togo-ferdinand-ayite-victime-de-la-symphonie-de-la-repression","url":"https:\/\/www.africa-press.net\/togo\/dossiers\/togo-ferdinand-ayite-victime-de-la-symphonie-de-la-repression","name":"Togo-Ferdinand Ayit\u00e9, victime de la \u00ab symphonie de la r\u00e9pression \u00bb - Togo","isPartOf":{"@id":"https:\/\/www.africa-press.net\/togo\/#website"},"primaryImageOfPage":{"@id":"https:\/\/www.africa-press.net\/togo\/dossiers\/togo-ferdinand-ayite-victime-de-la-symphonie-de-la-repression#primaryimage"},"image":{"@id":"https:\/\/www.africa-press.net\/togo\/dossiers\/togo-ferdinand-ayite-victime-de-la-symphonie-de-la-repression#primaryimage"},"thumbnailUrl":"https:\/\/static.africa-press.net\/togo\/sites\/58\/2023\/03\/postQueueImg_1678723664.37.jpg","datePublished":"2023-03-13T19:37:24+00:00","dateModified":"2023-03-13T20:19:25+00:00","author":{"@id":"https:\/\/www.africa-press.net\/togo\/#\/schema\/person\/2b1cf3cd81a31e3cd26889ca66d677f1"},"description":"Une fois encore, un Togolais des plus audacieux, des plus tenaces dans la que\u0302te de justice sociale, Ferdinand Ayite\u0301 ...","breadcrumb":{"@id":"https:\/\/www.africa-press.net\/togo\/dossiers\/togo-ferdinand-ayite-victime-de-la-symphonie-de-la-repression#breadcrumb"},"inLanguage":"fr-FR","potentialAction":[{"@type":"ReadAction","target":["https:\/\/www.africa-press.net\/togo\/dossiers\/togo-ferdinand-ayite-victime-de-la-symphonie-de-la-repression"]}]},{"@type":"ImageObject","inLanguage":"fr-FR","@id":"https:\/\/www.africa-press.net\/togo\/dossiers\/togo-ferdinand-ayite-victime-de-la-symphonie-de-la-repression#primaryimage","url":"https:\/\/static.africa-press.net\/togo\/sites\/58\/2023\/03\/postQueueImg_1678723664.37.jpg","contentUrl":"https:\/\/static.africa-press.net\/togo\/sites\/58\/2023\/03\/postQueueImg_1678723664.37.jpg","width":1280,"height":802,"caption":"Togo-Ferdinand Ayit\u00e9, victime de la \u00ab symphonie de la r\u00e9pression \u00bb"},{"@type":"BreadcrumbList","@id":"https:\/\/www.africa-press.net\/togo\/dossiers\/togo-ferdinand-ayite-victime-de-la-symphonie-de-la-repression#breadcrumb","itemListElement":[{"@type":"ListItem","position":1,"name":"Accueil","item":"https:\/\/www.africa-press.net\/togo\/"},{"@type":"ListItem","position":2,"name":"Togo-Ferdinand Ayit\u00e9, victime de la \u00ab symphonie de la r\u00e9pression \u00bb"}]},{"@type":"WebSite","@id":"https:\/\/www.africa-press.net\/togo\/#website","url":"https:\/\/www.africa-press.net\/togo\/","name":"Togo","description":"Just another Africa News Agency Sites site","potentialAction":[{"@type":"SearchAction","target":{"@type":"EntryPoint","urlTemplate":"https:\/\/www.africa-press.net\/togo\/?s={search_term_string}"},"query-input":{"@type":"PropertyValueSpecification","valueRequired":true,"valueName":"search_term_string"}}],"inLanguage":"fr-FR"},{"@type":"Person","@id":"https:\/\/www.africa-press.net\/togo\/#\/schema\/person\/2b1cf3cd81a31e3cd26889ca66d677f1","name":"cfeditorfr"}]}},"_links":{"self":[{"href":"https:\/\/www.africa-press.net\/togo\/wp-json\/wp\/v2\/posts\/18474","targetHints":{"allow":["GET"]}}],"collection":[{"href":"https:\/\/www.africa-press.net\/togo\/wp-json\/wp\/v2\/posts"}],"about":[{"href":"https:\/\/www.africa-press.net\/togo\/wp-json\/wp\/v2\/types\/post"}],"author":[{"embeddable":true,"href":"https:\/\/www.africa-press.net\/togo\/wp-json\/wp\/v2\/users\/82"}],"replies":[{"embeddable":true,"href":"https:\/\/www.africa-press.net\/togo\/wp-json\/wp\/v2\/comments?post=18474"}],"version-history":[{"count":0,"href":"https:\/\/www.africa-press.net\/togo\/wp-json\/wp\/v2\/posts\/18474\/revisions"}],"wp:featuredmedia":[{"embeddable":true,"href":"https:\/\/www.africa-press.net\/togo\/wp-json\/wp\/v2\/media\/18473"}],"wp:attachment":[{"href":"https:\/\/www.africa-press.net\/togo\/wp-json\/wp\/v2\/media?parent=18474"}],"wp:term":[{"taxonomy":"category","embeddable":true,"href":"https:\/\/www.africa-press.net\/togo\/wp-json\/wp\/v2\/categories?post=18474"},{"taxonomy":"post_tag","embeddable":true,"href":"https:\/\/www.africa-press.net\/togo\/wp-json\/wp\/v2\/tags?post=18474"}],"curies":[{"name":"wp","href":"https:\/\/api.w.org\/{rel}","templated":true}]}}