{"id":18478,"date":"2023-03-13T19:38:22","date_gmt":"2023-03-13T19:38:22","guid":{"rendered":"https:\/\/www.africa-press.net\/togo\/politique\/togo-ils-ont-parle-de-ferdinand-ayite"},"modified":"2023-03-13T20:20:18","modified_gmt":"2023-03-13T20:20:18","slug":"togo-ils-ont-parle-de-ferdinand-ayite","status":"publish","type":"post","link":"https:\/\/www.africa-press.net\/togo\/toutes-les-actualites\/togo-ils-ont-parle-de-ferdinand-ayite","title":{"rendered":"Togo-Ils ont parl\u00e9 de Ferdinand Ayit\u00e9"},"content":{"rendered":"<p><span style=\"color: #ff6600\"><strong>Africa-Press &#8211; Togo. <\/strong><\/span><b>Nouvelle e\u0301dition de l\u2019e\u0301mission \u201cLa Voix du Peuple\u201d du 11 mars 2023. Les invite\u0301s du confre\u0300re Sylvain Amos se prononcent sur la situation du Directeur de Publication, Ferdinand Ayite\u0301. <\/b><br \/>\n<b>De\u0301bat Citoyen<\/b><\/p>\n<p>Liberte\u0301 de presse et d\u2019expression en danger au Togo : Pourquoi le journaliste d\u2019investigation Ferdinand Ayite\u0301 a du\u0302 se \u00ab mettre a\u0300 l\u2019abri \u00bb ?<\/p>\n<p>Commentaires et analyses avec nos invite\u0301s :<\/p>\n<p>1. Mai\u0302tre Raphae\u0308l Kpande\u0301 Adzare\u0301<\/p>\n<p>2. Kodjo Elliott Mable\u0301<\/p>\n<p>3. Kokou Philippe Amedodji<\/p>\n<p>Au micro: Sylvain Amos, Journaliste, Pre\u0301sentateur de \u201cFene\u0302tre sur l\u2019Afrique\u201d<\/p>\n<p><strong>Pour plus d&rsquo;informations et d&rsquo;analyses sur la <a href=\"https:\/\/www.africa-press.net\/togo\">Togo<\/a>, suivez <a href=\"https:\/\/www.africa-press.net\/\">Africa-Press<\/a><\/strong><\/p>\n","protected":false},"excerpt":{"rendered":"<p>Africa-Press &#8211; Togo. Nouvelle e\u0301dition de l\u2019e\u0301mission \u201cLa Voix du Peuple\u201d du 11 mars 2023. Les invite\u0301s du confre\u0300re Sylvain Amos se prononcent sur la situation du Directeur de Publication, Ferdinand Ayite\u0301. De\u0301bat Citoyen Liberte\u0301 de presse et d\u2019expression en danger au Togo : Pourquoi le journaliste d\u2019investigation Ferdinand Ayite\u0301 a du\u0302 se \u00ab mettre [&hellip;]<\/p>\n","protected":false},"author":82,"featured_media":18477,"comment_status":"open","ping_status":"closed","sticky":false,"template":"","format":"standard","meta":{"footnotes":""},"categories":[21,10],"tags":[36,49,50],"class_list":["post-18478","post","type-post","status-publish","format-standard","has-post-thumbnail","hentry","category-communaute","category-toutes-les-actualites","tag-africa-press","tag-africa-press-togo","tag-togo"],"yoast_head":"<!-- This site is optimized with the Yoast SEO Premium plugin v26.1 (Yoast SEO v27.0) - https:\/\/yoast.com\/product\/yoast-seo-premium-wordpress\/ -->\n<title>Togo-Ils ont parl\u00e9 de Ferdinand Ayit\u00e9 - Togo<\/title>\n<meta name=\"description\" content=\"Nouvelle e\u0301dition de l\u2019e\u0301mission \u201cLa Voix du Peuple\u201d du 11 mars 2023. Les invite\u0301s du confre\u0300re Sylvain Amos se prono ...\" \/>\n<meta name=\"robots\" content=\"index, follow, max-snippet:-1, max-image-preview:large, max-video-preview:-1\" \/>\n<link rel=\"canonical\" href=\"https:\/\/www.africa-press.net\/togo\/toutes-les-actualites\/togo-ils-ont-parle-de-ferdinand-ayite\" \/>\n<meta property=\"og:locale\" content=\"fr_FR\" \/>\n<meta property=\"og:type\" content=\"article\" \/>\n<meta property=\"og:title\" content=\"Togo-Ils ont parl\u00e9 de Ferdinand Ayit\u00e9\" \/>\n<meta property=\"og:description\" content=\"Nouvelle e\u0301dition de l\u2019e\u0301mission \u201cLa Voix du Peuple\u201d du 11 mars 2023. Les invite\u0301s du confre\u0300re Sylvain Amos se prono ...\" \/>\n<meta property=\"og:url\" content=\"https:\/\/www.africa-press.net\/togo\/toutes-les-actualites\/togo-ils-ont-parle-de-ferdinand-ayite\" \/>\n<meta property=\"og:site_name\" content=\"Togo\" \/>\n<meta property=\"article:published_time\" content=\"2023-03-13T19:38:22+00:00\" \/>\n<meta property=\"article:modified_time\" content=\"2023-03-13T20:20:18+00:00\" \/>\n<meta property=\"og:image\" content=\"https:\/\/static.africa-press.net\/togo\/sites\/58\/2023\/03\/postQueueImg_1678723711.04.jpg\" \/>\n\t<meta property=\"og:image:width\" content=\"1282\" \/>\n\t<meta property=\"og:image:height\" content=\"800\" \/>\n\t<meta property=\"og:image:type\" content=\"image\/jpeg\" \/>\n<meta name=\"author\" content=\"cfeditorfr\" \/>\n<meta name=\"twitter:card\" content=\"summary_large_image\" \/>\n<meta name=\"twitter:label1\" content=\"\u00c9crit par\" \/>\n\t<meta name=\"twitter:data1\" content=\"cfeditorfr\" \/>\n\t<meta name=\"twitter:label2\" content=\"Dur\u00e9e de lecture estim\u00e9e\" \/>\n\t<meta name=\"twitter:data2\" content=\"1 minute\" \/>\n<script type=\"application\/ld+json\" class=\"yoast-schema-graph\">{\"@context\":\"https:\/\/schema.org\",\"@graph\":[{\"@type\":\"Article\",\"@id\":\"https:\/\/www.africa-press.net\/togo\/toutes-les-actualites\/togo-ils-ont-parle-de-ferdinand-ayite#article\",\"isPartOf\":{\"@id\":\"https:\/\/www.africa-press.net\/togo\/toutes-les-actualites\/togo-ils-ont-parle-de-ferdinand-ayite\"},\"author\":{\"name\":\"cfeditorfr\",\"@id\":\"https:\/\/www.africa-press.net\/togo\/#\/schema\/person\/2b1cf3cd81a31e3cd26889ca66d677f1\"},\"headline\":\"Togo-Ils ont parl\u00e9 de Ferdinand Ayit\u00e9\",\"datePublished\":\"2023-03-13T19:38:22+00:00\",\"dateModified\":\"2023-03-13T20:20:18+00:00\",\"mainEntityOfPage\":{\"@id\":\"https:\/\/www.africa-press.net\/togo\/toutes-les-actualites\/togo-ils-ont-parle-de-ferdinand-ayite\"},\"wordCount\":112,\"commentCount\":0,\"image\":{\"@id\":\"https:\/\/www.africa-press.net\/togo\/toutes-les-actualites\/togo-ils-ont-parle-de-ferdinand-ayite#primaryimage\"},\"thumbnailUrl\":\"https:\/\/static.africa-press.net\/togo\/sites\/58\/2023\/03\/postQueueImg_1678723711.04.jpg\",\"keywords\":[\"Africa Press\",\"Africa Press-Togo\",\"Togo\"],\"articleSection\":[\"Communaut\u00e9\",\"Toutes les actualit\u00e9s\"],\"inLanguage\":\"fr-FR\",\"potentialAction\":[{\"@type\":\"CommentAction\",\"name\":\"Comment\",\"target\":[\"https:\/\/www.africa-press.net\/togo\/toutes-les-actualites\/togo-ils-ont-parle-de-ferdinand-ayite#respond\"]}]},{\"@type\":\"WebPage\",\"@id\":\"https:\/\/www.africa-press.net\/togo\/toutes-les-actualites\/togo-ils-ont-parle-de-ferdinand-ayite\",\"url\":\"https:\/\/www.africa-press.net\/togo\/toutes-les-actualites\/togo-ils-ont-parle-de-ferdinand-ayite\",\"name\":\"Togo-Ils ont parl\u00e9 de Ferdinand Ayit\u00e9 - Togo\",\"isPartOf\":{\"@id\":\"https:\/\/www.africa-press.net\/togo\/#website\"},\"primaryImageOfPage\":{\"@id\":\"https:\/\/www.africa-press.net\/togo\/toutes-les-actualites\/togo-ils-ont-parle-de-ferdinand-ayite#primaryimage\"},\"image\":{\"@id\":\"https:\/\/www.africa-press.net\/togo\/toutes-les-actualites\/togo-ils-ont-parle-de-ferdinand-ayite#primaryimage\"},\"thumbnailUrl\":\"https:\/\/static.africa-press.net\/togo\/sites\/58\/2023\/03\/postQueueImg_1678723711.04.jpg\",\"datePublished\":\"2023-03-13T19:38:22+00:00\",\"dateModified\":\"2023-03-13T20:20:18+00:00\",\"author\":{\"@id\":\"https:\/\/www.africa-press.net\/togo\/#\/schema\/person\/2b1cf3cd81a31e3cd26889ca66d677f1\"},\"description\":\"Nouvelle e\u0301dition de l\u2019e\u0301mission \u201cLa Voix du Peuple\u201d du 11 mars 2023. Les invite\u0301s du confre\u0300re Sylvain Amos se prono ...\",\"breadcrumb\":{\"@id\":\"https:\/\/www.africa-press.net\/togo\/toutes-les-actualites\/togo-ils-ont-parle-de-ferdinand-ayite#breadcrumb\"},\"inLanguage\":\"fr-FR\",\"potentialAction\":[{\"@type\":\"ReadAction\",\"target\":[\"https:\/\/www.africa-press.net\/togo\/toutes-les-actualites\/togo-ils-ont-parle-de-ferdinand-ayite\"]}]},{\"@type\":\"ImageObject\",\"inLanguage\":\"fr-FR\",\"@id\":\"https:\/\/www.africa-press.net\/togo\/toutes-les-actualites\/togo-ils-ont-parle-de-ferdinand-ayite#primaryimage\",\"url\":\"https:\/\/static.africa-press.net\/togo\/sites\/58\/2023\/03\/postQueueImg_1678723711.04.jpg\",\"contentUrl\":\"https:\/\/static.africa-press.net\/togo\/sites\/58\/2023\/03\/postQueueImg_1678723711.04.jpg\",\"width\":1282,\"height\":800,\"caption\":\"Togo-Ils ont parl\u00e9 de Ferdinand Ayit\u00e9\"},{\"@type\":\"BreadcrumbList\",\"@id\":\"https:\/\/www.africa-press.net\/togo\/toutes-les-actualites\/togo-ils-ont-parle-de-ferdinand-ayite#breadcrumb\",\"itemListElement\":[{\"@type\":\"ListItem\",\"position\":1,\"name\":\"Accueil\",\"item\":\"https:\/\/www.africa-press.net\/togo\/\"},{\"@type\":\"ListItem\",\"position\":2,\"name\":\"Togo-Ils ont parl\u00e9 de Ferdinand Ayit\u00e9\"}]},{\"@type\":\"WebSite\",\"@id\":\"https:\/\/www.africa-press.net\/togo\/#website\",\"url\":\"https:\/\/www.africa-press.net\/togo\/\",\"name\":\"Togo\",\"description\":\"Just another Africa News Agency Sites site\",\"potentialAction\":[{\"@type\":\"SearchAction\",\"target\":{\"@type\":\"EntryPoint\",\"urlTemplate\":\"https:\/\/www.africa-press.net\/togo\/?s={search_term_string}\"},\"query-input\":{\"@type\":\"PropertyValueSpecification\",\"valueRequired\":true,\"valueName\":\"search_term_string\"}}],\"inLanguage\":\"fr-FR\"},{\"@type\":\"Person\",\"@id\":\"https:\/\/www.africa-press.net\/togo\/#\/schema\/person\/2b1cf3cd81a31e3cd26889ca66d677f1\",\"name\":\"cfeditorfr\"}]}<\/script>\n<!-- \/ Yoast SEO Premium plugin. -->","yoast_head_json":{"title":"Togo-Ils ont parl\u00e9 de Ferdinand Ayit\u00e9 - Togo","description":"Nouvelle e\u0301dition de l\u2019e\u0301mission \u201cLa Voix du Peuple\u201d du 11 mars 2023. Les invite\u0301s du confre\u0300re Sylvain Amos se prono ...","robots":{"index":"index","follow":"follow","max-snippet":"max-snippet:-1","max-image-preview":"max-image-preview:large","max-video-preview":"max-video-preview:-1"},"canonical":"https:\/\/www.africa-press.net\/togo\/toutes-les-actualites\/togo-ils-ont-parle-de-ferdinand-ayite","og_locale":"fr_FR","og_type":"article","og_title":"Togo-Ils ont parl\u00e9 de Ferdinand Ayit\u00e9","og_description":"Nouvelle e\u0301dition de l\u2019e\u0301mission \u201cLa Voix du Peuple\u201d du 11 mars 2023. Les invite\u0301s du confre\u0300re Sylvain Amos se prono ...","og_url":"https:\/\/www.africa-press.net\/togo\/toutes-les-actualites\/togo-ils-ont-parle-de-ferdinand-ayite","og_site_name":"Togo","article_published_time":"2023-03-13T19:38:22+00:00","article_modified_time":"2023-03-13T20:20:18+00:00","og_image":[{"width":1282,"height":800,"url":"https:\/\/static.africa-press.net\/togo\/sites\/58\/2023\/03\/postQueueImg_1678723711.04.jpg","type":"image\/jpeg"}],"author":"cfeditorfr","twitter_card":"summary_large_image","twitter_misc":{"\u00c9crit par":"cfeditorfr","Dur\u00e9e de lecture estim\u00e9e":"1 minute"},"schema":{"@context":"https:\/\/schema.org","@graph":[{"@type":"Article","@id":"https:\/\/www.africa-press.net\/togo\/toutes-les-actualites\/togo-ils-ont-parle-de-ferdinand-ayite#article","isPartOf":{"@id":"https:\/\/www.africa-press.net\/togo\/toutes-les-actualites\/togo-ils-ont-parle-de-ferdinand-ayite"},"author":{"name":"cfeditorfr","@id":"https:\/\/www.africa-press.net\/togo\/#\/schema\/person\/2b1cf3cd81a31e3cd26889ca66d677f1"},"headline":"Togo-Ils ont parl\u00e9 de Ferdinand Ayit\u00e9","datePublished":"2023-03-13T19:38:22+00:00","dateModified":"2023-03-13T20:20:18+00:00","mainEntityOfPage":{"@id":"https:\/\/www.africa-press.net\/togo\/toutes-les-actualites\/togo-ils-ont-parle-de-ferdinand-ayite"},"wordCount":112,"commentCount":0,"image":{"@id":"https:\/\/www.africa-press.net\/togo\/toutes-les-actualites\/togo-ils-ont-parle-de-ferdinand-ayite#primaryimage"},"thumbnailUrl":"https:\/\/static.africa-press.net\/togo\/sites\/58\/2023\/03\/postQueueImg_1678723711.04.jpg","keywords":["Africa Press","Africa Press-Togo","Togo"],"articleSection":["Communaut\u00e9","Toutes les actualit\u00e9s"],"inLanguage":"fr-FR","potentialAction":[{"@type":"CommentAction","name":"Comment","target":["https:\/\/www.africa-press.net\/togo\/toutes-les-actualites\/togo-ils-ont-parle-de-ferdinand-ayite#respond"]}]},{"@type":"WebPage","@id":"https:\/\/www.africa-press.net\/togo\/toutes-les-actualites\/togo-ils-ont-parle-de-ferdinand-ayite","url":"https:\/\/www.africa-press.net\/togo\/toutes-les-actualites\/togo-ils-ont-parle-de-ferdinand-ayite","name":"Togo-Ils ont parl\u00e9 de Ferdinand Ayit\u00e9 - Togo","isPartOf":{"@id":"https:\/\/www.africa-press.net\/togo\/#website"},"primaryImageOfPage":{"@id":"https:\/\/www.africa-press.net\/togo\/toutes-les-actualites\/togo-ils-ont-parle-de-ferdinand-ayite#primaryimage"},"image":{"@id":"https:\/\/www.africa-press.net\/togo\/toutes-les-actualites\/togo-ils-ont-parle-de-ferdinand-ayite#primaryimage"},"thumbnailUrl":"https:\/\/static.africa-press.net\/togo\/sites\/58\/2023\/03\/postQueueImg_1678723711.04.jpg","datePublished":"2023-03-13T19:38:22+00:00","dateModified":"2023-03-13T20:20:18+00:00","author":{"@id":"https:\/\/www.africa-press.net\/togo\/#\/schema\/person\/2b1cf3cd81a31e3cd26889ca66d677f1"},"description":"Nouvelle e\u0301dition de l\u2019e\u0301mission \u201cLa Voix du Peuple\u201d du 11 mars 2023. Les invite\u0301s du confre\u0300re Sylvain Amos se prono ...","breadcrumb":{"@id":"https:\/\/www.africa-press.net\/togo\/toutes-les-actualites\/togo-ils-ont-parle-de-ferdinand-ayite#breadcrumb"},"inLanguage":"fr-FR","potentialAction":[{"@type":"ReadAction","target":["https:\/\/www.africa-press.net\/togo\/toutes-les-actualites\/togo-ils-ont-parle-de-ferdinand-ayite"]}]},{"@type":"ImageObject","inLanguage":"fr-FR","@id":"https:\/\/www.africa-press.net\/togo\/toutes-les-actualites\/togo-ils-ont-parle-de-ferdinand-ayite#primaryimage","url":"https:\/\/static.africa-press.net\/togo\/sites\/58\/2023\/03\/postQueueImg_1678723711.04.jpg","contentUrl":"https:\/\/static.africa-press.net\/togo\/sites\/58\/2023\/03\/postQueueImg_1678723711.04.jpg","width":1282,"height":800,"caption":"Togo-Ils ont parl\u00e9 de Ferdinand Ayit\u00e9"},{"@type":"BreadcrumbList","@id":"https:\/\/www.africa-press.net\/togo\/toutes-les-actualites\/togo-ils-ont-parle-de-ferdinand-ayite#breadcrumb","itemListElement":[{"@type":"ListItem","position":1,"name":"Accueil","item":"https:\/\/www.africa-press.net\/togo\/"},{"@type":"ListItem","position":2,"name":"Togo-Ils ont parl\u00e9 de Ferdinand Ayit\u00e9"}]},{"@type":"WebSite","@id":"https:\/\/www.africa-press.net\/togo\/#website","url":"https:\/\/www.africa-press.net\/togo\/","name":"Togo","description":"Just another Africa News Agency Sites site","potentialAction":[{"@type":"SearchAction","target":{"@type":"EntryPoint","urlTemplate":"https:\/\/www.africa-press.net\/togo\/?s={search_term_string}"},"query-input":{"@type":"PropertyValueSpecification","valueRequired":true,"valueName":"search_term_string"}}],"inLanguage":"fr-FR"},{"@type":"Person","@id":"https:\/\/www.africa-press.net\/togo\/#\/schema\/person\/2b1cf3cd81a31e3cd26889ca66d677f1","name":"cfeditorfr"}]}},"_links":{"self":[{"href":"https:\/\/www.africa-press.net\/togo\/wp-json\/wp\/v2\/posts\/18478","targetHints":{"allow":["GET"]}}],"collection":[{"href":"https:\/\/www.africa-press.net\/togo\/wp-json\/wp\/v2\/posts"}],"about":[{"href":"https:\/\/www.africa-press.net\/togo\/wp-json\/wp\/v2\/types\/post"}],"author":[{"embeddable":true,"href":"https:\/\/www.africa-press.net\/togo\/wp-json\/wp\/v2\/users\/82"}],"replies":[{"embeddable":true,"href":"https:\/\/www.africa-press.net\/togo\/wp-json\/wp\/v2\/comments?post=18478"}],"version-history":[{"count":0,"href":"https:\/\/www.africa-press.net\/togo\/wp-json\/wp\/v2\/posts\/18478\/revisions"}],"wp:featuredmedia":[{"embeddable":true,"href":"https:\/\/www.africa-press.net\/togo\/wp-json\/wp\/v2\/media\/18477"}],"wp:attachment":[{"href":"https:\/\/www.africa-press.net\/togo\/wp-json\/wp\/v2\/media?parent=18478"}],"wp:term":[{"taxonomy":"category","embeddable":true,"href":"https:\/\/www.africa-press.net\/togo\/wp-json\/wp\/v2\/categories?post=18478"},{"taxonomy":"post_tag","embeddable":true,"href":"https:\/\/www.africa-press.net\/togo\/wp-json\/wp\/v2\/tags?post=18478"}],"curies":[{"name":"wp","href":"https:\/\/api.w.org\/{rel}","templated":true}]}}