{"id":18495,"date":"2023-03-13T15:00:00","date_gmt":"2023-03-13T15:00:00","guid":{"rendered":"https:\/\/www.africa-press.net\/togo\/politique\/can-u-20-le-senegal-sur-le-toit-de-lafrique"},"modified":"2023-03-13T20:35:05","modified_gmt":"2023-03-13T20:35:05","slug":"can-u-20-le-senegal-sur-le-toit-de-lafrique","status":"publish","type":"post","link":"https:\/\/www.africa-press.net\/togo\/sports\/can-u-20-le-senegal-sur-le-toit-de-lafrique","title":{"rendered":"CAN U-20 : le S\u00e9n\u00e9gal sur le toit de l\u2019Afrique"},"content":{"rendered":"<p><span style=\"color: #ff6600\"><strong>Africa-Press &#8211; Togo. <\/strong><\/span><b>Apre\u0300s avoir souleve\u0301 la premie\u0300re Coupe d\u2019Afrique des nations (CAN) de leur histoire en 2022 au Cameroun, les se\u0301lections se\u0301ne\u0301galaises ont enchai\u0302ne\u0301 les succe\u0300s lors du Championnat d\u2019Afrique des nations et la CAN des moins de 20 ans pour confirmer la bonne se\u0301rie. Il ne leur manque plus que la CAN des moins de 17 ans a\u0300 laquelle participeront les jeunes pour que le football se\u0301ne\u0301galais dresse parfaitement son bilan.<\/b><\/p>\n<p>Le football se\u0301ne\u0301galais a retrouve\u0301 une cre\u0301dibilite\u0301 internationale. Le travail abattu pendant de longues anne\u0301es, avec beaucoup de patience, a commence\u0301 a\u0300 produire ses fruits. Le Se\u0301ne\u0301gal se montre de plus en plus insatiable. En effet, apre\u0300s trois finales de la CAN perdues respectivement en 2015, 2017 et 2019, les juniors se\u0301ne\u0301galais ont cette fois-ci brise\u0301 le plafond de verre en remportant, le 11 mars au stade international du Caire, la 23e e\u0301dition de la compe\u0301tition des moins de 20 ans.<\/p>\n<p>Le match promettait d\u2019e\u0302tre serre\u0301 car il opposait deux se\u0301lections qui n\u2019avaient pas conce\u0301de\u0301 de but mais n\u2019a e\u0301te\u0301 finalement qu\u2019une simple formalite\u0301 pour la meilleure attaque de la compe\u0301tition qui a tre\u0300s vite trouve\u0301 la bonne formule pour faire tomber le mur gambien. Mame Mor Faye a ouvert le score a\u0300 la 6e minute et Mamadou Lamine Camara a fait le break a\u0300 la 56e. Les Lionceaux se\u0301ne\u0301galais ont termine\u0301 la compe\u0301tition en gagnant tous leurs six matches au terme du temps re\u0301glementaire. Ils ont inscrit quatorze buts contre aucun encaisse\u0301, raflant toutes les distinctions individuelles.<\/p>\n<p>Lamine Camara (Metz) a e\u0301te\u0301 e\u0301lu meilleur joueur de la compe\u0301tition. Pape Demba Diop (Zulte Waregem) a rec\u0327u le prix du meilleur buteur avec cinq re\u0301alisations. Landing Badji a e\u0301te\u0301 de\u0301signe\u0301 meilleur gardien pour n\u2019avoir encaisse\u0301 aucun but. Souleymane Faye a e\u0301te\u0301 e\u0301lu joueur de la finale.<\/p>\n<p>Cette victoire confirme la bonne sante\u0301 du football se\u0301ne\u0301galais. Le 4 fe\u0301vrier dernier, les Lions de la Teranga locaux imitaient le parcours de l\u2019e\u0301quipe fanion en remportant la 7e e\u0301dition du Championnat d&rsquo;Afrique des nations devant l\u2019Alge\u0301rie, pays ho\u0302te. En 2022, Sadio Mane\u0301 et les siens offraient a\u0300 leur pays sa premie\u0300re CAN en battant l\u2019Egypte aux tirs au but. Des anne\u0301es auparavant, notamment en 2015, le Se\u0301ne\u0301gal avait remporte\u0301 les Jeux africains a\u0300 Brazzaville.<\/p>\n<p>Du 8 au 30 avril, les cadets se\u0301ne\u0301galais tenteront eux aussi d\u2019imiter le parcours de leurs ai\u0302ne\u0301s. Ce ne serait, d\u2019ailleurs, pas surprenant s\u2019ils s\u2019imposent car le succe\u0300s du Se\u0301ne\u0301gal est du\u0302 aux nombreux talents issus des centres de formations locaux de qualite\u0301. Ce vivier de jeunes footballeurs suscite la convoitise des plus grands clubs europe\u0301ens. Les acade\u0301mies forment pour vendre. L\u2019objectif premier e\u0301tant de placer des joueurs en Europe. De cette politique, ce sont les se\u0301lections nationales qui en tirent profit. Aux autres pays comme le Congo d\u2019emboi\u0302ter le pas.<\/p>\n<p><strong>Pour plus d&rsquo;informations et d&rsquo;analyses sur la <a href=\"https:\/\/www.africa-press.net\/togo\">Togo<\/a>, suivez <a href=\"https:\/\/www.africa-press.net\/\">Africa-Press<\/a><\/strong><\/p>\n","protected":false},"excerpt":{"rendered":"<p>Africa-Press &#8211; Togo. Apre\u0300s avoir souleve\u0301 la premie\u0300re Coupe d\u2019Afrique des nations (CAN) de leur histoire en 2022 au Cameroun, les se\u0301lections se\u0301ne\u0301galaises ont enchai\u0302ne\u0301 les succe\u0300s lors du Championnat d\u2019Afrique des nations et la CAN des moins de 20 ans pour confirmer la bonne se\u0301rie. Il ne leur manque plus que la CAN des [&hellip;]<\/p>\n","protected":false},"author":82,"featured_media":18494,"comment_status":"open","ping_status":"closed","sticky":false,"template":"","format":"standard","meta":{"footnotes":""},"categories":[6,10],"tags":[36,49,50],"class_list":["post-18495","post","type-post","status-publish","format-standard","has-post-thumbnail","hentry","category-sports","category-toutes-les-actualites","tag-africa-press","tag-africa-press-togo","tag-togo"],"yoast_head":"<!-- This site is optimized with the Yoast SEO Premium plugin v26.1 (Yoast SEO v27.0) - https:\/\/yoast.com\/product\/yoast-seo-premium-wordpress\/ -->\n<title>CAN U-20 : le S\u00e9n\u00e9gal sur le toit de l\u2019Afrique - Togo<\/title>\n<meta name=\"description\" content=\"Apre\u0300s avoir souleve\u0301 la premie\u0300re Coupe d\u2019Afrique des nations (CAN) de leur histoire en 2022 au Cameroun, les se\u0301lec ...\" \/>\n<meta name=\"robots\" content=\"index, follow, max-snippet:-1, max-image-preview:large, max-video-preview:-1\" \/>\n<link rel=\"canonical\" href=\"https:\/\/www.africa-press.net\/togo\/sports\/can-u-20-le-senegal-sur-le-toit-de-lafrique\" \/>\n<meta property=\"og:locale\" content=\"fr_FR\" \/>\n<meta property=\"og:type\" content=\"article\" \/>\n<meta property=\"og:title\" content=\"CAN U-20 : le S\u00e9n\u00e9gal sur le toit de l\u2019Afrique\" \/>\n<meta property=\"og:description\" content=\"Apre\u0300s avoir souleve\u0301 la premie\u0300re Coupe d\u2019Afrique des nations (CAN) de leur histoire en 2022 au Cameroun, les se\u0301lec ...\" \/>\n<meta property=\"og:url\" content=\"https:\/\/www.africa-press.net\/togo\/sports\/can-u-20-le-senegal-sur-le-toit-de-lafrique\" \/>\n<meta property=\"og:site_name\" content=\"Togo\" \/>\n<meta property=\"article:published_time\" content=\"2023-03-13T15:00:00+00:00\" \/>\n<meta property=\"article:modified_time\" content=\"2023-03-13T20:35:05+00:00\" \/>\n<meta property=\"og:image\" content=\"https:\/\/static.africa-press.net\/togo\/sites\/58\/2023\/03\/postQueueImg_1678724018.10.jpg\" \/>\n\t<meta property=\"og:image:width\" content=\"720\" \/>\n\t<meta property=\"og:image:height\" content=\"445\" \/>\n\t<meta property=\"og:image:type\" content=\"image\/jpeg\" \/>\n<meta name=\"author\" content=\"cfeditorfr\" \/>\n<meta name=\"twitter:card\" content=\"summary_large_image\" \/>\n<meta name=\"twitter:label1\" content=\"\u00c9crit par\" \/>\n\t<meta name=\"twitter:data1\" content=\"cfeditorfr\" \/>\n\t<meta name=\"twitter:label2\" content=\"Dur\u00e9e de lecture estim\u00e9e\" \/>\n\t<meta name=\"twitter:data2\" content=\"3 minutes\" \/>\n<script type=\"application\/ld+json\" class=\"yoast-schema-graph\">{\"@context\":\"https:\/\/schema.org\",\"@graph\":[{\"@type\":\"Article\",\"@id\":\"https:\/\/www.africa-press.net\/togo\/sports\/can-u-20-le-senegal-sur-le-toit-de-lafrique#article\",\"isPartOf\":{\"@id\":\"https:\/\/www.africa-press.net\/togo\/sports\/can-u-20-le-senegal-sur-le-toit-de-lafrique\"},\"author\":{\"name\":\"cfeditorfr\",\"@id\":\"https:\/\/www.africa-press.net\/togo\/#\/schema\/person\/2b1cf3cd81a31e3cd26889ca66d677f1\"},\"headline\":\"CAN U-20 : le S\u00e9n\u00e9gal sur le toit de l\u2019Afrique\",\"datePublished\":\"2023-03-13T15:00:00+00:00\",\"dateModified\":\"2023-03-13T20:35:05+00:00\",\"mainEntityOfPage\":{\"@id\":\"https:\/\/www.africa-press.net\/togo\/sports\/can-u-20-le-senegal-sur-le-toit-de-lafrique\"},\"wordCount\":555,\"commentCount\":0,\"image\":{\"@id\":\"https:\/\/www.africa-press.net\/togo\/sports\/can-u-20-le-senegal-sur-le-toit-de-lafrique#primaryimage\"},\"thumbnailUrl\":\"https:\/\/static.africa-press.net\/togo\/sites\/58\/2023\/03\/postQueueImg_1678724018.10.jpg\",\"keywords\":[\"Africa Press\",\"Africa Press-Togo\",\"Togo\"],\"articleSection\":[\"Sports\",\"Toutes les actualit\u00e9s\"],\"inLanguage\":\"fr-FR\",\"potentialAction\":[{\"@type\":\"CommentAction\",\"name\":\"Comment\",\"target\":[\"https:\/\/www.africa-press.net\/togo\/sports\/can-u-20-le-senegal-sur-le-toit-de-lafrique#respond\"]}]},{\"@type\":\"WebPage\",\"@id\":\"https:\/\/www.africa-press.net\/togo\/sports\/can-u-20-le-senegal-sur-le-toit-de-lafrique\",\"url\":\"https:\/\/www.africa-press.net\/togo\/sports\/can-u-20-le-senegal-sur-le-toit-de-lafrique\",\"name\":\"CAN U-20 : le S\u00e9n\u00e9gal sur le toit de l\u2019Afrique - Togo\",\"isPartOf\":{\"@id\":\"https:\/\/www.africa-press.net\/togo\/#website\"},\"primaryImageOfPage\":{\"@id\":\"https:\/\/www.africa-press.net\/togo\/sports\/can-u-20-le-senegal-sur-le-toit-de-lafrique#primaryimage\"},\"image\":{\"@id\":\"https:\/\/www.africa-press.net\/togo\/sports\/can-u-20-le-senegal-sur-le-toit-de-lafrique#primaryimage\"},\"thumbnailUrl\":\"https:\/\/static.africa-press.net\/togo\/sites\/58\/2023\/03\/postQueueImg_1678724018.10.jpg\",\"datePublished\":\"2023-03-13T15:00:00+00:00\",\"dateModified\":\"2023-03-13T20:35:05+00:00\",\"author\":{\"@id\":\"https:\/\/www.africa-press.net\/togo\/#\/schema\/person\/2b1cf3cd81a31e3cd26889ca66d677f1\"},\"description\":\"Apre\u0300s avoir souleve\u0301 la premie\u0300re Coupe d\u2019Afrique des nations (CAN) de leur histoire en 2022 au Cameroun, les se\u0301lec ...\",\"breadcrumb\":{\"@id\":\"https:\/\/www.africa-press.net\/togo\/sports\/can-u-20-le-senegal-sur-le-toit-de-lafrique#breadcrumb\"},\"inLanguage\":\"fr-FR\",\"potentialAction\":[{\"@type\":\"ReadAction\",\"target\":[\"https:\/\/www.africa-press.net\/togo\/sports\/can-u-20-le-senegal-sur-le-toit-de-lafrique\"]}]},{\"@type\":\"ImageObject\",\"inLanguage\":\"fr-FR\",\"@id\":\"https:\/\/www.africa-press.net\/togo\/sports\/can-u-20-le-senegal-sur-le-toit-de-lafrique#primaryimage\",\"url\":\"https:\/\/static.africa-press.net\/togo\/sites\/58\/2023\/03\/postQueueImg_1678724018.10.jpg\",\"contentUrl\":\"https:\/\/static.africa-press.net\/togo\/sites\/58\/2023\/03\/postQueueImg_1678724018.10.jpg\",\"width\":720,\"height\":445,\"caption\":\"CAN U-20 : le S\u00e9n\u00e9gal sur le toit de l\u2019Afrique\"},{\"@type\":\"BreadcrumbList\",\"@id\":\"https:\/\/www.africa-press.net\/togo\/sports\/can-u-20-le-senegal-sur-le-toit-de-lafrique#breadcrumb\",\"itemListElement\":[{\"@type\":\"ListItem\",\"position\":1,\"name\":\"Accueil\",\"item\":\"https:\/\/www.africa-press.net\/togo\/\"},{\"@type\":\"ListItem\",\"position\":2,\"name\":\"CAN U-20 : le S\u00e9n\u00e9gal sur le toit de l\u2019Afrique\"}]},{\"@type\":\"WebSite\",\"@id\":\"https:\/\/www.africa-press.net\/togo\/#website\",\"url\":\"https:\/\/www.africa-press.net\/togo\/\",\"name\":\"Togo\",\"description\":\"Just another Africa News Agency Sites site\",\"potentialAction\":[{\"@type\":\"SearchAction\",\"target\":{\"@type\":\"EntryPoint\",\"urlTemplate\":\"https:\/\/www.africa-press.net\/togo\/?s={search_term_string}\"},\"query-input\":{\"@type\":\"PropertyValueSpecification\",\"valueRequired\":true,\"valueName\":\"search_term_string\"}}],\"inLanguage\":\"fr-FR\"},{\"@type\":\"Person\",\"@id\":\"https:\/\/www.africa-press.net\/togo\/#\/schema\/person\/2b1cf3cd81a31e3cd26889ca66d677f1\",\"name\":\"cfeditorfr\"}]}<\/script>\n<!-- \/ Yoast SEO Premium plugin. -->","yoast_head_json":{"title":"CAN U-20 : le S\u00e9n\u00e9gal sur le toit de l\u2019Afrique - Togo","description":"Apre\u0300s avoir souleve\u0301 la premie\u0300re Coupe d\u2019Afrique des nations (CAN) de leur histoire en 2022 au Cameroun, les se\u0301lec ...","robots":{"index":"index","follow":"follow","max-snippet":"max-snippet:-1","max-image-preview":"max-image-preview:large","max-video-preview":"max-video-preview:-1"},"canonical":"https:\/\/www.africa-press.net\/togo\/sports\/can-u-20-le-senegal-sur-le-toit-de-lafrique","og_locale":"fr_FR","og_type":"article","og_title":"CAN U-20 : le S\u00e9n\u00e9gal sur le toit de l\u2019Afrique","og_description":"Apre\u0300s avoir souleve\u0301 la premie\u0300re Coupe d\u2019Afrique des nations (CAN) de leur histoire en 2022 au Cameroun, les se\u0301lec ...","og_url":"https:\/\/www.africa-press.net\/togo\/sports\/can-u-20-le-senegal-sur-le-toit-de-lafrique","og_site_name":"Togo","article_published_time":"2023-03-13T15:00:00+00:00","article_modified_time":"2023-03-13T20:35:05+00:00","og_image":[{"width":720,"height":445,"url":"https:\/\/static.africa-press.net\/togo\/sites\/58\/2023\/03\/postQueueImg_1678724018.10.jpg","type":"image\/jpeg"}],"author":"cfeditorfr","twitter_card":"summary_large_image","twitter_misc":{"\u00c9crit par":"cfeditorfr","Dur\u00e9e de lecture estim\u00e9e":"3 minutes"},"schema":{"@context":"https:\/\/schema.org","@graph":[{"@type":"Article","@id":"https:\/\/www.africa-press.net\/togo\/sports\/can-u-20-le-senegal-sur-le-toit-de-lafrique#article","isPartOf":{"@id":"https:\/\/www.africa-press.net\/togo\/sports\/can-u-20-le-senegal-sur-le-toit-de-lafrique"},"author":{"name":"cfeditorfr","@id":"https:\/\/www.africa-press.net\/togo\/#\/schema\/person\/2b1cf3cd81a31e3cd26889ca66d677f1"},"headline":"CAN U-20 : le S\u00e9n\u00e9gal sur le toit de l\u2019Afrique","datePublished":"2023-03-13T15:00:00+00:00","dateModified":"2023-03-13T20:35:05+00:00","mainEntityOfPage":{"@id":"https:\/\/www.africa-press.net\/togo\/sports\/can-u-20-le-senegal-sur-le-toit-de-lafrique"},"wordCount":555,"commentCount":0,"image":{"@id":"https:\/\/www.africa-press.net\/togo\/sports\/can-u-20-le-senegal-sur-le-toit-de-lafrique#primaryimage"},"thumbnailUrl":"https:\/\/static.africa-press.net\/togo\/sites\/58\/2023\/03\/postQueueImg_1678724018.10.jpg","keywords":["Africa Press","Africa Press-Togo","Togo"],"articleSection":["Sports","Toutes les actualit\u00e9s"],"inLanguage":"fr-FR","potentialAction":[{"@type":"CommentAction","name":"Comment","target":["https:\/\/www.africa-press.net\/togo\/sports\/can-u-20-le-senegal-sur-le-toit-de-lafrique#respond"]}]},{"@type":"WebPage","@id":"https:\/\/www.africa-press.net\/togo\/sports\/can-u-20-le-senegal-sur-le-toit-de-lafrique","url":"https:\/\/www.africa-press.net\/togo\/sports\/can-u-20-le-senegal-sur-le-toit-de-lafrique","name":"CAN U-20 : le S\u00e9n\u00e9gal sur le toit de l\u2019Afrique - Togo","isPartOf":{"@id":"https:\/\/www.africa-press.net\/togo\/#website"},"primaryImageOfPage":{"@id":"https:\/\/www.africa-press.net\/togo\/sports\/can-u-20-le-senegal-sur-le-toit-de-lafrique#primaryimage"},"image":{"@id":"https:\/\/www.africa-press.net\/togo\/sports\/can-u-20-le-senegal-sur-le-toit-de-lafrique#primaryimage"},"thumbnailUrl":"https:\/\/static.africa-press.net\/togo\/sites\/58\/2023\/03\/postQueueImg_1678724018.10.jpg","datePublished":"2023-03-13T15:00:00+00:00","dateModified":"2023-03-13T20:35:05+00:00","author":{"@id":"https:\/\/www.africa-press.net\/togo\/#\/schema\/person\/2b1cf3cd81a31e3cd26889ca66d677f1"},"description":"Apre\u0300s avoir souleve\u0301 la premie\u0300re Coupe d\u2019Afrique des nations (CAN) de leur histoire en 2022 au Cameroun, les se\u0301lec ...","breadcrumb":{"@id":"https:\/\/www.africa-press.net\/togo\/sports\/can-u-20-le-senegal-sur-le-toit-de-lafrique#breadcrumb"},"inLanguage":"fr-FR","potentialAction":[{"@type":"ReadAction","target":["https:\/\/www.africa-press.net\/togo\/sports\/can-u-20-le-senegal-sur-le-toit-de-lafrique"]}]},{"@type":"ImageObject","inLanguage":"fr-FR","@id":"https:\/\/www.africa-press.net\/togo\/sports\/can-u-20-le-senegal-sur-le-toit-de-lafrique#primaryimage","url":"https:\/\/static.africa-press.net\/togo\/sites\/58\/2023\/03\/postQueueImg_1678724018.10.jpg","contentUrl":"https:\/\/static.africa-press.net\/togo\/sites\/58\/2023\/03\/postQueueImg_1678724018.10.jpg","width":720,"height":445,"caption":"CAN U-20 : le S\u00e9n\u00e9gal sur le toit de l\u2019Afrique"},{"@type":"BreadcrumbList","@id":"https:\/\/www.africa-press.net\/togo\/sports\/can-u-20-le-senegal-sur-le-toit-de-lafrique#breadcrumb","itemListElement":[{"@type":"ListItem","position":1,"name":"Accueil","item":"https:\/\/www.africa-press.net\/togo\/"},{"@type":"ListItem","position":2,"name":"CAN U-20 : le S\u00e9n\u00e9gal sur le toit de l\u2019Afrique"}]},{"@type":"WebSite","@id":"https:\/\/www.africa-press.net\/togo\/#website","url":"https:\/\/www.africa-press.net\/togo\/","name":"Togo","description":"Just another Africa News Agency Sites site","potentialAction":[{"@type":"SearchAction","target":{"@type":"EntryPoint","urlTemplate":"https:\/\/www.africa-press.net\/togo\/?s={search_term_string}"},"query-input":{"@type":"PropertyValueSpecification","valueRequired":true,"valueName":"search_term_string"}}],"inLanguage":"fr-FR"},{"@type":"Person","@id":"https:\/\/www.africa-press.net\/togo\/#\/schema\/person\/2b1cf3cd81a31e3cd26889ca66d677f1","name":"cfeditorfr"}]}},"_links":{"self":[{"href":"https:\/\/www.africa-press.net\/togo\/wp-json\/wp\/v2\/posts\/18495","targetHints":{"allow":["GET"]}}],"collection":[{"href":"https:\/\/www.africa-press.net\/togo\/wp-json\/wp\/v2\/posts"}],"about":[{"href":"https:\/\/www.africa-press.net\/togo\/wp-json\/wp\/v2\/types\/post"}],"author":[{"embeddable":true,"href":"https:\/\/www.africa-press.net\/togo\/wp-json\/wp\/v2\/users\/82"}],"replies":[{"embeddable":true,"href":"https:\/\/www.africa-press.net\/togo\/wp-json\/wp\/v2\/comments?post=18495"}],"version-history":[{"count":0,"href":"https:\/\/www.africa-press.net\/togo\/wp-json\/wp\/v2\/posts\/18495\/revisions"}],"wp:featuredmedia":[{"embeddable":true,"href":"https:\/\/www.africa-press.net\/togo\/wp-json\/wp\/v2\/media\/18494"}],"wp:attachment":[{"href":"https:\/\/www.africa-press.net\/togo\/wp-json\/wp\/v2\/media?parent=18495"}],"wp:term":[{"taxonomy":"category","embeddable":true,"href":"https:\/\/www.africa-press.net\/togo\/wp-json\/wp\/v2\/categories?post=18495"},{"taxonomy":"post_tag","embeddable":true,"href":"https:\/\/www.africa-press.net\/togo\/wp-json\/wp\/v2\/tags?post=18495"}],"curies":[{"name":"wp","href":"https:\/\/api.w.org\/{rel}","templated":true}]}}