{"id":18514,"date":"2023-03-14T11:54:50","date_gmt":"2023-03-14T11:54:50","guid":{"rendered":"https:\/\/www.africa-press.net\/togo\/politique\/togo-burkina-faso-paulo-duarte-devoile-son-equipe-cette-semaine"},"modified":"2023-03-14T12:25:32","modified_gmt":"2023-03-14T12:25:32","slug":"togo-burkina-faso-paulo-duarte-devoile-son-equipe-cette-semaine","status":"publish","type":"post","link":"https:\/\/www.africa-press.net\/togo\/sports\/togo-burkina-faso-paulo-duarte-devoile-son-equipe-cette-semaine","title":{"rendered":"Togo-Burkina Faso : Paulo Duarte d\u00e9voile son \u00e9quipe cette semaine"},"content":{"rendered":"<p><span style=\"color: #ff6600\"><strong>Africa-Press &#8211; Togo. <\/strong><\/span><b>L\u2019entrai\u0302neur des E\u0301perviers du Togo, Paulo Duarte devrait de\u0301voiler cette semaine la liste des joueurs retenus dans le cadre des troisie\u0300me et quatrie\u0300me journe\u0301es des e\u0301liminatoires de la Coupe d\u2019Afrique des Nations 2023.<\/b><\/p>\n<p>Selon les informations, Paulo Duarte sera en confe\u0301rence de presse ce jeudi 16 mars 2023 a\u0300 Lome\u0301.<\/p>\n<p>La confrontation entre le Togo et le Burkina Faso de\u0301butera a\u0300 Marrakech, au Maroc, le 24 mars. Le match retour est pre\u0301vu le 28 mars, au Stade de Ke\u0301gue\u0301.<\/p>\n<p>Pour l\u2019instant dans le groupe B, le Togo est le dernier avec un seul point tandis que le Burkina-Faso est en te\u0302te du groupe avec 6 points, suivi respectivement du Cap Vert (3 points) et de l\u2019Eswatini (1 point).<\/p>\n<p><strong>Pour plus d&rsquo;informations et d&rsquo;analyses sur la <a href=\"https:\/\/www.africa-press.net\/togo\">Togo<\/a>, suivez <a href=\"https:\/\/www.africa-press.net\/\">Africa-Press<\/a><\/strong><\/p>\n","protected":false},"excerpt":{"rendered":"<p>Africa-Press &#8211; Togo. L\u2019entrai\u0302neur des E\u0301perviers du Togo, Paulo Duarte devrait de\u0301voiler cette semaine la liste des joueurs retenus dans le cadre des troisie\u0300me et quatrie\u0300me journe\u0301es des e\u0301liminatoires de la Coupe d\u2019Afrique des Nations 2023. Selon les informations, Paulo Duarte sera en confe\u0301rence de presse ce jeudi 16 mars 2023 a\u0300 Lome\u0301. La confrontation [&hellip;]<\/p>\n","protected":false},"author":82,"featured_media":18513,"comment_status":"open","ping_status":"closed","sticky":false,"template":"","format":"standard","meta":{"footnotes":""},"categories":[6,10],"tags":[36,49,50],"class_list":["post-18514","post","type-post","status-publish","format-standard","has-post-thumbnail","hentry","category-sports","category-toutes-les-actualites","tag-africa-press","tag-africa-press-togo","tag-togo"],"yoast_head":"<!-- This site is optimized with the Yoast SEO Premium plugin v26.1 (Yoast SEO v27.0) - https:\/\/yoast.com\/product\/yoast-seo-premium-wordpress\/ -->\n<title>Togo-Burkina Faso : Paulo Duarte d\u00e9voile son \u00e9quipe cette semaine - Togo<\/title>\n<meta name=\"description\" content=\"L\u2019entrai\u0302neur des E\u0301perviers du Togo, Paulo Duarte devrait de\u0301voiler cette semaine la liste des joueurs retenus dans ...\" \/>\n<meta name=\"robots\" content=\"index, follow, max-snippet:-1, max-image-preview:large, max-video-preview:-1\" \/>\n<link rel=\"canonical\" href=\"https:\/\/www.africa-press.net\/togo\/sports\/togo-burkina-faso-paulo-duarte-devoile-son-equipe-cette-semaine\" \/>\n<meta property=\"og:locale\" content=\"fr_FR\" \/>\n<meta property=\"og:type\" content=\"article\" \/>\n<meta property=\"og:title\" content=\"Togo-Burkina Faso : Paulo Duarte d\u00e9voile son \u00e9quipe cette semaine\" \/>\n<meta property=\"og:description\" content=\"L\u2019entrai\u0302neur des E\u0301perviers du Togo, Paulo Duarte devrait de\u0301voiler cette semaine la liste des joueurs retenus dans ...\" \/>\n<meta property=\"og:url\" content=\"https:\/\/www.africa-press.net\/togo\/sports\/togo-burkina-faso-paulo-duarte-devoile-son-equipe-cette-semaine\" \/>\n<meta property=\"og:site_name\" content=\"Togo\" \/>\n<meta property=\"article:published_time\" content=\"2023-03-14T11:54:50+00:00\" \/>\n<meta property=\"article:modified_time\" content=\"2023-03-14T12:25:32+00:00\" \/>\n<meta property=\"og:image\" content=\"https:\/\/static.africa-press.net\/togo\/sites\/58\/2023\/03\/postQueueImg_1678782293.91.jpg\" \/>\n\t<meta property=\"og:image:width\" content=\"1728\" \/>\n\t<meta property=\"og:image:height\" content=\"1152\" \/>\n\t<meta property=\"og:image:type\" content=\"image\/jpeg\" \/>\n<meta name=\"author\" content=\"cfeditorfr\" \/>\n<meta name=\"twitter:card\" content=\"summary_large_image\" \/>\n<meta name=\"twitter:label1\" content=\"\u00c9crit par\" \/>\n\t<meta name=\"twitter:data1\" content=\"cfeditorfr\" \/>\n\t<meta name=\"twitter:label2\" content=\"Dur\u00e9e de lecture estim\u00e9e\" \/>\n\t<meta name=\"twitter:data2\" content=\"1 minute\" \/>\n<script type=\"application\/ld+json\" class=\"yoast-schema-graph\">{\"@context\":\"https:\/\/schema.org\",\"@graph\":[{\"@type\":\"Article\",\"@id\":\"https:\/\/www.africa-press.net\/togo\/sports\/togo-burkina-faso-paulo-duarte-devoile-son-equipe-cette-semaine#article\",\"isPartOf\":{\"@id\":\"https:\/\/www.africa-press.net\/togo\/sports\/togo-burkina-faso-paulo-duarte-devoile-son-equipe-cette-semaine\"},\"author\":{\"name\":\"cfeditorfr\",\"@id\":\"https:\/\/www.africa-press.net\/togo\/#\/schema\/person\/2b1cf3cd81a31e3cd26889ca66d677f1\"},\"headline\":\"Togo-Burkina Faso : Paulo Duarte d\u00e9voile son \u00e9quipe cette semaine\",\"datePublished\":\"2023-03-14T11:54:50+00:00\",\"dateModified\":\"2023-03-14T12:25:32+00:00\",\"mainEntityOfPage\":{\"@id\":\"https:\/\/www.africa-press.net\/togo\/sports\/togo-burkina-faso-paulo-duarte-devoile-son-equipe-cette-semaine\"},\"wordCount\":151,\"commentCount\":0,\"image\":{\"@id\":\"https:\/\/www.africa-press.net\/togo\/sports\/togo-burkina-faso-paulo-duarte-devoile-son-equipe-cette-semaine#primaryimage\"},\"thumbnailUrl\":\"https:\/\/static.africa-press.net\/togo\/sites\/58\/2023\/03\/postQueueImg_1678782293.91.jpg\",\"keywords\":[\"Africa Press\",\"Africa Press-Togo\",\"Togo\"],\"articleSection\":[\"Sports\",\"Toutes les actualit\u00e9s\"],\"inLanguage\":\"fr-FR\",\"potentialAction\":[{\"@type\":\"CommentAction\",\"name\":\"Comment\",\"target\":[\"https:\/\/www.africa-press.net\/togo\/sports\/togo-burkina-faso-paulo-duarte-devoile-son-equipe-cette-semaine#respond\"]}]},{\"@type\":\"WebPage\",\"@id\":\"https:\/\/www.africa-press.net\/togo\/sports\/togo-burkina-faso-paulo-duarte-devoile-son-equipe-cette-semaine\",\"url\":\"https:\/\/www.africa-press.net\/togo\/sports\/togo-burkina-faso-paulo-duarte-devoile-son-equipe-cette-semaine\",\"name\":\"Togo-Burkina Faso : Paulo Duarte d\u00e9voile son \u00e9quipe cette semaine - Togo\",\"isPartOf\":{\"@id\":\"https:\/\/www.africa-press.net\/togo\/#website\"},\"primaryImageOfPage\":{\"@id\":\"https:\/\/www.africa-press.net\/togo\/sports\/togo-burkina-faso-paulo-duarte-devoile-son-equipe-cette-semaine#primaryimage\"},\"image\":{\"@id\":\"https:\/\/www.africa-press.net\/togo\/sports\/togo-burkina-faso-paulo-duarte-devoile-son-equipe-cette-semaine#primaryimage\"},\"thumbnailUrl\":\"https:\/\/static.africa-press.net\/togo\/sites\/58\/2023\/03\/postQueueImg_1678782293.91.jpg\",\"datePublished\":\"2023-03-14T11:54:50+00:00\",\"dateModified\":\"2023-03-14T12:25:32+00:00\",\"author\":{\"@id\":\"https:\/\/www.africa-press.net\/togo\/#\/schema\/person\/2b1cf3cd81a31e3cd26889ca66d677f1\"},\"description\":\"L\u2019entrai\u0302neur des E\u0301perviers du Togo, Paulo Duarte devrait de\u0301voiler cette semaine la liste des joueurs retenus dans ...\",\"breadcrumb\":{\"@id\":\"https:\/\/www.africa-press.net\/togo\/sports\/togo-burkina-faso-paulo-duarte-devoile-son-equipe-cette-semaine#breadcrumb\"},\"inLanguage\":\"fr-FR\",\"potentialAction\":[{\"@type\":\"ReadAction\",\"target\":[\"https:\/\/www.africa-press.net\/togo\/sports\/togo-burkina-faso-paulo-duarte-devoile-son-equipe-cette-semaine\"]}]},{\"@type\":\"ImageObject\",\"inLanguage\":\"fr-FR\",\"@id\":\"https:\/\/www.africa-press.net\/togo\/sports\/togo-burkina-faso-paulo-duarte-devoile-son-equipe-cette-semaine#primaryimage\",\"url\":\"https:\/\/static.africa-press.net\/togo\/sites\/58\/2023\/03\/postQueueImg_1678782293.91.jpg\",\"contentUrl\":\"https:\/\/static.africa-press.net\/togo\/sites\/58\/2023\/03\/postQueueImg_1678782293.91.jpg\",\"width\":1728,\"height\":1152,\"caption\":\"Togo-Burkina Faso : Paulo Duarte d\u00e9voile son \u00e9quipe cette semaine\"},{\"@type\":\"BreadcrumbList\",\"@id\":\"https:\/\/www.africa-press.net\/togo\/sports\/togo-burkina-faso-paulo-duarte-devoile-son-equipe-cette-semaine#breadcrumb\",\"itemListElement\":[{\"@type\":\"ListItem\",\"position\":1,\"name\":\"Accueil\",\"item\":\"https:\/\/www.africa-press.net\/togo\/\"},{\"@type\":\"ListItem\",\"position\":2,\"name\":\"Togo-Burkina Faso : Paulo Duarte d\u00e9voile son \u00e9quipe cette semaine\"}]},{\"@type\":\"WebSite\",\"@id\":\"https:\/\/www.africa-press.net\/togo\/#website\",\"url\":\"https:\/\/www.africa-press.net\/togo\/\",\"name\":\"Togo\",\"description\":\"Just another Africa News Agency Sites site\",\"potentialAction\":[{\"@type\":\"SearchAction\",\"target\":{\"@type\":\"EntryPoint\",\"urlTemplate\":\"https:\/\/www.africa-press.net\/togo\/?s={search_term_string}\"},\"query-input\":{\"@type\":\"PropertyValueSpecification\",\"valueRequired\":true,\"valueName\":\"search_term_string\"}}],\"inLanguage\":\"fr-FR\"},{\"@type\":\"Person\",\"@id\":\"https:\/\/www.africa-press.net\/togo\/#\/schema\/person\/2b1cf3cd81a31e3cd26889ca66d677f1\",\"name\":\"cfeditorfr\"}]}<\/script>\n<!-- \/ Yoast SEO Premium plugin. -->","yoast_head_json":{"title":"Togo-Burkina Faso : Paulo Duarte d\u00e9voile son \u00e9quipe cette semaine - Togo","description":"L\u2019entrai\u0302neur des E\u0301perviers du Togo, Paulo Duarte devrait de\u0301voiler cette semaine la liste des joueurs retenus dans ...","robots":{"index":"index","follow":"follow","max-snippet":"max-snippet:-1","max-image-preview":"max-image-preview:large","max-video-preview":"max-video-preview:-1"},"canonical":"https:\/\/www.africa-press.net\/togo\/sports\/togo-burkina-faso-paulo-duarte-devoile-son-equipe-cette-semaine","og_locale":"fr_FR","og_type":"article","og_title":"Togo-Burkina Faso : Paulo Duarte d\u00e9voile son \u00e9quipe cette semaine","og_description":"L\u2019entrai\u0302neur des E\u0301perviers du Togo, Paulo Duarte devrait de\u0301voiler cette semaine la liste des joueurs retenus dans ...","og_url":"https:\/\/www.africa-press.net\/togo\/sports\/togo-burkina-faso-paulo-duarte-devoile-son-equipe-cette-semaine","og_site_name":"Togo","article_published_time":"2023-03-14T11:54:50+00:00","article_modified_time":"2023-03-14T12:25:32+00:00","og_image":[{"width":1728,"height":1152,"url":"https:\/\/static.africa-press.net\/togo\/sites\/58\/2023\/03\/postQueueImg_1678782293.91.jpg","type":"image\/jpeg"}],"author":"cfeditorfr","twitter_card":"summary_large_image","twitter_misc":{"\u00c9crit par":"cfeditorfr","Dur\u00e9e de lecture estim\u00e9e":"1 minute"},"schema":{"@context":"https:\/\/schema.org","@graph":[{"@type":"Article","@id":"https:\/\/www.africa-press.net\/togo\/sports\/togo-burkina-faso-paulo-duarte-devoile-son-equipe-cette-semaine#article","isPartOf":{"@id":"https:\/\/www.africa-press.net\/togo\/sports\/togo-burkina-faso-paulo-duarte-devoile-son-equipe-cette-semaine"},"author":{"name":"cfeditorfr","@id":"https:\/\/www.africa-press.net\/togo\/#\/schema\/person\/2b1cf3cd81a31e3cd26889ca66d677f1"},"headline":"Togo-Burkina Faso : Paulo Duarte d\u00e9voile son \u00e9quipe cette semaine","datePublished":"2023-03-14T11:54:50+00:00","dateModified":"2023-03-14T12:25:32+00:00","mainEntityOfPage":{"@id":"https:\/\/www.africa-press.net\/togo\/sports\/togo-burkina-faso-paulo-duarte-devoile-son-equipe-cette-semaine"},"wordCount":151,"commentCount":0,"image":{"@id":"https:\/\/www.africa-press.net\/togo\/sports\/togo-burkina-faso-paulo-duarte-devoile-son-equipe-cette-semaine#primaryimage"},"thumbnailUrl":"https:\/\/static.africa-press.net\/togo\/sites\/58\/2023\/03\/postQueueImg_1678782293.91.jpg","keywords":["Africa Press","Africa Press-Togo","Togo"],"articleSection":["Sports","Toutes les actualit\u00e9s"],"inLanguage":"fr-FR","potentialAction":[{"@type":"CommentAction","name":"Comment","target":["https:\/\/www.africa-press.net\/togo\/sports\/togo-burkina-faso-paulo-duarte-devoile-son-equipe-cette-semaine#respond"]}]},{"@type":"WebPage","@id":"https:\/\/www.africa-press.net\/togo\/sports\/togo-burkina-faso-paulo-duarte-devoile-son-equipe-cette-semaine","url":"https:\/\/www.africa-press.net\/togo\/sports\/togo-burkina-faso-paulo-duarte-devoile-son-equipe-cette-semaine","name":"Togo-Burkina Faso : Paulo Duarte d\u00e9voile son \u00e9quipe cette semaine - Togo","isPartOf":{"@id":"https:\/\/www.africa-press.net\/togo\/#website"},"primaryImageOfPage":{"@id":"https:\/\/www.africa-press.net\/togo\/sports\/togo-burkina-faso-paulo-duarte-devoile-son-equipe-cette-semaine#primaryimage"},"image":{"@id":"https:\/\/www.africa-press.net\/togo\/sports\/togo-burkina-faso-paulo-duarte-devoile-son-equipe-cette-semaine#primaryimage"},"thumbnailUrl":"https:\/\/static.africa-press.net\/togo\/sites\/58\/2023\/03\/postQueueImg_1678782293.91.jpg","datePublished":"2023-03-14T11:54:50+00:00","dateModified":"2023-03-14T12:25:32+00:00","author":{"@id":"https:\/\/www.africa-press.net\/togo\/#\/schema\/person\/2b1cf3cd81a31e3cd26889ca66d677f1"},"description":"L\u2019entrai\u0302neur des E\u0301perviers du Togo, Paulo Duarte devrait de\u0301voiler cette semaine la liste des joueurs retenus dans ...","breadcrumb":{"@id":"https:\/\/www.africa-press.net\/togo\/sports\/togo-burkina-faso-paulo-duarte-devoile-son-equipe-cette-semaine#breadcrumb"},"inLanguage":"fr-FR","potentialAction":[{"@type":"ReadAction","target":["https:\/\/www.africa-press.net\/togo\/sports\/togo-burkina-faso-paulo-duarte-devoile-son-equipe-cette-semaine"]}]},{"@type":"ImageObject","inLanguage":"fr-FR","@id":"https:\/\/www.africa-press.net\/togo\/sports\/togo-burkina-faso-paulo-duarte-devoile-son-equipe-cette-semaine#primaryimage","url":"https:\/\/static.africa-press.net\/togo\/sites\/58\/2023\/03\/postQueueImg_1678782293.91.jpg","contentUrl":"https:\/\/static.africa-press.net\/togo\/sites\/58\/2023\/03\/postQueueImg_1678782293.91.jpg","width":1728,"height":1152,"caption":"Togo-Burkina Faso : Paulo Duarte d\u00e9voile son \u00e9quipe cette semaine"},{"@type":"BreadcrumbList","@id":"https:\/\/www.africa-press.net\/togo\/sports\/togo-burkina-faso-paulo-duarte-devoile-son-equipe-cette-semaine#breadcrumb","itemListElement":[{"@type":"ListItem","position":1,"name":"Accueil","item":"https:\/\/www.africa-press.net\/togo\/"},{"@type":"ListItem","position":2,"name":"Togo-Burkina Faso : Paulo Duarte d\u00e9voile son \u00e9quipe cette semaine"}]},{"@type":"WebSite","@id":"https:\/\/www.africa-press.net\/togo\/#website","url":"https:\/\/www.africa-press.net\/togo\/","name":"Togo","description":"Just another Africa News Agency Sites site","potentialAction":[{"@type":"SearchAction","target":{"@type":"EntryPoint","urlTemplate":"https:\/\/www.africa-press.net\/togo\/?s={search_term_string}"},"query-input":{"@type":"PropertyValueSpecification","valueRequired":true,"valueName":"search_term_string"}}],"inLanguage":"fr-FR"},{"@type":"Person","@id":"https:\/\/www.africa-press.net\/togo\/#\/schema\/person\/2b1cf3cd81a31e3cd26889ca66d677f1","name":"cfeditorfr"}]}},"_links":{"self":[{"href":"https:\/\/www.africa-press.net\/togo\/wp-json\/wp\/v2\/posts\/18514","targetHints":{"allow":["GET"]}}],"collection":[{"href":"https:\/\/www.africa-press.net\/togo\/wp-json\/wp\/v2\/posts"}],"about":[{"href":"https:\/\/www.africa-press.net\/togo\/wp-json\/wp\/v2\/types\/post"}],"author":[{"embeddable":true,"href":"https:\/\/www.africa-press.net\/togo\/wp-json\/wp\/v2\/users\/82"}],"replies":[{"embeddable":true,"href":"https:\/\/www.africa-press.net\/togo\/wp-json\/wp\/v2\/comments?post=18514"}],"version-history":[{"count":0,"href":"https:\/\/www.africa-press.net\/togo\/wp-json\/wp\/v2\/posts\/18514\/revisions"}],"wp:featuredmedia":[{"embeddable":true,"href":"https:\/\/www.africa-press.net\/togo\/wp-json\/wp\/v2\/media\/18513"}],"wp:attachment":[{"href":"https:\/\/www.africa-press.net\/togo\/wp-json\/wp\/v2\/media?parent=18514"}],"wp:term":[{"taxonomy":"category","embeddable":true,"href":"https:\/\/www.africa-press.net\/togo\/wp-json\/wp\/v2\/categories?post=18514"},{"taxonomy":"post_tag","embeddable":true,"href":"https:\/\/www.africa-press.net\/togo\/wp-json\/wp\/v2\/tags?post=18514"}],"curies":[{"name":"wp","href":"https:\/\/api.w.org\/{rel}","templated":true}]}}