{"id":18519,"date":"2023-03-14T11:55:13","date_gmt":"2023-03-14T11:55:13","guid":{"rendered":"https:\/\/www.africa-press.net\/togo\/politique\/togo-covid-19-deux-cas-confirmes"},"modified":"2023-03-14T12:27:10","modified_gmt":"2023-03-14T12:27:10","slug":"togo-covid-19-deux-cas-confirmes","status":"publish","type":"post","link":"https:\/\/www.africa-press.net\/togo\/toutes-les-actualites\/togo-covid-19-deux-cas-confirmes","title":{"rendered":"Togo-Covid-19 : Deux cas confirm\u00e9s"},"content":{"rendered":"<p><span style=\"color: #ff6600\"><strong>Africa-Press &#8211; Togo. <\/strong><\/span><b>Au Togo, les cas positifs lie\u0301s au Coronavirus continuent d\u2019e\u0302tre enregistre\u0301s. Vendredi dernier, deux personnes sont encore de\u0301clare\u0301es positives a\u0300 la maladie portant le nombre total de cas positifs a\u0300 39.404.<\/b><\/p>\n<p>Il s\u2019agit d\u2019un homme et d\u2019une femme respectivement a\u0302ge\u0301s de 34 et 70 ans, cas suspect re\u0301sidant dans la pre\u0301fecture de Golfe et de la Ke\u0301ran. De nouveaux patients recense\u0301s apre\u0300s le de\u0301pistage de 47 personnes.<\/p>\n<p>De me\u0302me, le bilan rendu public par les autorite\u0301s sanitaires vendredi fait e\u0301tat d\u2019aucun cas de gue\u0301rison, laissant le nombre total de gue\u0301ris inchange\u0301 a\u0300 39.081 avec 33 cas actifs par ailleurs.<\/p>\n<p>Notons que 808904 tests de laboratoire ont e\u0301te\u0301 effectue\u0301s sur toute l\u2019e\u0301tendue du territoire national.<\/p>\n<p><strong>Pour plus d&rsquo;informations et d&rsquo;analyses sur la <a href=\"https:\/\/www.africa-press.net\/togo\">Togo<\/a>, suivez <a href=\"https:\/\/www.africa-press.net\/\">Africa-Press<\/a><\/strong><\/p>\n","protected":false},"excerpt":{"rendered":"<p>Africa-Press &#8211; Togo. Au Togo, les cas positifs lie\u0301s au Coronavirus continuent d\u2019e\u0302tre enregistre\u0301s. Vendredi dernier, deux personnes sont encore de\u0301clare\u0301es positives a\u0300 la maladie portant le nombre total de cas positifs a\u0300 39.404. Il s\u2019agit d\u2019un homme et d\u2019une femme respectivement a\u0302ge\u0301s de 34 et 70 ans, cas suspect re\u0301sidant dans la pre\u0301fecture de [&hellip;]<\/p>\n","protected":false},"author":82,"featured_media":18518,"comment_status":"open","ping_status":"closed","sticky":false,"template":"","format":"standard","meta":{"footnotes":""},"categories":[21,10],"tags":[36,49,50],"class_list":["post-18519","post","type-post","status-publish","format-standard","has-post-thumbnail","hentry","category-communaute","category-toutes-les-actualites","tag-africa-press","tag-africa-press-togo","tag-togo"],"yoast_head":"<!-- This site is optimized with the Yoast SEO Premium plugin v26.1 (Yoast SEO v27.0) - https:\/\/yoast.com\/product\/yoast-seo-premium-wordpress\/ -->\n<title>Togo-Covid-19 : Deux cas confirm\u00e9s - Togo<\/title>\n<meta name=\"description\" content=\"Au Togo, les cas positifs lie\u0301s au Coronavirus continuent d\u2019e\u0302tre enregistre\u0301s. Vendredi dernier, deux personnes sont ...\" \/>\n<meta name=\"robots\" content=\"index, follow, max-snippet:-1, max-image-preview:large, max-video-preview:-1\" \/>\n<link rel=\"canonical\" href=\"https:\/\/www.africa-press.net\/togo\/toutes-les-actualites\/togo-covid-19-deux-cas-confirmes\" \/>\n<meta property=\"og:locale\" content=\"fr_FR\" \/>\n<meta property=\"og:type\" content=\"article\" \/>\n<meta property=\"og:title\" content=\"Togo-Covid-19 : Deux cas confirm\u00e9s\" \/>\n<meta property=\"og:description\" content=\"Au Togo, les cas positifs lie\u0301s au Coronavirus continuent d\u2019e\u0302tre enregistre\u0301s. Vendredi dernier, deux personnes sont ...\" \/>\n<meta property=\"og:url\" content=\"https:\/\/www.africa-press.net\/togo\/toutes-les-actualites\/togo-covid-19-deux-cas-confirmes\" \/>\n<meta property=\"og:site_name\" content=\"Togo\" \/>\n<meta property=\"article:published_time\" content=\"2023-03-14T11:55:13+00:00\" \/>\n<meta property=\"article:modified_time\" content=\"2023-03-14T12:27:10+00:00\" \/>\n<meta property=\"og:image\" content=\"https:\/\/static.africa-press.net\/togo\/sites\/58\/2023\/03\/postQueueImg_1678782739.57.jpg\" \/>\n\t<meta property=\"og:image:width\" content=\"802\" \/>\n\t<meta property=\"og:image:height\" content=\"422\" \/>\n\t<meta property=\"og:image:type\" content=\"image\/jpeg\" \/>\n<meta name=\"author\" content=\"cfeditorfr\" \/>\n<meta name=\"twitter:card\" content=\"summary_large_image\" \/>\n<meta name=\"twitter:label1\" content=\"\u00c9crit par\" \/>\n\t<meta name=\"twitter:data1\" content=\"cfeditorfr\" \/>\n\t<meta name=\"twitter:label2\" content=\"Dur\u00e9e de lecture estim\u00e9e\" \/>\n\t<meta name=\"twitter:data2\" content=\"1 minute\" \/>\n<script type=\"application\/ld+json\" class=\"yoast-schema-graph\">{\"@context\":\"https:\/\/schema.org\",\"@graph\":[{\"@type\":\"Article\",\"@id\":\"https:\/\/www.africa-press.net\/togo\/toutes-les-actualites\/togo-covid-19-deux-cas-confirmes#article\",\"isPartOf\":{\"@id\":\"https:\/\/www.africa-press.net\/togo\/toutes-les-actualites\/togo-covid-19-deux-cas-confirmes\"},\"author\":{\"name\":\"cfeditorfr\",\"@id\":\"https:\/\/www.africa-press.net\/togo\/#\/schema\/person\/2b1cf3cd81a31e3cd26889ca66d677f1\"},\"headline\":\"Togo-Covid-19 : Deux cas confirm\u00e9s\",\"datePublished\":\"2023-03-14T11:55:13+00:00\",\"dateModified\":\"2023-03-14T12:27:10+00:00\",\"mainEntityOfPage\":{\"@id\":\"https:\/\/www.africa-press.net\/togo\/toutes-les-actualites\/togo-covid-19-deux-cas-confirmes\"},\"wordCount\":154,\"commentCount\":0,\"image\":{\"@id\":\"https:\/\/www.africa-press.net\/togo\/toutes-les-actualites\/togo-covid-19-deux-cas-confirmes#primaryimage\"},\"thumbnailUrl\":\"https:\/\/static.africa-press.net\/togo\/sites\/58\/2023\/03\/postQueueImg_1678782739.57.jpg\",\"keywords\":[\"Africa Press\",\"Africa Press-Togo\",\"Togo\"],\"articleSection\":[\"Communaut\u00e9\",\"Toutes les actualit\u00e9s\"],\"inLanguage\":\"fr-FR\",\"potentialAction\":[{\"@type\":\"CommentAction\",\"name\":\"Comment\",\"target\":[\"https:\/\/www.africa-press.net\/togo\/toutes-les-actualites\/togo-covid-19-deux-cas-confirmes#respond\"]}]},{\"@type\":\"WebPage\",\"@id\":\"https:\/\/www.africa-press.net\/togo\/toutes-les-actualites\/togo-covid-19-deux-cas-confirmes\",\"url\":\"https:\/\/www.africa-press.net\/togo\/toutes-les-actualites\/togo-covid-19-deux-cas-confirmes\",\"name\":\"Togo-Covid-19 : Deux cas confirm\u00e9s - Togo\",\"isPartOf\":{\"@id\":\"https:\/\/www.africa-press.net\/togo\/#website\"},\"primaryImageOfPage\":{\"@id\":\"https:\/\/www.africa-press.net\/togo\/toutes-les-actualites\/togo-covid-19-deux-cas-confirmes#primaryimage\"},\"image\":{\"@id\":\"https:\/\/www.africa-press.net\/togo\/toutes-les-actualites\/togo-covid-19-deux-cas-confirmes#primaryimage\"},\"thumbnailUrl\":\"https:\/\/static.africa-press.net\/togo\/sites\/58\/2023\/03\/postQueueImg_1678782739.57.jpg\",\"datePublished\":\"2023-03-14T11:55:13+00:00\",\"dateModified\":\"2023-03-14T12:27:10+00:00\",\"author\":{\"@id\":\"https:\/\/www.africa-press.net\/togo\/#\/schema\/person\/2b1cf3cd81a31e3cd26889ca66d677f1\"},\"description\":\"Au Togo, les cas positifs lie\u0301s au Coronavirus continuent d\u2019e\u0302tre enregistre\u0301s. Vendredi dernier, deux personnes sont ...\",\"breadcrumb\":{\"@id\":\"https:\/\/www.africa-press.net\/togo\/toutes-les-actualites\/togo-covid-19-deux-cas-confirmes#breadcrumb\"},\"inLanguage\":\"fr-FR\",\"potentialAction\":[{\"@type\":\"ReadAction\",\"target\":[\"https:\/\/www.africa-press.net\/togo\/toutes-les-actualites\/togo-covid-19-deux-cas-confirmes\"]}]},{\"@type\":\"ImageObject\",\"inLanguage\":\"fr-FR\",\"@id\":\"https:\/\/www.africa-press.net\/togo\/toutes-les-actualites\/togo-covid-19-deux-cas-confirmes#primaryimage\",\"url\":\"https:\/\/static.africa-press.net\/togo\/sites\/58\/2023\/03\/postQueueImg_1678782739.57.jpg\",\"contentUrl\":\"https:\/\/static.africa-press.net\/togo\/sites\/58\/2023\/03\/postQueueImg_1678782739.57.jpg\",\"width\":802,\"height\":422,\"caption\":\"Togo-Covid-19 : Deux cas confirm\u00e9s\"},{\"@type\":\"BreadcrumbList\",\"@id\":\"https:\/\/www.africa-press.net\/togo\/toutes-les-actualites\/togo-covid-19-deux-cas-confirmes#breadcrumb\",\"itemListElement\":[{\"@type\":\"ListItem\",\"position\":1,\"name\":\"Accueil\",\"item\":\"https:\/\/www.africa-press.net\/togo\/\"},{\"@type\":\"ListItem\",\"position\":2,\"name\":\"Togo-Covid-19 : Deux cas confirm\u00e9s\"}]},{\"@type\":\"WebSite\",\"@id\":\"https:\/\/www.africa-press.net\/togo\/#website\",\"url\":\"https:\/\/www.africa-press.net\/togo\/\",\"name\":\"Togo\",\"description\":\"Just another Africa News Agency Sites site\",\"potentialAction\":[{\"@type\":\"SearchAction\",\"target\":{\"@type\":\"EntryPoint\",\"urlTemplate\":\"https:\/\/www.africa-press.net\/togo\/?s={search_term_string}\"},\"query-input\":{\"@type\":\"PropertyValueSpecification\",\"valueRequired\":true,\"valueName\":\"search_term_string\"}}],\"inLanguage\":\"fr-FR\"},{\"@type\":\"Person\",\"@id\":\"https:\/\/www.africa-press.net\/togo\/#\/schema\/person\/2b1cf3cd81a31e3cd26889ca66d677f1\",\"name\":\"cfeditorfr\"}]}<\/script>\n<!-- \/ Yoast SEO Premium plugin. -->","yoast_head_json":{"title":"Togo-Covid-19 : Deux cas confirm\u00e9s - Togo","description":"Au Togo, les cas positifs lie\u0301s au Coronavirus continuent d\u2019e\u0302tre enregistre\u0301s. Vendredi dernier, deux personnes sont ...","robots":{"index":"index","follow":"follow","max-snippet":"max-snippet:-1","max-image-preview":"max-image-preview:large","max-video-preview":"max-video-preview:-1"},"canonical":"https:\/\/www.africa-press.net\/togo\/toutes-les-actualites\/togo-covid-19-deux-cas-confirmes","og_locale":"fr_FR","og_type":"article","og_title":"Togo-Covid-19 : Deux cas confirm\u00e9s","og_description":"Au Togo, les cas positifs lie\u0301s au Coronavirus continuent d\u2019e\u0302tre enregistre\u0301s. Vendredi dernier, deux personnes sont ...","og_url":"https:\/\/www.africa-press.net\/togo\/toutes-les-actualites\/togo-covid-19-deux-cas-confirmes","og_site_name":"Togo","article_published_time":"2023-03-14T11:55:13+00:00","article_modified_time":"2023-03-14T12:27:10+00:00","og_image":[{"width":802,"height":422,"url":"https:\/\/static.africa-press.net\/togo\/sites\/58\/2023\/03\/postQueueImg_1678782739.57.jpg","type":"image\/jpeg"}],"author":"cfeditorfr","twitter_card":"summary_large_image","twitter_misc":{"\u00c9crit par":"cfeditorfr","Dur\u00e9e de lecture estim\u00e9e":"1 minute"},"schema":{"@context":"https:\/\/schema.org","@graph":[{"@type":"Article","@id":"https:\/\/www.africa-press.net\/togo\/toutes-les-actualites\/togo-covid-19-deux-cas-confirmes#article","isPartOf":{"@id":"https:\/\/www.africa-press.net\/togo\/toutes-les-actualites\/togo-covid-19-deux-cas-confirmes"},"author":{"name":"cfeditorfr","@id":"https:\/\/www.africa-press.net\/togo\/#\/schema\/person\/2b1cf3cd81a31e3cd26889ca66d677f1"},"headline":"Togo-Covid-19 : Deux cas confirm\u00e9s","datePublished":"2023-03-14T11:55:13+00:00","dateModified":"2023-03-14T12:27:10+00:00","mainEntityOfPage":{"@id":"https:\/\/www.africa-press.net\/togo\/toutes-les-actualites\/togo-covid-19-deux-cas-confirmes"},"wordCount":154,"commentCount":0,"image":{"@id":"https:\/\/www.africa-press.net\/togo\/toutes-les-actualites\/togo-covid-19-deux-cas-confirmes#primaryimage"},"thumbnailUrl":"https:\/\/static.africa-press.net\/togo\/sites\/58\/2023\/03\/postQueueImg_1678782739.57.jpg","keywords":["Africa Press","Africa Press-Togo","Togo"],"articleSection":["Communaut\u00e9","Toutes les actualit\u00e9s"],"inLanguage":"fr-FR","potentialAction":[{"@type":"CommentAction","name":"Comment","target":["https:\/\/www.africa-press.net\/togo\/toutes-les-actualites\/togo-covid-19-deux-cas-confirmes#respond"]}]},{"@type":"WebPage","@id":"https:\/\/www.africa-press.net\/togo\/toutes-les-actualites\/togo-covid-19-deux-cas-confirmes","url":"https:\/\/www.africa-press.net\/togo\/toutes-les-actualites\/togo-covid-19-deux-cas-confirmes","name":"Togo-Covid-19 : Deux cas confirm\u00e9s - Togo","isPartOf":{"@id":"https:\/\/www.africa-press.net\/togo\/#website"},"primaryImageOfPage":{"@id":"https:\/\/www.africa-press.net\/togo\/toutes-les-actualites\/togo-covid-19-deux-cas-confirmes#primaryimage"},"image":{"@id":"https:\/\/www.africa-press.net\/togo\/toutes-les-actualites\/togo-covid-19-deux-cas-confirmes#primaryimage"},"thumbnailUrl":"https:\/\/static.africa-press.net\/togo\/sites\/58\/2023\/03\/postQueueImg_1678782739.57.jpg","datePublished":"2023-03-14T11:55:13+00:00","dateModified":"2023-03-14T12:27:10+00:00","author":{"@id":"https:\/\/www.africa-press.net\/togo\/#\/schema\/person\/2b1cf3cd81a31e3cd26889ca66d677f1"},"description":"Au Togo, les cas positifs lie\u0301s au Coronavirus continuent d\u2019e\u0302tre enregistre\u0301s. Vendredi dernier, deux personnes sont ...","breadcrumb":{"@id":"https:\/\/www.africa-press.net\/togo\/toutes-les-actualites\/togo-covid-19-deux-cas-confirmes#breadcrumb"},"inLanguage":"fr-FR","potentialAction":[{"@type":"ReadAction","target":["https:\/\/www.africa-press.net\/togo\/toutes-les-actualites\/togo-covid-19-deux-cas-confirmes"]}]},{"@type":"ImageObject","inLanguage":"fr-FR","@id":"https:\/\/www.africa-press.net\/togo\/toutes-les-actualites\/togo-covid-19-deux-cas-confirmes#primaryimage","url":"https:\/\/static.africa-press.net\/togo\/sites\/58\/2023\/03\/postQueueImg_1678782739.57.jpg","contentUrl":"https:\/\/static.africa-press.net\/togo\/sites\/58\/2023\/03\/postQueueImg_1678782739.57.jpg","width":802,"height":422,"caption":"Togo-Covid-19 : Deux cas confirm\u00e9s"},{"@type":"BreadcrumbList","@id":"https:\/\/www.africa-press.net\/togo\/toutes-les-actualites\/togo-covid-19-deux-cas-confirmes#breadcrumb","itemListElement":[{"@type":"ListItem","position":1,"name":"Accueil","item":"https:\/\/www.africa-press.net\/togo\/"},{"@type":"ListItem","position":2,"name":"Togo-Covid-19 : Deux cas confirm\u00e9s"}]},{"@type":"WebSite","@id":"https:\/\/www.africa-press.net\/togo\/#website","url":"https:\/\/www.africa-press.net\/togo\/","name":"Togo","description":"Just another Africa News Agency Sites site","potentialAction":[{"@type":"SearchAction","target":{"@type":"EntryPoint","urlTemplate":"https:\/\/www.africa-press.net\/togo\/?s={search_term_string}"},"query-input":{"@type":"PropertyValueSpecification","valueRequired":true,"valueName":"search_term_string"}}],"inLanguage":"fr-FR"},{"@type":"Person","@id":"https:\/\/www.africa-press.net\/togo\/#\/schema\/person\/2b1cf3cd81a31e3cd26889ca66d677f1","name":"cfeditorfr"}]}},"_links":{"self":[{"href":"https:\/\/www.africa-press.net\/togo\/wp-json\/wp\/v2\/posts\/18519","targetHints":{"allow":["GET"]}}],"collection":[{"href":"https:\/\/www.africa-press.net\/togo\/wp-json\/wp\/v2\/posts"}],"about":[{"href":"https:\/\/www.africa-press.net\/togo\/wp-json\/wp\/v2\/types\/post"}],"author":[{"embeddable":true,"href":"https:\/\/www.africa-press.net\/togo\/wp-json\/wp\/v2\/users\/82"}],"replies":[{"embeddable":true,"href":"https:\/\/www.africa-press.net\/togo\/wp-json\/wp\/v2\/comments?post=18519"}],"version-history":[{"count":0,"href":"https:\/\/www.africa-press.net\/togo\/wp-json\/wp\/v2\/posts\/18519\/revisions"}],"wp:featuredmedia":[{"embeddable":true,"href":"https:\/\/www.africa-press.net\/togo\/wp-json\/wp\/v2\/media\/18518"}],"wp:attachment":[{"href":"https:\/\/www.africa-press.net\/togo\/wp-json\/wp\/v2\/media?parent=18519"}],"wp:term":[{"taxonomy":"category","embeddable":true,"href":"https:\/\/www.africa-press.net\/togo\/wp-json\/wp\/v2\/categories?post=18519"},{"taxonomy":"post_tag","embeddable":true,"href":"https:\/\/www.africa-press.net\/togo\/wp-json\/wp\/v2\/tags?post=18519"}],"curies":[{"name":"wp","href":"https:\/\/api.w.org\/{rel}","templated":true}]}}