{"id":18534,"date":"2023-03-14T18:08:40","date_gmt":"2023-03-14T18:08:40","guid":{"rendered":"https:\/\/www.africa-press.net\/togo\/politique\/une-delegation-togolaise-en-arabie-saoudite-pour-lag-de-lissf"},"modified":"2023-03-14T19:08:49","modified_gmt":"2023-03-14T19:08:49","slug":"une-delegation-togolaise-en-arabie-saoudite-pour-lag-de-lissf","status":"publish","type":"post","link":"https:\/\/www.africa-press.net\/togo\/politique\/une-delegation-togolaise-en-arabie-saoudite-pour-lag-de-lissf","title":{"rendered":"Une d\u00e9l\u00e9gation togolaise en Arabie Saoudite pour l\u2019AG de l\u2019ISSF"},"content":{"rendered":"<p><span style=\"color: #ff6600\"><strong>Africa-Press &#8211; Togo. <\/strong><\/span><b>Le Comite\u0301 National Olympique du Togo, CNO-Togo a participe\u0301 a\u0300 l\u2019Assemble\u0301e Ge\u0301ne\u0301rale Extraordinaire 2023 de la Fe\u0301de\u0301ration Sportive de Solidarite\u0301 Islamique (ISSF) a\u0300 Djeddah (Arabie Saoudite) le lundi 13 mars 2023.<\/b><\/p>\n<p>Le Togo e\u0301tait repre\u0301sente\u0301 par 2 de\u0301le\u0301gue\u0301s dont le pre\u0301sident du CNO-Togo, Deladem Akpaki.<\/p>\n<p>Lors de cette assemble\u0301e ge\u0301ne\u0301rale a\u0300 laquelle ont pris part des repre\u0301sentants des Comite\u0301s Nationaux Olympiques des E\u0301tats islamiques membres de l\u2019ISSF, de nombreux sujets ont e\u0301te\u0301 aborde\u0301s.<\/p>\n<p>La re\u0301union s\u2019est tenue pour approuver la session de la 11e\u0300me Assemble\u0301e ge\u0301ne\u0301rale, le rapport des 5e\u0300mes Jeux de la solidarite\u0301 islamique Konya 2021, le rapport financier et administratif et la ratification des ajustements des statuts de l\u2019ISSF, de\u0301terminant le processus de choix de l\u2019ho\u0302te pays des 6e\u0300mes Jeux Islamiques 2025.<\/p>\n<p>Pour rappel, 09 athle\u0300tes Togolais ont repre\u0301sente\u0301 le pays lors de la 5e e\u0301dition des Jeux de la solidarite\u0301 islamique a\u0300 Konya en Turquie, du 09 au 18 aou\u0302t 2022. C\u2019est a\u0300 cette occasion que Naomi Akakpo a de\u0301croche\u0301 une me\u0301daille d\u2019argent.<\/p>\n<p><strong>Pour plus d&rsquo;informations et d&rsquo;analyses sur la <a href=\"https:\/\/www.africa-press.net\/togo\">Togo<\/a>, suivez <a href=\"https:\/\/www.africa-press.net\/\">Africa-Press<\/a><\/strong><\/p>\n","protected":false},"excerpt":{"rendered":"<p>Africa-Press &#8211; Togo. Le Comite\u0301 National Olympique du Togo, CNO-Togo a participe\u0301 a\u0300 l\u2019Assemble\u0301e Ge\u0301ne\u0301rale Extraordinaire 2023 de la Fe\u0301de\u0301ration Sportive de Solidarite\u0301 Islamique (ISSF) a\u0300 Djeddah (Arabie Saoudite) le lundi 13 mars 2023. Le Togo e\u0301tait repre\u0301sente\u0301 par 2 de\u0301le\u0301gue\u0301s dont le pre\u0301sident du CNO-Togo, Deladem Akpaki. Lors de cette assemble\u0301e ge\u0301ne\u0301rale a\u0300 laquelle [&hellip;]<\/p>\n","protected":false},"author":82,"featured_media":18533,"comment_status":"open","ping_status":"closed","sticky":false,"template":"","format":"standard","meta":{"footnotes":""},"categories":[2,10],"tags":[36,49,50],"class_list":["post-18534","post","type-post","status-publish","format-standard","has-post-thumbnail","hentry","category-politique","category-toutes-les-actualites","tag-africa-press","tag-africa-press-togo","tag-togo"],"yoast_head":"<!-- This site is optimized with the Yoast SEO Premium plugin v26.1 (Yoast SEO v27.0) - https:\/\/yoast.com\/product\/yoast-seo-premium-wordpress\/ -->\n<title>Une d\u00e9l\u00e9gation togolaise en Arabie Saoudite pour l\u2019AG de l\u2019ISSF - Togo<\/title>\n<meta name=\"description\" content=\"Le Comite\u0301 National Olympique du Togo, CNO-Togo a participe\u0301 a\u0300 l\u2019Assemble\u0301e Ge\u0301ne\u0301rale Extraordinaire 2023 de la Fe\u0301 ...\" \/>\n<meta name=\"robots\" content=\"index, follow, max-snippet:-1, max-image-preview:large, max-video-preview:-1\" \/>\n<link rel=\"canonical\" href=\"https:\/\/www.africa-press.net\/togo\/politique\/une-delegation-togolaise-en-arabie-saoudite-pour-lag-de-lissf\" \/>\n<meta property=\"og:locale\" content=\"fr_FR\" \/>\n<meta property=\"og:type\" content=\"article\" \/>\n<meta property=\"og:title\" content=\"Une d\u00e9l\u00e9gation togolaise en Arabie Saoudite pour l\u2019AG de l\u2019ISSF\" \/>\n<meta property=\"og:description\" content=\"Le Comite\u0301 National Olympique du Togo, CNO-Togo a participe\u0301 a\u0300 l\u2019Assemble\u0301e Ge\u0301ne\u0301rale Extraordinaire 2023 de la Fe\u0301 ...\" \/>\n<meta property=\"og:url\" content=\"https:\/\/www.africa-press.net\/togo\/politique\/une-delegation-togolaise-en-arabie-saoudite-pour-lag-de-lissf\" \/>\n<meta property=\"og:site_name\" content=\"Togo\" \/>\n<meta property=\"article:published_time\" content=\"2023-03-14T18:08:40+00:00\" \/>\n<meta property=\"article:modified_time\" content=\"2023-03-14T19:08:49+00:00\" \/>\n<meta property=\"og:image\" content=\"https:\/\/static.africa-press.net\/togo\/sites\/58\/2023\/03\/postQueueImg_1678804723.99.jpg\" \/>\n\t<meta property=\"og:image:width\" content=\"1280\" \/>\n\t<meta property=\"og:image:height\" content=\"597\" \/>\n\t<meta property=\"og:image:type\" content=\"image\/jpeg\" \/>\n<meta name=\"author\" content=\"cfeditorfr\" \/>\n<meta name=\"twitter:card\" content=\"summary_large_image\" \/>\n<meta name=\"twitter:label1\" content=\"\u00c9crit par\" \/>\n\t<meta name=\"twitter:data1\" content=\"cfeditorfr\" \/>\n\t<meta name=\"twitter:label2\" content=\"Dur\u00e9e de lecture estim\u00e9e\" \/>\n\t<meta name=\"twitter:data2\" content=\"1 minute\" \/>\n<script type=\"application\/ld+json\" class=\"yoast-schema-graph\">{\"@context\":\"https:\/\/schema.org\",\"@graph\":[{\"@type\":\"Article\",\"@id\":\"https:\/\/www.africa-press.net\/togo\/politique\/une-delegation-togolaise-en-arabie-saoudite-pour-lag-de-lissf#article\",\"isPartOf\":{\"@id\":\"https:\/\/www.africa-press.net\/togo\/politique\/une-delegation-togolaise-en-arabie-saoudite-pour-lag-de-lissf\"},\"author\":{\"name\":\"cfeditorfr\",\"@id\":\"https:\/\/www.africa-press.net\/togo\/#\/schema\/person\/2b1cf3cd81a31e3cd26889ca66d677f1\"},\"headline\":\"Une d\u00e9l\u00e9gation togolaise en Arabie Saoudite pour l\u2019AG de l\u2019ISSF\",\"datePublished\":\"2023-03-14T18:08:40+00:00\",\"dateModified\":\"2023-03-14T19:08:49+00:00\",\"mainEntityOfPage\":{\"@id\":\"https:\/\/www.africa-press.net\/togo\/politique\/une-delegation-togolaise-en-arabie-saoudite-pour-lag-de-lissf\"},\"wordCount\":226,\"commentCount\":0,\"image\":{\"@id\":\"https:\/\/www.africa-press.net\/togo\/politique\/une-delegation-togolaise-en-arabie-saoudite-pour-lag-de-lissf#primaryimage\"},\"thumbnailUrl\":\"https:\/\/static.africa-press.net\/togo\/sites\/58\/2023\/03\/postQueueImg_1678804723.99.jpg\",\"keywords\":[\"Africa Press\",\"Africa Press-Togo\",\"Togo\"],\"articleSection\":[\"Politique\",\"Toutes les actualit\u00e9s\"],\"inLanguage\":\"fr-FR\",\"potentialAction\":[{\"@type\":\"CommentAction\",\"name\":\"Comment\",\"target\":[\"https:\/\/www.africa-press.net\/togo\/politique\/une-delegation-togolaise-en-arabie-saoudite-pour-lag-de-lissf#respond\"]}]},{\"@type\":\"WebPage\",\"@id\":\"https:\/\/www.africa-press.net\/togo\/politique\/une-delegation-togolaise-en-arabie-saoudite-pour-lag-de-lissf\",\"url\":\"https:\/\/www.africa-press.net\/togo\/politique\/une-delegation-togolaise-en-arabie-saoudite-pour-lag-de-lissf\",\"name\":\"Une d\u00e9l\u00e9gation togolaise en Arabie Saoudite pour l\u2019AG de l\u2019ISSF - Togo\",\"isPartOf\":{\"@id\":\"https:\/\/www.africa-press.net\/togo\/#website\"},\"primaryImageOfPage\":{\"@id\":\"https:\/\/www.africa-press.net\/togo\/politique\/une-delegation-togolaise-en-arabie-saoudite-pour-lag-de-lissf#primaryimage\"},\"image\":{\"@id\":\"https:\/\/www.africa-press.net\/togo\/politique\/une-delegation-togolaise-en-arabie-saoudite-pour-lag-de-lissf#primaryimage\"},\"thumbnailUrl\":\"https:\/\/static.africa-press.net\/togo\/sites\/58\/2023\/03\/postQueueImg_1678804723.99.jpg\",\"datePublished\":\"2023-03-14T18:08:40+00:00\",\"dateModified\":\"2023-03-14T19:08:49+00:00\",\"author\":{\"@id\":\"https:\/\/www.africa-press.net\/togo\/#\/schema\/person\/2b1cf3cd81a31e3cd26889ca66d677f1\"},\"description\":\"Le Comite\u0301 National Olympique du Togo, CNO-Togo a participe\u0301 a\u0300 l\u2019Assemble\u0301e Ge\u0301ne\u0301rale Extraordinaire 2023 de la Fe\u0301 ...\",\"breadcrumb\":{\"@id\":\"https:\/\/www.africa-press.net\/togo\/politique\/une-delegation-togolaise-en-arabie-saoudite-pour-lag-de-lissf#breadcrumb\"},\"inLanguage\":\"fr-FR\",\"potentialAction\":[{\"@type\":\"ReadAction\",\"target\":[\"https:\/\/www.africa-press.net\/togo\/politique\/une-delegation-togolaise-en-arabie-saoudite-pour-lag-de-lissf\"]}]},{\"@type\":\"ImageObject\",\"inLanguage\":\"fr-FR\",\"@id\":\"https:\/\/www.africa-press.net\/togo\/politique\/une-delegation-togolaise-en-arabie-saoudite-pour-lag-de-lissf#primaryimage\",\"url\":\"https:\/\/static.africa-press.net\/togo\/sites\/58\/2023\/03\/postQueueImg_1678804723.99.jpg\",\"contentUrl\":\"https:\/\/static.africa-press.net\/togo\/sites\/58\/2023\/03\/postQueueImg_1678804723.99.jpg\",\"width\":1280,\"height\":597,\"caption\":\"Une d\u00e9l\u00e9gation togolaise en Arabie Saoudite pour l\u2019AG de l\u2019ISSF\"},{\"@type\":\"BreadcrumbList\",\"@id\":\"https:\/\/www.africa-press.net\/togo\/politique\/une-delegation-togolaise-en-arabie-saoudite-pour-lag-de-lissf#breadcrumb\",\"itemListElement\":[{\"@type\":\"ListItem\",\"position\":1,\"name\":\"Accueil\",\"item\":\"https:\/\/www.africa-press.net\/togo\/\"},{\"@type\":\"ListItem\",\"position\":2,\"name\":\"Une d\u00e9l\u00e9gation togolaise en Arabie Saoudite pour l\u2019AG de l\u2019ISSF\"}]},{\"@type\":\"WebSite\",\"@id\":\"https:\/\/www.africa-press.net\/togo\/#website\",\"url\":\"https:\/\/www.africa-press.net\/togo\/\",\"name\":\"Togo\",\"description\":\"Just another Africa News Agency Sites site\",\"potentialAction\":[{\"@type\":\"SearchAction\",\"target\":{\"@type\":\"EntryPoint\",\"urlTemplate\":\"https:\/\/www.africa-press.net\/togo\/?s={search_term_string}\"},\"query-input\":{\"@type\":\"PropertyValueSpecification\",\"valueRequired\":true,\"valueName\":\"search_term_string\"}}],\"inLanguage\":\"fr-FR\"},{\"@type\":\"Person\",\"@id\":\"https:\/\/www.africa-press.net\/togo\/#\/schema\/person\/2b1cf3cd81a31e3cd26889ca66d677f1\",\"name\":\"cfeditorfr\"}]}<\/script>\n<!-- \/ Yoast SEO Premium plugin. -->","yoast_head_json":{"title":"Une d\u00e9l\u00e9gation togolaise en Arabie Saoudite pour l\u2019AG de l\u2019ISSF - Togo","description":"Le Comite\u0301 National Olympique du Togo, CNO-Togo a participe\u0301 a\u0300 l\u2019Assemble\u0301e Ge\u0301ne\u0301rale Extraordinaire 2023 de la Fe\u0301 ...","robots":{"index":"index","follow":"follow","max-snippet":"max-snippet:-1","max-image-preview":"max-image-preview:large","max-video-preview":"max-video-preview:-1"},"canonical":"https:\/\/www.africa-press.net\/togo\/politique\/une-delegation-togolaise-en-arabie-saoudite-pour-lag-de-lissf","og_locale":"fr_FR","og_type":"article","og_title":"Une d\u00e9l\u00e9gation togolaise en Arabie Saoudite pour l\u2019AG de l\u2019ISSF","og_description":"Le Comite\u0301 National Olympique du Togo, CNO-Togo a participe\u0301 a\u0300 l\u2019Assemble\u0301e Ge\u0301ne\u0301rale Extraordinaire 2023 de la Fe\u0301 ...","og_url":"https:\/\/www.africa-press.net\/togo\/politique\/une-delegation-togolaise-en-arabie-saoudite-pour-lag-de-lissf","og_site_name":"Togo","article_published_time":"2023-03-14T18:08:40+00:00","article_modified_time":"2023-03-14T19:08:49+00:00","og_image":[{"width":1280,"height":597,"url":"https:\/\/static.africa-press.net\/togo\/sites\/58\/2023\/03\/postQueueImg_1678804723.99.jpg","type":"image\/jpeg"}],"author":"cfeditorfr","twitter_card":"summary_large_image","twitter_misc":{"\u00c9crit par":"cfeditorfr","Dur\u00e9e de lecture estim\u00e9e":"1 minute"},"schema":{"@context":"https:\/\/schema.org","@graph":[{"@type":"Article","@id":"https:\/\/www.africa-press.net\/togo\/politique\/une-delegation-togolaise-en-arabie-saoudite-pour-lag-de-lissf#article","isPartOf":{"@id":"https:\/\/www.africa-press.net\/togo\/politique\/une-delegation-togolaise-en-arabie-saoudite-pour-lag-de-lissf"},"author":{"name":"cfeditorfr","@id":"https:\/\/www.africa-press.net\/togo\/#\/schema\/person\/2b1cf3cd81a31e3cd26889ca66d677f1"},"headline":"Une d\u00e9l\u00e9gation togolaise en Arabie Saoudite pour l\u2019AG de l\u2019ISSF","datePublished":"2023-03-14T18:08:40+00:00","dateModified":"2023-03-14T19:08:49+00:00","mainEntityOfPage":{"@id":"https:\/\/www.africa-press.net\/togo\/politique\/une-delegation-togolaise-en-arabie-saoudite-pour-lag-de-lissf"},"wordCount":226,"commentCount":0,"image":{"@id":"https:\/\/www.africa-press.net\/togo\/politique\/une-delegation-togolaise-en-arabie-saoudite-pour-lag-de-lissf#primaryimage"},"thumbnailUrl":"https:\/\/static.africa-press.net\/togo\/sites\/58\/2023\/03\/postQueueImg_1678804723.99.jpg","keywords":["Africa Press","Africa Press-Togo","Togo"],"articleSection":["Politique","Toutes les actualit\u00e9s"],"inLanguage":"fr-FR","potentialAction":[{"@type":"CommentAction","name":"Comment","target":["https:\/\/www.africa-press.net\/togo\/politique\/une-delegation-togolaise-en-arabie-saoudite-pour-lag-de-lissf#respond"]}]},{"@type":"WebPage","@id":"https:\/\/www.africa-press.net\/togo\/politique\/une-delegation-togolaise-en-arabie-saoudite-pour-lag-de-lissf","url":"https:\/\/www.africa-press.net\/togo\/politique\/une-delegation-togolaise-en-arabie-saoudite-pour-lag-de-lissf","name":"Une d\u00e9l\u00e9gation togolaise en Arabie Saoudite pour l\u2019AG de l\u2019ISSF - Togo","isPartOf":{"@id":"https:\/\/www.africa-press.net\/togo\/#website"},"primaryImageOfPage":{"@id":"https:\/\/www.africa-press.net\/togo\/politique\/une-delegation-togolaise-en-arabie-saoudite-pour-lag-de-lissf#primaryimage"},"image":{"@id":"https:\/\/www.africa-press.net\/togo\/politique\/une-delegation-togolaise-en-arabie-saoudite-pour-lag-de-lissf#primaryimage"},"thumbnailUrl":"https:\/\/static.africa-press.net\/togo\/sites\/58\/2023\/03\/postQueueImg_1678804723.99.jpg","datePublished":"2023-03-14T18:08:40+00:00","dateModified":"2023-03-14T19:08:49+00:00","author":{"@id":"https:\/\/www.africa-press.net\/togo\/#\/schema\/person\/2b1cf3cd81a31e3cd26889ca66d677f1"},"description":"Le Comite\u0301 National Olympique du Togo, CNO-Togo a participe\u0301 a\u0300 l\u2019Assemble\u0301e Ge\u0301ne\u0301rale Extraordinaire 2023 de la Fe\u0301 ...","breadcrumb":{"@id":"https:\/\/www.africa-press.net\/togo\/politique\/une-delegation-togolaise-en-arabie-saoudite-pour-lag-de-lissf#breadcrumb"},"inLanguage":"fr-FR","potentialAction":[{"@type":"ReadAction","target":["https:\/\/www.africa-press.net\/togo\/politique\/une-delegation-togolaise-en-arabie-saoudite-pour-lag-de-lissf"]}]},{"@type":"ImageObject","inLanguage":"fr-FR","@id":"https:\/\/www.africa-press.net\/togo\/politique\/une-delegation-togolaise-en-arabie-saoudite-pour-lag-de-lissf#primaryimage","url":"https:\/\/static.africa-press.net\/togo\/sites\/58\/2023\/03\/postQueueImg_1678804723.99.jpg","contentUrl":"https:\/\/static.africa-press.net\/togo\/sites\/58\/2023\/03\/postQueueImg_1678804723.99.jpg","width":1280,"height":597,"caption":"Une d\u00e9l\u00e9gation togolaise en Arabie Saoudite pour l\u2019AG de l\u2019ISSF"},{"@type":"BreadcrumbList","@id":"https:\/\/www.africa-press.net\/togo\/politique\/une-delegation-togolaise-en-arabie-saoudite-pour-lag-de-lissf#breadcrumb","itemListElement":[{"@type":"ListItem","position":1,"name":"Accueil","item":"https:\/\/www.africa-press.net\/togo\/"},{"@type":"ListItem","position":2,"name":"Une d\u00e9l\u00e9gation togolaise en Arabie Saoudite pour l\u2019AG de l\u2019ISSF"}]},{"@type":"WebSite","@id":"https:\/\/www.africa-press.net\/togo\/#website","url":"https:\/\/www.africa-press.net\/togo\/","name":"Togo","description":"Just another Africa News Agency Sites site","potentialAction":[{"@type":"SearchAction","target":{"@type":"EntryPoint","urlTemplate":"https:\/\/www.africa-press.net\/togo\/?s={search_term_string}"},"query-input":{"@type":"PropertyValueSpecification","valueRequired":true,"valueName":"search_term_string"}}],"inLanguage":"fr-FR"},{"@type":"Person","@id":"https:\/\/www.africa-press.net\/togo\/#\/schema\/person\/2b1cf3cd81a31e3cd26889ca66d677f1","name":"cfeditorfr"}]}},"_links":{"self":[{"href":"https:\/\/www.africa-press.net\/togo\/wp-json\/wp\/v2\/posts\/18534","targetHints":{"allow":["GET"]}}],"collection":[{"href":"https:\/\/www.africa-press.net\/togo\/wp-json\/wp\/v2\/posts"}],"about":[{"href":"https:\/\/www.africa-press.net\/togo\/wp-json\/wp\/v2\/types\/post"}],"author":[{"embeddable":true,"href":"https:\/\/www.africa-press.net\/togo\/wp-json\/wp\/v2\/users\/82"}],"replies":[{"embeddable":true,"href":"https:\/\/www.africa-press.net\/togo\/wp-json\/wp\/v2\/comments?post=18534"}],"version-history":[{"count":0,"href":"https:\/\/www.africa-press.net\/togo\/wp-json\/wp\/v2\/posts\/18534\/revisions"}],"wp:featuredmedia":[{"embeddable":true,"href":"https:\/\/www.africa-press.net\/togo\/wp-json\/wp\/v2\/media\/18533"}],"wp:attachment":[{"href":"https:\/\/www.africa-press.net\/togo\/wp-json\/wp\/v2\/media?parent=18534"}],"wp:term":[{"taxonomy":"category","embeddable":true,"href":"https:\/\/www.africa-press.net\/togo\/wp-json\/wp\/v2\/categories?post=18534"},{"taxonomy":"post_tag","embeddable":true,"href":"https:\/\/www.africa-press.net\/togo\/wp-json\/wp\/v2\/tags?post=18534"}],"curies":[{"name":"wp","href":"https:\/\/api.w.org\/{rel}","templated":true}]}}