{"id":18537,"date":"2023-03-14T18:08:52","date_gmt":"2023-03-14T18:08:52","guid":{"rendered":"https:\/\/www.africa-press.net\/togo\/politique\/togo-aba-kimebalou-1er-haut-fonctionnaire-a-declarer-ses-biens"},"modified":"2023-03-14T19:09:58","modified_gmt":"2023-03-14T19:09:58","slug":"togo-aba-kimebalou-1er-haut-fonctionnaire-a-declarer-ses-biens","status":"publish","type":"post","link":"https:\/\/www.africa-press.net\/togo\/politique\/togo-aba-kimebalou-1er-haut-fonctionnaire-a-declarer-ses-biens","title":{"rendered":"Togo- Aba Kimebalou, 1er haut fonctionnaire \u00e0 d\u00e9clarer ses biens"},"content":{"rendered":"<p><span style=\"color: #ff6600\"><strong>Africa-Press &#8211; Togo. <\/strong><\/span><b>On ne saura pas, du moins pour le moment, ce que sa de\u0301claration contient, mais le pre\u0301sident de la Haute autorite\u0301 de pre\u0301vention de lutte contre corruption et les infractions assimile\u0301es (HAPLUCIA) est le premier haut fonctionnaire a\u0300 de\u0301clarer ses biens.<\/b><\/p>\n<p>Aba Kimebalou, le patron de l\u2019HAPLUCIA, s\u2019est pre\u0301sente\u0301 dans la matine\u0301e de ce mardi 14 mars a\u0300 Lome\u0301 devant Awa Daboya-Nana (elle-me\u0302me a de\u0301ja\u0300 de\u0301clare\u0301 son patrimoine), le me\u0301diateur de la Re\u0301publique, pour de\u0301clarer ses biens et avoirs, devenant la premie\u0300re personnalite\u0301 occupant un poste de responsabilite\u0301 a\u0300 s\u2019acquitter a\u0300 un exercice rendu obligatoire par l\u2019article 145 de la Constitution togolaise.<\/p>\n<p>Un devoir qu\u2019il fait avant de prendre sa nouvelle fonction de pre\u0301sident de l\u2019institution charge\u0301e de lutter contre la corruption. \u00ab Dans un premier temps, j\u2019ai rec\u0327u le formulaire de de\u0301claration que j\u2019ai remplie en renseignant tous les biens et avoirs que j\u2019ai. Aujourd\u2019hui, je suis a\u0300 cette ce\u0301re\u0301monie pour faire officiellement ma de\u0301claration a\u0300 Madame le Me\u0301diateur de la Re\u0301publique \u00bb, tient-il a\u0300 pre\u0301ciser.<\/p>\n<p>Selon les textes, les hautes personnalite\u0301s de l\u2019E\u0301tat sont tenues de de\u0301clarer leurs biens immeubles s\u2019ils sont supe\u0301rieurs a\u0300 50 millions FCFA et les biens meubles supe\u0301rieurs a\u0300 20 millions FCFA.<\/p>\n<p>Reste a\u0300 savoir, si entre-temps, la grande partie de leurs biens et avoirs n\u2019ont pas pris des noms d\u2019emprunt. Cela c\u2019est une autre affaire.<\/p>\n<p><strong>Pour plus d&rsquo;informations et d&rsquo;analyses sur la <a href=\"https:\/\/www.africa-press.net\/togo\">Togo<\/a>, suivez <a href=\"https:\/\/www.africa-press.net\/\">Africa-Press<\/a><\/strong><\/p>\n","protected":false},"excerpt":{"rendered":"<p>Africa-Press &#8211; Togo. On ne saura pas, du moins pour le moment, ce que sa de\u0301claration contient, mais le pre\u0301sident de la Haute autorite\u0301 de pre\u0301vention de lutte contre corruption et les infractions assimile\u0301es (HAPLUCIA) est le premier haut fonctionnaire a\u0300 de\u0301clarer ses biens. Aba Kimebalou, le patron de l\u2019HAPLUCIA, s\u2019est pre\u0301sente\u0301 dans la matine\u0301e [&hellip;]<\/p>\n","protected":false},"author":82,"featured_media":18535,"comment_status":"open","ping_status":"closed","sticky":false,"template":"","format":"standard","meta":{"footnotes":""},"categories":[2,10],"tags":[36,49,50],"class_list":["post-18537","post","type-post","status-publish","format-standard","has-post-thumbnail","hentry","category-politique","category-toutes-les-actualites","tag-africa-press","tag-africa-press-togo","tag-togo"],"yoast_head":"<!-- This site is optimized with the Yoast SEO Premium plugin v26.1 (Yoast SEO v27.0) - https:\/\/yoast.com\/product\/yoast-seo-premium-wordpress\/ -->\n<title>Togo- Aba Kimebalou, 1er haut fonctionnaire \u00e0 d\u00e9clarer ses biens - Togo<\/title>\n<meta name=\"description\" content=\"On ne saura pas, du moins pour le moment, ce que sa de\u0301claration contient, mais le pre\u0301sident de la Haute autorite\u0301 d ...\" \/>\n<meta name=\"robots\" content=\"index, follow, max-snippet:-1, max-image-preview:large, max-video-preview:-1\" \/>\n<link rel=\"canonical\" href=\"https:\/\/www.africa-press.net\/togo\/politique\/togo-aba-kimebalou-1er-haut-fonctionnaire-a-declarer-ses-biens\" \/>\n<meta property=\"og:locale\" content=\"fr_FR\" \/>\n<meta property=\"og:type\" content=\"article\" \/>\n<meta property=\"og:title\" content=\"Togo- Aba Kimebalou, 1er haut fonctionnaire \u00e0 d\u00e9clarer ses biens\" \/>\n<meta property=\"og:description\" content=\"On ne saura pas, du moins pour le moment, ce que sa de\u0301claration contient, mais le pre\u0301sident de la Haute autorite\u0301 d ...\" \/>\n<meta property=\"og:url\" content=\"https:\/\/www.africa-press.net\/togo\/politique\/togo-aba-kimebalou-1er-haut-fonctionnaire-a-declarer-ses-biens\" \/>\n<meta property=\"og:site_name\" content=\"Togo\" \/>\n<meta property=\"article:published_time\" content=\"2023-03-14T18:08:52+00:00\" \/>\n<meta property=\"article:modified_time\" content=\"2023-03-14T19:09:58+00:00\" \/>\n<meta property=\"og:image\" content=\"https:\/\/static.africa-press.net\/togo\/sites\/58\/2023\/03\/postQueueImg_1678804738.27.jpg\" \/>\n\t<meta property=\"og:image:width\" content=\"1282\" \/>\n\t<meta property=\"og:image:height\" content=\"800\" \/>\n\t<meta property=\"og:image:type\" content=\"image\/jpeg\" \/>\n<meta name=\"author\" content=\"cfeditorfr\" \/>\n<meta name=\"twitter:card\" content=\"summary_large_image\" \/>\n<meta name=\"twitter:label1\" content=\"\u00c9crit par\" \/>\n\t<meta name=\"twitter:data1\" content=\"cfeditorfr\" \/>\n\t<meta name=\"twitter:label2\" content=\"Dur\u00e9e de lecture estim\u00e9e\" \/>\n\t<meta name=\"twitter:data2\" content=\"2 minutes\" \/>\n<script type=\"application\/ld+json\" class=\"yoast-schema-graph\">{\"@context\":\"https:\/\/schema.org\",\"@graph\":[{\"@type\":\"Article\",\"@id\":\"https:\/\/www.africa-press.net\/togo\/politique\/togo-aba-kimebalou-1er-haut-fonctionnaire-a-declarer-ses-biens#article\",\"isPartOf\":{\"@id\":\"https:\/\/www.africa-press.net\/togo\/politique\/togo-aba-kimebalou-1er-haut-fonctionnaire-a-declarer-ses-biens\"},\"author\":{\"name\":\"cfeditorfr\",\"@id\":\"https:\/\/www.africa-press.net\/togo\/#\/schema\/person\/2b1cf3cd81a31e3cd26889ca66d677f1\"},\"headline\":\"Togo- Aba Kimebalou, 1er haut fonctionnaire \u00e0 d\u00e9clarer ses biens\",\"datePublished\":\"2023-03-14T18:08:52+00:00\",\"dateModified\":\"2023-03-14T19:09:58+00:00\",\"mainEntityOfPage\":{\"@id\":\"https:\/\/www.africa-press.net\/togo\/politique\/togo-aba-kimebalou-1er-haut-fonctionnaire-a-declarer-ses-biens\"},\"wordCount\":285,\"commentCount\":0,\"image\":{\"@id\":\"https:\/\/www.africa-press.net\/togo\/politique\/togo-aba-kimebalou-1er-haut-fonctionnaire-a-declarer-ses-biens#primaryimage\"},\"thumbnailUrl\":\"https:\/\/static.africa-press.net\/togo\/sites\/58\/2023\/03\/postQueueImg_1678804738.27.jpg\",\"keywords\":[\"Africa Press\",\"Africa Press-Togo\",\"Togo\"],\"articleSection\":[\"Politique\",\"Toutes les actualit\u00e9s\"],\"inLanguage\":\"fr-FR\",\"potentialAction\":[{\"@type\":\"CommentAction\",\"name\":\"Comment\",\"target\":[\"https:\/\/www.africa-press.net\/togo\/politique\/togo-aba-kimebalou-1er-haut-fonctionnaire-a-declarer-ses-biens#respond\"]}]},{\"@type\":\"WebPage\",\"@id\":\"https:\/\/www.africa-press.net\/togo\/politique\/togo-aba-kimebalou-1er-haut-fonctionnaire-a-declarer-ses-biens\",\"url\":\"https:\/\/www.africa-press.net\/togo\/politique\/togo-aba-kimebalou-1er-haut-fonctionnaire-a-declarer-ses-biens\",\"name\":\"Togo- Aba Kimebalou, 1er haut fonctionnaire \u00e0 d\u00e9clarer ses biens - Togo\",\"isPartOf\":{\"@id\":\"https:\/\/www.africa-press.net\/togo\/#website\"},\"primaryImageOfPage\":{\"@id\":\"https:\/\/www.africa-press.net\/togo\/politique\/togo-aba-kimebalou-1er-haut-fonctionnaire-a-declarer-ses-biens#primaryimage\"},\"image\":{\"@id\":\"https:\/\/www.africa-press.net\/togo\/politique\/togo-aba-kimebalou-1er-haut-fonctionnaire-a-declarer-ses-biens#primaryimage\"},\"thumbnailUrl\":\"https:\/\/static.africa-press.net\/togo\/sites\/58\/2023\/03\/postQueueImg_1678804738.27.jpg\",\"datePublished\":\"2023-03-14T18:08:52+00:00\",\"dateModified\":\"2023-03-14T19:09:58+00:00\",\"author\":{\"@id\":\"https:\/\/www.africa-press.net\/togo\/#\/schema\/person\/2b1cf3cd81a31e3cd26889ca66d677f1\"},\"description\":\"On ne saura pas, du moins pour le moment, ce que sa de\u0301claration contient, mais le pre\u0301sident de la Haute autorite\u0301 d ...\",\"breadcrumb\":{\"@id\":\"https:\/\/www.africa-press.net\/togo\/politique\/togo-aba-kimebalou-1er-haut-fonctionnaire-a-declarer-ses-biens#breadcrumb\"},\"inLanguage\":\"fr-FR\",\"potentialAction\":[{\"@type\":\"ReadAction\",\"target\":[\"https:\/\/www.africa-press.net\/togo\/politique\/togo-aba-kimebalou-1er-haut-fonctionnaire-a-declarer-ses-biens\"]}]},{\"@type\":\"ImageObject\",\"inLanguage\":\"fr-FR\",\"@id\":\"https:\/\/www.africa-press.net\/togo\/politique\/togo-aba-kimebalou-1er-haut-fonctionnaire-a-declarer-ses-biens#primaryimage\",\"url\":\"https:\/\/static.africa-press.net\/togo\/sites\/58\/2023\/03\/postQueueImg_1678804738.27.jpg\",\"contentUrl\":\"https:\/\/static.africa-press.net\/togo\/sites\/58\/2023\/03\/postQueueImg_1678804738.27.jpg\",\"width\":1282,\"height\":800,\"caption\":\"Togo- Aba Kimebalou, 1er haut fonctionnaire \u00e0 d\u00e9clarer ses biens\"},{\"@type\":\"BreadcrumbList\",\"@id\":\"https:\/\/www.africa-press.net\/togo\/politique\/togo-aba-kimebalou-1er-haut-fonctionnaire-a-declarer-ses-biens#breadcrumb\",\"itemListElement\":[{\"@type\":\"ListItem\",\"position\":1,\"name\":\"Accueil\",\"item\":\"https:\/\/www.africa-press.net\/togo\/\"},{\"@type\":\"ListItem\",\"position\":2,\"name\":\"Togo- Aba Kimebalou, 1er haut fonctionnaire \u00e0 d\u00e9clarer ses biens\"}]},{\"@type\":\"WebSite\",\"@id\":\"https:\/\/www.africa-press.net\/togo\/#website\",\"url\":\"https:\/\/www.africa-press.net\/togo\/\",\"name\":\"Togo\",\"description\":\"Just another Africa News Agency Sites site\",\"potentialAction\":[{\"@type\":\"SearchAction\",\"target\":{\"@type\":\"EntryPoint\",\"urlTemplate\":\"https:\/\/www.africa-press.net\/togo\/?s={search_term_string}\"},\"query-input\":{\"@type\":\"PropertyValueSpecification\",\"valueRequired\":true,\"valueName\":\"search_term_string\"}}],\"inLanguage\":\"fr-FR\"},{\"@type\":\"Person\",\"@id\":\"https:\/\/www.africa-press.net\/togo\/#\/schema\/person\/2b1cf3cd81a31e3cd26889ca66d677f1\",\"name\":\"cfeditorfr\"}]}<\/script>\n<!-- \/ Yoast SEO Premium plugin. -->","yoast_head_json":{"title":"Togo- Aba Kimebalou, 1er haut fonctionnaire \u00e0 d\u00e9clarer ses biens - Togo","description":"On ne saura pas, du moins pour le moment, ce que sa de\u0301claration contient, mais le pre\u0301sident de la Haute autorite\u0301 d ...","robots":{"index":"index","follow":"follow","max-snippet":"max-snippet:-1","max-image-preview":"max-image-preview:large","max-video-preview":"max-video-preview:-1"},"canonical":"https:\/\/www.africa-press.net\/togo\/politique\/togo-aba-kimebalou-1er-haut-fonctionnaire-a-declarer-ses-biens","og_locale":"fr_FR","og_type":"article","og_title":"Togo- Aba Kimebalou, 1er haut fonctionnaire \u00e0 d\u00e9clarer ses biens","og_description":"On ne saura pas, du moins pour le moment, ce que sa de\u0301claration contient, mais le pre\u0301sident de la Haute autorite\u0301 d ...","og_url":"https:\/\/www.africa-press.net\/togo\/politique\/togo-aba-kimebalou-1er-haut-fonctionnaire-a-declarer-ses-biens","og_site_name":"Togo","article_published_time":"2023-03-14T18:08:52+00:00","article_modified_time":"2023-03-14T19:09:58+00:00","og_image":[{"width":1282,"height":800,"url":"https:\/\/static.africa-press.net\/togo\/sites\/58\/2023\/03\/postQueueImg_1678804738.27.jpg","type":"image\/jpeg"}],"author":"cfeditorfr","twitter_card":"summary_large_image","twitter_misc":{"\u00c9crit par":"cfeditorfr","Dur\u00e9e de lecture estim\u00e9e":"2 minutes"},"schema":{"@context":"https:\/\/schema.org","@graph":[{"@type":"Article","@id":"https:\/\/www.africa-press.net\/togo\/politique\/togo-aba-kimebalou-1er-haut-fonctionnaire-a-declarer-ses-biens#article","isPartOf":{"@id":"https:\/\/www.africa-press.net\/togo\/politique\/togo-aba-kimebalou-1er-haut-fonctionnaire-a-declarer-ses-biens"},"author":{"name":"cfeditorfr","@id":"https:\/\/www.africa-press.net\/togo\/#\/schema\/person\/2b1cf3cd81a31e3cd26889ca66d677f1"},"headline":"Togo- Aba Kimebalou, 1er haut fonctionnaire \u00e0 d\u00e9clarer ses biens","datePublished":"2023-03-14T18:08:52+00:00","dateModified":"2023-03-14T19:09:58+00:00","mainEntityOfPage":{"@id":"https:\/\/www.africa-press.net\/togo\/politique\/togo-aba-kimebalou-1er-haut-fonctionnaire-a-declarer-ses-biens"},"wordCount":285,"commentCount":0,"image":{"@id":"https:\/\/www.africa-press.net\/togo\/politique\/togo-aba-kimebalou-1er-haut-fonctionnaire-a-declarer-ses-biens#primaryimage"},"thumbnailUrl":"https:\/\/static.africa-press.net\/togo\/sites\/58\/2023\/03\/postQueueImg_1678804738.27.jpg","keywords":["Africa Press","Africa Press-Togo","Togo"],"articleSection":["Politique","Toutes les actualit\u00e9s"],"inLanguage":"fr-FR","potentialAction":[{"@type":"CommentAction","name":"Comment","target":["https:\/\/www.africa-press.net\/togo\/politique\/togo-aba-kimebalou-1er-haut-fonctionnaire-a-declarer-ses-biens#respond"]}]},{"@type":"WebPage","@id":"https:\/\/www.africa-press.net\/togo\/politique\/togo-aba-kimebalou-1er-haut-fonctionnaire-a-declarer-ses-biens","url":"https:\/\/www.africa-press.net\/togo\/politique\/togo-aba-kimebalou-1er-haut-fonctionnaire-a-declarer-ses-biens","name":"Togo- Aba Kimebalou, 1er haut fonctionnaire \u00e0 d\u00e9clarer ses biens - Togo","isPartOf":{"@id":"https:\/\/www.africa-press.net\/togo\/#website"},"primaryImageOfPage":{"@id":"https:\/\/www.africa-press.net\/togo\/politique\/togo-aba-kimebalou-1er-haut-fonctionnaire-a-declarer-ses-biens#primaryimage"},"image":{"@id":"https:\/\/www.africa-press.net\/togo\/politique\/togo-aba-kimebalou-1er-haut-fonctionnaire-a-declarer-ses-biens#primaryimage"},"thumbnailUrl":"https:\/\/static.africa-press.net\/togo\/sites\/58\/2023\/03\/postQueueImg_1678804738.27.jpg","datePublished":"2023-03-14T18:08:52+00:00","dateModified":"2023-03-14T19:09:58+00:00","author":{"@id":"https:\/\/www.africa-press.net\/togo\/#\/schema\/person\/2b1cf3cd81a31e3cd26889ca66d677f1"},"description":"On ne saura pas, du moins pour le moment, ce que sa de\u0301claration contient, mais le pre\u0301sident de la Haute autorite\u0301 d ...","breadcrumb":{"@id":"https:\/\/www.africa-press.net\/togo\/politique\/togo-aba-kimebalou-1er-haut-fonctionnaire-a-declarer-ses-biens#breadcrumb"},"inLanguage":"fr-FR","potentialAction":[{"@type":"ReadAction","target":["https:\/\/www.africa-press.net\/togo\/politique\/togo-aba-kimebalou-1er-haut-fonctionnaire-a-declarer-ses-biens"]}]},{"@type":"ImageObject","inLanguage":"fr-FR","@id":"https:\/\/www.africa-press.net\/togo\/politique\/togo-aba-kimebalou-1er-haut-fonctionnaire-a-declarer-ses-biens#primaryimage","url":"https:\/\/static.africa-press.net\/togo\/sites\/58\/2023\/03\/postQueueImg_1678804738.27.jpg","contentUrl":"https:\/\/static.africa-press.net\/togo\/sites\/58\/2023\/03\/postQueueImg_1678804738.27.jpg","width":1282,"height":800,"caption":"Togo- Aba Kimebalou, 1er haut fonctionnaire \u00e0 d\u00e9clarer ses biens"},{"@type":"BreadcrumbList","@id":"https:\/\/www.africa-press.net\/togo\/politique\/togo-aba-kimebalou-1er-haut-fonctionnaire-a-declarer-ses-biens#breadcrumb","itemListElement":[{"@type":"ListItem","position":1,"name":"Accueil","item":"https:\/\/www.africa-press.net\/togo\/"},{"@type":"ListItem","position":2,"name":"Togo- Aba Kimebalou, 1er haut fonctionnaire \u00e0 d\u00e9clarer ses biens"}]},{"@type":"WebSite","@id":"https:\/\/www.africa-press.net\/togo\/#website","url":"https:\/\/www.africa-press.net\/togo\/","name":"Togo","description":"Just another Africa News Agency Sites site","potentialAction":[{"@type":"SearchAction","target":{"@type":"EntryPoint","urlTemplate":"https:\/\/www.africa-press.net\/togo\/?s={search_term_string}"},"query-input":{"@type":"PropertyValueSpecification","valueRequired":true,"valueName":"search_term_string"}}],"inLanguage":"fr-FR"},{"@type":"Person","@id":"https:\/\/www.africa-press.net\/togo\/#\/schema\/person\/2b1cf3cd81a31e3cd26889ca66d677f1","name":"cfeditorfr"}]}},"_links":{"self":[{"href":"https:\/\/www.africa-press.net\/togo\/wp-json\/wp\/v2\/posts\/18537","targetHints":{"allow":["GET"]}}],"collection":[{"href":"https:\/\/www.africa-press.net\/togo\/wp-json\/wp\/v2\/posts"}],"about":[{"href":"https:\/\/www.africa-press.net\/togo\/wp-json\/wp\/v2\/types\/post"}],"author":[{"embeddable":true,"href":"https:\/\/www.africa-press.net\/togo\/wp-json\/wp\/v2\/users\/82"}],"replies":[{"embeddable":true,"href":"https:\/\/www.africa-press.net\/togo\/wp-json\/wp\/v2\/comments?post=18537"}],"version-history":[{"count":0,"href":"https:\/\/www.africa-press.net\/togo\/wp-json\/wp\/v2\/posts\/18537\/revisions"}],"wp:featuredmedia":[{"embeddable":true,"href":"https:\/\/www.africa-press.net\/togo\/wp-json\/wp\/v2\/media\/18535"}],"wp:attachment":[{"href":"https:\/\/www.africa-press.net\/togo\/wp-json\/wp\/v2\/media?parent=18537"}],"wp:term":[{"taxonomy":"category","embeddable":true,"href":"https:\/\/www.africa-press.net\/togo\/wp-json\/wp\/v2\/categories?post=18537"},{"taxonomy":"post_tag","embeddable":true,"href":"https:\/\/www.africa-press.net\/togo\/wp-json\/wp\/v2\/tags?post=18537"}],"curies":[{"name":"wp","href":"https:\/\/api.w.org\/{rel}","templated":true}]}}