{"id":18540,"date":"2023-03-14T18:09:01","date_gmt":"2023-03-14T18:09:01","guid":{"rendered":"https:\/\/www.africa-press.net\/togo\/politique\/afrique-rfi-dans-les-nuages-selon-patrice-talon"},"modified":"2023-03-14T19:10:58","modified_gmt":"2023-03-14T19:10:58","slug":"afrique-rfi-dans-les-nuages-selon-patrice-talon","status":"publish","type":"post","link":"https:\/\/www.africa-press.net\/togo\/politique\/afrique-rfi-dans-les-nuages-selon-patrice-talon","title":{"rendered":"Afrique\u2013\u201dRFI dans les nuages\u201d, selon Patrice Talon"},"content":{"rendered":"<p><span style=\"color: #ff6600\"><strong>Africa-Press &#8211; Togo. <\/strong><\/span><b>Le Chef de l\u2019Etat be\u0301ninois s\u2019inscrit visiblement au sein des responsables politiques africains de\u0301termine\u0301s a\u0300 imposer aux occidentaux le respect du\u0302 au continent. Lors de la confe\u0301rence de presse conjointe avec son homologue nige\u0301rien, Mohamed Bazoum, Patrice Talon a de\u0301plore\u0301 le traitement fait par la Radio franc\u0327aise RFI des informations relatives a\u0300 la situation se\u0301curitaire dans la zone des 3 frontie\u0300res.<\/b><\/p>\n<p>Aux termes d\u2019une visite de travail du pre\u0301sident nige\u0301rien au Be\u0301nin, les deux Chefs d\u2019Etat ont ensemble anime\u0301 une confe\u0301rence de presse ce 13 Mars 2023. Toujours a\u0300 l\u2019aise dans cet exercice avec les journalistes, Patrice Talon a saisi l\u2019occasion pour exprimer sa de\u0301sapprobation quant a\u0300 la manie\u0300re dont la RFI traite et diffuse les informations lie\u0301es au terrorisme transfrontalier entre le Niger et le Be\u0301nin.<\/p>\n<p>Suite a\u0300 une question du correspondant de ladite radio sur la collaboration des deux pays en la matie\u0300re, le pre\u0301sident Talon a laisse\u0301 entendre : \u00ab <b>Nous sommes satisfaits de ce que nous faisons. Il est aise\u0301 de constater que depuis quelque temps, notre action commune porte des fruits et les attaques et les menaces sont pluto\u0302t rares <\/b>\u00bb.<\/p>\n<p>Il a renche\u0301rit en indiquant : \u00ab <b>Nous sommes relativement satisfaits au grand dam de RFI qui ne manque aucune occasion de se re\u0301jouir de nos de\u0301convenues re\u0301elles ou imaginaires. Nous avons tous entendu ce matin sur vos antennes, que le parc W fait l\u2019objet d\u2019attaques re\u0301gulie\u0300res. Je ne sais pas si le mot \u00ab re\u0301gulie\u0300re \u00bb veut dire la me\u0302me chose que \u00ab sporadique \u00bb ou pluto\u0302t \u00ab rare \u00bb, mais de ce que nous constatons, c\u2019est pluto\u0302t rare maintenant<\/b> \u00bb.<\/p>\n<p>Toujours a\u0300 l\u2019endroit de RFI, le pre\u0301sident Talon a ajoute\u0301 : <b>\u00ab C\u2019est dommage que vous ce qui vous inte\u0301resse ce ne sont que des choses tre\u0300s mauvaises ou qui n\u2019existent que dans votre imagination. La presse a l\u2019obligation d\u2019appre\u0301cier les choses telles qu\u2019elles sont et d\u2019utiliser les mots approprie\u0301s<\/b> \u00bb.<\/p>\n<p><strong>Pour plus d&rsquo;informations et d&rsquo;analyses sur la <a href=\"https:\/\/www.africa-press.net\/togo\">Togo<\/a>, suivez <a href=\"https:\/\/www.africa-press.net\/\">Africa-Press<\/a><\/strong><\/p>\n","protected":false},"excerpt":{"rendered":"<p>Africa-Press &#8211; Togo. Le Chef de l\u2019Etat be\u0301ninois s\u2019inscrit visiblement au sein des responsables politiques africains de\u0301termine\u0301s a\u0300 imposer aux occidentaux le respect du\u0302 au continent. Lors de la confe\u0301rence de presse conjointe avec son homologue nige\u0301rien, Mohamed Bazoum, Patrice Talon a de\u0301plore\u0301 le traitement fait par la Radio franc\u0327aise RFI des informations relatives a\u0300 [&hellip;]<\/p>\n","protected":false},"author":82,"featured_media":18538,"comment_status":"open","ping_status":"closed","sticky":false,"template":"","format":"standard","meta":{"footnotes":""},"categories":[2,10],"tags":[36,49,50],"class_list":["post-18540","post","type-post","status-publish","format-standard","has-post-thumbnail","hentry","category-politique","category-toutes-les-actualites","tag-africa-press","tag-africa-press-togo","tag-togo"],"yoast_head":"<!-- This site is optimized with the Yoast SEO Premium plugin v26.1 (Yoast SEO v27.0) - https:\/\/yoast.com\/product\/yoast-seo-premium-wordpress\/ -->\n<title>Afrique\u2013\u201dRFI dans les nuages\u201d, selon Patrice Talon - Togo<\/title>\n<meta name=\"description\" content=\"Le Chef de l\u2019Etat be\u0301ninois s\u2019inscrit visiblement au sein des responsables politiques africains de\u0301termine\u0301s a\u0300 impos ...\" \/>\n<meta name=\"robots\" content=\"index, follow, max-snippet:-1, max-image-preview:large, max-video-preview:-1\" \/>\n<link rel=\"canonical\" href=\"https:\/\/www.africa-press.net\/togo\/politique\/afrique-rfi-dans-les-nuages-selon-patrice-talon\" \/>\n<meta property=\"og:locale\" content=\"fr_FR\" \/>\n<meta property=\"og:type\" content=\"article\" \/>\n<meta property=\"og:title\" content=\"Afrique\u2013\u201dRFI dans les nuages\u201d, selon Patrice Talon\" \/>\n<meta property=\"og:description\" content=\"Le Chef de l\u2019Etat be\u0301ninois s\u2019inscrit visiblement au sein des responsables politiques africains de\u0301termine\u0301s a\u0300 impos ...\" \/>\n<meta property=\"og:url\" content=\"https:\/\/www.africa-press.net\/togo\/politique\/afrique-rfi-dans-les-nuages-selon-patrice-talon\" \/>\n<meta property=\"og:site_name\" content=\"Togo\" \/>\n<meta property=\"article:published_time\" content=\"2023-03-14T18:09:01+00:00\" \/>\n<meta property=\"article:modified_time\" content=\"2023-03-14T19:10:58+00:00\" \/>\n<meta property=\"og:image\" content=\"https:\/\/static.africa-press.net\/togo\/sites\/58\/2023\/03\/postQueueImg_1678804744.16.jpg\" \/>\n\t<meta property=\"og:image:width\" content=\"1200\" \/>\n\t<meta property=\"og:image:height\" content=\"800\" \/>\n\t<meta property=\"og:image:type\" content=\"image\/jpeg\" \/>\n<meta name=\"author\" content=\"cfeditorfr\" \/>\n<meta name=\"twitter:card\" content=\"summary_large_image\" \/>\n<meta name=\"twitter:label1\" content=\"\u00c9crit par\" \/>\n\t<meta name=\"twitter:data1\" content=\"cfeditorfr\" \/>\n\t<meta name=\"twitter:label2\" content=\"Dur\u00e9e de lecture estim\u00e9e\" \/>\n\t<meta name=\"twitter:data2\" content=\"2 minutes\" \/>\n<script type=\"application\/ld+json\" class=\"yoast-schema-graph\">{\"@context\":\"https:\/\/schema.org\",\"@graph\":[{\"@type\":\"Article\",\"@id\":\"https:\/\/www.africa-press.net\/togo\/politique\/afrique-rfi-dans-les-nuages-selon-patrice-talon#article\",\"isPartOf\":{\"@id\":\"https:\/\/www.africa-press.net\/togo\/politique\/afrique-rfi-dans-les-nuages-selon-patrice-talon\"},\"author\":{\"name\":\"cfeditorfr\",\"@id\":\"https:\/\/www.africa-press.net\/togo\/#\/schema\/person\/2b1cf3cd81a31e3cd26889ca66d677f1\"},\"headline\":\"Afrique\u2013\u201dRFI dans les nuages\u201d, selon Patrice Talon\",\"datePublished\":\"2023-03-14T18:09:01+00:00\",\"dateModified\":\"2023-03-14T19:10:58+00:00\",\"mainEntityOfPage\":{\"@id\":\"https:\/\/www.africa-press.net\/togo\/politique\/afrique-rfi-dans-les-nuages-selon-patrice-talon\"},\"wordCount\":376,\"commentCount\":0,\"image\":{\"@id\":\"https:\/\/www.africa-press.net\/togo\/politique\/afrique-rfi-dans-les-nuages-selon-patrice-talon#primaryimage\"},\"thumbnailUrl\":\"https:\/\/static.africa-press.net\/togo\/sites\/58\/2023\/03\/postQueueImg_1678804744.16.jpg\",\"keywords\":[\"Africa Press\",\"Africa Press-Togo\",\"Togo\"],\"articleSection\":[\"Politique\",\"Toutes les actualit\u00e9s\"],\"inLanguage\":\"fr-FR\",\"potentialAction\":[{\"@type\":\"CommentAction\",\"name\":\"Comment\",\"target\":[\"https:\/\/www.africa-press.net\/togo\/politique\/afrique-rfi-dans-les-nuages-selon-patrice-talon#respond\"]}]},{\"@type\":\"WebPage\",\"@id\":\"https:\/\/www.africa-press.net\/togo\/politique\/afrique-rfi-dans-les-nuages-selon-patrice-talon\",\"url\":\"https:\/\/www.africa-press.net\/togo\/politique\/afrique-rfi-dans-les-nuages-selon-patrice-talon\",\"name\":\"Afrique\u2013\u201dRFI dans les nuages\u201d, selon Patrice Talon - Togo\",\"isPartOf\":{\"@id\":\"https:\/\/www.africa-press.net\/togo\/#website\"},\"primaryImageOfPage\":{\"@id\":\"https:\/\/www.africa-press.net\/togo\/politique\/afrique-rfi-dans-les-nuages-selon-patrice-talon#primaryimage\"},\"image\":{\"@id\":\"https:\/\/www.africa-press.net\/togo\/politique\/afrique-rfi-dans-les-nuages-selon-patrice-talon#primaryimage\"},\"thumbnailUrl\":\"https:\/\/static.africa-press.net\/togo\/sites\/58\/2023\/03\/postQueueImg_1678804744.16.jpg\",\"datePublished\":\"2023-03-14T18:09:01+00:00\",\"dateModified\":\"2023-03-14T19:10:58+00:00\",\"author\":{\"@id\":\"https:\/\/www.africa-press.net\/togo\/#\/schema\/person\/2b1cf3cd81a31e3cd26889ca66d677f1\"},\"description\":\"Le Chef de l\u2019Etat be\u0301ninois s\u2019inscrit visiblement au sein des responsables politiques africains de\u0301termine\u0301s a\u0300 impos ...\",\"breadcrumb\":{\"@id\":\"https:\/\/www.africa-press.net\/togo\/politique\/afrique-rfi-dans-les-nuages-selon-patrice-talon#breadcrumb\"},\"inLanguage\":\"fr-FR\",\"potentialAction\":[{\"@type\":\"ReadAction\",\"target\":[\"https:\/\/www.africa-press.net\/togo\/politique\/afrique-rfi-dans-les-nuages-selon-patrice-talon\"]}]},{\"@type\":\"ImageObject\",\"inLanguage\":\"fr-FR\",\"@id\":\"https:\/\/www.africa-press.net\/togo\/politique\/afrique-rfi-dans-les-nuages-selon-patrice-talon#primaryimage\",\"url\":\"https:\/\/static.africa-press.net\/togo\/sites\/58\/2023\/03\/postQueueImg_1678804744.16.jpg\",\"contentUrl\":\"https:\/\/static.africa-press.net\/togo\/sites\/58\/2023\/03\/postQueueImg_1678804744.16.jpg\",\"width\":1200,\"height\":800,\"caption\":\"Afrique\u2013\u201dRFI dans les nuages\u201d, selon Patrice Talon\"},{\"@type\":\"BreadcrumbList\",\"@id\":\"https:\/\/www.africa-press.net\/togo\/politique\/afrique-rfi-dans-les-nuages-selon-patrice-talon#breadcrumb\",\"itemListElement\":[{\"@type\":\"ListItem\",\"position\":1,\"name\":\"Accueil\",\"item\":\"https:\/\/www.africa-press.net\/togo\/\"},{\"@type\":\"ListItem\",\"position\":2,\"name\":\"Afrique\u2013\u201dRFI dans les nuages\u201d, selon Patrice Talon\"}]},{\"@type\":\"WebSite\",\"@id\":\"https:\/\/www.africa-press.net\/togo\/#website\",\"url\":\"https:\/\/www.africa-press.net\/togo\/\",\"name\":\"Togo\",\"description\":\"Just another Africa News Agency Sites site\",\"potentialAction\":[{\"@type\":\"SearchAction\",\"target\":{\"@type\":\"EntryPoint\",\"urlTemplate\":\"https:\/\/www.africa-press.net\/togo\/?s={search_term_string}\"},\"query-input\":{\"@type\":\"PropertyValueSpecification\",\"valueRequired\":true,\"valueName\":\"search_term_string\"}}],\"inLanguage\":\"fr-FR\"},{\"@type\":\"Person\",\"@id\":\"https:\/\/www.africa-press.net\/togo\/#\/schema\/person\/2b1cf3cd81a31e3cd26889ca66d677f1\",\"name\":\"cfeditorfr\"}]}<\/script>\n<!-- \/ Yoast SEO Premium plugin. -->","yoast_head_json":{"title":"Afrique\u2013\u201dRFI dans les nuages\u201d, selon Patrice Talon - Togo","description":"Le Chef de l\u2019Etat be\u0301ninois s\u2019inscrit visiblement au sein des responsables politiques africains de\u0301termine\u0301s a\u0300 impos ...","robots":{"index":"index","follow":"follow","max-snippet":"max-snippet:-1","max-image-preview":"max-image-preview:large","max-video-preview":"max-video-preview:-1"},"canonical":"https:\/\/www.africa-press.net\/togo\/politique\/afrique-rfi-dans-les-nuages-selon-patrice-talon","og_locale":"fr_FR","og_type":"article","og_title":"Afrique\u2013\u201dRFI dans les nuages\u201d, selon Patrice Talon","og_description":"Le Chef de l\u2019Etat be\u0301ninois s\u2019inscrit visiblement au sein des responsables politiques africains de\u0301termine\u0301s a\u0300 impos ...","og_url":"https:\/\/www.africa-press.net\/togo\/politique\/afrique-rfi-dans-les-nuages-selon-patrice-talon","og_site_name":"Togo","article_published_time":"2023-03-14T18:09:01+00:00","article_modified_time":"2023-03-14T19:10:58+00:00","og_image":[{"width":1200,"height":800,"url":"https:\/\/static.africa-press.net\/togo\/sites\/58\/2023\/03\/postQueueImg_1678804744.16.jpg","type":"image\/jpeg"}],"author":"cfeditorfr","twitter_card":"summary_large_image","twitter_misc":{"\u00c9crit par":"cfeditorfr","Dur\u00e9e de lecture estim\u00e9e":"2 minutes"},"schema":{"@context":"https:\/\/schema.org","@graph":[{"@type":"Article","@id":"https:\/\/www.africa-press.net\/togo\/politique\/afrique-rfi-dans-les-nuages-selon-patrice-talon#article","isPartOf":{"@id":"https:\/\/www.africa-press.net\/togo\/politique\/afrique-rfi-dans-les-nuages-selon-patrice-talon"},"author":{"name":"cfeditorfr","@id":"https:\/\/www.africa-press.net\/togo\/#\/schema\/person\/2b1cf3cd81a31e3cd26889ca66d677f1"},"headline":"Afrique\u2013\u201dRFI dans les nuages\u201d, selon Patrice Talon","datePublished":"2023-03-14T18:09:01+00:00","dateModified":"2023-03-14T19:10:58+00:00","mainEntityOfPage":{"@id":"https:\/\/www.africa-press.net\/togo\/politique\/afrique-rfi-dans-les-nuages-selon-patrice-talon"},"wordCount":376,"commentCount":0,"image":{"@id":"https:\/\/www.africa-press.net\/togo\/politique\/afrique-rfi-dans-les-nuages-selon-patrice-talon#primaryimage"},"thumbnailUrl":"https:\/\/static.africa-press.net\/togo\/sites\/58\/2023\/03\/postQueueImg_1678804744.16.jpg","keywords":["Africa Press","Africa Press-Togo","Togo"],"articleSection":["Politique","Toutes les actualit\u00e9s"],"inLanguage":"fr-FR","potentialAction":[{"@type":"CommentAction","name":"Comment","target":["https:\/\/www.africa-press.net\/togo\/politique\/afrique-rfi-dans-les-nuages-selon-patrice-talon#respond"]}]},{"@type":"WebPage","@id":"https:\/\/www.africa-press.net\/togo\/politique\/afrique-rfi-dans-les-nuages-selon-patrice-talon","url":"https:\/\/www.africa-press.net\/togo\/politique\/afrique-rfi-dans-les-nuages-selon-patrice-talon","name":"Afrique\u2013\u201dRFI dans les nuages\u201d, selon Patrice Talon - Togo","isPartOf":{"@id":"https:\/\/www.africa-press.net\/togo\/#website"},"primaryImageOfPage":{"@id":"https:\/\/www.africa-press.net\/togo\/politique\/afrique-rfi-dans-les-nuages-selon-patrice-talon#primaryimage"},"image":{"@id":"https:\/\/www.africa-press.net\/togo\/politique\/afrique-rfi-dans-les-nuages-selon-patrice-talon#primaryimage"},"thumbnailUrl":"https:\/\/static.africa-press.net\/togo\/sites\/58\/2023\/03\/postQueueImg_1678804744.16.jpg","datePublished":"2023-03-14T18:09:01+00:00","dateModified":"2023-03-14T19:10:58+00:00","author":{"@id":"https:\/\/www.africa-press.net\/togo\/#\/schema\/person\/2b1cf3cd81a31e3cd26889ca66d677f1"},"description":"Le Chef de l\u2019Etat be\u0301ninois s\u2019inscrit visiblement au sein des responsables politiques africains de\u0301termine\u0301s a\u0300 impos ...","breadcrumb":{"@id":"https:\/\/www.africa-press.net\/togo\/politique\/afrique-rfi-dans-les-nuages-selon-patrice-talon#breadcrumb"},"inLanguage":"fr-FR","potentialAction":[{"@type":"ReadAction","target":["https:\/\/www.africa-press.net\/togo\/politique\/afrique-rfi-dans-les-nuages-selon-patrice-talon"]}]},{"@type":"ImageObject","inLanguage":"fr-FR","@id":"https:\/\/www.africa-press.net\/togo\/politique\/afrique-rfi-dans-les-nuages-selon-patrice-talon#primaryimage","url":"https:\/\/static.africa-press.net\/togo\/sites\/58\/2023\/03\/postQueueImg_1678804744.16.jpg","contentUrl":"https:\/\/static.africa-press.net\/togo\/sites\/58\/2023\/03\/postQueueImg_1678804744.16.jpg","width":1200,"height":800,"caption":"Afrique\u2013\u201dRFI dans les nuages\u201d, selon Patrice Talon"},{"@type":"BreadcrumbList","@id":"https:\/\/www.africa-press.net\/togo\/politique\/afrique-rfi-dans-les-nuages-selon-patrice-talon#breadcrumb","itemListElement":[{"@type":"ListItem","position":1,"name":"Accueil","item":"https:\/\/www.africa-press.net\/togo\/"},{"@type":"ListItem","position":2,"name":"Afrique\u2013\u201dRFI dans les nuages\u201d, selon Patrice Talon"}]},{"@type":"WebSite","@id":"https:\/\/www.africa-press.net\/togo\/#website","url":"https:\/\/www.africa-press.net\/togo\/","name":"Togo","description":"Just another Africa News Agency Sites site","potentialAction":[{"@type":"SearchAction","target":{"@type":"EntryPoint","urlTemplate":"https:\/\/www.africa-press.net\/togo\/?s={search_term_string}"},"query-input":{"@type":"PropertyValueSpecification","valueRequired":true,"valueName":"search_term_string"}}],"inLanguage":"fr-FR"},{"@type":"Person","@id":"https:\/\/www.africa-press.net\/togo\/#\/schema\/person\/2b1cf3cd81a31e3cd26889ca66d677f1","name":"cfeditorfr"}]}},"_links":{"self":[{"href":"https:\/\/www.africa-press.net\/togo\/wp-json\/wp\/v2\/posts\/18540","targetHints":{"allow":["GET"]}}],"collection":[{"href":"https:\/\/www.africa-press.net\/togo\/wp-json\/wp\/v2\/posts"}],"about":[{"href":"https:\/\/www.africa-press.net\/togo\/wp-json\/wp\/v2\/types\/post"}],"author":[{"embeddable":true,"href":"https:\/\/www.africa-press.net\/togo\/wp-json\/wp\/v2\/users\/82"}],"replies":[{"embeddable":true,"href":"https:\/\/www.africa-press.net\/togo\/wp-json\/wp\/v2\/comments?post=18540"}],"version-history":[{"count":0,"href":"https:\/\/www.africa-press.net\/togo\/wp-json\/wp\/v2\/posts\/18540\/revisions"}],"wp:featuredmedia":[{"embeddable":true,"href":"https:\/\/www.africa-press.net\/togo\/wp-json\/wp\/v2\/media\/18538"}],"wp:attachment":[{"href":"https:\/\/www.africa-press.net\/togo\/wp-json\/wp\/v2\/media?parent=18540"}],"wp:term":[{"taxonomy":"category","embeddable":true,"href":"https:\/\/www.africa-press.net\/togo\/wp-json\/wp\/v2\/categories?post=18540"},{"taxonomy":"post_tag","embeddable":true,"href":"https:\/\/www.africa-press.net\/togo\/wp-json\/wp\/v2\/tags?post=18540"}],"curies":[{"name":"wp","href":"https:\/\/api.w.org\/{rel}","templated":true}]}}