{"id":18543,"date":"2023-03-14T18:09:16","date_gmt":"2023-03-14T18:09:16","guid":{"rendered":"https:\/\/www.africa-press.net\/togo\/politique\/togo-la-meningite-tue-10-personnes-dans-le-nord"},"modified":"2023-03-14T19:11:51","modified_gmt":"2023-03-14T19:11:51","slug":"togo-la-meningite-tue-10-personnes-dans-le-nord","status":"publish","type":"post","link":"https:\/\/www.africa-press.net\/togo\/toutes-les-actualites\/togo-la-meningite-tue-10-personnes-dans-le-nord","title":{"rendered":"Togo: la m\u00e9ningite tue 10 personnes dans le nord"},"content":{"rendered":"<p><span style=\"color: #ff6600\"><strong>Africa-Press &#8211; Togo. <\/strong><\/span>En janvier dernier, le ministre de la Sante\u0301, de la protection sociale et de l\u2019acce\u0300s universel aux soins a annonce\u0301 la pre\u0301sence de la me\u0301ningite dans le nord du pays.<\/p>\n<p>En ce moment, le 16 janvier pre\u0301cise\u0301ment, un premier cas avait e\u0301te\u0301 de\u0301tecte\u0301 dans le nord. Le ministre avait me\u0302me prodigue\u0301 a\u0300 la population des comportements a\u0300 suivre pour e\u0301viter que cette maladie se propage dans la re\u0301gion.<\/p>\n<p>Mais malheureusement depuis mi-fe\u0301vrier dernier jusqu\u2019au jour d\u2019aujourd\u2019hui, plusieurs cas ont e\u0301te\u0301 enregistre\u0301s dans la localite\u0301.<\/p>\n<p>On annonce dans le district sanitaire de l\u2019Oti Sud a\u0300 ce jour 101 cas suspects de me\u0301ningite avec 10 de\u0301ce\u0300s.<\/p>\n<p>La tranche d\u2019a\u0302ge de 10 a\u0300 19 ans est la plus touche\u0301e, tandis que celle de 20 a\u0300 29 ans a la plus forte le\u0301talite\u0301.<\/p>\n<p>Une me\u0301ningite est une inflammation des me\u0301ninges, les membranes qui prote\u0300gent le cerveau et la moelle e\u0301pinie\u0300re. Le plus souvent, cette inflammation est la manifestation d\u2019une infection par un virus ou par une bacte\u0301rie.<\/p>\n<p>Elle peut survenir a\u0300 tout a\u0302ge, mais elles touchent plus particulie\u0300rement les enfants et les adolescents. La me\u0301ningite est une maladie rare mais grave.<\/p>\n<p>Elle se manifeste par une forte fie\u0300vre, des maux de te\u0302te, des raideurs au cou, des nause\u0301es ou vomissements, une confusion, ou une difficulte\u0301 a\u0300 se re\u0301veiller et une sensibilite\u0301 des yeux a\u0300 la lumie\u0300re.<\/p>\n<p><strong>Pour plus d&rsquo;informations et d&rsquo;analyses sur la <a href=\"https:\/\/www.africa-press.net\/togo\">Togo<\/a>, suivez <a href=\"https:\/\/www.africa-press.net\/\">Africa-Press<\/a><\/strong><\/p>\n","protected":false},"excerpt":{"rendered":"<p>Africa-Press &#8211; Togo. En janvier dernier, le ministre de la Sante\u0301, de la protection sociale et de l\u2019acce\u0300s universel aux soins a annonce\u0301 la pre\u0301sence de la me\u0301ningite dans le nord du pays. En ce moment, le 16 janvier pre\u0301cise\u0301ment, un premier cas avait e\u0301te\u0301 de\u0301tecte\u0301 dans le nord. Le ministre avait me\u0302me prodigue\u0301 a\u0300 [&hellip;]<\/p>\n","protected":false},"author":82,"featured_media":18541,"comment_status":"open","ping_status":"closed","sticky":false,"template":"","format":"standard","meta":{"footnotes":""},"categories":[21,10],"tags":[36,49,50],"class_list":["post-18543","post","type-post","status-publish","format-standard","has-post-thumbnail","hentry","category-communaute","category-toutes-les-actualites","tag-africa-press","tag-africa-press-togo","tag-togo"],"yoast_head":"<!-- This site is optimized with the Yoast SEO Premium plugin v26.1 (Yoast SEO v27.0) - https:\/\/yoast.com\/product\/yoast-seo-premium-wordpress\/ -->\n<title>Togo: la m\u00e9ningite tue 10 personnes dans le nord - Togo<\/title>\n<meta name=\"description\" content=\"En janvier dernier, le ministre de la Sante\u0301, de la protection sociale et de l\u2019acce\u0300s universel aux soins a annonce\u0301 la ...\" \/>\n<meta name=\"robots\" content=\"index, follow, max-snippet:-1, max-image-preview:large, max-video-preview:-1\" \/>\n<link rel=\"canonical\" href=\"https:\/\/www.africa-press.net\/togo\/toutes-les-actualites\/togo-la-meningite-tue-10-personnes-dans-le-nord\" \/>\n<meta property=\"og:locale\" content=\"fr_FR\" \/>\n<meta property=\"og:type\" content=\"article\" \/>\n<meta property=\"og:title\" content=\"Togo: la m\u00e9ningite tue 10 personnes dans le nord\" \/>\n<meta property=\"og:description\" content=\"En janvier dernier, le ministre de la Sante\u0301, de la protection sociale et de l\u2019acce\u0300s universel aux soins a annonce\u0301 la ...\" \/>\n<meta property=\"og:url\" content=\"https:\/\/www.africa-press.net\/togo\/toutes-les-actualites\/togo-la-meningite-tue-10-personnes-dans-le-nord\" \/>\n<meta property=\"og:site_name\" content=\"Togo\" \/>\n<meta property=\"article:published_time\" content=\"2023-03-14T18:09:16+00:00\" \/>\n<meta property=\"article:modified_time\" content=\"2023-03-14T19:11:51+00:00\" \/>\n<meta property=\"og:image\" content=\"https:\/\/static.africa-press.net\/togo\/sites\/58\/2023\/03\/postQueueImg_1678804774.39.jpg\" \/>\n\t<meta property=\"og:image:width\" content=\"720\" \/>\n\t<meta property=\"og:image:height\" content=\"405\" \/>\n\t<meta property=\"og:image:type\" content=\"image\/jpeg\" \/>\n<meta name=\"author\" content=\"cfeditorfr\" \/>\n<meta name=\"twitter:card\" content=\"summary_large_image\" \/>\n<meta name=\"twitter:label1\" content=\"\u00c9crit par\" \/>\n\t<meta name=\"twitter:data1\" content=\"cfeditorfr\" \/>\n\t<meta name=\"twitter:label2\" content=\"Dur\u00e9e de lecture estim\u00e9e\" \/>\n\t<meta name=\"twitter:data2\" content=\"2 minutes\" \/>\n<script type=\"application\/ld+json\" class=\"yoast-schema-graph\">{\"@context\":\"https:\/\/schema.org\",\"@graph\":[{\"@type\":\"Article\",\"@id\":\"https:\/\/www.africa-press.net\/togo\/toutes-les-actualites\/togo-la-meningite-tue-10-personnes-dans-le-nord#article\",\"isPartOf\":{\"@id\":\"https:\/\/www.africa-press.net\/togo\/toutes-les-actualites\/togo-la-meningite-tue-10-personnes-dans-le-nord\"},\"author\":{\"name\":\"cfeditorfr\",\"@id\":\"https:\/\/www.africa-press.net\/togo\/#\/schema\/person\/2b1cf3cd81a31e3cd26889ca66d677f1\"},\"headline\":\"Togo: la m\u00e9ningite tue 10 personnes dans le nord\",\"datePublished\":\"2023-03-14T18:09:16+00:00\",\"dateModified\":\"2023-03-14T19:11:51+00:00\",\"mainEntityOfPage\":{\"@id\":\"https:\/\/www.africa-press.net\/togo\/toutes-les-actualites\/togo-la-meningite-tue-10-personnes-dans-le-nord\"},\"wordCount\":279,\"commentCount\":0,\"image\":{\"@id\":\"https:\/\/www.africa-press.net\/togo\/toutes-les-actualites\/togo-la-meningite-tue-10-personnes-dans-le-nord#primaryimage\"},\"thumbnailUrl\":\"https:\/\/static.africa-press.net\/togo\/sites\/58\/2023\/03\/postQueueImg_1678804774.39.jpg\",\"keywords\":[\"Africa Press\",\"Africa Press-Togo\",\"Togo\"],\"articleSection\":[\"Communaut\u00e9\",\"Toutes les actualit\u00e9s\"],\"inLanguage\":\"fr-FR\",\"potentialAction\":[{\"@type\":\"CommentAction\",\"name\":\"Comment\",\"target\":[\"https:\/\/www.africa-press.net\/togo\/toutes-les-actualites\/togo-la-meningite-tue-10-personnes-dans-le-nord#respond\"]}]},{\"@type\":\"WebPage\",\"@id\":\"https:\/\/www.africa-press.net\/togo\/toutes-les-actualites\/togo-la-meningite-tue-10-personnes-dans-le-nord\",\"url\":\"https:\/\/www.africa-press.net\/togo\/toutes-les-actualites\/togo-la-meningite-tue-10-personnes-dans-le-nord\",\"name\":\"Togo: la m\u00e9ningite tue 10 personnes dans le nord - Togo\",\"isPartOf\":{\"@id\":\"https:\/\/www.africa-press.net\/togo\/#website\"},\"primaryImageOfPage\":{\"@id\":\"https:\/\/www.africa-press.net\/togo\/toutes-les-actualites\/togo-la-meningite-tue-10-personnes-dans-le-nord#primaryimage\"},\"image\":{\"@id\":\"https:\/\/www.africa-press.net\/togo\/toutes-les-actualites\/togo-la-meningite-tue-10-personnes-dans-le-nord#primaryimage\"},\"thumbnailUrl\":\"https:\/\/static.africa-press.net\/togo\/sites\/58\/2023\/03\/postQueueImg_1678804774.39.jpg\",\"datePublished\":\"2023-03-14T18:09:16+00:00\",\"dateModified\":\"2023-03-14T19:11:51+00:00\",\"author\":{\"@id\":\"https:\/\/www.africa-press.net\/togo\/#\/schema\/person\/2b1cf3cd81a31e3cd26889ca66d677f1\"},\"description\":\"En janvier dernier, le ministre de la Sante\u0301, de la protection sociale et de l\u2019acce\u0300s universel aux soins a annonce\u0301 la ...\",\"breadcrumb\":{\"@id\":\"https:\/\/www.africa-press.net\/togo\/toutes-les-actualites\/togo-la-meningite-tue-10-personnes-dans-le-nord#breadcrumb\"},\"inLanguage\":\"fr-FR\",\"potentialAction\":[{\"@type\":\"ReadAction\",\"target\":[\"https:\/\/www.africa-press.net\/togo\/toutes-les-actualites\/togo-la-meningite-tue-10-personnes-dans-le-nord\"]}]},{\"@type\":\"ImageObject\",\"inLanguage\":\"fr-FR\",\"@id\":\"https:\/\/www.africa-press.net\/togo\/toutes-les-actualites\/togo-la-meningite-tue-10-personnes-dans-le-nord#primaryimage\",\"url\":\"https:\/\/static.africa-press.net\/togo\/sites\/58\/2023\/03\/postQueueImg_1678804774.39.jpg\",\"contentUrl\":\"https:\/\/static.africa-press.net\/togo\/sites\/58\/2023\/03\/postQueueImg_1678804774.39.jpg\",\"width\":720,\"height\":405,\"caption\":\"Togo: la m\u00e9ningite tue 10 personnes dans le nord\"},{\"@type\":\"BreadcrumbList\",\"@id\":\"https:\/\/www.africa-press.net\/togo\/toutes-les-actualites\/togo-la-meningite-tue-10-personnes-dans-le-nord#breadcrumb\",\"itemListElement\":[{\"@type\":\"ListItem\",\"position\":1,\"name\":\"Accueil\",\"item\":\"https:\/\/www.africa-press.net\/togo\/\"},{\"@type\":\"ListItem\",\"position\":2,\"name\":\"Togo: la m\u00e9ningite tue 10 personnes dans le nord\"}]},{\"@type\":\"WebSite\",\"@id\":\"https:\/\/www.africa-press.net\/togo\/#website\",\"url\":\"https:\/\/www.africa-press.net\/togo\/\",\"name\":\"Togo\",\"description\":\"Just another Africa News Agency Sites site\",\"potentialAction\":[{\"@type\":\"SearchAction\",\"target\":{\"@type\":\"EntryPoint\",\"urlTemplate\":\"https:\/\/www.africa-press.net\/togo\/?s={search_term_string}\"},\"query-input\":{\"@type\":\"PropertyValueSpecification\",\"valueRequired\":true,\"valueName\":\"search_term_string\"}}],\"inLanguage\":\"fr-FR\"},{\"@type\":\"Person\",\"@id\":\"https:\/\/www.africa-press.net\/togo\/#\/schema\/person\/2b1cf3cd81a31e3cd26889ca66d677f1\",\"name\":\"cfeditorfr\"}]}<\/script>\n<!-- \/ Yoast SEO Premium plugin. -->","yoast_head_json":{"title":"Togo: la m\u00e9ningite tue 10 personnes dans le nord - Togo","description":"En janvier dernier, le ministre de la Sante\u0301, de la protection sociale et de l\u2019acce\u0300s universel aux soins a annonce\u0301 la ...","robots":{"index":"index","follow":"follow","max-snippet":"max-snippet:-1","max-image-preview":"max-image-preview:large","max-video-preview":"max-video-preview:-1"},"canonical":"https:\/\/www.africa-press.net\/togo\/toutes-les-actualites\/togo-la-meningite-tue-10-personnes-dans-le-nord","og_locale":"fr_FR","og_type":"article","og_title":"Togo: la m\u00e9ningite tue 10 personnes dans le nord","og_description":"En janvier dernier, le ministre de la Sante\u0301, de la protection sociale et de l\u2019acce\u0300s universel aux soins a annonce\u0301 la ...","og_url":"https:\/\/www.africa-press.net\/togo\/toutes-les-actualites\/togo-la-meningite-tue-10-personnes-dans-le-nord","og_site_name":"Togo","article_published_time":"2023-03-14T18:09:16+00:00","article_modified_time":"2023-03-14T19:11:51+00:00","og_image":[{"width":720,"height":405,"url":"https:\/\/static.africa-press.net\/togo\/sites\/58\/2023\/03\/postQueueImg_1678804774.39.jpg","type":"image\/jpeg"}],"author":"cfeditorfr","twitter_card":"summary_large_image","twitter_misc":{"\u00c9crit par":"cfeditorfr","Dur\u00e9e de lecture estim\u00e9e":"2 minutes"},"schema":{"@context":"https:\/\/schema.org","@graph":[{"@type":"Article","@id":"https:\/\/www.africa-press.net\/togo\/toutes-les-actualites\/togo-la-meningite-tue-10-personnes-dans-le-nord#article","isPartOf":{"@id":"https:\/\/www.africa-press.net\/togo\/toutes-les-actualites\/togo-la-meningite-tue-10-personnes-dans-le-nord"},"author":{"name":"cfeditorfr","@id":"https:\/\/www.africa-press.net\/togo\/#\/schema\/person\/2b1cf3cd81a31e3cd26889ca66d677f1"},"headline":"Togo: la m\u00e9ningite tue 10 personnes dans le nord","datePublished":"2023-03-14T18:09:16+00:00","dateModified":"2023-03-14T19:11:51+00:00","mainEntityOfPage":{"@id":"https:\/\/www.africa-press.net\/togo\/toutes-les-actualites\/togo-la-meningite-tue-10-personnes-dans-le-nord"},"wordCount":279,"commentCount":0,"image":{"@id":"https:\/\/www.africa-press.net\/togo\/toutes-les-actualites\/togo-la-meningite-tue-10-personnes-dans-le-nord#primaryimage"},"thumbnailUrl":"https:\/\/static.africa-press.net\/togo\/sites\/58\/2023\/03\/postQueueImg_1678804774.39.jpg","keywords":["Africa Press","Africa Press-Togo","Togo"],"articleSection":["Communaut\u00e9","Toutes les actualit\u00e9s"],"inLanguage":"fr-FR","potentialAction":[{"@type":"CommentAction","name":"Comment","target":["https:\/\/www.africa-press.net\/togo\/toutes-les-actualites\/togo-la-meningite-tue-10-personnes-dans-le-nord#respond"]}]},{"@type":"WebPage","@id":"https:\/\/www.africa-press.net\/togo\/toutes-les-actualites\/togo-la-meningite-tue-10-personnes-dans-le-nord","url":"https:\/\/www.africa-press.net\/togo\/toutes-les-actualites\/togo-la-meningite-tue-10-personnes-dans-le-nord","name":"Togo: la m\u00e9ningite tue 10 personnes dans le nord - Togo","isPartOf":{"@id":"https:\/\/www.africa-press.net\/togo\/#website"},"primaryImageOfPage":{"@id":"https:\/\/www.africa-press.net\/togo\/toutes-les-actualites\/togo-la-meningite-tue-10-personnes-dans-le-nord#primaryimage"},"image":{"@id":"https:\/\/www.africa-press.net\/togo\/toutes-les-actualites\/togo-la-meningite-tue-10-personnes-dans-le-nord#primaryimage"},"thumbnailUrl":"https:\/\/static.africa-press.net\/togo\/sites\/58\/2023\/03\/postQueueImg_1678804774.39.jpg","datePublished":"2023-03-14T18:09:16+00:00","dateModified":"2023-03-14T19:11:51+00:00","author":{"@id":"https:\/\/www.africa-press.net\/togo\/#\/schema\/person\/2b1cf3cd81a31e3cd26889ca66d677f1"},"description":"En janvier dernier, le ministre de la Sante\u0301, de la protection sociale et de l\u2019acce\u0300s universel aux soins a annonce\u0301 la ...","breadcrumb":{"@id":"https:\/\/www.africa-press.net\/togo\/toutes-les-actualites\/togo-la-meningite-tue-10-personnes-dans-le-nord#breadcrumb"},"inLanguage":"fr-FR","potentialAction":[{"@type":"ReadAction","target":["https:\/\/www.africa-press.net\/togo\/toutes-les-actualites\/togo-la-meningite-tue-10-personnes-dans-le-nord"]}]},{"@type":"ImageObject","inLanguage":"fr-FR","@id":"https:\/\/www.africa-press.net\/togo\/toutes-les-actualites\/togo-la-meningite-tue-10-personnes-dans-le-nord#primaryimage","url":"https:\/\/static.africa-press.net\/togo\/sites\/58\/2023\/03\/postQueueImg_1678804774.39.jpg","contentUrl":"https:\/\/static.africa-press.net\/togo\/sites\/58\/2023\/03\/postQueueImg_1678804774.39.jpg","width":720,"height":405,"caption":"Togo: la m\u00e9ningite tue 10 personnes dans le nord"},{"@type":"BreadcrumbList","@id":"https:\/\/www.africa-press.net\/togo\/toutes-les-actualites\/togo-la-meningite-tue-10-personnes-dans-le-nord#breadcrumb","itemListElement":[{"@type":"ListItem","position":1,"name":"Accueil","item":"https:\/\/www.africa-press.net\/togo\/"},{"@type":"ListItem","position":2,"name":"Togo: la m\u00e9ningite tue 10 personnes dans le nord"}]},{"@type":"WebSite","@id":"https:\/\/www.africa-press.net\/togo\/#website","url":"https:\/\/www.africa-press.net\/togo\/","name":"Togo","description":"Just another Africa News Agency Sites site","potentialAction":[{"@type":"SearchAction","target":{"@type":"EntryPoint","urlTemplate":"https:\/\/www.africa-press.net\/togo\/?s={search_term_string}"},"query-input":{"@type":"PropertyValueSpecification","valueRequired":true,"valueName":"search_term_string"}}],"inLanguage":"fr-FR"},{"@type":"Person","@id":"https:\/\/www.africa-press.net\/togo\/#\/schema\/person\/2b1cf3cd81a31e3cd26889ca66d677f1","name":"cfeditorfr"}]}},"_links":{"self":[{"href":"https:\/\/www.africa-press.net\/togo\/wp-json\/wp\/v2\/posts\/18543","targetHints":{"allow":["GET"]}}],"collection":[{"href":"https:\/\/www.africa-press.net\/togo\/wp-json\/wp\/v2\/posts"}],"about":[{"href":"https:\/\/www.africa-press.net\/togo\/wp-json\/wp\/v2\/types\/post"}],"author":[{"embeddable":true,"href":"https:\/\/www.africa-press.net\/togo\/wp-json\/wp\/v2\/users\/82"}],"replies":[{"embeddable":true,"href":"https:\/\/www.africa-press.net\/togo\/wp-json\/wp\/v2\/comments?post=18543"}],"version-history":[{"count":0,"href":"https:\/\/www.africa-press.net\/togo\/wp-json\/wp\/v2\/posts\/18543\/revisions"}],"wp:featuredmedia":[{"embeddable":true,"href":"https:\/\/www.africa-press.net\/togo\/wp-json\/wp\/v2\/media\/18541"}],"wp:attachment":[{"href":"https:\/\/www.africa-press.net\/togo\/wp-json\/wp\/v2\/media?parent=18543"}],"wp:term":[{"taxonomy":"category","embeddable":true,"href":"https:\/\/www.africa-press.net\/togo\/wp-json\/wp\/v2\/categories?post=18543"},{"taxonomy":"post_tag","embeddable":true,"href":"https:\/\/www.africa-press.net\/togo\/wp-json\/wp\/v2\/tags?post=18543"}],"curies":[{"name":"wp","href":"https:\/\/api.w.org\/{rel}","templated":true}]}}