{"id":18578,"date":"2023-03-15T18:16:51","date_gmt":"2023-03-15T18:16:51","guid":{"rendered":"https:\/\/www.africa-press.net\/togo\/politique\/togo-le-ministre-mijiyawa-semerveille-au-senegal"},"modified":"2023-03-15T19:46:55","modified_gmt":"2023-03-15T19:46:55","slug":"togo-le-ministre-mijiyawa-semerveille-au-senegal","status":"publish","type":"post","link":"https:\/\/www.africa-press.net\/togo\/politique\/togo-le-ministre-mijiyawa-semerveille-au-senegal","title":{"rendered":"Togo \u2013 Le ministre Mijiyawa s\u2019\u00e9merveille au S\u00e9n\u00e9gal"},"content":{"rendered":"<p><span style=\"color: #ff6600\"><strong>Africa-Press &#8211; Togo. <\/strong><\/span><b>Le ministre togolais de la Sante\u0301, de l\u2019Hygie\u0300ne publique et de l\u2019Acce\u0300s universel aux soins, Professeur Moustafa Mijiyawa, a magnifie\u0301, mardi, la qualite\u0301 de service offerte a\u0300 l\u2019ho\u0302pital re\u0301gional Thierno-Birahim-Ndao de Kaffrine (centre-ouest), une structure sanitaire qui selon lui fait preuve de performance, a constate\u0301 l\u2019APS.<\/b><\/p>\n<p>\u00ab <b>J\u2019avoue que nous avons e\u0301te\u0301 tre\u0300s favorablement impressionne\u0301s par la qualite\u0301 du travail a\u0300 Kaffrine. La qualite\u0301 de l\u2019e\u0301quipe, son engagement et son engouement et les services offerts aux populations, c\u2019est fantastique !<\/b> \u00bb, s\u2019est-il e\u0301merveille\u0301.<\/p>\n<p>Il s\u2019exprimait en marge d\u2019une visite de travail et d\u2019e\u0301changes dans ce nouvel ho\u0302pital de 150 lits, inaugure\u0301 en mai dernier par le chef de l\u2019Etat, Macky Sall. Il a effectue\u0301 cette visite en compagnie du gouverneur de re\u0301gion, William Manel, et des autorite\u0301s sanitaires re\u0301gionales.<\/p>\n<p>Le ministre de la Sante\u0301 du Togo assure qu\u2019il n\u2019y a aucun doute que son pays va s\u2019inspirer du Se\u0301ne\u0301gal en matie\u0300re d\u2019infrastructures hospitalie\u0300res. \u201c<b>Nous sommes une de\u0301le\u0301gation du Togo. Nous avons e\u0301te\u0301 envoye\u0301s par le Chef de l\u2019Etat du Togo, pour venir au Se\u0301ne\u0301gal voir ce qui a e\u0301te\u0301 fait en matie\u0300re de construction, d\u2019e\u0301quipements et de re\u0301habilitation des ho\u0302pitaux<\/b>\u201c, a-t-il explique\u0301.<\/p>\n<p>Il a indique\u0301 que les autorite\u0301s de son pays sont au fait de la prouesse re\u0301ussie par le Se\u0301ne\u0301gal de construire et d\u2019e\u0301quiper quatre ho\u0302pitaux de dernie\u0300re ge\u0301ne\u0301ration. Il s\u2019est dit impressionne\u0301 par l\u2019architecture de ces ho\u0302pitaux, soulignant que cela va \u2018\u2019inspirer\u2019\u2019 le Togo, dans le cadre des e\u0301changes Sud -Sud.<\/p>\n<p><strong>Pour plus d&rsquo;informations et d&rsquo;analyses sur la <a href=\"https:\/\/www.africa-press.net\/togo\">Togo<\/a>, suivez <a href=\"https:\/\/www.africa-press.net\/\">Africa-Press<\/a><\/strong><\/p>\n","protected":false},"excerpt":{"rendered":"<p>Africa-Press &#8211; Togo. Le ministre togolais de la Sante\u0301, de l\u2019Hygie\u0300ne publique et de l\u2019Acce\u0300s universel aux soins, Professeur Moustafa Mijiyawa, a magnifie\u0301, mardi, la qualite\u0301 de service offerte a\u0300 l\u2019ho\u0302pital re\u0301gional Thierno-Birahim-Ndao de Kaffrine (centre-ouest), une structure sanitaire qui selon lui fait preuve de performance, a constate\u0301 l\u2019APS. \u00ab J\u2019avoue que nous avons e\u0301te\u0301 [&hellip;]<\/p>\n","protected":false},"author":82,"featured_media":18576,"comment_status":"open","ping_status":"closed","sticky":false,"template":"","format":"standard","meta":{"footnotes":""},"categories":[2,10],"tags":[36,49,50],"class_list":["post-18578","post","type-post","status-publish","format-standard","has-post-thumbnail","hentry","category-politique","category-toutes-les-actualites","tag-africa-press","tag-africa-press-togo","tag-togo"],"yoast_head":"<!-- This site is optimized with the Yoast SEO Premium plugin v26.1 (Yoast SEO v27.0) - https:\/\/yoast.com\/product\/yoast-seo-premium-wordpress\/ -->\n<title>Togo \u2013 Le ministre Mijiyawa s\u2019\u00e9merveille au S\u00e9n\u00e9gal - Togo<\/title>\n<meta name=\"description\" content=\"Le ministre togolais de la Sante\u0301, de l\u2019Hygie\u0300ne publique et de l\u2019Acce\u0300s universel aux soins, Professeur Moustafa Mij ...\" \/>\n<meta name=\"robots\" content=\"index, follow, max-snippet:-1, max-image-preview:large, max-video-preview:-1\" \/>\n<link rel=\"canonical\" href=\"https:\/\/www.africa-press.net\/togo\/politique\/togo-le-ministre-mijiyawa-semerveille-au-senegal\" \/>\n<meta property=\"og:locale\" content=\"fr_FR\" \/>\n<meta property=\"og:type\" content=\"article\" \/>\n<meta property=\"og:title\" content=\"Togo \u2013 Le ministre Mijiyawa s\u2019\u00e9merveille au S\u00e9n\u00e9gal\" \/>\n<meta property=\"og:description\" content=\"Le ministre togolais de la Sante\u0301, de l\u2019Hygie\u0300ne publique et de l\u2019Acce\u0300s universel aux soins, Professeur Moustafa Mij ...\" \/>\n<meta property=\"og:url\" content=\"https:\/\/www.africa-press.net\/togo\/politique\/togo-le-ministre-mijiyawa-semerveille-au-senegal\" \/>\n<meta property=\"og:site_name\" content=\"Togo\" \/>\n<meta property=\"article:published_time\" content=\"2023-03-15T18:16:51+00:00\" \/>\n<meta property=\"article:modified_time\" content=\"2023-03-15T19:46:55+00:00\" \/>\n<meta property=\"og:image\" content=\"https:\/\/static.africa-press.net\/togo\/sites\/58\/2023\/03\/postQueueImg_1678891616.35.jpg\" \/>\n\t<meta property=\"og:image:width\" content=\"1200\" \/>\n\t<meta property=\"og:image:height\" content=\"828\" \/>\n\t<meta property=\"og:image:type\" content=\"image\/jpeg\" \/>\n<meta name=\"author\" content=\"cfeditorfr\" \/>\n<meta name=\"twitter:card\" content=\"summary_large_image\" \/>\n<meta name=\"twitter:label1\" content=\"\u00c9crit par\" \/>\n\t<meta name=\"twitter:data1\" content=\"cfeditorfr\" \/>\n\t<meta name=\"twitter:label2\" content=\"Dur\u00e9e de lecture estim\u00e9e\" \/>\n\t<meta name=\"twitter:data2\" content=\"2 minutes\" \/>\n<script type=\"application\/ld+json\" class=\"yoast-schema-graph\">{\"@context\":\"https:\/\/schema.org\",\"@graph\":[{\"@type\":\"Article\",\"@id\":\"https:\/\/www.africa-press.net\/togo\/politique\/togo-le-ministre-mijiyawa-semerveille-au-senegal#article\",\"isPartOf\":{\"@id\":\"https:\/\/www.africa-press.net\/togo\/politique\/togo-le-ministre-mijiyawa-semerveille-au-senegal\"},\"author\":{\"name\":\"cfeditorfr\",\"@id\":\"https:\/\/www.africa-press.net\/togo\/#\/schema\/person\/2b1cf3cd81a31e3cd26889ca66d677f1\"},\"headline\":\"Togo \u2013 Le ministre Mijiyawa s\u2019\u00e9merveille au S\u00e9n\u00e9gal\",\"datePublished\":\"2023-03-15T18:16:51+00:00\",\"dateModified\":\"2023-03-15T19:46:55+00:00\",\"mainEntityOfPage\":{\"@id\":\"https:\/\/www.africa-press.net\/togo\/politique\/togo-le-ministre-mijiyawa-semerveille-au-senegal\"},\"wordCount\":325,\"commentCount\":0,\"image\":{\"@id\":\"https:\/\/www.africa-press.net\/togo\/politique\/togo-le-ministre-mijiyawa-semerveille-au-senegal#primaryimage\"},\"thumbnailUrl\":\"https:\/\/static.africa-press.net\/togo\/sites\/58\/2023\/03\/postQueueImg_1678891616.35.jpg\",\"keywords\":[\"Africa Press\",\"Africa Press-Togo\",\"Togo\"],\"articleSection\":[\"Politique\",\"Toutes les actualit\u00e9s\"],\"inLanguage\":\"fr-FR\",\"potentialAction\":[{\"@type\":\"CommentAction\",\"name\":\"Comment\",\"target\":[\"https:\/\/www.africa-press.net\/togo\/politique\/togo-le-ministre-mijiyawa-semerveille-au-senegal#respond\"]}]},{\"@type\":\"WebPage\",\"@id\":\"https:\/\/www.africa-press.net\/togo\/politique\/togo-le-ministre-mijiyawa-semerveille-au-senegal\",\"url\":\"https:\/\/www.africa-press.net\/togo\/politique\/togo-le-ministre-mijiyawa-semerveille-au-senegal\",\"name\":\"Togo \u2013 Le ministre Mijiyawa s\u2019\u00e9merveille au S\u00e9n\u00e9gal - Togo\",\"isPartOf\":{\"@id\":\"https:\/\/www.africa-press.net\/togo\/#website\"},\"primaryImageOfPage\":{\"@id\":\"https:\/\/www.africa-press.net\/togo\/politique\/togo-le-ministre-mijiyawa-semerveille-au-senegal#primaryimage\"},\"image\":{\"@id\":\"https:\/\/www.africa-press.net\/togo\/politique\/togo-le-ministre-mijiyawa-semerveille-au-senegal#primaryimage\"},\"thumbnailUrl\":\"https:\/\/static.africa-press.net\/togo\/sites\/58\/2023\/03\/postQueueImg_1678891616.35.jpg\",\"datePublished\":\"2023-03-15T18:16:51+00:00\",\"dateModified\":\"2023-03-15T19:46:55+00:00\",\"author\":{\"@id\":\"https:\/\/www.africa-press.net\/togo\/#\/schema\/person\/2b1cf3cd81a31e3cd26889ca66d677f1\"},\"description\":\"Le ministre togolais de la Sante\u0301, de l\u2019Hygie\u0300ne publique et de l\u2019Acce\u0300s universel aux soins, Professeur Moustafa Mij ...\",\"breadcrumb\":{\"@id\":\"https:\/\/www.africa-press.net\/togo\/politique\/togo-le-ministre-mijiyawa-semerveille-au-senegal#breadcrumb\"},\"inLanguage\":\"fr-FR\",\"potentialAction\":[{\"@type\":\"ReadAction\",\"target\":[\"https:\/\/www.africa-press.net\/togo\/politique\/togo-le-ministre-mijiyawa-semerveille-au-senegal\"]}]},{\"@type\":\"ImageObject\",\"inLanguage\":\"fr-FR\",\"@id\":\"https:\/\/www.africa-press.net\/togo\/politique\/togo-le-ministre-mijiyawa-semerveille-au-senegal#primaryimage\",\"url\":\"https:\/\/static.africa-press.net\/togo\/sites\/58\/2023\/03\/postQueueImg_1678891616.35.jpg\",\"contentUrl\":\"https:\/\/static.africa-press.net\/togo\/sites\/58\/2023\/03\/postQueueImg_1678891616.35.jpg\",\"width\":1200,\"height\":828,\"caption\":\"Togo \u2013 Le ministre Mijiyawa s\u2019\u00e9merveille au S\u00e9n\u00e9gal\"},{\"@type\":\"BreadcrumbList\",\"@id\":\"https:\/\/www.africa-press.net\/togo\/politique\/togo-le-ministre-mijiyawa-semerveille-au-senegal#breadcrumb\",\"itemListElement\":[{\"@type\":\"ListItem\",\"position\":1,\"name\":\"Accueil\",\"item\":\"https:\/\/www.africa-press.net\/togo\/\"},{\"@type\":\"ListItem\",\"position\":2,\"name\":\"Togo \u2013 Le ministre Mijiyawa s\u2019\u00e9merveille au S\u00e9n\u00e9gal\"}]},{\"@type\":\"WebSite\",\"@id\":\"https:\/\/www.africa-press.net\/togo\/#website\",\"url\":\"https:\/\/www.africa-press.net\/togo\/\",\"name\":\"Togo\",\"description\":\"Just another Africa News Agency Sites site\",\"potentialAction\":[{\"@type\":\"SearchAction\",\"target\":{\"@type\":\"EntryPoint\",\"urlTemplate\":\"https:\/\/www.africa-press.net\/togo\/?s={search_term_string}\"},\"query-input\":{\"@type\":\"PropertyValueSpecification\",\"valueRequired\":true,\"valueName\":\"search_term_string\"}}],\"inLanguage\":\"fr-FR\"},{\"@type\":\"Person\",\"@id\":\"https:\/\/www.africa-press.net\/togo\/#\/schema\/person\/2b1cf3cd81a31e3cd26889ca66d677f1\",\"name\":\"cfeditorfr\"}]}<\/script>\n<!-- \/ Yoast SEO Premium plugin. -->","yoast_head_json":{"title":"Togo \u2013 Le ministre Mijiyawa s\u2019\u00e9merveille au S\u00e9n\u00e9gal - Togo","description":"Le ministre togolais de la Sante\u0301, de l\u2019Hygie\u0300ne publique et de l\u2019Acce\u0300s universel aux soins, Professeur Moustafa Mij ...","robots":{"index":"index","follow":"follow","max-snippet":"max-snippet:-1","max-image-preview":"max-image-preview:large","max-video-preview":"max-video-preview:-1"},"canonical":"https:\/\/www.africa-press.net\/togo\/politique\/togo-le-ministre-mijiyawa-semerveille-au-senegal","og_locale":"fr_FR","og_type":"article","og_title":"Togo \u2013 Le ministre Mijiyawa s\u2019\u00e9merveille au S\u00e9n\u00e9gal","og_description":"Le ministre togolais de la Sante\u0301, de l\u2019Hygie\u0300ne publique et de l\u2019Acce\u0300s universel aux soins, Professeur Moustafa Mij ...","og_url":"https:\/\/www.africa-press.net\/togo\/politique\/togo-le-ministre-mijiyawa-semerveille-au-senegal","og_site_name":"Togo","article_published_time":"2023-03-15T18:16:51+00:00","article_modified_time":"2023-03-15T19:46:55+00:00","og_image":[{"width":1200,"height":828,"url":"https:\/\/static.africa-press.net\/togo\/sites\/58\/2023\/03\/postQueueImg_1678891616.35.jpg","type":"image\/jpeg"}],"author":"cfeditorfr","twitter_card":"summary_large_image","twitter_misc":{"\u00c9crit par":"cfeditorfr","Dur\u00e9e de lecture estim\u00e9e":"2 minutes"},"schema":{"@context":"https:\/\/schema.org","@graph":[{"@type":"Article","@id":"https:\/\/www.africa-press.net\/togo\/politique\/togo-le-ministre-mijiyawa-semerveille-au-senegal#article","isPartOf":{"@id":"https:\/\/www.africa-press.net\/togo\/politique\/togo-le-ministre-mijiyawa-semerveille-au-senegal"},"author":{"name":"cfeditorfr","@id":"https:\/\/www.africa-press.net\/togo\/#\/schema\/person\/2b1cf3cd81a31e3cd26889ca66d677f1"},"headline":"Togo \u2013 Le ministre Mijiyawa s\u2019\u00e9merveille au S\u00e9n\u00e9gal","datePublished":"2023-03-15T18:16:51+00:00","dateModified":"2023-03-15T19:46:55+00:00","mainEntityOfPage":{"@id":"https:\/\/www.africa-press.net\/togo\/politique\/togo-le-ministre-mijiyawa-semerveille-au-senegal"},"wordCount":325,"commentCount":0,"image":{"@id":"https:\/\/www.africa-press.net\/togo\/politique\/togo-le-ministre-mijiyawa-semerveille-au-senegal#primaryimage"},"thumbnailUrl":"https:\/\/static.africa-press.net\/togo\/sites\/58\/2023\/03\/postQueueImg_1678891616.35.jpg","keywords":["Africa Press","Africa Press-Togo","Togo"],"articleSection":["Politique","Toutes les actualit\u00e9s"],"inLanguage":"fr-FR","potentialAction":[{"@type":"CommentAction","name":"Comment","target":["https:\/\/www.africa-press.net\/togo\/politique\/togo-le-ministre-mijiyawa-semerveille-au-senegal#respond"]}]},{"@type":"WebPage","@id":"https:\/\/www.africa-press.net\/togo\/politique\/togo-le-ministre-mijiyawa-semerveille-au-senegal","url":"https:\/\/www.africa-press.net\/togo\/politique\/togo-le-ministre-mijiyawa-semerveille-au-senegal","name":"Togo \u2013 Le ministre Mijiyawa s\u2019\u00e9merveille au S\u00e9n\u00e9gal - Togo","isPartOf":{"@id":"https:\/\/www.africa-press.net\/togo\/#website"},"primaryImageOfPage":{"@id":"https:\/\/www.africa-press.net\/togo\/politique\/togo-le-ministre-mijiyawa-semerveille-au-senegal#primaryimage"},"image":{"@id":"https:\/\/www.africa-press.net\/togo\/politique\/togo-le-ministre-mijiyawa-semerveille-au-senegal#primaryimage"},"thumbnailUrl":"https:\/\/static.africa-press.net\/togo\/sites\/58\/2023\/03\/postQueueImg_1678891616.35.jpg","datePublished":"2023-03-15T18:16:51+00:00","dateModified":"2023-03-15T19:46:55+00:00","author":{"@id":"https:\/\/www.africa-press.net\/togo\/#\/schema\/person\/2b1cf3cd81a31e3cd26889ca66d677f1"},"description":"Le ministre togolais de la Sante\u0301, de l\u2019Hygie\u0300ne publique et de l\u2019Acce\u0300s universel aux soins, Professeur Moustafa Mij ...","breadcrumb":{"@id":"https:\/\/www.africa-press.net\/togo\/politique\/togo-le-ministre-mijiyawa-semerveille-au-senegal#breadcrumb"},"inLanguage":"fr-FR","potentialAction":[{"@type":"ReadAction","target":["https:\/\/www.africa-press.net\/togo\/politique\/togo-le-ministre-mijiyawa-semerveille-au-senegal"]}]},{"@type":"ImageObject","inLanguage":"fr-FR","@id":"https:\/\/www.africa-press.net\/togo\/politique\/togo-le-ministre-mijiyawa-semerveille-au-senegal#primaryimage","url":"https:\/\/static.africa-press.net\/togo\/sites\/58\/2023\/03\/postQueueImg_1678891616.35.jpg","contentUrl":"https:\/\/static.africa-press.net\/togo\/sites\/58\/2023\/03\/postQueueImg_1678891616.35.jpg","width":1200,"height":828,"caption":"Togo \u2013 Le ministre Mijiyawa s\u2019\u00e9merveille au S\u00e9n\u00e9gal"},{"@type":"BreadcrumbList","@id":"https:\/\/www.africa-press.net\/togo\/politique\/togo-le-ministre-mijiyawa-semerveille-au-senegal#breadcrumb","itemListElement":[{"@type":"ListItem","position":1,"name":"Accueil","item":"https:\/\/www.africa-press.net\/togo\/"},{"@type":"ListItem","position":2,"name":"Togo \u2013 Le ministre Mijiyawa s\u2019\u00e9merveille au S\u00e9n\u00e9gal"}]},{"@type":"WebSite","@id":"https:\/\/www.africa-press.net\/togo\/#website","url":"https:\/\/www.africa-press.net\/togo\/","name":"Togo","description":"Just another Africa News Agency Sites site","potentialAction":[{"@type":"SearchAction","target":{"@type":"EntryPoint","urlTemplate":"https:\/\/www.africa-press.net\/togo\/?s={search_term_string}"},"query-input":{"@type":"PropertyValueSpecification","valueRequired":true,"valueName":"search_term_string"}}],"inLanguage":"fr-FR"},{"@type":"Person","@id":"https:\/\/www.africa-press.net\/togo\/#\/schema\/person\/2b1cf3cd81a31e3cd26889ca66d677f1","name":"cfeditorfr"}]}},"_links":{"self":[{"href":"https:\/\/www.africa-press.net\/togo\/wp-json\/wp\/v2\/posts\/18578","targetHints":{"allow":["GET"]}}],"collection":[{"href":"https:\/\/www.africa-press.net\/togo\/wp-json\/wp\/v2\/posts"}],"about":[{"href":"https:\/\/www.africa-press.net\/togo\/wp-json\/wp\/v2\/types\/post"}],"author":[{"embeddable":true,"href":"https:\/\/www.africa-press.net\/togo\/wp-json\/wp\/v2\/users\/82"}],"replies":[{"embeddable":true,"href":"https:\/\/www.africa-press.net\/togo\/wp-json\/wp\/v2\/comments?post=18578"}],"version-history":[{"count":0,"href":"https:\/\/www.africa-press.net\/togo\/wp-json\/wp\/v2\/posts\/18578\/revisions"}],"wp:featuredmedia":[{"embeddable":true,"href":"https:\/\/www.africa-press.net\/togo\/wp-json\/wp\/v2\/media\/18576"}],"wp:attachment":[{"href":"https:\/\/www.africa-press.net\/togo\/wp-json\/wp\/v2\/media?parent=18578"}],"wp:term":[{"taxonomy":"category","embeddable":true,"href":"https:\/\/www.africa-press.net\/togo\/wp-json\/wp\/v2\/categories?post=18578"},{"taxonomy":"post_tag","embeddable":true,"href":"https:\/\/www.africa-press.net\/togo\/wp-json\/wp\/v2\/tags?post=18578"}],"curies":[{"name":"wp","href":"https:\/\/api.w.org\/{rel}","templated":true}]}}