{"id":18981,"date":"2023-03-26T12:06:40","date_gmt":"2023-03-26T12:06:40","guid":{"rendered":"https:\/\/www.africa-press.net\/togo\/politique\/togo-devrait-on-exorciser-le-nid-des-eperviers"},"modified":"2023-03-26T12:13:06","modified_gmt":"2023-03-26T12:13:06","slug":"togo-devrait-on-exorciser-le-nid-des-eperviers","status":"publish","type":"post","link":"https:\/\/www.africa-press.net\/togo\/sports\/togo-devrait-on-exorciser-le-nid-des-eperviers","title":{"rendered":"Togo \u2013 Devrait-on exorciser le nid des \u00e9perviers ?"},"content":{"rendered":"<p><span style=\"color: #ff6600\"><strong>Africa-Press &#8211; Togo. <\/strong><\/span><b>L\u2019enchainement des revers de l\u2019e\u0301quipe nationale de football du Togo devient tellement alarmant que le se\u0301lectionneur lui-me\u0302me n\u2019y comprend plus rien. Cela fait dire a\u0300 quelques fanatiques de cette e\u0301quipe que l\u2019origine de ces de\u0301faites re\u0301pe\u0301titives serait force\u0301ment spirituelle.<\/b><\/p>\n<p>Si l\u2019on s\u2019en tient aux de\u0301clarations de Paulo Duarte apre\u0300s la de\u0301faite des e\u0301perviers du Togo face aux e\u0301talons du Burkina Faso, il y a quelque chose de me\u0301taphysique qui se passe dans son e\u0301quipe. \u00ab Franchement, chaque jour qui passe, je sens que je ne comprends rien, c\u2019est un peu bizarre \u00bb, a affirme\u0301 le se\u0301lectionneur du Togo.<\/p>\n<p>Et il est fort possible que si les compe\u0301tences techniques du portugais se re\u0301ve\u0300lent insuffisantes face au cas des e\u0301perviers du Togo, c\u2019est probablement que le proble\u0300me de\u0301passe les frontie\u0300res du \u00ab raisonnable \u00bb. Cette e\u0301nie\u0300me de\u0301faite a fait ressurgir les de\u0301clarations d\u2019un certain Bode\u0301 Moustafa dit \u00ab tombeau \u00bb sur une chaine de radio locale en avril 2022. Rec\u0327u dans l\u2019e\u0301mission \u00ab Dans le nid des e\u0301perviers \u00bb, celui-ci a affirme\u0301 : <b>\u00ab je suis parti en Coupe du Monde avec ze\u0301ro franc et je suis revenu avec ze\u0301ro franc. Pendant que les joueurs prennent 50 Millions, nous, les membres du staff, on devrait prendre la moitie\u0301, soit 25 millions<\/b> \u00bb avant de conclure \u00ab <b>Je vous jure, si je ne trouve pas mes 25 millions, je n\u2019aide plus la se\u0301lection. Si les E\u0301perviers ont match, et si je prends de l\u2019eau, je reste a\u0300 ma devanture, je parle et je la verse, les E\u0301perviers peuvent tout faire&#8230; Parce qu\u2019on m\u2019a trop triche\u0301. J\u2019ai souffert beaucoup pour la se\u0301lection<\/b> \u00bb.<\/p>\n<p>Il y aurait donc un mauvais sort qui poursuivrait les e\u0301perviers du Togo, un sort male\u0301fique d\u2019une valeur de 25 millions de francs CFA. Par conse\u0301quent, ne faudrait-il pas que la Fe\u0301de\u0301ration Togolaise de Football (FTF) pense a\u0300 de\u0301sinte\u0301resser le sieur Bode\u0301 Moustafa dit \u00ab tombeau \u00bb pour que ce dernier fasse la libation cense\u0301e faire renouer le nid des e\u0301perviers aux victoires ?<\/p>\n<p><strong>Pour plus d&rsquo;informations et d&rsquo;analyses sur la <a href=\"https:\/\/www.africa-press.net\/togo\">Togo<\/a>, suivez <a href=\"https:\/\/www.africa-press.net\/\">Africa-Press<\/a><\/strong><\/p>\n","protected":false},"excerpt":{"rendered":"<p>Africa-Press &#8211; Togo. L\u2019enchainement des revers de l\u2019e\u0301quipe nationale de football du Togo devient tellement alarmant que le se\u0301lectionneur lui-me\u0302me n\u2019y comprend plus rien. Cela fait dire a\u0300 quelques fanatiques de cette e\u0301quipe que l\u2019origine de ces de\u0301faites re\u0301pe\u0301titives serait force\u0301ment spirituelle. Si l\u2019on s\u2019en tient aux de\u0301clarations de Paulo Duarte apre\u0300s la de\u0301faite des [&hellip;]<\/p>\n","protected":false},"author":82,"featured_media":18979,"comment_status":"open","ping_status":"closed","sticky":false,"template":"","format":"standard","meta":{"footnotes":""},"categories":[6,10],"tags":[36,49,50],"class_list":["post-18981","post","type-post","status-publish","format-standard","has-post-thumbnail","hentry","category-sports","category-toutes-les-actualites","tag-africa-press","tag-africa-press-togo","tag-togo"],"yoast_head":"<!-- This site is optimized with the Yoast SEO Premium plugin v26.1 (Yoast SEO v27.0) - https:\/\/yoast.com\/product\/yoast-seo-premium-wordpress\/ -->\n<title>Togo \u2013 Devrait-on exorciser le nid des \u00e9perviers ? - Togo<\/title>\n<meta name=\"description\" content=\"L\u2019enchainement des revers de l\u2019e\u0301quipe nationale de football du Togo devient tellement alarmant que le se\u0301lectionneur ...\" \/>\n<meta name=\"robots\" content=\"index, follow, max-snippet:-1, max-image-preview:large, max-video-preview:-1\" \/>\n<link rel=\"canonical\" href=\"https:\/\/www.africa-press.net\/togo\/sports\/togo-devrait-on-exorciser-le-nid-des-eperviers\" \/>\n<meta property=\"og:locale\" content=\"fr_FR\" \/>\n<meta property=\"og:type\" content=\"article\" \/>\n<meta property=\"og:title\" content=\"Togo \u2013 Devrait-on exorciser le nid des \u00e9perviers ?\" \/>\n<meta property=\"og:description\" content=\"L\u2019enchainement des revers de l\u2019e\u0301quipe nationale de football du Togo devient tellement alarmant que le se\u0301lectionneur ...\" \/>\n<meta property=\"og:url\" content=\"https:\/\/www.africa-press.net\/togo\/sports\/togo-devrait-on-exorciser-le-nid-des-eperviers\" \/>\n<meta property=\"og:site_name\" content=\"Togo\" \/>\n<meta property=\"article:published_time\" content=\"2023-03-26T12:06:40+00:00\" \/>\n<meta property=\"article:modified_time\" content=\"2023-03-26T12:13:06+00:00\" \/>\n<meta property=\"og:image\" content=\"https:\/\/static.africa-press.net\/togo\/sites\/58\/2023\/03\/postQueueImg_1679819805.10.jpg\" \/>\n\t<meta property=\"og:image:width\" content=\"1200\" \/>\n\t<meta property=\"og:image:height\" content=\"800\" \/>\n\t<meta property=\"og:image:type\" content=\"image\/jpeg\" \/>\n<meta name=\"author\" content=\"cfeditorfr\" \/>\n<meta name=\"twitter:card\" content=\"summary_large_image\" \/>\n<meta name=\"twitter:label1\" content=\"\u00c9crit par\" \/>\n\t<meta name=\"twitter:data1\" content=\"cfeditorfr\" \/>\n\t<meta name=\"twitter:label2\" content=\"Dur\u00e9e de lecture estim\u00e9e\" \/>\n\t<meta name=\"twitter:data2\" content=\"2 minutes\" \/>\n<script type=\"application\/ld+json\" class=\"yoast-schema-graph\">{\"@context\":\"https:\/\/schema.org\",\"@graph\":[{\"@type\":\"Article\",\"@id\":\"https:\/\/www.africa-press.net\/togo\/sports\/togo-devrait-on-exorciser-le-nid-des-eperviers#article\",\"isPartOf\":{\"@id\":\"https:\/\/www.africa-press.net\/togo\/sports\/togo-devrait-on-exorciser-le-nid-des-eperviers\"},\"author\":{\"name\":\"cfeditorfr\",\"@id\":\"https:\/\/www.africa-press.net\/togo\/#\/schema\/person\/2b1cf3cd81a31e3cd26889ca66d677f1\"},\"headline\":\"Togo \u2013 Devrait-on exorciser le nid des \u00e9perviers ?\",\"datePublished\":\"2023-03-26T12:06:40+00:00\",\"dateModified\":\"2023-03-26T12:13:06+00:00\",\"mainEntityOfPage\":{\"@id\":\"https:\/\/www.africa-press.net\/togo\/sports\/togo-devrait-on-exorciser-le-nid-des-eperviers\"},\"wordCount\":395,\"commentCount\":0,\"image\":{\"@id\":\"https:\/\/www.africa-press.net\/togo\/sports\/togo-devrait-on-exorciser-le-nid-des-eperviers#primaryimage\"},\"thumbnailUrl\":\"https:\/\/static.africa-press.net\/togo\/sites\/58\/2023\/03\/postQueueImg_1679819805.10.jpg\",\"keywords\":[\"Africa Press\",\"Africa Press-Togo\",\"Togo\"],\"articleSection\":[\"Sports\",\"Toutes les actualit\u00e9s\"],\"inLanguage\":\"fr-FR\",\"potentialAction\":[{\"@type\":\"CommentAction\",\"name\":\"Comment\",\"target\":[\"https:\/\/www.africa-press.net\/togo\/sports\/togo-devrait-on-exorciser-le-nid-des-eperviers#respond\"]}]},{\"@type\":\"WebPage\",\"@id\":\"https:\/\/www.africa-press.net\/togo\/sports\/togo-devrait-on-exorciser-le-nid-des-eperviers\",\"url\":\"https:\/\/www.africa-press.net\/togo\/sports\/togo-devrait-on-exorciser-le-nid-des-eperviers\",\"name\":\"Togo \u2013 Devrait-on exorciser le nid des \u00e9perviers ? - Togo\",\"isPartOf\":{\"@id\":\"https:\/\/www.africa-press.net\/togo\/#website\"},\"primaryImageOfPage\":{\"@id\":\"https:\/\/www.africa-press.net\/togo\/sports\/togo-devrait-on-exorciser-le-nid-des-eperviers#primaryimage\"},\"image\":{\"@id\":\"https:\/\/www.africa-press.net\/togo\/sports\/togo-devrait-on-exorciser-le-nid-des-eperviers#primaryimage\"},\"thumbnailUrl\":\"https:\/\/static.africa-press.net\/togo\/sites\/58\/2023\/03\/postQueueImg_1679819805.10.jpg\",\"datePublished\":\"2023-03-26T12:06:40+00:00\",\"dateModified\":\"2023-03-26T12:13:06+00:00\",\"author\":{\"@id\":\"https:\/\/www.africa-press.net\/togo\/#\/schema\/person\/2b1cf3cd81a31e3cd26889ca66d677f1\"},\"description\":\"L\u2019enchainement des revers de l\u2019e\u0301quipe nationale de football du Togo devient tellement alarmant que le se\u0301lectionneur ...\",\"breadcrumb\":{\"@id\":\"https:\/\/www.africa-press.net\/togo\/sports\/togo-devrait-on-exorciser-le-nid-des-eperviers#breadcrumb\"},\"inLanguage\":\"fr-FR\",\"potentialAction\":[{\"@type\":\"ReadAction\",\"target\":[\"https:\/\/www.africa-press.net\/togo\/sports\/togo-devrait-on-exorciser-le-nid-des-eperviers\"]}]},{\"@type\":\"ImageObject\",\"inLanguage\":\"fr-FR\",\"@id\":\"https:\/\/www.africa-press.net\/togo\/sports\/togo-devrait-on-exorciser-le-nid-des-eperviers#primaryimage\",\"url\":\"https:\/\/static.africa-press.net\/togo\/sites\/58\/2023\/03\/postQueueImg_1679819805.10.jpg\",\"contentUrl\":\"https:\/\/static.africa-press.net\/togo\/sites\/58\/2023\/03\/postQueueImg_1679819805.10.jpg\",\"width\":1200,\"height\":800,\"caption\":\"Togo \u2013 Devrait-on exorciser le nid des \u00e9perviers ?\"},{\"@type\":\"BreadcrumbList\",\"@id\":\"https:\/\/www.africa-press.net\/togo\/sports\/togo-devrait-on-exorciser-le-nid-des-eperviers#breadcrumb\",\"itemListElement\":[{\"@type\":\"ListItem\",\"position\":1,\"name\":\"Accueil\",\"item\":\"https:\/\/www.africa-press.net\/togo\/\"},{\"@type\":\"ListItem\",\"position\":2,\"name\":\"Togo \u2013 Devrait-on exorciser le nid des \u00e9perviers ?\"}]},{\"@type\":\"WebSite\",\"@id\":\"https:\/\/www.africa-press.net\/togo\/#website\",\"url\":\"https:\/\/www.africa-press.net\/togo\/\",\"name\":\"Togo\",\"description\":\"Just another Africa News Agency Sites site\",\"potentialAction\":[{\"@type\":\"SearchAction\",\"target\":{\"@type\":\"EntryPoint\",\"urlTemplate\":\"https:\/\/www.africa-press.net\/togo\/?s={search_term_string}\"},\"query-input\":{\"@type\":\"PropertyValueSpecification\",\"valueRequired\":true,\"valueName\":\"search_term_string\"}}],\"inLanguage\":\"fr-FR\"},{\"@type\":\"Person\",\"@id\":\"https:\/\/www.africa-press.net\/togo\/#\/schema\/person\/2b1cf3cd81a31e3cd26889ca66d677f1\",\"name\":\"cfeditorfr\"}]}<\/script>\n<!-- \/ Yoast SEO Premium plugin. -->","yoast_head_json":{"title":"Togo \u2013 Devrait-on exorciser le nid des \u00e9perviers ? - Togo","description":"L\u2019enchainement des revers de l\u2019e\u0301quipe nationale de football du Togo devient tellement alarmant que le se\u0301lectionneur ...","robots":{"index":"index","follow":"follow","max-snippet":"max-snippet:-1","max-image-preview":"max-image-preview:large","max-video-preview":"max-video-preview:-1"},"canonical":"https:\/\/www.africa-press.net\/togo\/sports\/togo-devrait-on-exorciser-le-nid-des-eperviers","og_locale":"fr_FR","og_type":"article","og_title":"Togo \u2013 Devrait-on exorciser le nid des \u00e9perviers ?","og_description":"L\u2019enchainement des revers de l\u2019e\u0301quipe nationale de football du Togo devient tellement alarmant que le se\u0301lectionneur ...","og_url":"https:\/\/www.africa-press.net\/togo\/sports\/togo-devrait-on-exorciser-le-nid-des-eperviers","og_site_name":"Togo","article_published_time":"2023-03-26T12:06:40+00:00","article_modified_time":"2023-03-26T12:13:06+00:00","og_image":[{"width":1200,"height":800,"url":"https:\/\/static.africa-press.net\/togo\/sites\/58\/2023\/03\/postQueueImg_1679819805.10.jpg","type":"image\/jpeg"}],"author":"cfeditorfr","twitter_card":"summary_large_image","twitter_misc":{"\u00c9crit par":"cfeditorfr","Dur\u00e9e de lecture estim\u00e9e":"2 minutes"},"schema":{"@context":"https:\/\/schema.org","@graph":[{"@type":"Article","@id":"https:\/\/www.africa-press.net\/togo\/sports\/togo-devrait-on-exorciser-le-nid-des-eperviers#article","isPartOf":{"@id":"https:\/\/www.africa-press.net\/togo\/sports\/togo-devrait-on-exorciser-le-nid-des-eperviers"},"author":{"name":"cfeditorfr","@id":"https:\/\/www.africa-press.net\/togo\/#\/schema\/person\/2b1cf3cd81a31e3cd26889ca66d677f1"},"headline":"Togo \u2013 Devrait-on exorciser le nid des \u00e9perviers ?","datePublished":"2023-03-26T12:06:40+00:00","dateModified":"2023-03-26T12:13:06+00:00","mainEntityOfPage":{"@id":"https:\/\/www.africa-press.net\/togo\/sports\/togo-devrait-on-exorciser-le-nid-des-eperviers"},"wordCount":395,"commentCount":0,"image":{"@id":"https:\/\/www.africa-press.net\/togo\/sports\/togo-devrait-on-exorciser-le-nid-des-eperviers#primaryimage"},"thumbnailUrl":"https:\/\/static.africa-press.net\/togo\/sites\/58\/2023\/03\/postQueueImg_1679819805.10.jpg","keywords":["Africa Press","Africa Press-Togo","Togo"],"articleSection":["Sports","Toutes les actualit\u00e9s"],"inLanguage":"fr-FR","potentialAction":[{"@type":"CommentAction","name":"Comment","target":["https:\/\/www.africa-press.net\/togo\/sports\/togo-devrait-on-exorciser-le-nid-des-eperviers#respond"]}]},{"@type":"WebPage","@id":"https:\/\/www.africa-press.net\/togo\/sports\/togo-devrait-on-exorciser-le-nid-des-eperviers","url":"https:\/\/www.africa-press.net\/togo\/sports\/togo-devrait-on-exorciser-le-nid-des-eperviers","name":"Togo \u2013 Devrait-on exorciser le nid des \u00e9perviers ? - Togo","isPartOf":{"@id":"https:\/\/www.africa-press.net\/togo\/#website"},"primaryImageOfPage":{"@id":"https:\/\/www.africa-press.net\/togo\/sports\/togo-devrait-on-exorciser-le-nid-des-eperviers#primaryimage"},"image":{"@id":"https:\/\/www.africa-press.net\/togo\/sports\/togo-devrait-on-exorciser-le-nid-des-eperviers#primaryimage"},"thumbnailUrl":"https:\/\/static.africa-press.net\/togo\/sites\/58\/2023\/03\/postQueueImg_1679819805.10.jpg","datePublished":"2023-03-26T12:06:40+00:00","dateModified":"2023-03-26T12:13:06+00:00","author":{"@id":"https:\/\/www.africa-press.net\/togo\/#\/schema\/person\/2b1cf3cd81a31e3cd26889ca66d677f1"},"description":"L\u2019enchainement des revers de l\u2019e\u0301quipe nationale de football du Togo devient tellement alarmant que le se\u0301lectionneur ...","breadcrumb":{"@id":"https:\/\/www.africa-press.net\/togo\/sports\/togo-devrait-on-exorciser-le-nid-des-eperviers#breadcrumb"},"inLanguage":"fr-FR","potentialAction":[{"@type":"ReadAction","target":["https:\/\/www.africa-press.net\/togo\/sports\/togo-devrait-on-exorciser-le-nid-des-eperviers"]}]},{"@type":"ImageObject","inLanguage":"fr-FR","@id":"https:\/\/www.africa-press.net\/togo\/sports\/togo-devrait-on-exorciser-le-nid-des-eperviers#primaryimage","url":"https:\/\/static.africa-press.net\/togo\/sites\/58\/2023\/03\/postQueueImg_1679819805.10.jpg","contentUrl":"https:\/\/static.africa-press.net\/togo\/sites\/58\/2023\/03\/postQueueImg_1679819805.10.jpg","width":1200,"height":800,"caption":"Togo \u2013 Devrait-on exorciser le nid des \u00e9perviers ?"},{"@type":"BreadcrumbList","@id":"https:\/\/www.africa-press.net\/togo\/sports\/togo-devrait-on-exorciser-le-nid-des-eperviers#breadcrumb","itemListElement":[{"@type":"ListItem","position":1,"name":"Accueil","item":"https:\/\/www.africa-press.net\/togo\/"},{"@type":"ListItem","position":2,"name":"Togo \u2013 Devrait-on exorciser le nid des \u00e9perviers ?"}]},{"@type":"WebSite","@id":"https:\/\/www.africa-press.net\/togo\/#website","url":"https:\/\/www.africa-press.net\/togo\/","name":"Togo","description":"Just another Africa News Agency Sites site","potentialAction":[{"@type":"SearchAction","target":{"@type":"EntryPoint","urlTemplate":"https:\/\/www.africa-press.net\/togo\/?s={search_term_string}"},"query-input":{"@type":"PropertyValueSpecification","valueRequired":true,"valueName":"search_term_string"}}],"inLanguage":"fr-FR"},{"@type":"Person","@id":"https:\/\/www.africa-press.net\/togo\/#\/schema\/person\/2b1cf3cd81a31e3cd26889ca66d677f1","name":"cfeditorfr"}]}},"_links":{"self":[{"href":"https:\/\/www.africa-press.net\/togo\/wp-json\/wp\/v2\/posts\/18981","targetHints":{"allow":["GET"]}}],"collection":[{"href":"https:\/\/www.africa-press.net\/togo\/wp-json\/wp\/v2\/posts"}],"about":[{"href":"https:\/\/www.africa-press.net\/togo\/wp-json\/wp\/v2\/types\/post"}],"author":[{"embeddable":true,"href":"https:\/\/www.africa-press.net\/togo\/wp-json\/wp\/v2\/users\/82"}],"replies":[{"embeddable":true,"href":"https:\/\/www.africa-press.net\/togo\/wp-json\/wp\/v2\/comments?post=18981"}],"version-history":[{"count":0,"href":"https:\/\/www.africa-press.net\/togo\/wp-json\/wp\/v2\/posts\/18981\/revisions"}],"wp:featuredmedia":[{"embeddable":true,"href":"https:\/\/www.africa-press.net\/togo\/wp-json\/wp\/v2\/media\/18979"}],"wp:attachment":[{"href":"https:\/\/www.africa-press.net\/togo\/wp-json\/wp\/v2\/media?parent=18981"}],"wp:term":[{"taxonomy":"category","embeddable":true,"href":"https:\/\/www.africa-press.net\/togo\/wp-json\/wp\/v2\/categories?post=18981"},{"taxonomy":"post_tag","embeddable":true,"href":"https:\/\/www.africa-press.net\/togo\/wp-json\/wp\/v2\/tags?post=18981"}],"curies":[{"name":"wp","href":"https:\/\/api.w.org\/{rel}","templated":true}]}}