{"id":18987,"date":"2023-03-27T12:02:33","date_gmt":"2023-03-27T12:02:33","guid":{"rendered":"https:\/\/www.africa-press.net\/togo\/politique\/togo-taekwondo-prof-robert-dussey-ceinture-noire-7e-dan"},"modified":"2023-03-27T12:36:26","modified_gmt":"2023-03-27T12:36:26","slug":"togo-taekwondo-prof-robert-dussey-ceinture-noire-7e-dan","status":"publish","type":"post","link":"https:\/\/www.africa-press.net\/togo\/politique\/togo-taekwondo-prof-robert-dussey-ceinture-noire-7e-dan","title":{"rendered":"Togo\/Taekwondo: Prof Robert Dussey, ceinture noire 7\u00e8 Dan"},"content":{"rendered":"<p><span style=\"color: #ff6600\"><strong>Africa-Press &#8211; Togo. <\/strong><\/span><b>Lors de son se\u0301jour la semaine dernie\u0300re a\u0300 Se\u0301oul en Core\u0301e du Sud, le chef de la diplomatie togolaise, Prof. Robert Dussey a visite\u0301 le centre mondial Kukkiwon ou\u0300 il a e\u0301te\u0301 de\u0301core\u0301 par le Grand Mai\u0302tre des arts martiaux, Lee Dong Sup.<\/b><\/p>\n<p>D\u2019entre\u0301e faut-il le pre\u0301ciser, Prof Robert Dussey est un amateur des arts martiaux. \u00ab Les arts martiaux ont e\u0301norme\u0301ment contribue\u0301 a\u0300 me forger \u00bb, de\u0301clarait-il.<\/p>\n<p>A la suite de sa visite au centre mondial Kukkiwon, sie\u0300ge du Taekwondo a\u0300 Se\u0301oul, le ministre togolais des Affaires e\u0301trange\u0300res a e\u0301te\u0301 impressionne\u0301 par la qualite\u0301 de l\u2019enseignement qui est donne\u0301 et la valeur que donnent les Core\u0301ens aux arts martiaux. Robert Dussey a e\u0301te\u0301 ensuite de\u0301core\u0301 et rec\u0327u le 7em degre\u0301 ceinture noire par le Grand Mai\u0302tre des arts martiaux, Lee Dong Sup.<\/p>\n<p>#korea @wkorea @NetflixKR @TheKoreaHerald pic.twitter.com\/0BHHmfpLzE<\/p>\n<p>\u00ab J\u2019ai visite\u0301 le Kukkiwon (sie\u0300ge du Taekwondo). Ce fu\u0302t un re\u0301el honneur et plaisir pour moi qui avait pratique\u0301 le taekwondo de recevoir le 7em degre\u0301 ceinture noire (honorifique) en Core\u0301e qui est le pays d\u2019originaire de cet art martial. Tous mes remerciements et respects au grand master Lee et son e\u0301quipe ainsi qu\u2019au Ministre Park Jin \u00bb, a-t-il poste\u0301.<\/p>\n<p><strong>Pour plus d&rsquo;informations et d&rsquo;analyses sur la <a href=\"https:\/\/www.africa-press.net\/togo\">Togo<\/a>, suivez <a href=\"https:\/\/www.africa-press.net\/\">Africa-Press<\/a><\/strong><\/p>\n","protected":false},"excerpt":{"rendered":"<p>Africa-Press &#8211; Togo. Lors de son se\u0301jour la semaine dernie\u0300re a\u0300 Se\u0301oul en Core\u0301e du Sud, le chef de la diplomatie togolaise, Prof. Robert Dussey a visite\u0301 le centre mondial Kukkiwon ou\u0300 il a e\u0301te\u0301 de\u0301core\u0301 par le Grand Mai\u0302tre des arts martiaux, Lee Dong Sup. D\u2019entre\u0301e faut-il le pre\u0301ciser, Prof Robert Dussey est un [&hellip;]<\/p>\n","protected":false},"author":82,"featured_media":18986,"comment_status":"open","ping_status":"closed","sticky":false,"template":"","format":"standard","meta":{"footnotes":""},"categories":[2,10],"tags":[36,49,50],"class_list":["post-18987","post","type-post","status-publish","format-standard","has-post-thumbnail","hentry","category-politique","category-toutes-les-actualites","tag-africa-press","tag-africa-press-togo","tag-togo"],"yoast_head":"<!-- This site is optimized with the Yoast SEO Premium plugin v26.1 (Yoast SEO v27.0) - https:\/\/yoast.com\/product\/yoast-seo-premium-wordpress\/ -->\n<title>Togo\/Taekwondo: Prof Robert Dussey, ceinture noire 7\u00e8 Dan - Togo<\/title>\n<meta name=\"description\" content=\"Lors de son se\u0301jour la semaine dernie\u0300re a\u0300 Se\u0301oul en Core\u0301e du Sud, le chef de la diplomatie togolaise, Prof. Robert ...\" \/>\n<meta name=\"robots\" content=\"index, follow, max-snippet:-1, max-image-preview:large, max-video-preview:-1\" \/>\n<link rel=\"canonical\" href=\"https:\/\/www.africa-press.net\/togo\/politique\/togo-taekwondo-prof-robert-dussey-ceinture-noire-7e-dan\" \/>\n<meta property=\"og:locale\" content=\"fr_FR\" \/>\n<meta property=\"og:type\" content=\"article\" \/>\n<meta property=\"og:title\" content=\"Togo\/Taekwondo: Prof Robert Dussey, ceinture noire 7\u00e8 Dan\" \/>\n<meta property=\"og:description\" content=\"Lors de son se\u0301jour la semaine dernie\u0300re a\u0300 Se\u0301oul en Core\u0301e du Sud, le chef de la diplomatie togolaise, Prof. Robert ...\" \/>\n<meta property=\"og:url\" content=\"https:\/\/www.africa-press.net\/togo\/politique\/togo-taekwondo-prof-robert-dussey-ceinture-noire-7e-dan\" \/>\n<meta property=\"og:site_name\" content=\"Togo\" \/>\n<meta property=\"article:published_time\" content=\"2023-03-27T12:02:33+00:00\" \/>\n<meta property=\"article:modified_time\" content=\"2023-03-27T12:36:26+00:00\" \/>\n<meta property=\"og:image\" content=\"https:\/\/static.africa-press.net\/togo\/sites\/58\/2023\/03\/postQueueImg_1679905965.62.jpg\" \/>\n\t<meta property=\"og:image:width\" content=\"1280\" \/>\n\t<meta property=\"og:image:height\" content=\"857\" \/>\n\t<meta property=\"og:image:type\" content=\"image\/jpeg\" \/>\n<meta name=\"author\" content=\"cfeditorfr\" \/>\n<meta name=\"twitter:card\" content=\"summary_large_image\" \/>\n<meta name=\"twitter:label1\" content=\"\u00c9crit par\" \/>\n\t<meta name=\"twitter:data1\" content=\"cfeditorfr\" \/>\n\t<meta name=\"twitter:label2\" content=\"Dur\u00e9e de lecture estim\u00e9e\" \/>\n\t<meta name=\"twitter:data2\" content=\"2 minutes\" \/>\n<script type=\"application\/ld+json\" class=\"yoast-schema-graph\">{\"@context\":\"https:\/\/schema.org\",\"@graph\":[{\"@type\":\"Article\",\"@id\":\"https:\/\/www.africa-press.net\/togo\/politique\/togo-taekwondo-prof-robert-dussey-ceinture-noire-7e-dan#article\",\"isPartOf\":{\"@id\":\"https:\/\/www.africa-press.net\/togo\/politique\/togo-taekwondo-prof-robert-dussey-ceinture-noire-7e-dan\"},\"author\":{\"name\":\"cfeditorfr\",\"@id\":\"https:\/\/www.africa-press.net\/togo\/#\/schema\/person\/2b1cf3cd81a31e3cd26889ca66d677f1\"},\"headline\":\"Togo\/Taekwondo: Prof Robert Dussey, ceinture noire 7\u00e8 Dan\",\"datePublished\":\"2023-03-27T12:02:33+00:00\",\"dateModified\":\"2023-03-27T12:36:26+00:00\",\"mainEntityOfPage\":{\"@id\":\"https:\/\/www.africa-press.net\/togo\/politique\/togo-taekwondo-prof-robert-dussey-ceinture-noire-7e-dan\"},\"wordCount\":253,\"commentCount\":0,\"image\":{\"@id\":\"https:\/\/www.africa-press.net\/togo\/politique\/togo-taekwondo-prof-robert-dussey-ceinture-noire-7e-dan#primaryimage\"},\"thumbnailUrl\":\"https:\/\/static.africa-press.net\/togo\/sites\/58\/2023\/03\/postQueueImg_1679905965.62.jpg\",\"keywords\":[\"Africa Press\",\"Africa Press-Togo\",\"Togo\"],\"articleSection\":[\"Politique\",\"Toutes les actualit\u00e9s\"],\"inLanguage\":\"fr-FR\",\"potentialAction\":[{\"@type\":\"CommentAction\",\"name\":\"Comment\",\"target\":[\"https:\/\/www.africa-press.net\/togo\/politique\/togo-taekwondo-prof-robert-dussey-ceinture-noire-7e-dan#respond\"]}]},{\"@type\":\"WebPage\",\"@id\":\"https:\/\/www.africa-press.net\/togo\/politique\/togo-taekwondo-prof-robert-dussey-ceinture-noire-7e-dan\",\"url\":\"https:\/\/www.africa-press.net\/togo\/politique\/togo-taekwondo-prof-robert-dussey-ceinture-noire-7e-dan\",\"name\":\"Togo\/Taekwondo: Prof Robert Dussey, ceinture noire 7\u00e8 Dan - Togo\",\"isPartOf\":{\"@id\":\"https:\/\/www.africa-press.net\/togo\/#website\"},\"primaryImageOfPage\":{\"@id\":\"https:\/\/www.africa-press.net\/togo\/politique\/togo-taekwondo-prof-robert-dussey-ceinture-noire-7e-dan#primaryimage\"},\"image\":{\"@id\":\"https:\/\/www.africa-press.net\/togo\/politique\/togo-taekwondo-prof-robert-dussey-ceinture-noire-7e-dan#primaryimage\"},\"thumbnailUrl\":\"https:\/\/static.africa-press.net\/togo\/sites\/58\/2023\/03\/postQueueImg_1679905965.62.jpg\",\"datePublished\":\"2023-03-27T12:02:33+00:00\",\"dateModified\":\"2023-03-27T12:36:26+00:00\",\"author\":{\"@id\":\"https:\/\/www.africa-press.net\/togo\/#\/schema\/person\/2b1cf3cd81a31e3cd26889ca66d677f1\"},\"description\":\"Lors de son se\u0301jour la semaine dernie\u0300re a\u0300 Se\u0301oul en Core\u0301e du Sud, le chef de la diplomatie togolaise, Prof. Robert ...\",\"breadcrumb\":{\"@id\":\"https:\/\/www.africa-press.net\/togo\/politique\/togo-taekwondo-prof-robert-dussey-ceinture-noire-7e-dan#breadcrumb\"},\"inLanguage\":\"fr-FR\",\"potentialAction\":[{\"@type\":\"ReadAction\",\"target\":[\"https:\/\/www.africa-press.net\/togo\/politique\/togo-taekwondo-prof-robert-dussey-ceinture-noire-7e-dan\"]}]},{\"@type\":\"ImageObject\",\"inLanguage\":\"fr-FR\",\"@id\":\"https:\/\/www.africa-press.net\/togo\/politique\/togo-taekwondo-prof-robert-dussey-ceinture-noire-7e-dan#primaryimage\",\"url\":\"https:\/\/static.africa-press.net\/togo\/sites\/58\/2023\/03\/postQueueImg_1679905965.62.jpg\",\"contentUrl\":\"https:\/\/static.africa-press.net\/togo\/sites\/58\/2023\/03\/postQueueImg_1679905965.62.jpg\",\"width\":1280,\"height\":857,\"caption\":\"Togo\/Taekwondo: Prof Robert Dussey, ceinture noire 7\u00e8 Dan\"},{\"@type\":\"BreadcrumbList\",\"@id\":\"https:\/\/www.africa-press.net\/togo\/politique\/togo-taekwondo-prof-robert-dussey-ceinture-noire-7e-dan#breadcrumb\",\"itemListElement\":[{\"@type\":\"ListItem\",\"position\":1,\"name\":\"Accueil\",\"item\":\"https:\/\/www.africa-press.net\/togo\/\"},{\"@type\":\"ListItem\",\"position\":2,\"name\":\"Togo\/Taekwondo: Prof Robert Dussey, ceinture noire 7\u00e8 Dan\"}]},{\"@type\":\"WebSite\",\"@id\":\"https:\/\/www.africa-press.net\/togo\/#website\",\"url\":\"https:\/\/www.africa-press.net\/togo\/\",\"name\":\"Togo\",\"description\":\"Just another Africa News Agency Sites site\",\"potentialAction\":[{\"@type\":\"SearchAction\",\"target\":{\"@type\":\"EntryPoint\",\"urlTemplate\":\"https:\/\/www.africa-press.net\/togo\/?s={search_term_string}\"},\"query-input\":{\"@type\":\"PropertyValueSpecification\",\"valueRequired\":true,\"valueName\":\"search_term_string\"}}],\"inLanguage\":\"fr-FR\"},{\"@type\":\"Person\",\"@id\":\"https:\/\/www.africa-press.net\/togo\/#\/schema\/person\/2b1cf3cd81a31e3cd26889ca66d677f1\",\"name\":\"cfeditorfr\"}]}<\/script>\n<!-- \/ Yoast SEO Premium plugin. -->","yoast_head_json":{"title":"Togo\/Taekwondo: Prof Robert Dussey, ceinture noire 7\u00e8 Dan - Togo","description":"Lors de son se\u0301jour la semaine dernie\u0300re a\u0300 Se\u0301oul en Core\u0301e du Sud, le chef de la diplomatie togolaise, Prof. Robert ...","robots":{"index":"index","follow":"follow","max-snippet":"max-snippet:-1","max-image-preview":"max-image-preview:large","max-video-preview":"max-video-preview:-1"},"canonical":"https:\/\/www.africa-press.net\/togo\/politique\/togo-taekwondo-prof-robert-dussey-ceinture-noire-7e-dan","og_locale":"fr_FR","og_type":"article","og_title":"Togo\/Taekwondo: Prof Robert Dussey, ceinture noire 7\u00e8 Dan","og_description":"Lors de son se\u0301jour la semaine dernie\u0300re a\u0300 Se\u0301oul en Core\u0301e du Sud, le chef de la diplomatie togolaise, Prof. Robert ...","og_url":"https:\/\/www.africa-press.net\/togo\/politique\/togo-taekwondo-prof-robert-dussey-ceinture-noire-7e-dan","og_site_name":"Togo","article_published_time":"2023-03-27T12:02:33+00:00","article_modified_time":"2023-03-27T12:36:26+00:00","og_image":[{"width":1280,"height":857,"url":"https:\/\/static.africa-press.net\/togo\/sites\/58\/2023\/03\/postQueueImg_1679905965.62.jpg","type":"image\/jpeg"}],"author":"cfeditorfr","twitter_card":"summary_large_image","twitter_misc":{"\u00c9crit par":"cfeditorfr","Dur\u00e9e de lecture estim\u00e9e":"2 minutes"},"schema":{"@context":"https:\/\/schema.org","@graph":[{"@type":"Article","@id":"https:\/\/www.africa-press.net\/togo\/politique\/togo-taekwondo-prof-robert-dussey-ceinture-noire-7e-dan#article","isPartOf":{"@id":"https:\/\/www.africa-press.net\/togo\/politique\/togo-taekwondo-prof-robert-dussey-ceinture-noire-7e-dan"},"author":{"name":"cfeditorfr","@id":"https:\/\/www.africa-press.net\/togo\/#\/schema\/person\/2b1cf3cd81a31e3cd26889ca66d677f1"},"headline":"Togo\/Taekwondo: Prof Robert Dussey, ceinture noire 7\u00e8 Dan","datePublished":"2023-03-27T12:02:33+00:00","dateModified":"2023-03-27T12:36:26+00:00","mainEntityOfPage":{"@id":"https:\/\/www.africa-press.net\/togo\/politique\/togo-taekwondo-prof-robert-dussey-ceinture-noire-7e-dan"},"wordCount":253,"commentCount":0,"image":{"@id":"https:\/\/www.africa-press.net\/togo\/politique\/togo-taekwondo-prof-robert-dussey-ceinture-noire-7e-dan#primaryimage"},"thumbnailUrl":"https:\/\/static.africa-press.net\/togo\/sites\/58\/2023\/03\/postQueueImg_1679905965.62.jpg","keywords":["Africa Press","Africa Press-Togo","Togo"],"articleSection":["Politique","Toutes les actualit\u00e9s"],"inLanguage":"fr-FR","potentialAction":[{"@type":"CommentAction","name":"Comment","target":["https:\/\/www.africa-press.net\/togo\/politique\/togo-taekwondo-prof-robert-dussey-ceinture-noire-7e-dan#respond"]}]},{"@type":"WebPage","@id":"https:\/\/www.africa-press.net\/togo\/politique\/togo-taekwondo-prof-robert-dussey-ceinture-noire-7e-dan","url":"https:\/\/www.africa-press.net\/togo\/politique\/togo-taekwondo-prof-robert-dussey-ceinture-noire-7e-dan","name":"Togo\/Taekwondo: Prof Robert Dussey, ceinture noire 7\u00e8 Dan - Togo","isPartOf":{"@id":"https:\/\/www.africa-press.net\/togo\/#website"},"primaryImageOfPage":{"@id":"https:\/\/www.africa-press.net\/togo\/politique\/togo-taekwondo-prof-robert-dussey-ceinture-noire-7e-dan#primaryimage"},"image":{"@id":"https:\/\/www.africa-press.net\/togo\/politique\/togo-taekwondo-prof-robert-dussey-ceinture-noire-7e-dan#primaryimage"},"thumbnailUrl":"https:\/\/static.africa-press.net\/togo\/sites\/58\/2023\/03\/postQueueImg_1679905965.62.jpg","datePublished":"2023-03-27T12:02:33+00:00","dateModified":"2023-03-27T12:36:26+00:00","author":{"@id":"https:\/\/www.africa-press.net\/togo\/#\/schema\/person\/2b1cf3cd81a31e3cd26889ca66d677f1"},"description":"Lors de son se\u0301jour la semaine dernie\u0300re a\u0300 Se\u0301oul en Core\u0301e du Sud, le chef de la diplomatie togolaise, Prof. Robert ...","breadcrumb":{"@id":"https:\/\/www.africa-press.net\/togo\/politique\/togo-taekwondo-prof-robert-dussey-ceinture-noire-7e-dan#breadcrumb"},"inLanguage":"fr-FR","potentialAction":[{"@type":"ReadAction","target":["https:\/\/www.africa-press.net\/togo\/politique\/togo-taekwondo-prof-robert-dussey-ceinture-noire-7e-dan"]}]},{"@type":"ImageObject","inLanguage":"fr-FR","@id":"https:\/\/www.africa-press.net\/togo\/politique\/togo-taekwondo-prof-robert-dussey-ceinture-noire-7e-dan#primaryimage","url":"https:\/\/static.africa-press.net\/togo\/sites\/58\/2023\/03\/postQueueImg_1679905965.62.jpg","contentUrl":"https:\/\/static.africa-press.net\/togo\/sites\/58\/2023\/03\/postQueueImg_1679905965.62.jpg","width":1280,"height":857,"caption":"Togo\/Taekwondo: Prof Robert Dussey, ceinture noire 7\u00e8 Dan"},{"@type":"BreadcrumbList","@id":"https:\/\/www.africa-press.net\/togo\/politique\/togo-taekwondo-prof-robert-dussey-ceinture-noire-7e-dan#breadcrumb","itemListElement":[{"@type":"ListItem","position":1,"name":"Accueil","item":"https:\/\/www.africa-press.net\/togo\/"},{"@type":"ListItem","position":2,"name":"Togo\/Taekwondo: Prof Robert Dussey, ceinture noire 7\u00e8 Dan"}]},{"@type":"WebSite","@id":"https:\/\/www.africa-press.net\/togo\/#website","url":"https:\/\/www.africa-press.net\/togo\/","name":"Togo","description":"Just another Africa News Agency Sites site","potentialAction":[{"@type":"SearchAction","target":{"@type":"EntryPoint","urlTemplate":"https:\/\/www.africa-press.net\/togo\/?s={search_term_string}"},"query-input":{"@type":"PropertyValueSpecification","valueRequired":true,"valueName":"search_term_string"}}],"inLanguage":"fr-FR"},{"@type":"Person","@id":"https:\/\/www.africa-press.net\/togo\/#\/schema\/person\/2b1cf3cd81a31e3cd26889ca66d677f1","name":"cfeditorfr"}]}},"_links":{"self":[{"href":"https:\/\/www.africa-press.net\/togo\/wp-json\/wp\/v2\/posts\/18987","targetHints":{"allow":["GET"]}}],"collection":[{"href":"https:\/\/www.africa-press.net\/togo\/wp-json\/wp\/v2\/posts"}],"about":[{"href":"https:\/\/www.africa-press.net\/togo\/wp-json\/wp\/v2\/types\/post"}],"author":[{"embeddable":true,"href":"https:\/\/www.africa-press.net\/togo\/wp-json\/wp\/v2\/users\/82"}],"replies":[{"embeddable":true,"href":"https:\/\/www.africa-press.net\/togo\/wp-json\/wp\/v2\/comments?post=18987"}],"version-history":[{"count":0,"href":"https:\/\/www.africa-press.net\/togo\/wp-json\/wp\/v2\/posts\/18987\/revisions"}],"wp:featuredmedia":[{"embeddable":true,"href":"https:\/\/www.africa-press.net\/togo\/wp-json\/wp\/v2\/media\/18986"}],"wp:attachment":[{"href":"https:\/\/www.africa-press.net\/togo\/wp-json\/wp\/v2\/media?parent=18987"}],"wp:term":[{"taxonomy":"category","embeddable":true,"href":"https:\/\/www.africa-press.net\/togo\/wp-json\/wp\/v2\/categories?post=18987"},{"taxonomy":"post_tag","embeddable":true,"href":"https:\/\/www.africa-press.net\/togo\/wp-json\/wp\/v2\/tags?post=18987"}],"curies":[{"name":"wp","href":"https:\/\/api.w.org\/{rel}","templated":true}]}}