{"id":18993,"date":"2023-03-27T20:02:57","date_gmt":"2023-03-27T20:02:57","guid":{"rendered":"https:\/\/www.africa-press.net\/togo\/politique\/togo-subitement-faure-gnassingbe-revient-aux-populations"},"modified":"2023-03-27T20:37:39","modified_gmt":"2023-03-27T20:37:39","slug":"togo-subitement-faure-gnassingbe-revient-aux-populations","status":"publish","type":"post","link":"https:\/\/www.africa-press.net\/togo\/politique\/togo-subitement-faure-gnassingbe-revient-aux-populations","title":{"rendered":"Togo\u2013Subitement, Faure Gnassingb\u00e9 revient aux populations"},"content":{"rendered":"<p><span style=\"color: #ff6600\"><strong>Africa-Press &#8211; Togo. <\/strong><\/span><b>Se\u0301minaires gouvernementaux et fora meublent l\u2019agenda national de\u0301sormais tre\u0300s charge\u0301 du Chef de l\u2019Etat togolais. Apre\u0300s les FoPAT (Forum des Producteurs Agricoles du Togo) qui ont e\u0301te\u0301 l\u2019occasion pour ce dernier de faire des parades devant les populations, cette fois-ci c\u2019est un se\u0301minaire gouvernemental tenu a\u0300 Kpalime\u0301 ce week-end qui a permis a\u0300 Faure Gnassingbe\u0301 de s\u2019offrir un bain de foule comme en pe\u0301riode de campagne.<\/b><\/p>\n<p>Le Chef de l\u2019Etat togolais est arrive\u0301 dans la ville de Kpalime\u0301 ce 24 Mars 2023 dans le cadre du premier se\u0301minaire gouvernemental de l\u2019anne\u0301e 2023, re\u0301unissant les membres de l\u2019exe\u0301cutif. Pendant trois (03) jours, les membres du gouvernement et autres consultants avaient en charge de passer en revue l\u2019e\u0301tat d\u2019exe\u0301cution de la feuille de route gouvernementale Togo 2025.<\/p>\n<p>Il faut dire que Faure Gnassingbe\u0301 se faisait tre\u0300s discret sur des sujets majeurs qui ont frappe\u0301 en plein visage les populations comme la Covid19 et ses re\u0301percussions financie\u0300res, l\u2019inflation e\u0301conomique, les proble\u0300mes de transhumance, l\u2019impunite\u0301 des crimes e\u0301conomiques, etc&#8230; Mais depuis le de\u0301but de cette anne\u0301e 2023, celui-ci ne rate plus aucune occasion de communier avec les populations a\u0300 chacune de ses sorties. Me\u0302me si tout le monde sait que ces cries demeurent et fragilisent le quotidien des Togolais.<\/p>\n<p>Ce 24 mars 2023, ce sont toutes les couches sociales de la population de Kpalime\u0301 qu\u2019on pouvait voir aligner aux abords des voies publiques pour applaudir le \u00ab Champion \u00bb du parti \u00ab Unir \u00bb : Jeunes apprenants en tenue uniforme, chefs traditionnels, personnes a\u0302ge\u0301es, etc.<\/p>\n<p>Une ce\u0301re\u0301monie de libation a servi de re\u0301ception au Chef de l\u2019Etat qui a eu droit aux spectacles de danses folkloriques. Ce retour en force de Faure Gnassingbe\u0301 vers les populations est-elle altruiste ? Pour certains analystes politiques, le \u00ab jeune doyen \u00bb se projette de\u0301ja\u0300 vers les diverses e\u0301lections qui vont se tenir cette anne\u0301e au Togo. Il s\u2019agit d\u2019ores et de\u0301ja\u0300 du co\u0302te\u0301 du Chef de l\u2019Etat d\u2019une part de mesurer son \u00ab audimat \u00bb et d\u2019autre part d\u2019impacter la \u00ab psychologie \u00bb des populations des villes de l\u2019hinterland.<\/p>\n<p>Cette lecture que font ces observateurs de la situation s\u2019ave\u0300re-t-il ? Ce qu\u2019on sait, c\u2019est que le chef de l\u2019Etat togolais aime plus se retrouver dans les airs que pre\u0300s de sa population. On attend l\u2019apre\u0300s ces e\u0301lections pour voir si on n\u2019est pas en pre\u0301sence d\u2019une pre\u0301campagne e\u0301lectorale de\u0301guise\u0301e ces derniers jours.<\/p>\n<p><strong>Pour plus d&rsquo;informations et d&rsquo;analyses sur la <a href=\"https:\/\/www.africa-press.net\/togo\">Togo<\/a>, suivez <a href=\"https:\/\/www.africa-press.net\/\">Africa-Press<\/a><\/strong><\/p>\n","protected":false},"excerpt":{"rendered":"<p>Africa-Press &#8211; Togo. Se\u0301minaires gouvernementaux et fora meublent l\u2019agenda national de\u0301sormais tre\u0300s charge\u0301 du Chef de l\u2019Etat togolais. Apre\u0300s les FoPAT (Forum des Producteurs Agricoles du Togo) qui ont e\u0301te\u0301 l\u2019occasion pour ce dernier de faire des parades devant les populations, cette fois-ci c\u2019est un se\u0301minaire gouvernemental tenu a\u0300 Kpalime\u0301 ce week-end qui a permis [&hellip;]<\/p>\n","protected":false},"author":82,"featured_media":18992,"comment_status":"open","ping_status":"closed","sticky":false,"template":"","format":"standard","meta":{"footnotes":""},"categories":[2,10],"tags":[36,49,50],"class_list":["post-18993","post","type-post","status-publish","format-standard","has-post-thumbnail","hentry","category-politique","category-toutes-les-actualites","tag-africa-press","tag-africa-press-togo","tag-togo"],"yoast_head":"<!-- This site is optimized with the Yoast SEO Premium plugin v26.1 (Yoast SEO v27.0) - https:\/\/yoast.com\/product\/yoast-seo-premium-wordpress\/ -->\n<title>Togo\u2013Subitement, Faure Gnassingb\u00e9 revient aux populations - Togo<\/title>\n<meta name=\"description\" content=\"Se\u0301minaires gouvernementaux et fora meublent l\u2019agenda national de\u0301sormais tre\u0300s charge\u0301 du Chef de l\u2019Etat togolais. A ...\" \/>\n<meta name=\"robots\" content=\"index, follow, max-snippet:-1, max-image-preview:large, max-video-preview:-1\" \/>\n<link rel=\"canonical\" href=\"https:\/\/www.africa-press.net\/togo\/politique\/togo-subitement-faure-gnassingbe-revient-aux-populations\" \/>\n<meta property=\"og:locale\" content=\"fr_FR\" \/>\n<meta property=\"og:type\" content=\"article\" \/>\n<meta property=\"og:title\" content=\"Togo\u2013Subitement, Faure Gnassingb\u00e9 revient aux populations\" \/>\n<meta property=\"og:description\" content=\"Se\u0301minaires gouvernementaux et fora meublent l\u2019agenda national de\u0301sormais tre\u0300s charge\u0301 du Chef de l\u2019Etat togolais. A ...\" \/>\n<meta property=\"og:url\" content=\"https:\/\/www.africa-press.net\/togo\/politique\/togo-subitement-faure-gnassingbe-revient-aux-populations\" \/>\n<meta property=\"og:site_name\" content=\"Togo\" \/>\n<meta property=\"article:published_time\" content=\"2023-03-27T20:02:57+00:00\" \/>\n<meta property=\"article:modified_time\" content=\"2023-03-27T20:37:39+00:00\" \/>\n<meta property=\"og:image\" content=\"https:\/\/static.africa-press.net\/togo\/sites\/58\/2023\/03\/postQueueImg_1679934784.45.jpg\" \/>\n\t<meta property=\"og:image:width\" content=\"1200\" \/>\n\t<meta property=\"og:image:height\" content=\"800\" \/>\n\t<meta property=\"og:image:type\" content=\"image\/jpeg\" \/>\n<meta name=\"author\" content=\"cfeditorfr\" \/>\n<meta name=\"twitter:card\" content=\"summary_large_image\" \/>\n<meta name=\"twitter:label1\" content=\"\u00c9crit par\" \/>\n\t<meta name=\"twitter:data1\" content=\"cfeditorfr\" \/>\n\t<meta name=\"twitter:label2\" content=\"Dur\u00e9e de lecture estim\u00e9e\" \/>\n\t<meta name=\"twitter:data2\" content=\"3 minutes\" \/>\n<script type=\"application\/ld+json\" class=\"yoast-schema-graph\">{\"@context\":\"https:\/\/schema.org\",\"@graph\":[{\"@type\":\"Article\",\"@id\":\"https:\/\/www.africa-press.net\/togo\/politique\/togo-subitement-faure-gnassingbe-revient-aux-populations#article\",\"isPartOf\":{\"@id\":\"https:\/\/www.africa-press.net\/togo\/politique\/togo-subitement-faure-gnassingbe-revient-aux-populations\"},\"author\":{\"name\":\"cfeditorfr\",\"@id\":\"https:\/\/www.africa-press.net\/togo\/#\/schema\/person\/2b1cf3cd81a31e3cd26889ca66d677f1\"},\"headline\":\"Togo\u2013Subitement, Faure Gnassingb\u00e9 revient aux populations\",\"datePublished\":\"2023-03-27T20:02:57+00:00\",\"dateModified\":\"2023-03-27T20:37:39+00:00\",\"mainEntityOfPage\":{\"@id\":\"https:\/\/www.africa-press.net\/togo\/politique\/togo-subitement-faure-gnassingbe-revient-aux-populations\"},\"wordCount\":465,\"commentCount\":0,\"image\":{\"@id\":\"https:\/\/www.africa-press.net\/togo\/politique\/togo-subitement-faure-gnassingbe-revient-aux-populations#primaryimage\"},\"thumbnailUrl\":\"https:\/\/static.africa-press.net\/togo\/sites\/58\/2023\/03\/postQueueImg_1679934784.45.jpg\",\"keywords\":[\"Africa Press\",\"Africa Press-Togo\",\"Togo\"],\"articleSection\":[\"Politique\",\"Toutes les actualit\u00e9s\"],\"inLanguage\":\"fr-FR\",\"potentialAction\":[{\"@type\":\"CommentAction\",\"name\":\"Comment\",\"target\":[\"https:\/\/www.africa-press.net\/togo\/politique\/togo-subitement-faure-gnassingbe-revient-aux-populations#respond\"]}]},{\"@type\":\"WebPage\",\"@id\":\"https:\/\/www.africa-press.net\/togo\/politique\/togo-subitement-faure-gnassingbe-revient-aux-populations\",\"url\":\"https:\/\/www.africa-press.net\/togo\/politique\/togo-subitement-faure-gnassingbe-revient-aux-populations\",\"name\":\"Togo\u2013Subitement, Faure Gnassingb\u00e9 revient aux populations - Togo\",\"isPartOf\":{\"@id\":\"https:\/\/www.africa-press.net\/togo\/#website\"},\"primaryImageOfPage\":{\"@id\":\"https:\/\/www.africa-press.net\/togo\/politique\/togo-subitement-faure-gnassingbe-revient-aux-populations#primaryimage\"},\"image\":{\"@id\":\"https:\/\/www.africa-press.net\/togo\/politique\/togo-subitement-faure-gnassingbe-revient-aux-populations#primaryimage\"},\"thumbnailUrl\":\"https:\/\/static.africa-press.net\/togo\/sites\/58\/2023\/03\/postQueueImg_1679934784.45.jpg\",\"datePublished\":\"2023-03-27T20:02:57+00:00\",\"dateModified\":\"2023-03-27T20:37:39+00:00\",\"author\":{\"@id\":\"https:\/\/www.africa-press.net\/togo\/#\/schema\/person\/2b1cf3cd81a31e3cd26889ca66d677f1\"},\"description\":\"Se\u0301minaires gouvernementaux et fora meublent l\u2019agenda national de\u0301sormais tre\u0300s charge\u0301 du Chef de l\u2019Etat togolais. A ...\",\"breadcrumb\":{\"@id\":\"https:\/\/www.africa-press.net\/togo\/politique\/togo-subitement-faure-gnassingbe-revient-aux-populations#breadcrumb\"},\"inLanguage\":\"fr-FR\",\"potentialAction\":[{\"@type\":\"ReadAction\",\"target\":[\"https:\/\/www.africa-press.net\/togo\/politique\/togo-subitement-faure-gnassingbe-revient-aux-populations\"]}]},{\"@type\":\"ImageObject\",\"inLanguage\":\"fr-FR\",\"@id\":\"https:\/\/www.africa-press.net\/togo\/politique\/togo-subitement-faure-gnassingbe-revient-aux-populations#primaryimage\",\"url\":\"https:\/\/static.africa-press.net\/togo\/sites\/58\/2023\/03\/postQueueImg_1679934784.45.jpg\",\"contentUrl\":\"https:\/\/static.africa-press.net\/togo\/sites\/58\/2023\/03\/postQueueImg_1679934784.45.jpg\",\"width\":1200,\"height\":800,\"caption\":\"Togo\u2013Subitement, Faure Gnassingb\u00e9 revient aux populations\"},{\"@type\":\"BreadcrumbList\",\"@id\":\"https:\/\/www.africa-press.net\/togo\/politique\/togo-subitement-faure-gnassingbe-revient-aux-populations#breadcrumb\",\"itemListElement\":[{\"@type\":\"ListItem\",\"position\":1,\"name\":\"Accueil\",\"item\":\"https:\/\/www.africa-press.net\/togo\/\"},{\"@type\":\"ListItem\",\"position\":2,\"name\":\"Togo\u2013Subitement, Faure Gnassingb\u00e9 revient aux populations\"}]},{\"@type\":\"WebSite\",\"@id\":\"https:\/\/www.africa-press.net\/togo\/#website\",\"url\":\"https:\/\/www.africa-press.net\/togo\/\",\"name\":\"Togo\",\"description\":\"Just another Africa News Agency Sites site\",\"potentialAction\":[{\"@type\":\"SearchAction\",\"target\":{\"@type\":\"EntryPoint\",\"urlTemplate\":\"https:\/\/www.africa-press.net\/togo\/?s={search_term_string}\"},\"query-input\":{\"@type\":\"PropertyValueSpecification\",\"valueRequired\":true,\"valueName\":\"search_term_string\"}}],\"inLanguage\":\"fr-FR\"},{\"@type\":\"Person\",\"@id\":\"https:\/\/www.africa-press.net\/togo\/#\/schema\/person\/2b1cf3cd81a31e3cd26889ca66d677f1\",\"name\":\"cfeditorfr\"}]}<\/script>\n<!-- \/ Yoast SEO Premium plugin. -->","yoast_head_json":{"title":"Togo\u2013Subitement, Faure Gnassingb\u00e9 revient aux populations - Togo","description":"Se\u0301minaires gouvernementaux et fora meublent l\u2019agenda national de\u0301sormais tre\u0300s charge\u0301 du Chef de l\u2019Etat togolais. A ...","robots":{"index":"index","follow":"follow","max-snippet":"max-snippet:-1","max-image-preview":"max-image-preview:large","max-video-preview":"max-video-preview:-1"},"canonical":"https:\/\/www.africa-press.net\/togo\/politique\/togo-subitement-faure-gnassingbe-revient-aux-populations","og_locale":"fr_FR","og_type":"article","og_title":"Togo\u2013Subitement, Faure Gnassingb\u00e9 revient aux populations","og_description":"Se\u0301minaires gouvernementaux et fora meublent l\u2019agenda national de\u0301sormais tre\u0300s charge\u0301 du Chef de l\u2019Etat togolais. A ...","og_url":"https:\/\/www.africa-press.net\/togo\/politique\/togo-subitement-faure-gnassingbe-revient-aux-populations","og_site_name":"Togo","article_published_time":"2023-03-27T20:02:57+00:00","article_modified_time":"2023-03-27T20:37:39+00:00","og_image":[{"width":1200,"height":800,"url":"https:\/\/static.africa-press.net\/togo\/sites\/58\/2023\/03\/postQueueImg_1679934784.45.jpg","type":"image\/jpeg"}],"author":"cfeditorfr","twitter_card":"summary_large_image","twitter_misc":{"\u00c9crit par":"cfeditorfr","Dur\u00e9e de lecture estim\u00e9e":"3 minutes"},"schema":{"@context":"https:\/\/schema.org","@graph":[{"@type":"Article","@id":"https:\/\/www.africa-press.net\/togo\/politique\/togo-subitement-faure-gnassingbe-revient-aux-populations#article","isPartOf":{"@id":"https:\/\/www.africa-press.net\/togo\/politique\/togo-subitement-faure-gnassingbe-revient-aux-populations"},"author":{"name":"cfeditorfr","@id":"https:\/\/www.africa-press.net\/togo\/#\/schema\/person\/2b1cf3cd81a31e3cd26889ca66d677f1"},"headline":"Togo\u2013Subitement, Faure Gnassingb\u00e9 revient aux populations","datePublished":"2023-03-27T20:02:57+00:00","dateModified":"2023-03-27T20:37:39+00:00","mainEntityOfPage":{"@id":"https:\/\/www.africa-press.net\/togo\/politique\/togo-subitement-faure-gnassingbe-revient-aux-populations"},"wordCount":465,"commentCount":0,"image":{"@id":"https:\/\/www.africa-press.net\/togo\/politique\/togo-subitement-faure-gnassingbe-revient-aux-populations#primaryimage"},"thumbnailUrl":"https:\/\/static.africa-press.net\/togo\/sites\/58\/2023\/03\/postQueueImg_1679934784.45.jpg","keywords":["Africa Press","Africa Press-Togo","Togo"],"articleSection":["Politique","Toutes les actualit\u00e9s"],"inLanguage":"fr-FR","potentialAction":[{"@type":"CommentAction","name":"Comment","target":["https:\/\/www.africa-press.net\/togo\/politique\/togo-subitement-faure-gnassingbe-revient-aux-populations#respond"]}]},{"@type":"WebPage","@id":"https:\/\/www.africa-press.net\/togo\/politique\/togo-subitement-faure-gnassingbe-revient-aux-populations","url":"https:\/\/www.africa-press.net\/togo\/politique\/togo-subitement-faure-gnassingbe-revient-aux-populations","name":"Togo\u2013Subitement, Faure Gnassingb\u00e9 revient aux populations - Togo","isPartOf":{"@id":"https:\/\/www.africa-press.net\/togo\/#website"},"primaryImageOfPage":{"@id":"https:\/\/www.africa-press.net\/togo\/politique\/togo-subitement-faure-gnassingbe-revient-aux-populations#primaryimage"},"image":{"@id":"https:\/\/www.africa-press.net\/togo\/politique\/togo-subitement-faure-gnassingbe-revient-aux-populations#primaryimage"},"thumbnailUrl":"https:\/\/static.africa-press.net\/togo\/sites\/58\/2023\/03\/postQueueImg_1679934784.45.jpg","datePublished":"2023-03-27T20:02:57+00:00","dateModified":"2023-03-27T20:37:39+00:00","author":{"@id":"https:\/\/www.africa-press.net\/togo\/#\/schema\/person\/2b1cf3cd81a31e3cd26889ca66d677f1"},"description":"Se\u0301minaires gouvernementaux et fora meublent l\u2019agenda national de\u0301sormais tre\u0300s charge\u0301 du Chef de l\u2019Etat togolais. A ...","breadcrumb":{"@id":"https:\/\/www.africa-press.net\/togo\/politique\/togo-subitement-faure-gnassingbe-revient-aux-populations#breadcrumb"},"inLanguage":"fr-FR","potentialAction":[{"@type":"ReadAction","target":["https:\/\/www.africa-press.net\/togo\/politique\/togo-subitement-faure-gnassingbe-revient-aux-populations"]}]},{"@type":"ImageObject","inLanguage":"fr-FR","@id":"https:\/\/www.africa-press.net\/togo\/politique\/togo-subitement-faure-gnassingbe-revient-aux-populations#primaryimage","url":"https:\/\/static.africa-press.net\/togo\/sites\/58\/2023\/03\/postQueueImg_1679934784.45.jpg","contentUrl":"https:\/\/static.africa-press.net\/togo\/sites\/58\/2023\/03\/postQueueImg_1679934784.45.jpg","width":1200,"height":800,"caption":"Togo\u2013Subitement, Faure Gnassingb\u00e9 revient aux populations"},{"@type":"BreadcrumbList","@id":"https:\/\/www.africa-press.net\/togo\/politique\/togo-subitement-faure-gnassingbe-revient-aux-populations#breadcrumb","itemListElement":[{"@type":"ListItem","position":1,"name":"Accueil","item":"https:\/\/www.africa-press.net\/togo\/"},{"@type":"ListItem","position":2,"name":"Togo\u2013Subitement, Faure Gnassingb\u00e9 revient aux populations"}]},{"@type":"WebSite","@id":"https:\/\/www.africa-press.net\/togo\/#website","url":"https:\/\/www.africa-press.net\/togo\/","name":"Togo","description":"Just another Africa News Agency Sites site","potentialAction":[{"@type":"SearchAction","target":{"@type":"EntryPoint","urlTemplate":"https:\/\/www.africa-press.net\/togo\/?s={search_term_string}"},"query-input":{"@type":"PropertyValueSpecification","valueRequired":true,"valueName":"search_term_string"}}],"inLanguage":"fr-FR"},{"@type":"Person","@id":"https:\/\/www.africa-press.net\/togo\/#\/schema\/person\/2b1cf3cd81a31e3cd26889ca66d677f1","name":"cfeditorfr"}]}},"_links":{"self":[{"href":"https:\/\/www.africa-press.net\/togo\/wp-json\/wp\/v2\/posts\/18993","targetHints":{"allow":["GET"]}}],"collection":[{"href":"https:\/\/www.africa-press.net\/togo\/wp-json\/wp\/v2\/posts"}],"about":[{"href":"https:\/\/www.africa-press.net\/togo\/wp-json\/wp\/v2\/types\/post"}],"author":[{"embeddable":true,"href":"https:\/\/www.africa-press.net\/togo\/wp-json\/wp\/v2\/users\/82"}],"replies":[{"embeddable":true,"href":"https:\/\/www.africa-press.net\/togo\/wp-json\/wp\/v2\/comments?post=18993"}],"version-history":[{"count":0,"href":"https:\/\/www.africa-press.net\/togo\/wp-json\/wp\/v2\/posts\/18993\/revisions"}],"wp:featuredmedia":[{"embeddable":true,"href":"https:\/\/www.africa-press.net\/togo\/wp-json\/wp\/v2\/media\/18992"}],"wp:attachment":[{"href":"https:\/\/www.africa-press.net\/togo\/wp-json\/wp\/v2\/media?parent=18993"}],"wp:term":[{"taxonomy":"category","embeddable":true,"href":"https:\/\/www.africa-press.net\/togo\/wp-json\/wp\/v2\/categories?post=18993"},{"taxonomy":"post_tag","embeddable":true,"href":"https:\/\/www.africa-press.net\/togo\/wp-json\/wp\/v2\/tags?post=18993"}],"curies":[{"name":"wp","href":"https:\/\/api.w.org\/{rel}","templated":true}]}}