{"id":18999,"date":"2023-03-27T20:04:30","date_gmt":"2023-03-27T20:04:30","guid":{"rendered":"https:\/\/www.africa-press.net\/togo\/politique\/togo-seminaire-gouvernemental-a-kpalime-le-communique-sanctionnant-les-travaux"},"modified":"2023-03-27T20:38:34","modified_gmt":"2023-03-27T20:38:34","slug":"togo-seminaire-gouvernemental-a-kpalime-le-communique-sanctionnant-les-travaux","status":"publish","type":"post","link":"https:\/\/www.africa-press.net\/togo\/politique\/togo-seminaire-gouvernemental-a-kpalime-le-communique-sanctionnant-les-travaux","title":{"rendered":"Togo\/S\u00e9minaire Gouvernemental \u00e0 Kpalim\u00e9 : le communiqu\u00e9 sanctionnant les travaux"},"content":{"rendered":"<p><span style=\"color: #ff6600\"><strong>Africa-Press &#8211; Togo. <\/strong><\/span>Dans le contexte actuel de crises multiples dans le monde, nous devons agir sur les leviers qui de\u0301pendent de nous. Nous devons le faire et nous devons le faire vite.\u00bb<\/p>\n<p>C\u2019est en substance l\u2019instruction de SEM Faure Essozimna Gnassingbe\u0301, Pre\u0301sident de la Re\u0301publique, au gouvernement, a\u0300 l\u2019issue du premier se\u0301minaire gouvernemental de l\u2019anne\u0301e 2023. Intervenant dans une conjoncture internationale peu favorable, marque\u0301e par la persistance et la complexification des crises se\u0301curitaire, financie\u0300re, e\u0301conomique et sanitaire, ce se\u0301minaire a e\u0301te\u0301 l\u2019occasion de relever la bonne dynamique de mise en \u0153uvre des projets de la feuille de route gouvernementale Togo 2025.<\/p>\n<p>Apre\u0300s le passage en revue des projets relevant des diffe\u0301rents portefeuilles, il a e\u0301te\u0301 note\u0301 que des re\u0301sultats encourageants sont enregistre\u0301s au titre des diffe\u0301rents axes de la FdR. Toutefois, des de\u0301fis et contraintes subsistent et portent notamment sur la ne\u0301cessite\u0301 d\u2019affiner davantage la planification, d\u2019ajuster au mieux la mise en oeuvre ope\u0301rationnelle des projets et de renforcer la coordination de l\u2019action gouvernementale.<\/p>\n<p>Au regard de la globalisation, il faut rappeler que, pour les anne\u0301es qui viennent, la mise en \u0153uvre de la FdR du Togo restera, entre autres, tributaire des effets persistants et ne\u0301fastes des diffe\u0301rentes crises mondiales, avec des implications pour l\u2019E\u0301tat, pour les entreprises, pour les travailleurs et pour les populations vulne\u0301rables.<\/p>\n<p>A\u0300 l\u2019issue des travaux du se\u0301minaire gouvernemental, SEM Faure Essozimna Gnassingbe\u0301, Pre\u0301sident de la Re\u0301publique, a insiste\u0301 sur l\u2019urgence de poursuivre la mobilisation collective en comptant principalement sur les ressources nationales et en acce\u0301le\u0301rant les rythmes d\u2019exe\u0301cution, afin de re\u0301pondre effectivement aux besoins des populations.<\/p>\n<p><strong>Pour plus d&rsquo;informations et d&rsquo;analyses sur la <a href=\"https:\/\/www.africa-press.net\/togo\">Togo<\/a>, suivez <a href=\"https:\/\/www.africa-press.net\/\">Africa-Press<\/a><\/strong><\/p>\n","protected":false},"excerpt":{"rendered":"<p>Africa-Press &#8211; Togo. Dans le contexte actuel de crises multiples dans le monde, nous devons agir sur les leviers qui de\u0301pendent de nous. Nous devons le faire et nous devons le faire vite.\u00bb C\u2019est en substance l\u2019instruction de SEM Faure Essozimna Gnassingbe\u0301, Pre\u0301sident de la Re\u0301publique, au gouvernement, a\u0300 l\u2019issue du premier se\u0301minaire gouvernemental de [&hellip;]<\/p>\n","protected":false},"author":82,"featured_media":18998,"comment_status":"open","ping_status":"closed","sticky":false,"template":"","format":"standard","meta":{"footnotes":""},"categories":[2,10],"tags":[36,49,301,264,50],"class_list":["post-18999","post","type-post","status-publish","format-standard","has-post-thumbnail","hentry","category-politique","category-toutes-les-actualites","tag-africa-press","tag-africa-press-togo","tag-conseil-des-ministres","tag-faure-gnassingbe","tag-togo"],"yoast_head":"<!-- This site is optimized with the Yoast SEO Premium plugin v26.1 (Yoast SEO v27.0) - https:\/\/yoast.com\/product\/yoast-seo-premium-wordpress\/ -->\n<title>Togo\/S\u00e9minaire Gouvernemental \u00e0 Kpalim\u00e9 : le communiqu\u00e9 sanctionnant les travaux - Togo<\/title>\n<meta name=\"description\" content=\"Dans le contexte actuel de crises multiples dans le monde, nous devons agir sur les leviers qui de\u0301pendent de nous. Nous ...\" \/>\n<meta name=\"robots\" content=\"index, follow, max-snippet:-1, max-image-preview:large, max-video-preview:-1\" \/>\n<link rel=\"canonical\" href=\"https:\/\/www.africa-press.net\/togo\/politique\/togo-seminaire-gouvernemental-a-kpalime-le-communique-sanctionnant-les-travaux\" \/>\n<meta property=\"og:locale\" content=\"fr_FR\" \/>\n<meta property=\"og:type\" content=\"article\" \/>\n<meta property=\"og:title\" content=\"Togo\/S\u00e9minaire Gouvernemental \u00e0 Kpalim\u00e9 : le communiqu\u00e9 sanctionnant les travaux\" \/>\n<meta property=\"og:description\" content=\"Dans le contexte actuel de crises multiples dans le monde, nous devons agir sur les leviers qui de\u0301pendent de nous. Nous ...\" \/>\n<meta property=\"og:url\" content=\"https:\/\/www.africa-press.net\/togo\/politique\/togo-seminaire-gouvernemental-a-kpalime-le-communique-sanctionnant-les-travaux\" \/>\n<meta property=\"og:site_name\" content=\"Togo\" \/>\n<meta property=\"article:published_time\" content=\"2023-03-27T20:04:30+00:00\" \/>\n<meta property=\"article:modified_time\" content=\"2023-03-27T20:38:34+00:00\" \/>\n<meta property=\"og:image\" content=\"https:\/\/static.africa-press.net\/togo\/sites\/58\/2023\/03\/postQueueImg_1679934878.95.jpg\" \/>\n\t<meta property=\"og:image:width\" content=\"720\" \/>\n\t<meta property=\"og:image:height\" content=\"479\" \/>\n\t<meta property=\"og:image:type\" content=\"image\/jpeg\" \/>\n<meta name=\"author\" content=\"cfeditorfr\" \/>\n<meta name=\"twitter:card\" content=\"summary_large_image\" \/>\n<meta name=\"twitter:label1\" content=\"\u00c9crit par\" \/>\n\t<meta name=\"twitter:data1\" content=\"cfeditorfr\" \/>\n\t<meta name=\"twitter:label2\" content=\"Dur\u00e9e de lecture estim\u00e9e\" \/>\n\t<meta name=\"twitter:data2\" content=\"2 minutes\" \/>\n<script type=\"application\/ld+json\" class=\"yoast-schema-graph\">{\"@context\":\"https:\/\/schema.org\",\"@graph\":[{\"@type\":\"Article\",\"@id\":\"https:\/\/www.africa-press.net\/togo\/politique\/togo-seminaire-gouvernemental-a-kpalime-le-communique-sanctionnant-les-travaux#article\",\"isPartOf\":{\"@id\":\"https:\/\/www.africa-press.net\/togo\/politique\/togo-seminaire-gouvernemental-a-kpalime-le-communique-sanctionnant-les-travaux\"},\"author\":{\"name\":\"cfeditorfr\",\"@id\":\"https:\/\/www.africa-press.net\/togo\/#\/schema\/person\/2b1cf3cd81a31e3cd26889ca66d677f1\"},\"headline\":\"Togo\/S\u00e9minaire Gouvernemental \u00e0 Kpalim\u00e9 : le communiqu\u00e9 sanctionnant les travaux\",\"datePublished\":\"2023-03-27T20:04:30+00:00\",\"dateModified\":\"2023-03-27T20:38:34+00:00\",\"mainEntityOfPage\":{\"@id\":\"https:\/\/www.africa-press.net\/togo\/politique\/togo-seminaire-gouvernemental-a-kpalime-le-communique-sanctionnant-les-travaux\"},\"wordCount\":326,\"commentCount\":0,\"image\":{\"@id\":\"https:\/\/www.africa-press.net\/togo\/politique\/togo-seminaire-gouvernemental-a-kpalime-le-communique-sanctionnant-les-travaux#primaryimage\"},\"thumbnailUrl\":\"https:\/\/static.africa-press.net\/togo\/sites\/58\/2023\/03\/postQueueImg_1679934878.95.jpg\",\"keywords\":[\"Africa Press\",\"Africa Press-Togo\",\"Conseil des ministres\",\"Faure Gnassingb\u00e9\",\"Togo\"],\"articleSection\":[\"Politique\",\"Toutes les actualit\u00e9s\"],\"inLanguage\":\"fr-FR\",\"potentialAction\":[{\"@type\":\"CommentAction\",\"name\":\"Comment\",\"target\":[\"https:\/\/www.africa-press.net\/togo\/politique\/togo-seminaire-gouvernemental-a-kpalime-le-communique-sanctionnant-les-travaux#respond\"]}]},{\"@type\":\"WebPage\",\"@id\":\"https:\/\/www.africa-press.net\/togo\/politique\/togo-seminaire-gouvernemental-a-kpalime-le-communique-sanctionnant-les-travaux\",\"url\":\"https:\/\/www.africa-press.net\/togo\/politique\/togo-seminaire-gouvernemental-a-kpalime-le-communique-sanctionnant-les-travaux\",\"name\":\"Togo\/S\u00e9minaire Gouvernemental \u00e0 Kpalim\u00e9 : le communiqu\u00e9 sanctionnant les travaux - Togo\",\"isPartOf\":{\"@id\":\"https:\/\/www.africa-press.net\/togo\/#website\"},\"primaryImageOfPage\":{\"@id\":\"https:\/\/www.africa-press.net\/togo\/politique\/togo-seminaire-gouvernemental-a-kpalime-le-communique-sanctionnant-les-travaux#primaryimage\"},\"image\":{\"@id\":\"https:\/\/www.africa-press.net\/togo\/politique\/togo-seminaire-gouvernemental-a-kpalime-le-communique-sanctionnant-les-travaux#primaryimage\"},\"thumbnailUrl\":\"https:\/\/static.africa-press.net\/togo\/sites\/58\/2023\/03\/postQueueImg_1679934878.95.jpg\",\"datePublished\":\"2023-03-27T20:04:30+00:00\",\"dateModified\":\"2023-03-27T20:38:34+00:00\",\"author\":{\"@id\":\"https:\/\/www.africa-press.net\/togo\/#\/schema\/person\/2b1cf3cd81a31e3cd26889ca66d677f1\"},\"description\":\"Dans le contexte actuel de crises multiples dans le monde, nous devons agir sur les leviers qui de\u0301pendent de nous. Nous ...\",\"breadcrumb\":{\"@id\":\"https:\/\/www.africa-press.net\/togo\/politique\/togo-seminaire-gouvernemental-a-kpalime-le-communique-sanctionnant-les-travaux#breadcrumb\"},\"inLanguage\":\"fr-FR\",\"potentialAction\":[{\"@type\":\"ReadAction\",\"target\":[\"https:\/\/www.africa-press.net\/togo\/politique\/togo-seminaire-gouvernemental-a-kpalime-le-communique-sanctionnant-les-travaux\"]}]},{\"@type\":\"ImageObject\",\"inLanguage\":\"fr-FR\",\"@id\":\"https:\/\/www.africa-press.net\/togo\/politique\/togo-seminaire-gouvernemental-a-kpalime-le-communique-sanctionnant-les-travaux#primaryimage\",\"url\":\"https:\/\/static.africa-press.net\/togo\/sites\/58\/2023\/03\/postQueueImg_1679934878.95.jpg\",\"contentUrl\":\"https:\/\/static.africa-press.net\/togo\/sites\/58\/2023\/03\/postQueueImg_1679934878.95.jpg\",\"width\":720,\"height\":479,\"caption\":\"Togo\/S\u00e9minaire Gouvernemental \u00e0 Kpalim\u00e9 : le communiqu\u00e9 sanctionnant les travaux\"},{\"@type\":\"BreadcrumbList\",\"@id\":\"https:\/\/www.africa-press.net\/togo\/politique\/togo-seminaire-gouvernemental-a-kpalime-le-communique-sanctionnant-les-travaux#breadcrumb\",\"itemListElement\":[{\"@type\":\"ListItem\",\"position\":1,\"name\":\"Accueil\",\"item\":\"https:\/\/www.africa-press.net\/togo\/\"},{\"@type\":\"ListItem\",\"position\":2,\"name\":\"Togo\/S\u00e9minaire Gouvernemental \u00e0 Kpalim\u00e9 : le communiqu\u00e9 sanctionnant les travaux\"}]},{\"@type\":\"WebSite\",\"@id\":\"https:\/\/www.africa-press.net\/togo\/#website\",\"url\":\"https:\/\/www.africa-press.net\/togo\/\",\"name\":\"Togo\",\"description\":\"Just another Africa News Agency Sites site\",\"potentialAction\":[{\"@type\":\"SearchAction\",\"target\":{\"@type\":\"EntryPoint\",\"urlTemplate\":\"https:\/\/www.africa-press.net\/togo\/?s={search_term_string}\"},\"query-input\":{\"@type\":\"PropertyValueSpecification\",\"valueRequired\":true,\"valueName\":\"search_term_string\"}}],\"inLanguage\":\"fr-FR\"},{\"@type\":\"Person\",\"@id\":\"https:\/\/www.africa-press.net\/togo\/#\/schema\/person\/2b1cf3cd81a31e3cd26889ca66d677f1\",\"name\":\"cfeditorfr\"}]}<\/script>\n<!-- \/ Yoast SEO Premium plugin. -->","yoast_head_json":{"title":"Togo\/S\u00e9minaire Gouvernemental \u00e0 Kpalim\u00e9 : le communiqu\u00e9 sanctionnant les travaux - Togo","description":"Dans le contexte actuel de crises multiples dans le monde, nous devons agir sur les leviers qui de\u0301pendent de nous. Nous ...","robots":{"index":"index","follow":"follow","max-snippet":"max-snippet:-1","max-image-preview":"max-image-preview:large","max-video-preview":"max-video-preview:-1"},"canonical":"https:\/\/www.africa-press.net\/togo\/politique\/togo-seminaire-gouvernemental-a-kpalime-le-communique-sanctionnant-les-travaux","og_locale":"fr_FR","og_type":"article","og_title":"Togo\/S\u00e9minaire Gouvernemental \u00e0 Kpalim\u00e9 : le communiqu\u00e9 sanctionnant les travaux","og_description":"Dans le contexte actuel de crises multiples dans le monde, nous devons agir sur les leviers qui de\u0301pendent de nous. Nous ...","og_url":"https:\/\/www.africa-press.net\/togo\/politique\/togo-seminaire-gouvernemental-a-kpalime-le-communique-sanctionnant-les-travaux","og_site_name":"Togo","article_published_time":"2023-03-27T20:04:30+00:00","article_modified_time":"2023-03-27T20:38:34+00:00","og_image":[{"width":720,"height":479,"url":"https:\/\/static.africa-press.net\/togo\/sites\/58\/2023\/03\/postQueueImg_1679934878.95.jpg","type":"image\/jpeg"}],"author":"cfeditorfr","twitter_card":"summary_large_image","twitter_misc":{"\u00c9crit par":"cfeditorfr","Dur\u00e9e de lecture estim\u00e9e":"2 minutes"},"schema":{"@context":"https:\/\/schema.org","@graph":[{"@type":"Article","@id":"https:\/\/www.africa-press.net\/togo\/politique\/togo-seminaire-gouvernemental-a-kpalime-le-communique-sanctionnant-les-travaux#article","isPartOf":{"@id":"https:\/\/www.africa-press.net\/togo\/politique\/togo-seminaire-gouvernemental-a-kpalime-le-communique-sanctionnant-les-travaux"},"author":{"name":"cfeditorfr","@id":"https:\/\/www.africa-press.net\/togo\/#\/schema\/person\/2b1cf3cd81a31e3cd26889ca66d677f1"},"headline":"Togo\/S\u00e9minaire Gouvernemental \u00e0 Kpalim\u00e9 : le communiqu\u00e9 sanctionnant les travaux","datePublished":"2023-03-27T20:04:30+00:00","dateModified":"2023-03-27T20:38:34+00:00","mainEntityOfPage":{"@id":"https:\/\/www.africa-press.net\/togo\/politique\/togo-seminaire-gouvernemental-a-kpalime-le-communique-sanctionnant-les-travaux"},"wordCount":326,"commentCount":0,"image":{"@id":"https:\/\/www.africa-press.net\/togo\/politique\/togo-seminaire-gouvernemental-a-kpalime-le-communique-sanctionnant-les-travaux#primaryimage"},"thumbnailUrl":"https:\/\/static.africa-press.net\/togo\/sites\/58\/2023\/03\/postQueueImg_1679934878.95.jpg","keywords":["Africa Press","Africa Press-Togo","Conseil des ministres","Faure Gnassingb\u00e9","Togo"],"articleSection":["Politique","Toutes les actualit\u00e9s"],"inLanguage":"fr-FR","potentialAction":[{"@type":"CommentAction","name":"Comment","target":["https:\/\/www.africa-press.net\/togo\/politique\/togo-seminaire-gouvernemental-a-kpalime-le-communique-sanctionnant-les-travaux#respond"]}]},{"@type":"WebPage","@id":"https:\/\/www.africa-press.net\/togo\/politique\/togo-seminaire-gouvernemental-a-kpalime-le-communique-sanctionnant-les-travaux","url":"https:\/\/www.africa-press.net\/togo\/politique\/togo-seminaire-gouvernemental-a-kpalime-le-communique-sanctionnant-les-travaux","name":"Togo\/S\u00e9minaire Gouvernemental \u00e0 Kpalim\u00e9 : le communiqu\u00e9 sanctionnant les travaux - Togo","isPartOf":{"@id":"https:\/\/www.africa-press.net\/togo\/#website"},"primaryImageOfPage":{"@id":"https:\/\/www.africa-press.net\/togo\/politique\/togo-seminaire-gouvernemental-a-kpalime-le-communique-sanctionnant-les-travaux#primaryimage"},"image":{"@id":"https:\/\/www.africa-press.net\/togo\/politique\/togo-seminaire-gouvernemental-a-kpalime-le-communique-sanctionnant-les-travaux#primaryimage"},"thumbnailUrl":"https:\/\/static.africa-press.net\/togo\/sites\/58\/2023\/03\/postQueueImg_1679934878.95.jpg","datePublished":"2023-03-27T20:04:30+00:00","dateModified":"2023-03-27T20:38:34+00:00","author":{"@id":"https:\/\/www.africa-press.net\/togo\/#\/schema\/person\/2b1cf3cd81a31e3cd26889ca66d677f1"},"description":"Dans le contexte actuel de crises multiples dans le monde, nous devons agir sur les leviers qui de\u0301pendent de nous. Nous ...","breadcrumb":{"@id":"https:\/\/www.africa-press.net\/togo\/politique\/togo-seminaire-gouvernemental-a-kpalime-le-communique-sanctionnant-les-travaux#breadcrumb"},"inLanguage":"fr-FR","potentialAction":[{"@type":"ReadAction","target":["https:\/\/www.africa-press.net\/togo\/politique\/togo-seminaire-gouvernemental-a-kpalime-le-communique-sanctionnant-les-travaux"]}]},{"@type":"ImageObject","inLanguage":"fr-FR","@id":"https:\/\/www.africa-press.net\/togo\/politique\/togo-seminaire-gouvernemental-a-kpalime-le-communique-sanctionnant-les-travaux#primaryimage","url":"https:\/\/static.africa-press.net\/togo\/sites\/58\/2023\/03\/postQueueImg_1679934878.95.jpg","contentUrl":"https:\/\/static.africa-press.net\/togo\/sites\/58\/2023\/03\/postQueueImg_1679934878.95.jpg","width":720,"height":479,"caption":"Togo\/S\u00e9minaire Gouvernemental \u00e0 Kpalim\u00e9 : le communiqu\u00e9 sanctionnant les travaux"},{"@type":"BreadcrumbList","@id":"https:\/\/www.africa-press.net\/togo\/politique\/togo-seminaire-gouvernemental-a-kpalime-le-communique-sanctionnant-les-travaux#breadcrumb","itemListElement":[{"@type":"ListItem","position":1,"name":"Accueil","item":"https:\/\/www.africa-press.net\/togo\/"},{"@type":"ListItem","position":2,"name":"Togo\/S\u00e9minaire Gouvernemental \u00e0 Kpalim\u00e9 : le communiqu\u00e9 sanctionnant les travaux"}]},{"@type":"WebSite","@id":"https:\/\/www.africa-press.net\/togo\/#website","url":"https:\/\/www.africa-press.net\/togo\/","name":"Togo","description":"Just another Africa News Agency Sites site","potentialAction":[{"@type":"SearchAction","target":{"@type":"EntryPoint","urlTemplate":"https:\/\/www.africa-press.net\/togo\/?s={search_term_string}"},"query-input":{"@type":"PropertyValueSpecification","valueRequired":true,"valueName":"search_term_string"}}],"inLanguage":"fr-FR"},{"@type":"Person","@id":"https:\/\/www.africa-press.net\/togo\/#\/schema\/person\/2b1cf3cd81a31e3cd26889ca66d677f1","name":"cfeditorfr"}]}},"_links":{"self":[{"href":"https:\/\/www.africa-press.net\/togo\/wp-json\/wp\/v2\/posts\/18999","targetHints":{"allow":["GET"]}}],"collection":[{"href":"https:\/\/www.africa-press.net\/togo\/wp-json\/wp\/v2\/posts"}],"about":[{"href":"https:\/\/www.africa-press.net\/togo\/wp-json\/wp\/v2\/types\/post"}],"author":[{"embeddable":true,"href":"https:\/\/www.africa-press.net\/togo\/wp-json\/wp\/v2\/users\/82"}],"replies":[{"embeddable":true,"href":"https:\/\/www.africa-press.net\/togo\/wp-json\/wp\/v2\/comments?post=18999"}],"version-history":[{"count":0,"href":"https:\/\/www.africa-press.net\/togo\/wp-json\/wp\/v2\/posts\/18999\/revisions"}],"wp:featuredmedia":[{"embeddable":true,"href":"https:\/\/www.africa-press.net\/togo\/wp-json\/wp\/v2\/media\/18998"}],"wp:attachment":[{"href":"https:\/\/www.africa-press.net\/togo\/wp-json\/wp\/v2\/media?parent=18999"}],"wp:term":[{"taxonomy":"category","embeddable":true,"href":"https:\/\/www.africa-press.net\/togo\/wp-json\/wp\/v2\/categories?post=18999"},{"taxonomy":"post_tag","embeddable":true,"href":"https:\/\/www.africa-press.net\/togo\/wp-json\/wp\/v2\/tags?post=18999"}],"curies":[{"name":"wp","href":"https:\/\/api.w.org\/{rel}","templated":true}]}}