{"id":19018,"date":"2023-03-28T12:42:07","date_gmt":"2023-03-28T12:42:07","guid":{"rendered":"https:\/\/www.africa-press.net\/togo\/politique\/togo-vs-burkina-faso-les-etalons-boycottent-la-presse"},"modified":"2023-03-28T19:39:51","modified_gmt":"2023-03-28T19:39:51","slug":"togo-vs-burkina-faso-les-etalons-boycottent-la-presse","status":"publish","type":"post","link":"https:\/\/www.africa-press.net\/togo\/toutes-les-actualites\/togo-vs-burkina-faso-les-etalons-boycottent-la-presse","title":{"rendered":"Togo vs Burkina Faso : Les \u00c9talons boycottent la presse"},"content":{"rendered":"<p><span style=\"color: #ff6600\"><strong>Africa-Press &#8211; Togo. <\/strong><\/span><b>Visiblement, les Etalons du Burkina Faso ne veulent pas de\u0301voiler leur plan a\u0300 l\u2019adversaire. L\u2019e\u0301quipe burkinabe\u0301 qui affronte le Togo ce mardi 28 mars 2023 dans le cadre des E\u0301liminatoires de la Coupe d\u2019Afrique des Nations, CAN 2023, a de\u0301cide\u0301 de ne pas participer a\u0300 la confe\u0301rence de presse d\u2019avant-match pre\u0301vue lundi soir au Stade de Ke\u0301gue\u0301 a\u0300 Lome\u0301. <\/b><\/p>\n<p>En effet, l\u2019e\u0301quipe de Hubert Velud a pluto\u0302t pre\u0301fe\u0301re\u0301 proce\u0301der a\u0300 l\u2019entrai\u0302nement alors qu\u2019elle e\u0301tait attendue par la presse, majoritairement togolaise.<\/p>\n<p>Cependant, Paulo Duarte honorera le rendez-vous avec David Henen. Les E\u0301perviers ont e\u0301galement e\u0301vite\u0301 d\u2019entrer dans trop de de\u0301tails sur le plan de la journe\u0301e.<\/p>\n<p>\u00ab On va essayer de re\u0301pe\u0301ter ce qu\u2019on a pu bien faire la semaine pre\u0301ce\u0301dente et juste terminer les actions. Demain c\u2019est une finale pour nous et on va essayer de faire le maximum pour pouvoir prendre les trois points \u00bb, a confie\u0301 David Henen.<\/p>\n<p>Le technicien de\u0301plore quant a\u0300 lui le fait que les E\u0301perviers aient re\u0301ussi a\u0300 se cre\u0301er des occasions lors du dernier match, mais n\u2019aient pas parvenu a\u0300 les concre\u0301tiser. Si Paulo Duarte promet des ame\u0301liorations ce mardi, il ne faut pas s\u2019attendre a\u0300 un changement majeur dans l\u2019e\u0301quipe ou dans ce jeu. \u00ab On ne va pas beaucoup changer nos syste\u0300mes \u00bb, a-t-il indique\u0301.<\/p>\n<p>Pour rappel, le match de ce mardi 28 mars est pre\u0301vu a\u0300 19h00 au stade de Ke\u0301gue\u0301 a\u0300 Lome\u0301. Dans le groupe B mene\u0301 par le Burkina-Faso (9pts), le Togo reste dernier avec un seul point. Le Cap-Vert a jusqu\u2019a\u0300 pre\u0301sent totalise\u0301 4 points tandis qu\u2019Eswatini en a deux.<\/p>\n<p><strong>Pour plus d&rsquo;informations et d&rsquo;analyses sur la <a href=\"https:\/\/www.africa-press.net\/togo\">Togo<\/a>, suivez <a href=\"https:\/\/www.africa-press.net\/\">Africa-Press<\/a><\/strong><\/p>\n","protected":false},"excerpt":{"rendered":"<p>Africa-Press &#8211; Togo. Visiblement, les Etalons du Burkina Faso ne veulent pas de\u0301voiler leur plan a\u0300 l\u2019adversaire. L\u2019e\u0301quipe burkinabe\u0301 qui affronte le Togo ce mardi 28 mars 2023 dans le cadre des E\u0301liminatoires de la Coupe d\u2019Afrique des Nations, CAN 2023, a de\u0301cide\u0301 de ne pas participer a\u0300 la confe\u0301rence de presse d\u2019avant-match pre\u0301vue lundi [&hellip;]<\/p>\n","protected":false},"author":82,"featured_media":19016,"comment_status":"open","ping_status":"closed","sticky":false,"template":"","format":"standard","meta":{"footnotes":""},"categories":[21,10],"tags":[36,49,50],"class_list":["post-19018","post","type-post","status-publish","format-standard","has-post-thumbnail","hentry","category-communaute","category-toutes-les-actualites","tag-africa-press","tag-africa-press-togo","tag-togo"],"yoast_head":"<!-- This site is optimized with the Yoast SEO Premium plugin v26.1 (Yoast SEO v27.0) - https:\/\/yoast.com\/product\/yoast-seo-premium-wordpress\/ -->\n<title>Togo vs Burkina Faso : Les \u00c9talons boycottent la presse - Togo<\/title>\n<meta name=\"description\" content=\"Visiblement, les Etalons du Burkina Faso ne veulent pas de\u0301voiler leur plan a\u0300 l\u2019adversaire. L\u2019e\u0301quipe burkinabe\u0301 qui ...\" \/>\n<meta name=\"robots\" content=\"index, follow, max-snippet:-1, max-image-preview:large, max-video-preview:-1\" \/>\n<link rel=\"canonical\" href=\"https:\/\/www.africa-press.net\/togo\/toutes-les-actualites\/togo-vs-burkina-faso-les-etalons-boycottent-la-presse\" \/>\n<meta property=\"og:locale\" content=\"fr_FR\" \/>\n<meta property=\"og:type\" content=\"article\" \/>\n<meta property=\"og:title\" content=\"Togo vs Burkina Faso : Les \u00c9talons boycottent la presse\" \/>\n<meta property=\"og:description\" content=\"Visiblement, les Etalons du Burkina Faso ne veulent pas de\u0301voiler leur plan a\u0300 l\u2019adversaire. L\u2019e\u0301quipe burkinabe\u0301 qui ...\" \/>\n<meta property=\"og:url\" content=\"https:\/\/www.africa-press.net\/togo\/toutes-les-actualites\/togo-vs-burkina-faso-les-etalons-boycottent-la-presse\" \/>\n<meta property=\"og:site_name\" content=\"Togo\" \/>\n<meta property=\"article:published_time\" content=\"2023-03-28T12:42:07+00:00\" \/>\n<meta property=\"article:modified_time\" content=\"2023-03-28T19:39:51+00:00\" \/>\n<meta property=\"og:image\" content=\"https:\/\/static.africa-press.net\/togo\/sites\/58\/2023\/03\/postQueueImg_1679994732.03.jpg\" \/>\n\t<meta property=\"og:image:width\" content=\"1728\" \/>\n\t<meta property=\"og:image:height\" content=\"1152\" \/>\n\t<meta property=\"og:image:type\" content=\"image\/jpeg\" \/>\n<meta name=\"author\" content=\"cfeditorfr\" \/>\n<meta name=\"twitter:card\" content=\"summary_large_image\" \/>\n<meta name=\"twitter:label1\" content=\"\u00c9crit par\" \/>\n\t<meta name=\"twitter:data1\" content=\"cfeditorfr\" \/>\n\t<meta name=\"twitter:label2\" content=\"Dur\u00e9e de lecture estim\u00e9e\" \/>\n\t<meta name=\"twitter:data2\" content=\"2 minutes\" \/>\n<script type=\"application\/ld+json\" class=\"yoast-schema-graph\">{\"@context\":\"https:\/\/schema.org\",\"@graph\":[{\"@type\":\"Article\",\"@id\":\"https:\/\/www.africa-press.net\/togo\/toutes-les-actualites\/togo-vs-burkina-faso-les-etalons-boycottent-la-presse#article\",\"isPartOf\":{\"@id\":\"https:\/\/www.africa-press.net\/togo\/toutes-les-actualites\/togo-vs-burkina-faso-les-etalons-boycottent-la-presse\"},\"author\":{\"name\":\"cfeditorfr\",\"@id\":\"https:\/\/www.africa-press.net\/togo\/#\/schema\/person\/2b1cf3cd81a31e3cd26889ca66d677f1\"},\"headline\":\"Togo vs Burkina Faso : Les \u00c9talons boycottent la presse\",\"datePublished\":\"2023-03-28T12:42:07+00:00\",\"dateModified\":\"2023-03-28T19:39:51+00:00\",\"mainEntityOfPage\":{\"@id\":\"https:\/\/www.africa-press.net\/togo\/toutes-les-actualites\/togo-vs-burkina-faso-les-etalons-boycottent-la-presse\"},\"wordCount\":327,\"commentCount\":0,\"image\":{\"@id\":\"https:\/\/www.africa-press.net\/togo\/toutes-les-actualites\/togo-vs-burkina-faso-les-etalons-boycottent-la-presse#primaryimage\"},\"thumbnailUrl\":\"https:\/\/static.africa-press.net\/togo\/sites\/58\/2023\/03\/postQueueImg_1679994732.03.jpg\",\"keywords\":[\"Africa Press\",\"Africa Press-Togo\",\"Togo\"],\"articleSection\":[\"Communaut\u00e9\",\"Toutes les actualit\u00e9s\"],\"inLanguage\":\"fr-FR\",\"potentialAction\":[{\"@type\":\"CommentAction\",\"name\":\"Comment\",\"target\":[\"https:\/\/www.africa-press.net\/togo\/toutes-les-actualites\/togo-vs-burkina-faso-les-etalons-boycottent-la-presse#respond\"]}]},{\"@type\":\"WebPage\",\"@id\":\"https:\/\/www.africa-press.net\/togo\/toutes-les-actualites\/togo-vs-burkina-faso-les-etalons-boycottent-la-presse\",\"url\":\"https:\/\/www.africa-press.net\/togo\/toutes-les-actualites\/togo-vs-burkina-faso-les-etalons-boycottent-la-presse\",\"name\":\"Togo vs Burkina Faso : Les \u00c9talons boycottent la presse - Togo\",\"isPartOf\":{\"@id\":\"https:\/\/www.africa-press.net\/togo\/#website\"},\"primaryImageOfPage\":{\"@id\":\"https:\/\/www.africa-press.net\/togo\/toutes-les-actualites\/togo-vs-burkina-faso-les-etalons-boycottent-la-presse#primaryimage\"},\"image\":{\"@id\":\"https:\/\/www.africa-press.net\/togo\/toutes-les-actualites\/togo-vs-burkina-faso-les-etalons-boycottent-la-presse#primaryimage\"},\"thumbnailUrl\":\"https:\/\/static.africa-press.net\/togo\/sites\/58\/2023\/03\/postQueueImg_1679994732.03.jpg\",\"datePublished\":\"2023-03-28T12:42:07+00:00\",\"dateModified\":\"2023-03-28T19:39:51+00:00\",\"author\":{\"@id\":\"https:\/\/www.africa-press.net\/togo\/#\/schema\/person\/2b1cf3cd81a31e3cd26889ca66d677f1\"},\"description\":\"Visiblement, les Etalons du Burkina Faso ne veulent pas de\u0301voiler leur plan a\u0300 l\u2019adversaire. L\u2019e\u0301quipe burkinabe\u0301 qui ...\",\"breadcrumb\":{\"@id\":\"https:\/\/www.africa-press.net\/togo\/toutes-les-actualites\/togo-vs-burkina-faso-les-etalons-boycottent-la-presse#breadcrumb\"},\"inLanguage\":\"fr-FR\",\"potentialAction\":[{\"@type\":\"ReadAction\",\"target\":[\"https:\/\/www.africa-press.net\/togo\/toutes-les-actualites\/togo-vs-burkina-faso-les-etalons-boycottent-la-presse\"]}]},{\"@type\":\"ImageObject\",\"inLanguage\":\"fr-FR\",\"@id\":\"https:\/\/www.africa-press.net\/togo\/toutes-les-actualites\/togo-vs-burkina-faso-les-etalons-boycottent-la-presse#primaryimage\",\"url\":\"https:\/\/static.africa-press.net\/togo\/sites\/58\/2023\/03\/postQueueImg_1679994732.03.jpg\",\"contentUrl\":\"https:\/\/static.africa-press.net\/togo\/sites\/58\/2023\/03\/postQueueImg_1679994732.03.jpg\",\"width\":1728,\"height\":1152,\"caption\":\"Togo vs Burkina Faso : Les \u00c9talons boycottent la presse\"},{\"@type\":\"BreadcrumbList\",\"@id\":\"https:\/\/www.africa-press.net\/togo\/toutes-les-actualites\/togo-vs-burkina-faso-les-etalons-boycottent-la-presse#breadcrumb\",\"itemListElement\":[{\"@type\":\"ListItem\",\"position\":1,\"name\":\"Accueil\",\"item\":\"https:\/\/www.africa-press.net\/togo\/\"},{\"@type\":\"ListItem\",\"position\":2,\"name\":\"Togo vs Burkina Faso : Les \u00c9talons boycottent la presse\"}]},{\"@type\":\"WebSite\",\"@id\":\"https:\/\/www.africa-press.net\/togo\/#website\",\"url\":\"https:\/\/www.africa-press.net\/togo\/\",\"name\":\"Togo\",\"description\":\"Just another Africa News Agency Sites site\",\"potentialAction\":[{\"@type\":\"SearchAction\",\"target\":{\"@type\":\"EntryPoint\",\"urlTemplate\":\"https:\/\/www.africa-press.net\/togo\/?s={search_term_string}\"},\"query-input\":{\"@type\":\"PropertyValueSpecification\",\"valueRequired\":true,\"valueName\":\"search_term_string\"}}],\"inLanguage\":\"fr-FR\"},{\"@type\":\"Person\",\"@id\":\"https:\/\/www.africa-press.net\/togo\/#\/schema\/person\/2b1cf3cd81a31e3cd26889ca66d677f1\",\"name\":\"cfeditorfr\"}]}<\/script>\n<!-- \/ Yoast SEO Premium plugin. -->","yoast_head_json":{"title":"Togo vs Burkina Faso : Les \u00c9talons boycottent la presse - Togo","description":"Visiblement, les Etalons du Burkina Faso ne veulent pas de\u0301voiler leur plan a\u0300 l\u2019adversaire. L\u2019e\u0301quipe burkinabe\u0301 qui ...","robots":{"index":"index","follow":"follow","max-snippet":"max-snippet:-1","max-image-preview":"max-image-preview:large","max-video-preview":"max-video-preview:-1"},"canonical":"https:\/\/www.africa-press.net\/togo\/toutes-les-actualites\/togo-vs-burkina-faso-les-etalons-boycottent-la-presse","og_locale":"fr_FR","og_type":"article","og_title":"Togo vs Burkina Faso : Les \u00c9talons boycottent la presse","og_description":"Visiblement, les Etalons du Burkina Faso ne veulent pas de\u0301voiler leur plan a\u0300 l\u2019adversaire. L\u2019e\u0301quipe burkinabe\u0301 qui ...","og_url":"https:\/\/www.africa-press.net\/togo\/toutes-les-actualites\/togo-vs-burkina-faso-les-etalons-boycottent-la-presse","og_site_name":"Togo","article_published_time":"2023-03-28T12:42:07+00:00","article_modified_time":"2023-03-28T19:39:51+00:00","og_image":[{"width":1728,"height":1152,"url":"https:\/\/static.africa-press.net\/togo\/sites\/58\/2023\/03\/postQueueImg_1679994732.03.jpg","type":"image\/jpeg"}],"author":"cfeditorfr","twitter_card":"summary_large_image","twitter_misc":{"\u00c9crit par":"cfeditorfr","Dur\u00e9e de lecture estim\u00e9e":"2 minutes"},"schema":{"@context":"https:\/\/schema.org","@graph":[{"@type":"Article","@id":"https:\/\/www.africa-press.net\/togo\/toutes-les-actualites\/togo-vs-burkina-faso-les-etalons-boycottent-la-presse#article","isPartOf":{"@id":"https:\/\/www.africa-press.net\/togo\/toutes-les-actualites\/togo-vs-burkina-faso-les-etalons-boycottent-la-presse"},"author":{"name":"cfeditorfr","@id":"https:\/\/www.africa-press.net\/togo\/#\/schema\/person\/2b1cf3cd81a31e3cd26889ca66d677f1"},"headline":"Togo vs Burkina Faso : Les \u00c9talons boycottent la presse","datePublished":"2023-03-28T12:42:07+00:00","dateModified":"2023-03-28T19:39:51+00:00","mainEntityOfPage":{"@id":"https:\/\/www.africa-press.net\/togo\/toutes-les-actualites\/togo-vs-burkina-faso-les-etalons-boycottent-la-presse"},"wordCount":327,"commentCount":0,"image":{"@id":"https:\/\/www.africa-press.net\/togo\/toutes-les-actualites\/togo-vs-burkina-faso-les-etalons-boycottent-la-presse#primaryimage"},"thumbnailUrl":"https:\/\/static.africa-press.net\/togo\/sites\/58\/2023\/03\/postQueueImg_1679994732.03.jpg","keywords":["Africa Press","Africa Press-Togo","Togo"],"articleSection":["Communaut\u00e9","Toutes les actualit\u00e9s"],"inLanguage":"fr-FR","potentialAction":[{"@type":"CommentAction","name":"Comment","target":["https:\/\/www.africa-press.net\/togo\/toutes-les-actualites\/togo-vs-burkina-faso-les-etalons-boycottent-la-presse#respond"]}]},{"@type":"WebPage","@id":"https:\/\/www.africa-press.net\/togo\/toutes-les-actualites\/togo-vs-burkina-faso-les-etalons-boycottent-la-presse","url":"https:\/\/www.africa-press.net\/togo\/toutes-les-actualites\/togo-vs-burkina-faso-les-etalons-boycottent-la-presse","name":"Togo vs Burkina Faso : Les \u00c9talons boycottent la presse - Togo","isPartOf":{"@id":"https:\/\/www.africa-press.net\/togo\/#website"},"primaryImageOfPage":{"@id":"https:\/\/www.africa-press.net\/togo\/toutes-les-actualites\/togo-vs-burkina-faso-les-etalons-boycottent-la-presse#primaryimage"},"image":{"@id":"https:\/\/www.africa-press.net\/togo\/toutes-les-actualites\/togo-vs-burkina-faso-les-etalons-boycottent-la-presse#primaryimage"},"thumbnailUrl":"https:\/\/static.africa-press.net\/togo\/sites\/58\/2023\/03\/postQueueImg_1679994732.03.jpg","datePublished":"2023-03-28T12:42:07+00:00","dateModified":"2023-03-28T19:39:51+00:00","author":{"@id":"https:\/\/www.africa-press.net\/togo\/#\/schema\/person\/2b1cf3cd81a31e3cd26889ca66d677f1"},"description":"Visiblement, les Etalons du Burkina Faso ne veulent pas de\u0301voiler leur plan a\u0300 l\u2019adversaire. L\u2019e\u0301quipe burkinabe\u0301 qui ...","breadcrumb":{"@id":"https:\/\/www.africa-press.net\/togo\/toutes-les-actualites\/togo-vs-burkina-faso-les-etalons-boycottent-la-presse#breadcrumb"},"inLanguage":"fr-FR","potentialAction":[{"@type":"ReadAction","target":["https:\/\/www.africa-press.net\/togo\/toutes-les-actualites\/togo-vs-burkina-faso-les-etalons-boycottent-la-presse"]}]},{"@type":"ImageObject","inLanguage":"fr-FR","@id":"https:\/\/www.africa-press.net\/togo\/toutes-les-actualites\/togo-vs-burkina-faso-les-etalons-boycottent-la-presse#primaryimage","url":"https:\/\/static.africa-press.net\/togo\/sites\/58\/2023\/03\/postQueueImg_1679994732.03.jpg","contentUrl":"https:\/\/static.africa-press.net\/togo\/sites\/58\/2023\/03\/postQueueImg_1679994732.03.jpg","width":1728,"height":1152,"caption":"Togo vs Burkina Faso : Les \u00c9talons boycottent la presse"},{"@type":"BreadcrumbList","@id":"https:\/\/www.africa-press.net\/togo\/toutes-les-actualites\/togo-vs-burkina-faso-les-etalons-boycottent-la-presse#breadcrumb","itemListElement":[{"@type":"ListItem","position":1,"name":"Accueil","item":"https:\/\/www.africa-press.net\/togo\/"},{"@type":"ListItem","position":2,"name":"Togo vs Burkina Faso : Les \u00c9talons boycottent la presse"}]},{"@type":"WebSite","@id":"https:\/\/www.africa-press.net\/togo\/#website","url":"https:\/\/www.africa-press.net\/togo\/","name":"Togo","description":"Just another Africa News Agency Sites site","potentialAction":[{"@type":"SearchAction","target":{"@type":"EntryPoint","urlTemplate":"https:\/\/www.africa-press.net\/togo\/?s={search_term_string}"},"query-input":{"@type":"PropertyValueSpecification","valueRequired":true,"valueName":"search_term_string"}}],"inLanguage":"fr-FR"},{"@type":"Person","@id":"https:\/\/www.africa-press.net\/togo\/#\/schema\/person\/2b1cf3cd81a31e3cd26889ca66d677f1","name":"cfeditorfr"}]}},"_links":{"self":[{"href":"https:\/\/www.africa-press.net\/togo\/wp-json\/wp\/v2\/posts\/19018","targetHints":{"allow":["GET"]}}],"collection":[{"href":"https:\/\/www.africa-press.net\/togo\/wp-json\/wp\/v2\/posts"}],"about":[{"href":"https:\/\/www.africa-press.net\/togo\/wp-json\/wp\/v2\/types\/post"}],"author":[{"embeddable":true,"href":"https:\/\/www.africa-press.net\/togo\/wp-json\/wp\/v2\/users\/82"}],"replies":[{"embeddable":true,"href":"https:\/\/www.africa-press.net\/togo\/wp-json\/wp\/v2\/comments?post=19018"}],"version-history":[{"count":0,"href":"https:\/\/www.africa-press.net\/togo\/wp-json\/wp\/v2\/posts\/19018\/revisions"}],"wp:featuredmedia":[{"embeddable":true,"href":"https:\/\/www.africa-press.net\/togo\/wp-json\/wp\/v2\/media\/19016"}],"wp:attachment":[{"href":"https:\/\/www.africa-press.net\/togo\/wp-json\/wp\/v2\/media?parent=19018"}],"wp:term":[{"taxonomy":"category","embeddable":true,"href":"https:\/\/www.africa-press.net\/togo\/wp-json\/wp\/v2\/categories?post=19018"},{"taxonomy":"post_tag","embeddable":true,"href":"https:\/\/www.africa-press.net\/togo\/wp-json\/wp\/v2\/tags?post=19018"}],"curies":[{"name":"wp","href":"https:\/\/api.w.org\/{rel}","templated":true}]}}