{"id":19023,"date":"2023-03-28T12:42:14","date_gmt":"2023-03-28T12:42:14","guid":{"rendered":"https:\/\/www.africa-press.net\/togo\/politique\/togo-asvitto-salue-la-fin-de-la-detention-arbitraire-de-kpatcha"},"modified":"2023-03-28T19:40:24","modified_gmt":"2023-03-28T19:40:24","slug":"togo-asvitto-salue-la-fin-de-la-detention-arbitraire-de-kpatcha","status":"publish","type":"post","link":"https:\/\/www.africa-press.net\/togo\/toutes-les-actualites\/togo-asvitto-salue-la-fin-de-la-detention-arbitraire-de-kpatcha","title":{"rendered":"Togo-ASVITTO salue la fin de la \u00ab d\u00e9tention arbitraire \u00bb de Kpatcha"},"content":{"rendered":"<p><span style=\"color: #ff6600\"><strong>Africa-Press &#8211; Togo. <\/strong><\/span><b>Arre\u0302te\u0301 le 17 avril 2009 dans une fameuse affaire d\u2019atteinte a\u0300 la su\u0302rete\u0301 de l\u2019E\u0301tat, l\u2019ex-de\u0301pute\u0301 Kpatcha Gnassingbe\u0301 a e\u0301te\u0301 envoye\u0301 en terre gabonaise le jeudi 23 mars 2023 pour des raisons pour le moment inconnues. Dans une de\u0301claration, l\u2019Association des Victimes de la Torture au Togo (ASVITTO) se prononce sur le sujet. Tout en saluant ce geste du chef de l\u2019Etat, l\u2019association de Kao Atcholi plaide e\u0301galement pour la libe\u0301ration des 2 code\u0301tenus du demi-fre\u0300re de Faure Gnassingbe\u0301. Lecture<\/b>.<\/p>\n<p>DECLARATION RELATIVE A LA LIBERATION ET AU DEPART DU DEPUTE KPATCHA GNASSINGBE VERS LE GABON<\/p>\n<p>L\u2019ASVITTO salue la fin d\u2019une de\u0301tention arbitraire et invite le Chef de l\u2019E\u0301tat a\u0300 e\u0301tendre cette action aux autres prisonniers politiques.<\/p>\n<p>Arre\u0302te\u0301 le 17 avril 2009 au sein de l\u2019Ambassade des USA au Togo dans une affaire d\u2019atteinte a\u0300 la su\u0302rete\u0301 de l\u2019E\u0301tat qui a de\u0301fraye\u0301 la chronique en son temps, l\u2019ancien de\u0301pute\u0301 Kpatcha Gnassingbe\u0301, demi-fre\u0300re du pre\u0301sident de la Re\u0301publique a e\u0301te\u0301 envoye\u0301 en terre gabonaise ce jeudi 23 mars 2023 pour des raisons pour le moment inconnues.<\/p>\n<p>Pour l\u2019ASVITTO, ce prisonnier e\u0301tait en de\u0301tention arbitraire depuis la de\u0301cision de la Cour de justice de la CEDEAO datant de juillet 2013, une de\u0301cision qui a e\u0301te\u0301 confirme\u0301e par le Groupe de travail de l\u2019ONU sur les de\u0301tentions arbitraires dans un avis en 2014. En tout e\u0301tat de cause, M. Kpatcha Gnassingbe\u0301, ATTI Abi et DONTEMA Kokou Tchaa e\u0301taient en de\u0301tention arbitraire et ce qui est reste\u0301 constant a\u0300 ce jour, c\u2019est que, aucun acte judiciaire n\u2019explique leur maintien en de\u0301tention. Ce qui d\u2019ailleurs, conforte la the\u0300se de la conscience collective qu\u2019ils sont des prisonniers personnels des mains invisibles qui tirent sournoisement les ficelles.<\/p>\n<p>L\u2019ASVITTO tient a\u0300 saluer la sagesse du Chef de l\u2019E\u0301tat, S.E.M. Faure Gnassingbe\u0301 pour la solution de sortie, et l\u2019encourage a\u0300 e\u0301tendre sans attendre, cette sagesse aux deux code\u0301tenus de son demi-fre\u0300re, pour ne pas donner l\u2019impression d\u2019une discrimination se\u0301lective sur fond d\u2019inte\u0301re\u0302t familial.<\/p>\n<p>L\u2019ASVITTO voudrait exprimer par la me\u0302me occasion ses remerciements a\u0300 Amnesty International qui s\u2019est particulie\u0300rement distingue\u0301e depuis 2009, sans commune mesure a\u0300 travers son investissement pour la de\u0301fense des personnes interpelle\u0301es dans cette affaire.<\/p>\n<p>L\u2019ASVITTO voudrait exprimer sa gratitude aux avocats qui ont e\u0301galement su donner le meilleur d\u2019eux-me\u0302mes pour la me\u0302me cause.<\/p>\n<p>Enfin, l\u2019ASVITTO invite le Chef de l\u2019E\u0301tat a\u0300 rassurer l\u2019opinion nationale et internationale qu\u2019il ne s\u2019agit pas d\u2019une \u201cde\u0301portation\u201d en proce\u0301dant a\u0300 la libe\u0301ration des 2 code\u0301tenus notamment le Cdt ATTI Abi et le Cne DONTEMA Kokou Tchaa, autrement la the\u0300se de la de\u0301portation serait plausible et notre pays sera encore la rise\u0301e devant ses pairs.<\/p>\n<p>Il ne serait pas superfe\u0301tatoire d\u2019inviter encore une fois le chef de l\u2019E\u0301tat a\u0300 se reve\u0302tir conforme\u0301ment aux usages constitutionnels de sa toge de 1er magistrat du pays, en se conformant aux pertinentes dispositions de la constitution du 14 octobre 1992 en matie\u0300re de de\u0301tention arbitraire et aux obligations internationales de l\u2019Etat-partie aux conventions et traite\u0301s relatifs y affe\u0301rents, et a\u0300 mettre fin a\u0300 la de\u0301tention arbitraire de tous de\u0301tenus politiques<\/p>\n<p><strong>Pour plus d&rsquo;informations et d&rsquo;analyses sur la <a href=\"https:\/\/www.africa-press.net\/togo\">Togo<\/a>, suivez <a href=\"https:\/\/www.africa-press.net\/\">Africa-Press<\/a><\/strong><\/p>\n","protected":false},"excerpt":{"rendered":"<p>Africa-Press &#8211; Togo. Arre\u0302te\u0301 le 17 avril 2009 dans une fameuse affaire d\u2019atteinte a\u0300 la su\u0302rete\u0301 de l\u2019E\u0301tat, l\u2019ex-de\u0301pute\u0301 Kpatcha Gnassingbe\u0301 a e\u0301te\u0301 envoye\u0301 en terre gabonaise le jeudi 23 mars 2023 pour des raisons pour le moment inconnues. Dans une de\u0301claration, l\u2019Association des Victimes de la Torture au Togo (ASVITTO) se prononce sur le [&hellip;]<\/p>\n","protected":false},"author":82,"featured_media":19021,"comment_status":"open","ping_status":"closed","sticky":false,"template":"","format":"standard","meta":{"footnotes":""},"categories":[21,10],"tags":[36,49,50],"class_list":["post-19023","post","type-post","status-publish","format-standard","has-post-thumbnail","hentry","category-communaute","category-toutes-les-actualites","tag-africa-press","tag-africa-press-togo","tag-togo"],"yoast_head":"<!-- This site is optimized with the Yoast SEO Premium plugin v26.1 (Yoast SEO v27.0) - https:\/\/yoast.com\/product\/yoast-seo-premium-wordpress\/ -->\n<title>Togo-ASVITTO salue la fin de la \u00ab d\u00e9tention arbitraire \u00bb de Kpatcha - Togo<\/title>\n<meta name=\"description\" content=\"Arre\u0302te\u0301 le 17 avril 2009 dans une fameuse affaire d\u2019atteinte a\u0300 la su\u0302rete\u0301 de l\u2019E\u0301tat, l\u2019ex-de\u0301pute\u0301 Kpatcha Gnassi ...\" \/>\n<meta name=\"robots\" content=\"index, follow, max-snippet:-1, max-image-preview:large, max-video-preview:-1\" \/>\n<link rel=\"canonical\" href=\"https:\/\/www.africa-press.net\/togo\/toutes-les-actualites\/togo-asvitto-salue-la-fin-de-la-detention-arbitraire-de-kpatcha\" \/>\n<meta property=\"og:locale\" content=\"fr_FR\" \/>\n<meta property=\"og:type\" content=\"article\" \/>\n<meta property=\"og:title\" content=\"Togo-ASVITTO salue la fin de la \u00ab d\u00e9tention arbitraire \u00bb de Kpatcha\" \/>\n<meta property=\"og:description\" content=\"Arre\u0302te\u0301 le 17 avril 2009 dans une fameuse affaire d\u2019atteinte a\u0300 la su\u0302rete\u0301 de l\u2019E\u0301tat, l\u2019ex-de\u0301pute\u0301 Kpatcha Gnassi ...\" \/>\n<meta property=\"og:url\" content=\"https:\/\/www.africa-press.net\/togo\/toutes-les-actualites\/togo-asvitto-salue-la-fin-de-la-detention-arbitraire-de-kpatcha\" \/>\n<meta property=\"og:site_name\" content=\"Togo\" \/>\n<meta property=\"article:published_time\" content=\"2023-03-28T12:42:14+00:00\" \/>\n<meta property=\"article:modified_time\" content=\"2023-03-28T19:40:24+00:00\" \/>\n<meta property=\"og:image\" content=\"https:\/\/static.africa-press.net\/togo\/sites\/58\/2023\/03\/postQueueImg_1679994741.78.jpg\" \/>\n\t<meta property=\"og:image:width\" content=\"1280\" \/>\n\t<meta property=\"og:image:height\" content=\"800\" \/>\n\t<meta property=\"og:image:type\" content=\"image\/jpeg\" \/>\n<meta name=\"author\" content=\"cfeditorfr\" \/>\n<meta name=\"twitter:card\" content=\"summary_large_image\" \/>\n<meta name=\"twitter:label1\" content=\"\u00c9crit par\" \/>\n\t<meta name=\"twitter:data1\" content=\"cfeditorfr\" \/>\n\t<meta name=\"twitter:label2\" content=\"Dur\u00e9e de lecture estim\u00e9e\" \/>\n\t<meta name=\"twitter:data2\" content=\"3 minutes\" \/>\n<script type=\"application\/ld+json\" class=\"yoast-schema-graph\">{\"@context\":\"https:\/\/schema.org\",\"@graph\":[{\"@type\":\"Article\",\"@id\":\"https:\/\/www.africa-press.net\/togo\/toutes-les-actualites\/togo-asvitto-salue-la-fin-de-la-detention-arbitraire-de-kpatcha#article\",\"isPartOf\":{\"@id\":\"https:\/\/www.africa-press.net\/togo\/toutes-les-actualites\/togo-asvitto-salue-la-fin-de-la-detention-arbitraire-de-kpatcha\"},\"author\":{\"name\":\"cfeditorfr\",\"@id\":\"https:\/\/www.africa-press.net\/togo\/#\/schema\/person\/2b1cf3cd81a31e3cd26889ca66d677f1\"},\"headline\":\"Togo-ASVITTO salue la fin de la \u00ab d\u00e9tention arbitraire \u00bb de Kpatcha\",\"datePublished\":\"2023-03-28T12:42:14+00:00\",\"dateModified\":\"2023-03-28T19:40:24+00:00\",\"mainEntityOfPage\":{\"@id\":\"https:\/\/www.africa-press.net\/togo\/toutes-les-actualites\/togo-asvitto-salue-la-fin-de-la-detention-arbitraire-de-kpatcha\"},\"wordCount\":621,\"commentCount\":0,\"image\":{\"@id\":\"https:\/\/www.africa-press.net\/togo\/toutes-les-actualites\/togo-asvitto-salue-la-fin-de-la-detention-arbitraire-de-kpatcha#primaryimage\"},\"thumbnailUrl\":\"https:\/\/static.africa-press.net\/togo\/sites\/58\/2023\/03\/postQueueImg_1679994741.78.jpg\",\"keywords\":[\"Africa Press\",\"Africa Press-Togo\",\"Togo\"],\"articleSection\":[\"Communaut\u00e9\",\"Toutes les actualit\u00e9s\"],\"inLanguage\":\"fr-FR\",\"potentialAction\":[{\"@type\":\"CommentAction\",\"name\":\"Comment\",\"target\":[\"https:\/\/www.africa-press.net\/togo\/toutes-les-actualites\/togo-asvitto-salue-la-fin-de-la-detention-arbitraire-de-kpatcha#respond\"]}]},{\"@type\":\"WebPage\",\"@id\":\"https:\/\/www.africa-press.net\/togo\/toutes-les-actualites\/togo-asvitto-salue-la-fin-de-la-detention-arbitraire-de-kpatcha\",\"url\":\"https:\/\/www.africa-press.net\/togo\/toutes-les-actualites\/togo-asvitto-salue-la-fin-de-la-detention-arbitraire-de-kpatcha\",\"name\":\"Togo-ASVITTO salue la fin de la \u00ab d\u00e9tention arbitraire \u00bb de Kpatcha - Togo\",\"isPartOf\":{\"@id\":\"https:\/\/www.africa-press.net\/togo\/#website\"},\"primaryImageOfPage\":{\"@id\":\"https:\/\/www.africa-press.net\/togo\/toutes-les-actualites\/togo-asvitto-salue-la-fin-de-la-detention-arbitraire-de-kpatcha#primaryimage\"},\"image\":{\"@id\":\"https:\/\/www.africa-press.net\/togo\/toutes-les-actualites\/togo-asvitto-salue-la-fin-de-la-detention-arbitraire-de-kpatcha#primaryimage\"},\"thumbnailUrl\":\"https:\/\/static.africa-press.net\/togo\/sites\/58\/2023\/03\/postQueueImg_1679994741.78.jpg\",\"datePublished\":\"2023-03-28T12:42:14+00:00\",\"dateModified\":\"2023-03-28T19:40:24+00:00\",\"author\":{\"@id\":\"https:\/\/www.africa-press.net\/togo\/#\/schema\/person\/2b1cf3cd81a31e3cd26889ca66d677f1\"},\"description\":\"Arre\u0302te\u0301 le 17 avril 2009 dans une fameuse affaire d\u2019atteinte a\u0300 la su\u0302rete\u0301 de l\u2019E\u0301tat, l\u2019ex-de\u0301pute\u0301 Kpatcha Gnassi ...\",\"breadcrumb\":{\"@id\":\"https:\/\/www.africa-press.net\/togo\/toutes-les-actualites\/togo-asvitto-salue-la-fin-de-la-detention-arbitraire-de-kpatcha#breadcrumb\"},\"inLanguage\":\"fr-FR\",\"potentialAction\":[{\"@type\":\"ReadAction\",\"target\":[\"https:\/\/www.africa-press.net\/togo\/toutes-les-actualites\/togo-asvitto-salue-la-fin-de-la-detention-arbitraire-de-kpatcha\"]}]},{\"@type\":\"ImageObject\",\"inLanguage\":\"fr-FR\",\"@id\":\"https:\/\/www.africa-press.net\/togo\/toutes-les-actualites\/togo-asvitto-salue-la-fin-de-la-detention-arbitraire-de-kpatcha#primaryimage\",\"url\":\"https:\/\/static.africa-press.net\/togo\/sites\/58\/2023\/03\/postQueueImg_1679994741.78.jpg\",\"contentUrl\":\"https:\/\/static.africa-press.net\/togo\/sites\/58\/2023\/03\/postQueueImg_1679994741.78.jpg\",\"width\":1280,\"height\":800,\"caption\":\"Togo-ASVITTO salue la fin de la \u00ab d\u00e9tention arbitraire \u00bb de Kpatcha\"},{\"@type\":\"BreadcrumbList\",\"@id\":\"https:\/\/www.africa-press.net\/togo\/toutes-les-actualites\/togo-asvitto-salue-la-fin-de-la-detention-arbitraire-de-kpatcha#breadcrumb\",\"itemListElement\":[{\"@type\":\"ListItem\",\"position\":1,\"name\":\"Accueil\",\"item\":\"https:\/\/www.africa-press.net\/togo\/\"},{\"@type\":\"ListItem\",\"position\":2,\"name\":\"Togo-ASVITTO salue la fin de la \u00ab d\u00e9tention arbitraire \u00bb de Kpatcha\"}]},{\"@type\":\"WebSite\",\"@id\":\"https:\/\/www.africa-press.net\/togo\/#website\",\"url\":\"https:\/\/www.africa-press.net\/togo\/\",\"name\":\"Togo\",\"description\":\"Just another Africa News Agency Sites site\",\"potentialAction\":[{\"@type\":\"SearchAction\",\"target\":{\"@type\":\"EntryPoint\",\"urlTemplate\":\"https:\/\/www.africa-press.net\/togo\/?s={search_term_string}\"},\"query-input\":{\"@type\":\"PropertyValueSpecification\",\"valueRequired\":true,\"valueName\":\"search_term_string\"}}],\"inLanguage\":\"fr-FR\"},{\"@type\":\"Person\",\"@id\":\"https:\/\/www.africa-press.net\/togo\/#\/schema\/person\/2b1cf3cd81a31e3cd26889ca66d677f1\",\"name\":\"cfeditorfr\"}]}<\/script>\n<!-- \/ Yoast SEO Premium plugin. -->","yoast_head_json":{"title":"Togo-ASVITTO salue la fin de la \u00ab d\u00e9tention arbitraire \u00bb de Kpatcha - Togo","description":"Arre\u0302te\u0301 le 17 avril 2009 dans une fameuse affaire d\u2019atteinte a\u0300 la su\u0302rete\u0301 de l\u2019E\u0301tat, l\u2019ex-de\u0301pute\u0301 Kpatcha Gnassi ...","robots":{"index":"index","follow":"follow","max-snippet":"max-snippet:-1","max-image-preview":"max-image-preview:large","max-video-preview":"max-video-preview:-1"},"canonical":"https:\/\/www.africa-press.net\/togo\/toutes-les-actualites\/togo-asvitto-salue-la-fin-de-la-detention-arbitraire-de-kpatcha","og_locale":"fr_FR","og_type":"article","og_title":"Togo-ASVITTO salue la fin de la \u00ab d\u00e9tention arbitraire \u00bb de Kpatcha","og_description":"Arre\u0302te\u0301 le 17 avril 2009 dans une fameuse affaire d\u2019atteinte a\u0300 la su\u0302rete\u0301 de l\u2019E\u0301tat, l\u2019ex-de\u0301pute\u0301 Kpatcha Gnassi ...","og_url":"https:\/\/www.africa-press.net\/togo\/toutes-les-actualites\/togo-asvitto-salue-la-fin-de-la-detention-arbitraire-de-kpatcha","og_site_name":"Togo","article_published_time":"2023-03-28T12:42:14+00:00","article_modified_time":"2023-03-28T19:40:24+00:00","og_image":[{"width":1280,"height":800,"url":"https:\/\/static.africa-press.net\/togo\/sites\/58\/2023\/03\/postQueueImg_1679994741.78.jpg","type":"image\/jpeg"}],"author":"cfeditorfr","twitter_card":"summary_large_image","twitter_misc":{"\u00c9crit par":"cfeditorfr","Dur\u00e9e de lecture estim\u00e9e":"3 minutes"},"schema":{"@context":"https:\/\/schema.org","@graph":[{"@type":"Article","@id":"https:\/\/www.africa-press.net\/togo\/toutes-les-actualites\/togo-asvitto-salue-la-fin-de-la-detention-arbitraire-de-kpatcha#article","isPartOf":{"@id":"https:\/\/www.africa-press.net\/togo\/toutes-les-actualites\/togo-asvitto-salue-la-fin-de-la-detention-arbitraire-de-kpatcha"},"author":{"name":"cfeditorfr","@id":"https:\/\/www.africa-press.net\/togo\/#\/schema\/person\/2b1cf3cd81a31e3cd26889ca66d677f1"},"headline":"Togo-ASVITTO salue la fin de la \u00ab d\u00e9tention arbitraire \u00bb de Kpatcha","datePublished":"2023-03-28T12:42:14+00:00","dateModified":"2023-03-28T19:40:24+00:00","mainEntityOfPage":{"@id":"https:\/\/www.africa-press.net\/togo\/toutes-les-actualites\/togo-asvitto-salue-la-fin-de-la-detention-arbitraire-de-kpatcha"},"wordCount":621,"commentCount":0,"image":{"@id":"https:\/\/www.africa-press.net\/togo\/toutes-les-actualites\/togo-asvitto-salue-la-fin-de-la-detention-arbitraire-de-kpatcha#primaryimage"},"thumbnailUrl":"https:\/\/static.africa-press.net\/togo\/sites\/58\/2023\/03\/postQueueImg_1679994741.78.jpg","keywords":["Africa Press","Africa Press-Togo","Togo"],"articleSection":["Communaut\u00e9","Toutes les actualit\u00e9s"],"inLanguage":"fr-FR","potentialAction":[{"@type":"CommentAction","name":"Comment","target":["https:\/\/www.africa-press.net\/togo\/toutes-les-actualites\/togo-asvitto-salue-la-fin-de-la-detention-arbitraire-de-kpatcha#respond"]}]},{"@type":"WebPage","@id":"https:\/\/www.africa-press.net\/togo\/toutes-les-actualites\/togo-asvitto-salue-la-fin-de-la-detention-arbitraire-de-kpatcha","url":"https:\/\/www.africa-press.net\/togo\/toutes-les-actualites\/togo-asvitto-salue-la-fin-de-la-detention-arbitraire-de-kpatcha","name":"Togo-ASVITTO salue la fin de la \u00ab d\u00e9tention arbitraire \u00bb de Kpatcha - Togo","isPartOf":{"@id":"https:\/\/www.africa-press.net\/togo\/#website"},"primaryImageOfPage":{"@id":"https:\/\/www.africa-press.net\/togo\/toutes-les-actualites\/togo-asvitto-salue-la-fin-de-la-detention-arbitraire-de-kpatcha#primaryimage"},"image":{"@id":"https:\/\/www.africa-press.net\/togo\/toutes-les-actualites\/togo-asvitto-salue-la-fin-de-la-detention-arbitraire-de-kpatcha#primaryimage"},"thumbnailUrl":"https:\/\/static.africa-press.net\/togo\/sites\/58\/2023\/03\/postQueueImg_1679994741.78.jpg","datePublished":"2023-03-28T12:42:14+00:00","dateModified":"2023-03-28T19:40:24+00:00","author":{"@id":"https:\/\/www.africa-press.net\/togo\/#\/schema\/person\/2b1cf3cd81a31e3cd26889ca66d677f1"},"description":"Arre\u0302te\u0301 le 17 avril 2009 dans une fameuse affaire d\u2019atteinte a\u0300 la su\u0302rete\u0301 de l\u2019E\u0301tat, l\u2019ex-de\u0301pute\u0301 Kpatcha Gnassi ...","breadcrumb":{"@id":"https:\/\/www.africa-press.net\/togo\/toutes-les-actualites\/togo-asvitto-salue-la-fin-de-la-detention-arbitraire-de-kpatcha#breadcrumb"},"inLanguage":"fr-FR","potentialAction":[{"@type":"ReadAction","target":["https:\/\/www.africa-press.net\/togo\/toutes-les-actualites\/togo-asvitto-salue-la-fin-de-la-detention-arbitraire-de-kpatcha"]}]},{"@type":"ImageObject","inLanguage":"fr-FR","@id":"https:\/\/www.africa-press.net\/togo\/toutes-les-actualites\/togo-asvitto-salue-la-fin-de-la-detention-arbitraire-de-kpatcha#primaryimage","url":"https:\/\/static.africa-press.net\/togo\/sites\/58\/2023\/03\/postQueueImg_1679994741.78.jpg","contentUrl":"https:\/\/static.africa-press.net\/togo\/sites\/58\/2023\/03\/postQueueImg_1679994741.78.jpg","width":1280,"height":800,"caption":"Togo-ASVITTO salue la fin de la \u00ab d\u00e9tention arbitraire \u00bb de Kpatcha"},{"@type":"BreadcrumbList","@id":"https:\/\/www.africa-press.net\/togo\/toutes-les-actualites\/togo-asvitto-salue-la-fin-de-la-detention-arbitraire-de-kpatcha#breadcrumb","itemListElement":[{"@type":"ListItem","position":1,"name":"Accueil","item":"https:\/\/www.africa-press.net\/togo\/"},{"@type":"ListItem","position":2,"name":"Togo-ASVITTO salue la fin de la \u00ab d\u00e9tention arbitraire \u00bb de Kpatcha"}]},{"@type":"WebSite","@id":"https:\/\/www.africa-press.net\/togo\/#website","url":"https:\/\/www.africa-press.net\/togo\/","name":"Togo","description":"Just another Africa News Agency Sites site","potentialAction":[{"@type":"SearchAction","target":{"@type":"EntryPoint","urlTemplate":"https:\/\/www.africa-press.net\/togo\/?s={search_term_string}"},"query-input":{"@type":"PropertyValueSpecification","valueRequired":true,"valueName":"search_term_string"}}],"inLanguage":"fr-FR"},{"@type":"Person","@id":"https:\/\/www.africa-press.net\/togo\/#\/schema\/person\/2b1cf3cd81a31e3cd26889ca66d677f1","name":"cfeditorfr"}]}},"_links":{"self":[{"href":"https:\/\/www.africa-press.net\/togo\/wp-json\/wp\/v2\/posts\/19023","targetHints":{"allow":["GET"]}}],"collection":[{"href":"https:\/\/www.africa-press.net\/togo\/wp-json\/wp\/v2\/posts"}],"about":[{"href":"https:\/\/www.africa-press.net\/togo\/wp-json\/wp\/v2\/types\/post"}],"author":[{"embeddable":true,"href":"https:\/\/www.africa-press.net\/togo\/wp-json\/wp\/v2\/users\/82"}],"replies":[{"embeddable":true,"href":"https:\/\/www.africa-press.net\/togo\/wp-json\/wp\/v2\/comments?post=19023"}],"version-history":[{"count":0,"href":"https:\/\/www.africa-press.net\/togo\/wp-json\/wp\/v2\/posts\/19023\/revisions"}],"wp:featuredmedia":[{"embeddable":true,"href":"https:\/\/www.africa-press.net\/togo\/wp-json\/wp\/v2\/media\/19021"}],"wp:attachment":[{"href":"https:\/\/www.africa-press.net\/togo\/wp-json\/wp\/v2\/media?parent=19023"}],"wp:term":[{"taxonomy":"category","embeddable":true,"href":"https:\/\/www.africa-press.net\/togo\/wp-json\/wp\/v2\/categories?post=19023"},{"taxonomy":"post_tag","embeddable":true,"href":"https:\/\/www.africa-press.net\/togo\/wp-json\/wp\/v2\/tags?post=19023"}],"curies":[{"name":"wp","href":"https:\/\/api.w.org\/{rel}","templated":true}]}}