{"id":19034,"date":"2023-03-28T20:00:14","date_gmt":"2023-03-28T20:00:14","guid":{"rendered":"https:\/\/www.africa-press.net\/togo\/politique\/togo-detention-arbitraire-sur-fond-datroces-actes-de-torture-abdoul-aziz-goma-porte-plainte-a-la-cour-de-justice-de-la-cedeao"},"modified":"2023-03-28T20:35:43","modified_gmt":"2023-03-28T20:35:43","slug":"togo-detention-arbitraire-sur-fond-datroces-actes-de-torture-abdoul-aziz-goma-porte-plainte-a-la-cour-de-justice-de-la-cedeao","status":"publish","type":"post","link":"https:\/\/www.africa-press.net\/togo\/politique\/togo-detention-arbitraire-sur-fond-datroces-actes-de-torture-abdoul-aziz-goma-porte-plainte-a-la-cour-de-justice-de-la-cedeao","title":{"rendered":"Togo-D\u00e9tention arbitraire sur fond d\u2019atroces actes de torture : Abdoul Aziz Goma porte plainte \u00e0 la Cour de Justice de la CEDEAO"},"content":{"rendered":"<p><span style=\"color: #ff6600\"><strong>Africa-Press &#8211; Togo. <\/strong><\/span><b>\u00ab No justice no peace \u00bb. La justice est le fondement de la paix. Dernier rempart qui assure la cohe\u0301sion sociale, la justice est instrumentalise\u0301e dans notre pays pour re\u0301gler des comptes aux opposants, aux journalistes, aux activistes, etc. Re\u0301sultante, dans les geo\u0302les de l\u2019oppression croupissent depuis des anne\u0301es plusieurs dizaines d\u2019innocents prisonniers politiques que le re\u0301gime de Faure Gnassingbe\u0301 rechigne a\u0300 libe\u0301rer.<\/b><\/p>\n<p>Face a\u0300 l\u2019injustice que fait subir la justice togolaise aux prisonniers politiques condamne\u0301s a\u0300 mourir au bagne, la plupart ont de\u0301cide\u0301 de se tourner vers les juridictions suprationales a\u0300 l\u2019instar de la Cour de justice de la CEDEAO avec l\u2019assurance et la certitude qu\u2019au moins a\u0300 Abuja, sie\u0300ge de la juridiction communautaire, le droit sera dit.<\/p>\n<p>Il y a quelques jours, les personnes arre\u0302te\u0301es dans l\u2019affaire dite \u00ab Tigre Revolution \u00bb ont saisi la Cour de justice de la CEDEAO. L\u2019origine de cette scabreuse affaire remonte il y a quatre ans environ. Fin novembre 2019, une trentaine de personnes, proches du Parti National Panafricain (PNP) et faisant partie ensemble d\u2019un groupe WhatsApp, ont e\u0301te\u0301 interpelle\u0301es et pre\u0301sente\u0301es aux me\u0301dias, ensuite aux diplomates accre\u0301dite\u0301s au Togo.<\/p>\n<p>A en croire le ministre de la Se\u0301curite\u0301 et de la Protection civile, Yark Damehame, les personnes interpelle\u0301es auraient tente\u0301 une insurrection arme\u0301e baptise\u0301e \u00ab Tigre Re\u0301volution \u00bb qui aurait e\u0301te\u0301 de\u0301joue\u0301e a\u0300 Lome\u0301. Le corps du de\u0301lit expose\u0301 e\u0301tait constitue\u0301 de gris-gris et d\u2019amulettes, des machettes et des couteaux, des tournevis, des fle\u0300ches etc. Les images de ces armes blanches rouille\u0301es existent toujours sur Internet et personne, en toute since\u0301rite\u0301, ne peut croire que ces jeunes hommes oseraient une \u00ab insurrection arme\u0301e \u00bb face au re\u0301gime le plus militarise\u0301 en Afrique avec de tels outils rudimentaires datant de l\u2019a\u0302ge de la pierre taille\u0301e.<\/p>\n<p>C\u0327a frisait le ridicule. C\u2019e\u0301tait flagrant que c\u2019e\u0301tait une mise en sce\u0300ne grotesque. Pourtant le pouvoir avait pre\u0301sente\u0301 ces coupe-coupe rouille\u0301s et des fe\u0301tiches comme des \u00ab armes de destruction massive \u00bb. Ces individus de\u0301tiendraient \u00abdes armes de guerre comme les AK47, des armes de fabrication artisanale et des armes blanches d\u2019une extre\u0302me dangerosite\u0301. La mobilisation de combattants s\u2019est faite a\u0300 Sokode\u0301, au Be\u0301nin et dans le Ghana. Ces diffe\u0301rents groupes une fois a\u0300 Lome\u0301, seront renforce\u0301s par d\u2019autres guerriers sur place&#8230;\u00bb, avait raconte\u0301 a\u0300 l\u2019e\u0301poque le Directeur ge\u0301ne\u0301ral de la Police nationale, Yaovi Okpaoul.<\/p>\n<p>Selon l\u2019Association des victimes de la torture au Togo (ASVITTO), des alle\u0301gations de tortures et des traitements cruels, inhumains ou de\u0301gradants ont e\u0301te\u0301 faits sur les personnes de\u0301tenues au camp GIPN (Groupe d\u2019Intervention de la Police Nationale) ou\u0300 cinq (5) personnes auraient trouve\u0301 la mort suite aux mauvais traitements.<\/p>\n<p>Malgre\u0301 le caracte\u0300re burlesque de cette suppose\u0301e insurrection arme\u0301e, les jeunes arre\u0302te\u0301s sont maintenus en prison depuis novembre 2019, malgre\u0301 des de\u0301ce\u0300s dans leurs rangs. Ils n\u2019ont d\u2019autre choix que de porter cette sombre affaire devant la Cour de la CEDEAO dont le de\u0301libe\u0301re\u0301 est attendu le 6 avril 2023.<\/p>\n<p>A la suite de \u00ab Tigre Re\u0301volution \u00bb, l\u2019Irlandais d\u2019origine togolaise Abdoul-Aziz Goma, arbitrairement arre\u0302te\u0301 le 21 de\u0301cembre 2018 et de\u0301tenu depuis lors dans des conditions de\u0301sastreuses a\u0300 la prison civile de Lome\u0301, vient de saisir aussi la Cour de Justice de la CEDEAO le 22 mars 2023. Entre les mains des e\u0301le\u0301ments du Service central de recherches et d\u2019investigations criminelles (SCRIC), Abdoul-Aziz Goma avait subi d\u2019atroces tortures.<\/p>\n<p>En juin 2021, il avait porte\u0301 plainte justement contre le SCRIC a\u0300 la Commission nationale des droits de l\u2019Homme (CNDH), plainte dans laquelle il raconte les affres qu\u2019on lui avait fait subir. \u00ab Arrive\u0301s dans l\u2019enceinte du SCRIC, nous avons directement e\u0301te\u0301 menotte\u0301s contre la roue de leur voiture en position de stationnement sous les arbres, d\u2019autres menotte\u0301s debout contre les arbres. Moi j\u2019e\u0301tais menotte\u0301 contre la roue de la voiture et allonge\u0301 par terre. Les bastonnades, les coups de pieds, les coups de cordelettes, de matraques par-ci et par-la\u0300 partout sur mon corps m\u2019entrainant de vomissement de sang et de de\u0301chirure sur mon corps. Je me suis pose\u0301 la question de savoir s\u2019il est encore ne\u0301cessaire pour moi de vivre ? J\u2019ai prie\u0301 mon cre\u0301ateur de m\u2019o\u0302ter la vie que de subir tous ces traitements inhumains et cruels dont je suis victime. Je n\u2019avais pas cesse\u0301 de pousser des cris de douleurs et des hurlements de douleur toute la nuit sous toutes ces peines, ces mauvais traitements inhumains et cruels et ceci durant toute la nuit \u00bb, a-t-il te\u0301moigne\u0301.<\/p>\n<p>Mais son calvaire ne s\u2019arre\u0302te pas la\u0300 : \u00ab Les agents de SCRIC aux environs de 3heures du matin, m\u2019avaient de\u0301tache\u0301 de la roue de la voiture contre laquelle j\u2019e\u0301tais menotte\u0301 et m\u2019ont attache\u0301 debout les bras autour d\u2019un arbre, menotte\u0301 ; suivirent des coups de cordelettes, des coups de matraques, des coups de ba\u0302tons et autres bref les me\u0302mes traitements lorsque j\u2019e\u0301tais menotte\u0301 contre la roue de la voiture. Ils m\u2019avaient frappe\u0301, bastonne\u0301 jusqu\u2019a\u0300 ce que je ne m\u2019e\u0301croule e\u0301vanoui. Ils avaient du\u0302 m\u2019arroser d\u2019eau qfin que je puisse reprendre connaissance puisqu\u2019a\u0300 ma reprise de connaissance, j\u2019e\u0301tais tout mouille\u0301 d\u2019eau.C\u2019e\u0301tait aux environs de 6heures du matin qu\u2019ils m\u2019avaient de\u0301tache\u0301 tout comme les autres. Ils nous avaient tous jete\u0301s dans la poussie\u0300re de leur devanture toujours menotte\u0301s par derrie\u0300re. Je vomissais toujours que du sang et je saignais partout sur mon corps ; malgre\u0301 tout ceci, ils continuaient de nous bastonner, de nous frapper avec des matraques et me\u0302me leur fusils et nous menac\u0327aient de tirer sur nous. \u00bb<\/p>\n<p>\u00ab Les agents de SCRIC nous asse\u0301naient des coups sur la plante des pieds pendant une tre\u0300s longue dure\u0301e sans cesse, sur nos tibias, sur les pointes des pieds, sur les orteils, sur les pointes des doigts, des gifles sur les oreilles, c\u2019e\u0301tait vraiment de la torture; tout cela avait dure\u0301 toute la matine\u0301e a\u0300 la devanture du SCRIC sous le soleil ardent avant de nous ramener sous les arbres vers midi du 22 de\u0301cembre 2018 \u00bb.<\/p>\n<p>Des actes qu\u2019on ne souhaiterait a\u0300 personne, me\u0302me a\u0300 son pire ennemi. Si l\u2019enfer pouvait porter un nom, on sait ou\u0300 le trouver au Togo. Face aux atroces tortures qui lui ont e\u0301te\u0301 inflige\u0301es, Abdoul-Aziz Goma est tombe\u0301 gravement malade. Il e\u0301tait incapable de marcher correctement et ressentait re\u0301gulie\u0300rement des douleurs articulaires, des crampes continues aux membres infe\u0301rieurs, une extre\u0302me sensibilite\u0301 des pieds, de graves affections sensorielles a\u0300 l\u2019odorat, au toucher et a\u0300 la vue ainsi que de la de\u0301shydratation et l\u2019e\u0301maciation.<\/p>\n<p>Malgre\u0301 les incessantes interventions du gouvernement irlandais aupre\u0300s des autorite\u0301s togolaises, celles-ci se sont cate\u0301goriquement oppose\u0301es a\u0300 la libe\u0301ration de ce citoyen irlandais. Lors de la 67e Session du Comite\u0301 contre la torture de l\u2019ONU tenue a\u0300 Gene\u0300ve en juillet-Aou\u0302t 2019, le cas d\u2019Abdoul Aziz Goma avait e\u0301te\u0301 e\u0301voque\u0301. Comme recommandations a\u0300 l\u2019endroit du gouvernement togolais, le Comite\u0301 avait demande\u0301 entre autres, la libe\u0301ration des 16 personnes arbitrairement arre\u0302te\u0301es entre les 19 et 21 de\u0301cembre 2018 dans l\u2019affaire Abdoul-Aziz Goma, la poursuite des auteurs des actes de tortures et d\u2019arrestations arbitraires dont ils ont e\u0301te\u0301 victimes, l\u2019indemnisation de ces 16 personnes arre\u0302te\u0301es arbitrairement, la fermeture de la Prison civile de Lome\u0301 pour non respect des standards internationaux e\u0301dicte\u0301s par l\u2019ONU pour les centres de de\u0301tention. Mais ces recommandations n\u2019ont jamais e\u0301te\u0301 mises en \u0153uvre.<\/p>\n<p>La CNDH n\u2019ayant pas donne\u0301 non plus suite a\u0300 sa plainte contre le SCRIC, Abdoul-Aziz Goma a de\u0301dide\u0301 de se re\u0301fe\u0301rer a\u0300 la Cour de justice de la CEDEAO.<\/p>\n<p><b>Me\u0301dard AMETEPE<\/b><\/p>\n<p><strong>Pour plus d&rsquo;informations et d&rsquo;analyses sur la <a href=\"https:\/\/www.africa-press.net\/togo\">Togo<\/a>, suivez <a href=\"https:\/\/www.africa-press.net\/\">Africa-Press<\/a><\/strong><\/p>\n","protected":false},"excerpt":{"rendered":"<p>Africa-Press &#8211; Togo. \u00ab No justice no peace \u00bb. La justice est le fondement de la paix. Dernier rempart qui assure la cohe\u0301sion sociale, la justice est instrumentalise\u0301e dans notre pays pour re\u0301gler des comptes aux opposants, aux journalistes, aux activistes, etc. Re\u0301sultante, dans les geo\u0302les de l\u2019oppression croupissent depuis des anne\u0301es plusieurs dizaines d\u2019innocents [&hellip;]<\/p>\n","protected":false},"author":82,"featured_media":19033,"comment_status":"open","ping_status":"closed","sticky":false,"template":"","format":"standard","meta":{"footnotes":""},"categories":[2,10],"tags":[36,49,50],"class_list":["post-19034","post","type-post","status-publish","format-standard","has-post-thumbnail","hentry","category-politique","category-toutes-les-actualites","tag-africa-press","tag-africa-press-togo","tag-togo"],"yoast_head":"<!-- This site is optimized with the Yoast SEO Premium plugin v26.1 (Yoast SEO v27.0) - https:\/\/yoast.com\/product\/yoast-seo-premium-wordpress\/ -->\n<title>Togo-D\u00e9tention arbitraire sur fond d\u2019atroces actes de torture : Abdoul Aziz Goma porte plainte \u00e0 la Cour de Justice de la CEDEAO - Togo<\/title>\n<meta name=\"description\" content=\"\u00ab No justice no peace \u00bb. La justice est le fondement de la paix. Dernier rempart qui assure la cohe\u0301sion sociale, la ...\" \/>\n<meta name=\"robots\" content=\"index, follow, max-snippet:-1, max-image-preview:large, max-video-preview:-1\" \/>\n<link rel=\"canonical\" href=\"https:\/\/www.africa-press.net\/togo\/politique\/togo-detention-arbitraire-sur-fond-datroces-actes-de-torture-abdoul-aziz-goma-porte-plainte-a-la-cour-de-justice-de-la-cedeao\" \/>\n<meta property=\"og:locale\" content=\"fr_FR\" \/>\n<meta property=\"og:type\" content=\"article\" \/>\n<meta property=\"og:title\" content=\"Togo-D\u00e9tention arbitraire sur fond d\u2019atroces actes de torture : Abdoul Aziz Goma porte plainte \u00e0 la Cour de Justice de la CEDEAO\" \/>\n<meta property=\"og:description\" content=\"\u00ab No justice no peace \u00bb. La justice est le fondement de la paix. Dernier rempart qui assure la cohe\u0301sion sociale, la ...\" \/>\n<meta property=\"og:url\" content=\"https:\/\/www.africa-press.net\/togo\/politique\/togo-detention-arbitraire-sur-fond-datroces-actes-de-torture-abdoul-aziz-goma-porte-plainte-a-la-cour-de-justice-de-la-cedeao\" \/>\n<meta property=\"og:site_name\" content=\"Togo\" \/>\n<meta property=\"article:published_time\" content=\"2023-03-28T20:00:14+00:00\" \/>\n<meta property=\"article:modified_time\" content=\"2023-03-28T20:35:43+00:00\" \/>\n<meta property=\"og:image\" content=\"https:\/\/static.africa-press.net\/togo\/sites\/58\/2023\/03\/postQueueImg_1680021021.23.jpg\" \/>\n\t<meta property=\"og:image:width\" content=\"1280\" \/>\n\t<meta property=\"og:image:height\" content=\"800\" \/>\n\t<meta property=\"og:image:type\" content=\"image\/jpeg\" \/>\n<meta name=\"author\" content=\"cfeditorfr\" \/>\n<meta name=\"twitter:card\" content=\"summary_large_image\" \/>\n<meta name=\"twitter:label1\" content=\"\u00c9crit par\" \/>\n\t<meta name=\"twitter:data1\" content=\"cfeditorfr\" \/>\n\t<meta name=\"twitter:label2\" content=\"Dur\u00e9e de lecture estim\u00e9e\" \/>\n\t<meta name=\"twitter:data2\" content=\"7 minutes\" \/>\n<script type=\"application\/ld+json\" class=\"yoast-schema-graph\">{\"@context\":\"https:\/\/schema.org\",\"@graph\":[{\"@type\":\"Article\",\"@id\":\"https:\/\/www.africa-press.net\/togo\/politique\/togo-detention-arbitraire-sur-fond-datroces-actes-de-torture-abdoul-aziz-goma-porte-plainte-a-la-cour-de-justice-de-la-cedeao#article\",\"isPartOf\":{\"@id\":\"https:\/\/www.africa-press.net\/togo\/politique\/togo-detention-arbitraire-sur-fond-datroces-actes-de-torture-abdoul-aziz-goma-porte-plainte-a-la-cour-de-justice-de-la-cedeao\"},\"author\":{\"name\":\"cfeditorfr\",\"@id\":\"https:\/\/www.africa-press.net\/togo\/#\/schema\/person\/2b1cf3cd81a31e3cd26889ca66d677f1\"},\"headline\":\"Togo-D\u00e9tention arbitraire sur fond d\u2019atroces actes de torture : Abdoul Aziz Goma porte plainte \u00e0 la Cour de Justice de la CEDEAO\",\"datePublished\":\"2023-03-28T20:00:14+00:00\",\"dateModified\":\"2023-03-28T20:35:43+00:00\",\"mainEntityOfPage\":{\"@id\":\"https:\/\/www.africa-press.net\/togo\/politique\/togo-detention-arbitraire-sur-fond-datroces-actes-de-torture-abdoul-aziz-goma-porte-plainte-a-la-cour-de-justice-de-la-cedeao\"},\"wordCount\":1430,\"commentCount\":0,\"image\":{\"@id\":\"https:\/\/www.africa-press.net\/togo\/politique\/togo-detention-arbitraire-sur-fond-datroces-actes-de-torture-abdoul-aziz-goma-porte-plainte-a-la-cour-de-justice-de-la-cedeao#primaryimage\"},\"thumbnailUrl\":\"https:\/\/static.africa-press.net\/togo\/sites\/58\/2023\/03\/postQueueImg_1680021021.23.jpg\",\"keywords\":[\"Africa Press\",\"Africa Press-Togo\",\"Togo\"],\"articleSection\":[\"Politique\",\"Toutes les actualit\u00e9s\"],\"inLanguage\":\"fr-FR\",\"potentialAction\":[{\"@type\":\"CommentAction\",\"name\":\"Comment\",\"target\":[\"https:\/\/www.africa-press.net\/togo\/politique\/togo-detention-arbitraire-sur-fond-datroces-actes-de-torture-abdoul-aziz-goma-porte-plainte-a-la-cour-de-justice-de-la-cedeao#respond\"]}]},{\"@type\":\"WebPage\",\"@id\":\"https:\/\/www.africa-press.net\/togo\/politique\/togo-detention-arbitraire-sur-fond-datroces-actes-de-torture-abdoul-aziz-goma-porte-plainte-a-la-cour-de-justice-de-la-cedeao\",\"url\":\"https:\/\/www.africa-press.net\/togo\/politique\/togo-detention-arbitraire-sur-fond-datroces-actes-de-torture-abdoul-aziz-goma-porte-plainte-a-la-cour-de-justice-de-la-cedeao\",\"name\":\"Togo-D\u00e9tention arbitraire sur fond d\u2019atroces actes de torture : Abdoul Aziz Goma porte plainte \u00e0 la Cour de Justice de la CEDEAO - Togo\",\"isPartOf\":{\"@id\":\"https:\/\/www.africa-press.net\/togo\/#website\"},\"primaryImageOfPage\":{\"@id\":\"https:\/\/www.africa-press.net\/togo\/politique\/togo-detention-arbitraire-sur-fond-datroces-actes-de-torture-abdoul-aziz-goma-porte-plainte-a-la-cour-de-justice-de-la-cedeao#primaryimage\"},\"image\":{\"@id\":\"https:\/\/www.africa-press.net\/togo\/politique\/togo-detention-arbitraire-sur-fond-datroces-actes-de-torture-abdoul-aziz-goma-porte-plainte-a-la-cour-de-justice-de-la-cedeao#primaryimage\"},\"thumbnailUrl\":\"https:\/\/static.africa-press.net\/togo\/sites\/58\/2023\/03\/postQueueImg_1680021021.23.jpg\",\"datePublished\":\"2023-03-28T20:00:14+00:00\",\"dateModified\":\"2023-03-28T20:35:43+00:00\",\"author\":{\"@id\":\"https:\/\/www.africa-press.net\/togo\/#\/schema\/person\/2b1cf3cd81a31e3cd26889ca66d677f1\"},\"description\":\"\u00ab No justice no peace \u00bb. La justice est le fondement de la paix. Dernier rempart qui assure la cohe\u0301sion sociale, la ...\",\"breadcrumb\":{\"@id\":\"https:\/\/www.africa-press.net\/togo\/politique\/togo-detention-arbitraire-sur-fond-datroces-actes-de-torture-abdoul-aziz-goma-porte-plainte-a-la-cour-de-justice-de-la-cedeao#breadcrumb\"},\"inLanguage\":\"fr-FR\",\"potentialAction\":[{\"@type\":\"ReadAction\",\"target\":[\"https:\/\/www.africa-press.net\/togo\/politique\/togo-detention-arbitraire-sur-fond-datroces-actes-de-torture-abdoul-aziz-goma-porte-plainte-a-la-cour-de-justice-de-la-cedeao\"]}]},{\"@type\":\"ImageObject\",\"inLanguage\":\"fr-FR\",\"@id\":\"https:\/\/www.africa-press.net\/togo\/politique\/togo-detention-arbitraire-sur-fond-datroces-actes-de-torture-abdoul-aziz-goma-porte-plainte-a-la-cour-de-justice-de-la-cedeao#primaryimage\",\"url\":\"https:\/\/static.africa-press.net\/togo\/sites\/58\/2023\/03\/postQueueImg_1680021021.23.jpg\",\"contentUrl\":\"https:\/\/static.africa-press.net\/togo\/sites\/58\/2023\/03\/postQueueImg_1680021021.23.jpg\",\"width\":1280,\"height\":800,\"caption\":\"Togo-D\u00e9tention arbitraire sur fond d\u2019atroces actes de torture : Abdoul Aziz Goma porte plainte \u00e0 la Cour de Justice de la CEDEAO\"},{\"@type\":\"BreadcrumbList\",\"@id\":\"https:\/\/www.africa-press.net\/togo\/politique\/togo-detention-arbitraire-sur-fond-datroces-actes-de-torture-abdoul-aziz-goma-porte-plainte-a-la-cour-de-justice-de-la-cedeao#breadcrumb\",\"itemListElement\":[{\"@type\":\"ListItem\",\"position\":1,\"name\":\"Accueil\",\"item\":\"https:\/\/www.africa-press.net\/togo\/\"},{\"@type\":\"ListItem\",\"position\":2,\"name\":\"Togo-D\u00e9tention arbitraire sur fond d\u2019atroces actes de torture : Abdoul Aziz Goma porte plainte \u00e0 la Cour de Justice de la CEDEAO\"}]},{\"@type\":\"WebSite\",\"@id\":\"https:\/\/www.africa-press.net\/togo\/#website\",\"url\":\"https:\/\/www.africa-press.net\/togo\/\",\"name\":\"Togo\",\"description\":\"Just another Africa News Agency Sites site\",\"potentialAction\":[{\"@type\":\"SearchAction\",\"target\":{\"@type\":\"EntryPoint\",\"urlTemplate\":\"https:\/\/www.africa-press.net\/togo\/?s={search_term_string}\"},\"query-input\":{\"@type\":\"PropertyValueSpecification\",\"valueRequired\":true,\"valueName\":\"search_term_string\"}}],\"inLanguage\":\"fr-FR\"},{\"@type\":\"Person\",\"@id\":\"https:\/\/www.africa-press.net\/togo\/#\/schema\/person\/2b1cf3cd81a31e3cd26889ca66d677f1\",\"name\":\"cfeditorfr\"}]}<\/script>\n<!-- \/ Yoast SEO Premium plugin. -->","yoast_head_json":{"title":"Togo-D\u00e9tention arbitraire sur fond d\u2019atroces actes de torture : Abdoul Aziz Goma porte plainte \u00e0 la Cour de Justice de la CEDEAO - Togo","description":"\u00ab No justice no peace \u00bb. La justice est le fondement de la paix. Dernier rempart qui assure la cohe\u0301sion sociale, la ...","robots":{"index":"index","follow":"follow","max-snippet":"max-snippet:-1","max-image-preview":"max-image-preview:large","max-video-preview":"max-video-preview:-1"},"canonical":"https:\/\/www.africa-press.net\/togo\/politique\/togo-detention-arbitraire-sur-fond-datroces-actes-de-torture-abdoul-aziz-goma-porte-plainte-a-la-cour-de-justice-de-la-cedeao","og_locale":"fr_FR","og_type":"article","og_title":"Togo-D\u00e9tention arbitraire sur fond d\u2019atroces actes de torture : Abdoul Aziz Goma porte plainte \u00e0 la Cour de Justice de la CEDEAO","og_description":"\u00ab No justice no peace \u00bb. La justice est le fondement de la paix. Dernier rempart qui assure la cohe\u0301sion sociale, la ...","og_url":"https:\/\/www.africa-press.net\/togo\/politique\/togo-detention-arbitraire-sur-fond-datroces-actes-de-torture-abdoul-aziz-goma-porte-plainte-a-la-cour-de-justice-de-la-cedeao","og_site_name":"Togo","article_published_time":"2023-03-28T20:00:14+00:00","article_modified_time":"2023-03-28T20:35:43+00:00","og_image":[{"width":1280,"height":800,"url":"https:\/\/static.africa-press.net\/togo\/sites\/58\/2023\/03\/postQueueImg_1680021021.23.jpg","type":"image\/jpeg"}],"author":"cfeditorfr","twitter_card":"summary_large_image","twitter_misc":{"\u00c9crit par":"cfeditorfr","Dur\u00e9e de lecture estim\u00e9e":"7 minutes"},"schema":{"@context":"https:\/\/schema.org","@graph":[{"@type":"Article","@id":"https:\/\/www.africa-press.net\/togo\/politique\/togo-detention-arbitraire-sur-fond-datroces-actes-de-torture-abdoul-aziz-goma-porte-plainte-a-la-cour-de-justice-de-la-cedeao#article","isPartOf":{"@id":"https:\/\/www.africa-press.net\/togo\/politique\/togo-detention-arbitraire-sur-fond-datroces-actes-de-torture-abdoul-aziz-goma-porte-plainte-a-la-cour-de-justice-de-la-cedeao"},"author":{"name":"cfeditorfr","@id":"https:\/\/www.africa-press.net\/togo\/#\/schema\/person\/2b1cf3cd81a31e3cd26889ca66d677f1"},"headline":"Togo-D\u00e9tention arbitraire sur fond d\u2019atroces actes de torture : Abdoul Aziz Goma porte plainte \u00e0 la Cour de Justice de la CEDEAO","datePublished":"2023-03-28T20:00:14+00:00","dateModified":"2023-03-28T20:35:43+00:00","mainEntityOfPage":{"@id":"https:\/\/www.africa-press.net\/togo\/politique\/togo-detention-arbitraire-sur-fond-datroces-actes-de-torture-abdoul-aziz-goma-porte-plainte-a-la-cour-de-justice-de-la-cedeao"},"wordCount":1430,"commentCount":0,"image":{"@id":"https:\/\/www.africa-press.net\/togo\/politique\/togo-detention-arbitraire-sur-fond-datroces-actes-de-torture-abdoul-aziz-goma-porte-plainte-a-la-cour-de-justice-de-la-cedeao#primaryimage"},"thumbnailUrl":"https:\/\/static.africa-press.net\/togo\/sites\/58\/2023\/03\/postQueueImg_1680021021.23.jpg","keywords":["Africa Press","Africa Press-Togo","Togo"],"articleSection":["Politique","Toutes les actualit\u00e9s"],"inLanguage":"fr-FR","potentialAction":[{"@type":"CommentAction","name":"Comment","target":["https:\/\/www.africa-press.net\/togo\/politique\/togo-detention-arbitraire-sur-fond-datroces-actes-de-torture-abdoul-aziz-goma-porte-plainte-a-la-cour-de-justice-de-la-cedeao#respond"]}]},{"@type":"WebPage","@id":"https:\/\/www.africa-press.net\/togo\/politique\/togo-detention-arbitraire-sur-fond-datroces-actes-de-torture-abdoul-aziz-goma-porte-plainte-a-la-cour-de-justice-de-la-cedeao","url":"https:\/\/www.africa-press.net\/togo\/politique\/togo-detention-arbitraire-sur-fond-datroces-actes-de-torture-abdoul-aziz-goma-porte-plainte-a-la-cour-de-justice-de-la-cedeao","name":"Togo-D\u00e9tention arbitraire sur fond d\u2019atroces actes de torture : Abdoul Aziz Goma porte plainte \u00e0 la Cour de Justice de la CEDEAO - Togo","isPartOf":{"@id":"https:\/\/www.africa-press.net\/togo\/#website"},"primaryImageOfPage":{"@id":"https:\/\/www.africa-press.net\/togo\/politique\/togo-detention-arbitraire-sur-fond-datroces-actes-de-torture-abdoul-aziz-goma-porte-plainte-a-la-cour-de-justice-de-la-cedeao#primaryimage"},"image":{"@id":"https:\/\/www.africa-press.net\/togo\/politique\/togo-detention-arbitraire-sur-fond-datroces-actes-de-torture-abdoul-aziz-goma-porte-plainte-a-la-cour-de-justice-de-la-cedeao#primaryimage"},"thumbnailUrl":"https:\/\/static.africa-press.net\/togo\/sites\/58\/2023\/03\/postQueueImg_1680021021.23.jpg","datePublished":"2023-03-28T20:00:14+00:00","dateModified":"2023-03-28T20:35:43+00:00","author":{"@id":"https:\/\/www.africa-press.net\/togo\/#\/schema\/person\/2b1cf3cd81a31e3cd26889ca66d677f1"},"description":"\u00ab No justice no peace \u00bb. La justice est le fondement de la paix. Dernier rempart qui assure la cohe\u0301sion sociale, la ...","breadcrumb":{"@id":"https:\/\/www.africa-press.net\/togo\/politique\/togo-detention-arbitraire-sur-fond-datroces-actes-de-torture-abdoul-aziz-goma-porte-plainte-a-la-cour-de-justice-de-la-cedeao#breadcrumb"},"inLanguage":"fr-FR","potentialAction":[{"@type":"ReadAction","target":["https:\/\/www.africa-press.net\/togo\/politique\/togo-detention-arbitraire-sur-fond-datroces-actes-de-torture-abdoul-aziz-goma-porte-plainte-a-la-cour-de-justice-de-la-cedeao"]}]},{"@type":"ImageObject","inLanguage":"fr-FR","@id":"https:\/\/www.africa-press.net\/togo\/politique\/togo-detention-arbitraire-sur-fond-datroces-actes-de-torture-abdoul-aziz-goma-porte-plainte-a-la-cour-de-justice-de-la-cedeao#primaryimage","url":"https:\/\/static.africa-press.net\/togo\/sites\/58\/2023\/03\/postQueueImg_1680021021.23.jpg","contentUrl":"https:\/\/static.africa-press.net\/togo\/sites\/58\/2023\/03\/postQueueImg_1680021021.23.jpg","width":1280,"height":800,"caption":"Togo-D\u00e9tention arbitraire sur fond d\u2019atroces actes de torture : Abdoul Aziz Goma porte plainte \u00e0 la Cour de Justice de la CEDEAO"},{"@type":"BreadcrumbList","@id":"https:\/\/www.africa-press.net\/togo\/politique\/togo-detention-arbitraire-sur-fond-datroces-actes-de-torture-abdoul-aziz-goma-porte-plainte-a-la-cour-de-justice-de-la-cedeao#breadcrumb","itemListElement":[{"@type":"ListItem","position":1,"name":"Accueil","item":"https:\/\/www.africa-press.net\/togo\/"},{"@type":"ListItem","position":2,"name":"Togo-D\u00e9tention arbitraire sur fond d\u2019atroces actes de torture : Abdoul Aziz Goma porte plainte \u00e0 la Cour de Justice de la CEDEAO"}]},{"@type":"WebSite","@id":"https:\/\/www.africa-press.net\/togo\/#website","url":"https:\/\/www.africa-press.net\/togo\/","name":"Togo","description":"Just another Africa News Agency Sites site","potentialAction":[{"@type":"SearchAction","target":{"@type":"EntryPoint","urlTemplate":"https:\/\/www.africa-press.net\/togo\/?s={search_term_string}"},"query-input":{"@type":"PropertyValueSpecification","valueRequired":true,"valueName":"search_term_string"}}],"inLanguage":"fr-FR"},{"@type":"Person","@id":"https:\/\/www.africa-press.net\/togo\/#\/schema\/person\/2b1cf3cd81a31e3cd26889ca66d677f1","name":"cfeditorfr"}]}},"_links":{"self":[{"href":"https:\/\/www.africa-press.net\/togo\/wp-json\/wp\/v2\/posts\/19034","targetHints":{"allow":["GET"]}}],"collection":[{"href":"https:\/\/www.africa-press.net\/togo\/wp-json\/wp\/v2\/posts"}],"about":[{"href":"https:\/\/www.africa-press.net\/togo\/wp-json\/wp\/v2\/types\/post"}],"author":[{"embeddable":true,"href":"https:\/\/www.africa-press.net\/togo\/wp-json\/wp\/v2\/users\/82"}],"replies":[{"embeddable":true,"href":"https:\/\/www.africa-press.net\/togo\/wp-json\/wp\/v2\/comments?post=19034"}],"version-history":[{"count":0,"href":"https:\/\/www.africa-press.net\/togo\/wp-json\/wp\/v2\/posts\/19034\/revisions"}],"wp:featuredmedia":[{"embeddable":true,"href":"https:\/\/www.africa-press.net\/togo\/wp-json\/wp\/v2\/media\/19033"}],"wp:attachment":[{"href":"https:\/\/www.africa-press.net\/togo\/wp-json\/wp\/v2\/media?parent=19034"}],"wp:term":[{"taxonomy":"category","embeddable":true,"href":"https:\/\/www.africa-press.net\/togo\/wp-json\/wp\/v2\/categories?post=19034"},{"taxonomy":"post_tag","embeddable":true,"href":"https:\/\/www.africa-press.net\/togo\/wp-json\/wp\/v2\/tags?post=19034"}],"curies":[{"name":"wp","href":"https:\/\/api.w.org\/{rel}","templated":true}]}}