{"id":1904,"date":"2021-12-06T16:20:14","date_gmt":"2021-12-06T16:20:14","guid":{"rendered":"https:\/\/www.africa-press.net\/togo\/?p=1904"},"modified":"2021-12-06T11:38:25","modified_gmt":"2021-12-06T11:38:25","slug":"togo-fat-gal-dadja-maganawe-suspend-les-departs-a-la-retraite-des-militaires","status":"publish","type":"post","link":"https:\/\/www.africa-press.net\/togo\/politique\/togo-fat-gal-dadja-maganawe-suspend-les-departs-a-la-retraite-des-militaires","title":{"rendered":"Togo\/FAT : Gal Dadja Maganawe suspend les d\u00e9parts \u00e0 la retraite des militaires"},"content":{"rendered":"<p><span style=\"color: #ff6600\"><strong>Africa-Press &#8211; Togo. <\/strong><\/span>Depuis l\u2019attaque du poste avanc\u00e9 des Forces de D\u00e9fense et de S\u00e9curit\u00e9 (FDS) \u00e0 Sanloaga, les militaires togolais sont consign\u00e9s. Par note de service, Gal de Brigade, Dadja Maganawe, chef d\u2019Etat-major des Forces Arm\u00e9es Togolaises (FAT) suspend jusqu\u2019\u00e0 nouvel ordre, les d\u00e9parts \u00e0 la retraite de tous les militaires des FAT.<\/p>\n<p>La d\u00e9cision prise mercredi 1er d\u00e9cembre 2021, par le Gal Dadja Maganawe intervient une vingtaine de jours, apr\u00e8s l\u2019attaque terroriste du poste avanc\u00e9 des FDS \u00e0 Sanloaga, dans la pr\u00e9fecture de Kpendjal, dans la nuit du 09 au 10 novembre 2021.<\/p>\n<p>Depuis l\u2019attaque du poste avanc\u00e9 des Forces de D\u00e9fense et de S\u00e9curit\u00e9 (FDS) \u00e0 Sanloaga, les militaires togolais sont consign\u00e9s. Par note de service, Gal de Brigade, Dadja Maganawe, chef d\u2019Etat-major des Forces Arm\u00e9es Togolaises (FAT) suspend jusqu\u2019\u00e0 nouvel ordre, les d\u00e9parts \u00e0 la retraite de tous les militaires des FAT.<\/p>\n<p>La d\u00e9cision prise mercredi 1er d\u00e9cembre 2021, par le Gal Dadja Maganawe intervient une vingtaine de jours, apr\u00e8s l\u2019attaque terroriste du poste avanc\u00e9 des FDS \u00e0 Sanloaga, dans la pr\u00e9fecture de Kpendjal, dans la nuit du 09 au 10 novembre 2021.<\/p>\n<p>source : gapola<\/p>\n<p><strong>Pour plus d&rsquo;informations et d&rsquo;analyses sur la <a href=\"https:\/\/www.africa-press.net\/togo\">Togo<\/a>, suivez <a href=\"https:\/\/www.africa-press.net\/\">Africa-Press<\/a><\/strong><\/p>\n","protected":false},"excerpt":{"rendered":"<p>Africa-Press &#8211; Togo. Depuis l\u2019attaque du poste avanc\u00e9 des Forces de D\u00e9fense et de S\u00e9curit\u00e9 (FDS) \u00e0 Sanloaga, les militaires togolais sont consign\u00e9s. Par note de service, Gal de Brigade, Dadja Maganawe, chef d\u2019Etat-major des Forces Arm\u00e9es Togolaises (FAT) suspend jusqu\u2019\u00e0 nouvel ordre, les d\u00e9parts \u00e0 la retraite de tous les militaires des FAT. La [&hellip;]<\/p>\n","protected":false},"author":82,"featured_media":1903,"comment_status":"open","ping_status":"closed","sticky":false,"template":"","format":"standard","meta":{"footnotes":""},"categories":[11,2,10],"tags":[36,49,506,505,543,50,396],"class_list":["post-1904","post","type-post","status-publish","format-standard","has-post-thumbnail","hentry","category-homepage-french","category-politique","category-toutes-les-actualites","tag-africa-press","tag-africa-press-togo","tag-armee-togolaise","tag-fat","tag-retraite","tag-togo","tag-togo-actualite"],"yoast_head":"<!-- This site is optimized with the Yoast SEO Premium plugin v26.1 (Yoast SEO v27.0) - https:\/\/yoast.com\/product\/yoast-seo-premium-wordpress\/ -->\n<title>Togo\/FAT : Gal Dadja Maganawe suspend les d\u00e9parts \u00e0 la retraite des militaires - Togo<\/title>\n<meta name=\"description\" content=\"Depuis l\u2019attaque du poste avanc\u00e9 des Forces de D\u00e9fense et de S\u00e9curit\u00e9 (FDS) \u00e0 Sanloaga, les militaires togolais sont con ...\" \/>\n<meta name=\"robots\" content=\"index, follow, max-snippet:-1, max-image-preview:large, max-video-preview:-1\" \/>\n<link rel=\"canonical\" href=\"https:\/\/www.africa-press.net\/togo\/politique\/togo-fat-gal-dadja-maganawe-suspend-les-departs-a-la-retraite-des-militaires\" \/>\n<meta property=\"og:locale\" content=\"fr_FR\" \/>\n<meta property=\"og:type\" content=\"article\" \/>\n<meta property=\"og:title\" content=\"Togo\/FAT : Gal Dadja Maganawe suspend les d\u00e9parts \u00e0 la retraite des militaires\" \/>\n<meta property=\"og:description\" content=\"Depuis l\u2019attaque du poste avanc\u00e9 des Forces de D\u00e9fense et de S\u00e9curit\u00e9 (FDS) \u00e0 Sanloaga, les militaires togolais sont con ...\" \/>\n<meta property=\"og:url\" content=\"https:\/\/www.africa-press.net\/togo\/politique\/togo-fat-gal-dadja-maganawe-suspend-les-departs-a-la-retraite-des-militaires\" \/>\n<meta property=\"og:site_name\" content=\"Togo\" \/>\n<meta property=\"article:published_time\" content=\"2021-12-06T16:20:14+00:00\" \/>\n<meta property=\"og:image\" content=\"https:\/\/static.africa-press.net\/togo\/sites\/58\/2021\/12\/img-61adf61491e85.jpg\" \/>\n\t<meta property=\"og:image:width\" content=\"720\" \/>\n\t<meta property=\"og:image:height\" content=\"554\" \/>\n\t<meta property=\"og:image:type\" content=\"image\/jpeg\" \/>\n<meta name=\"author\" content=\"cfeditorfr\" \/>\n<meta name=\"twitter:card\" content=\"summary_large_image\" \/>\n<meta name=\"twitter:label1\" content=\"\u00c9crit par\" \/>\n\t<meta name=\"twitter:data1\" content=\"cfeditorfr\" \/>\n\t<meta name=\"twitter:label2\" content=\"Dur\u00e9e de lecture estim\u00e9e\" \/>\n\t<meta name=\"twitter:data2\" content=\"1 minute\" \/>\n<script type=\"application\/ld+json\" class=\"yoast-schema-graph\">{\"@context\":\"https:\/\/schema.org\",\"@graph\":[{\"@type\":\"Article\",\"@id\":\"https:\/\/www.africa-press.net\/togo\/politique\/togo-fat-gal-dadja-maganawe-suspend-les-departs-a-la-retraite-des-militaires#article\",\"isPartOf\":{\"@id\":\"https:\/\/www.africa-press.net\/togo\/politique\/togo-fat-gal-dadja-maganawe-suspend-les-departs-a-la-retraite-des-militaires\"},\"author\":{\"name\":\"cfeditorfr\",\"@id\":\"https:\/\/www.africa-press.net\/togo\/#\/schema\/person\/2b1cf3cd81a31e3cd26889ca66d677f1\"},\"headline\":\"Togo\/FAT : Gal Dadja Maganawe suspend les d\u00e9parts \u00e0 la retraite des militaires\",\"datePublished\":\"2021-12-06T16:20:14+00:00\",\"mainEntityOfPage\":{\"@id\":\"https:\/\/www.africa-press.net\/togo\/politique\/togo-fat-gal-dadja-maganawe-suspend-les-departs-a-la-retraite-des-militaires\"},\"wordCount\":224,\"commentCount\":0,\"image\":{\"@id\":\"https:\/\/www.africa-press.net\/togo\/politique\/togo-fat-gal-dadja-maganawe-suspend-les-departs-a-la-retraite-des-militaires#primaryimage\"},\"thumbnailUrl\":\"https:\/\/static.africa-press.net\/togo\/sites\/58\/2021\/12\/img-61adf61491e85.jpg\",\"keywords\":[\"Africa Press\",\"Africa Press-Togo\",\"Arm\u00e9e togolaise\",\"FAT\",\"Retraite\",\"Togo\",\"Togo Actualit\u00e9\"],\"articleSection\":[\"homepage-french\",\"Politique\",\"Toutes les actualit\u00e9s\"],\"inLanguage\":\"fr-FR\",\"potentialAction\":[{\"@type\":\"CommentAction\",\"name\":\"Comment\",\"target\":[\"https:\/\/www.africa-press.net\/togo\/politique\/togo-fat-gal-dadja-maganawe-suspend-les-departs-a-la-retraite-des-militaires#respond\"]}]},{\"@type\":\"WebPage\",\"@id\":\"https:\/\/www.africa-press.net\/togo\/politique\/togo-fat-gal-dadja-maganawe-suspend-les-departs-a-la-retraite-des-militaires\",\"url\":\"https:\/\/www.africa-press.net\/togo\/politique\/togo-fat-gal-dadja-maganawe-suspend-les-departs-a-la-retraite-des-militaires\",\"name\":\"Togo\/FAT : Gal Dadja Maganawe suspend les d\u00e9parts \u00e0 la retraite des militaires - Togo\",\"isPartOf\":{\"@id\":\"https:\/\/www.africa-press.net\/togo\/#website\"},\"primaryImageOfPage\":{\"@id\":\"https:\/\/www.africa-press.net\/togo\/politique\/togo-fat-gal-dadja-maganawe-suspend-les-departs-a-la-retraite-des-militaires#primaryimage\"},\"image\":{\"@id\":\"https:\/\/www.africa-press.net\/togo\/politique\/togo-fat-gal-dadja-maganawe-suspend-les-departs-a-la-retraite-des-militaires#primaryimage\"},\"thumbnailUrl\":\"https:\/\/static.africa-press.net\/togo\/sites\/58\/2021\/12\/img-61adf61491e85.jpg\",\"datePublished\":\"2021-12-06T16:20:14+00:00\",\"author\":{\"@id\":\"https:\/\/www.africa-press.net\/togo\/#\/schema\/person\/2b1cf3cd81a31e3cd26889ca66d677f1\"},\"description\":\"Depuis l\u2019attaque du poste avanc\u00e9 des Forces de D\u00e9fense et de S\u00e9curit\u00e9 (FDS) \u00e0 Sanloaga, les militaires togolais sont con ...\",\"breadcrumb\":{\"@id\":\"https:\/\/www.africa-press.net\/togo\/politique\/togo-fat-gal-dadja-maganawe-suspend-les-departs-a-la-retraite-des-militaires#breadcrumb\"},\"inLanguage\":\"fr-FR\",\"potentialAction\":[{\"@type\":\"ReadAction\",\"target\":[\"https:\/\/www.africa-press.net\/togo\/politique\/togo-fat-gal-dadja-maganawe-suspend-les-departs-a-la-retraite-des-militaires\"]}]},{\"@type\":\"ImageObject\",\"inLanguage\":\"fr-FR\",\"@id\":\"https:\/\/www.africa-press.net\/togo\/politique\/togo-fat-gal-dadja-maganawe-suspend-les-departs-a-la-retraite-des-militaires#primaryimage\",\"url\":\"https:\/\/static.africa-press.net\/togo\/sites\/58\/2021\/12\/img-61adf61491e85.jpg\",\"contentUrl\":\"https:\/\/static.africa-press.net\/togo\/sites\/58\/2021\/12\/img-61adf61491e85.jpg\",\"width\":720,\"height\":554,\"caption\":\"Togo\/FAT : Gal Dadja Maganawe suspend les d\u00e9parts \u00e0 la retraite des militaires\"},{\"@type\":\"BreadcrumbList\",\"@id\":\"https:\/\/www.africa-press.net\/togo\/politique\/togo-fat-gal-dadja-maganawe-suspend-les-departs-a-la-retraite-des-militaires#breadcrumb\",\"itemListElement\":[{\"@type\":\"ListItem\",\"position\":1,\"name\":\"Accueil\",\"item\":\"https:\/\/www.africa-press.net\/togo\/\"},{\"@type\":\"ListItem\",\"position\":2,\"name\":\"Togo\/FAT : Gal Dadja Maganawe suspend les d\u00e9parts \u00e0 la retraite des militaires\"}]},{\"@type\":\"WebSite\",\"@id\":\"https:\/\/www.africa-press.net\/togo\/#website\",\"url\":\"https:\/\/www.africa-press.net\/togo\/\",\"name\":\"Togo\",\"description\":\"Just another Africa News Agency Sites site\",\"potentialAction\":[{\"@type\":\"SearchAction\",\"target\":{\"@type\":\"EntryPoint\",\"urlTemplate\":\"https:\/\/www.africa-press.net\/togo\/?s={search_term_string}\"},\"query-input\":{\"@type\":\"PropertyValueSpecification\",\"valueRequired\":true,\"valueName\":\"search_term_string\"}}],\"inLanguage\":\"fr-FR\"},{\"@type\":\"Person\",\"@id\":\"https:\/\/www.africa-press.net\/togo\/#\/schema\/person\/2b1cf3cd81a31e3cd26889ca66d677f1\",\"name\":\"cfeditorfr\"}]}<\/script>\n<!-- \/ Yoast SEO Premium plugin. -->","yoast_head_json":{"title":"Togo\/FAT : Gal Dadja Maganawe suspend les d\u00e9parts \u00e0 la retraite des militaires - Togo","description":"Depuis l\u2019attaque du poste avanc\u00e9 des Forces de D\u00e9fense et de S\u00e9curit\u00e9 (FDS) \u00e0 Sanloaga, les militaires togolais sont con ...","robots":{"index":"index","follow":"follow","max-snippet":"max-snippet:-1","max-image-preview":"max-image-preview:large","max-video-preview":"max-video-preview:-1"},"canonical":"https:\/\/www.africa-press.net\/togo\/politique\/togo-fat-gal-dadja-maganawe-suspend-les-departs-a-la-retraite-des-militaires","og_locale":"fr_FR","og_type":"article","og_title":"Togo\/FAT : Gal Dadja Maganawe suspend les d\u00e9parts \u00e0 la retraite des militaires","og_description":"Depuis l\u2019attaque du poste avanc\u00e9 des Forces de D\u00e9fense et de S\u00e9curit\u00e9 (FDS) \u00e0 Sanloaga, les militaires togolais sont con ...","og_url":"https:\/\/www.africa-press.net\/togo\/politique\/togo-fat-gal-dadja-maganawe-suspend-les-departs-a-la-retraite-des-militaires","og_site_name":"Togo","article_published_time":"2021-12-06T16:20:14+00:00","og_image":[{"width":720,"height":554,"url":"https:\/\/static.africa-press.net\/togo\/sites\/58\/2021\/12\/img-61adf61491e85.jpg","type":"image\/jpeg"}],"author":"cfeditorfr","twitter_card":"summary_large_image","twitter_misc":{"\u00c9crit par":"cfeditorfr","Dur\u00e9e de lecture estim\u00e9e":"1 minute"},"schema":{"@context":"https:\/\/schema.org","@graph":[{"@type":"Article","@id":"https:\/\/www.africa-press.net\/togo\/politique\/togo-fat-gal-dadja-maganawe-suspend-les-departs-a-la-retraite-des-militaires#article","isPartOf":{"@id":"https:\/\/www.africa-press.net\/togo\/politique\/togo-fat-gal-dadja-maganawe-suspend-les-departs-a-la-retraite-des-militaires"},"author":{"name":"cfeditorfr","@id":"https:\/\/www.africa-press.net\/togo\/#\/schema\/person\/2b1cf3cd81a31e3cd26889ca66d677f1"},"headline":"Togo\/FAT : Gal Dadja Maganawe suspend les d\u00e9parts \u00e0 la retraite des militaires","datePublished":"2021-12-06T16:20:14+00:00","mainEntityOfPage":{"@id":"https:\/\/www.africa-press.net\/togo\/politique\/togo-fat-gal-dadja-maganawe-suspend-les-departs-a-la-retraite-des-militaires"},"wordCount":224,"commentCount":0,"image":{"@id":"https:\/\/www.africa-press.net\/togo\/politique\/togo-fat-gal-dadja-maganawe-suspend-les-departs-a-la-retraite-des-militaires#primaryimage"},"thumbnailUrl":"https:\/\/static.africa-press.net\/togo\/sites\/58\/2021\/12\/img-61adf61491e85.jpg","keywords":["Africa Press","Africa Press-Togo","Arm\u00e9e togolaise","FAT","Retraite","Togo","Togo Actualit\u00e9"],"articleSection":["homepage-french","Politique","Toutes les actualit\u00e9s"],"inLanguage":"fr-FR","potentialAction":[{"@type":"CommentAction","name":"Comment","target":["https:\/\/www.africa-press.net\/togo\/politique\/togo-fat-gal-dadja-maganawe-suspend-les-departs-a-la-retraite-des-militaires#respond"]}]},{"@type":"WebPage","@id":"https:\/\/www.africa-press.net\/togo\/politique\/togo-fat-gal-dadja-maganawe-suspend-les-departs-a-la-retraite-des-militaires","url":"https:\/\/www.africa-press.net\/togo\/politique\/togo-fat-gal-dadja-maganawe-suspend-les-departs-a-la-retraite-des-militaires","name":"Togo\/FAT : Gal Dadja Maganawe suspend les d\u00e9parts \u00e0 la retraite des militaires - Togo","isPartOf":{"@id":"https:\/\/www.africa-press.net\/togo\/#website"},"primaryImageOfPage":{"@id":"https:\/\/www.africa-press.net\/togo\/politique\/togo-fat-gal-dadja-maganawe-suspend-les-departs-a-la-retraite-des-militaires#primaryimage"},"image":{"@id":"https:\/\/www.africa-press.net\/togo\/politique\/togo-fat-gal-dadja-maganawe-suspend-les-departs-a-la-retraite-des-militaires#primaryimage"},"thumbnailUrl":"https:\/\/static.africa-press.net\/togo\/sites\/58\/2021\/12\/img-61adf61491e85.jpg","datePublished":"2021-12-06T16:20:14+00:00","author":{"@id":"https:\/\/www.africa-press.net\/togo\/#\/schema\/person\/2b1cf3cd81a31e3cd26889ca66d677f1"},"description":"Depuis l\u2019attaque du poste avanc\u00e9 des Forces de D\u00e9fense et de S\u00e9curit\u00e9 (FDS) \u00e0 Sanloaga, les militaires togolais sont con ...","breadcrumb":{"@id":"https:\/\/www.africa-press.net\/togo\/politique\/togo-fat-gal-dadja-maganawe-suspend-les-departs-a-la-retraite-des-militaires#breadcrumb"},"inLanguage":"fr-FR","potentialAction":[{"@type":"ReadAction","target":["https:\/\/www.africa-press.net\/togo\/politique\/togo-fat-gal-dadja-maganawe-suspend-les-departs-a-la-retraite-des-militaires"]}]},{"@type":"ImageObject","inLanguage":"fr-FR","@id":"https:\/\/www.africa-press.net\/togo\/politique\/togo-fat-gal-dadja-maganawe-suspend-les-departs-a-la-retraite-des-militaires#primaryimage","url":"https:\/\/static.africa-press.net\/togo\/sites\/58\/2021\/12\/img-61adf61491e85.jpg","contentUrl":"https:\/\/static.africa-press.net\/togo\/sites\/58\/2021\/12\/img-61adf61491e85.jpg","width":720,"height":554,"caption":"Togo\/FAT : Gal Dadja Maganawe suspend les d\u00e9parts \u00e0 la retraite des militaires"},{"@type":"BreadcrumbList","@id":"https:\/\/www.africa-press.net\/togo\/politique\/togo-fat-gal-dadja-maganawe-suspend-les-departs-a-la-retraite-des-militaires#breadcrumb","itemListElement":[{"@type":"ListItem","position":1,"name":"Accueil","item":"https:\/\/www.africa-press.net\/togo\/"},{"@type":"ListItem","position":2,"name":"Togo\/FAT : Gal Dadja Maganawe suspend les d\u00e9parts \u00e0 la retraite des militaires"}]},{"@type":"WebSite","@id":"https:\/\/www.africa-press.net\/togo\/#website","url":"https:\/\/www.africa-press.net\/togo\/","name":"Togo","description":"Just another Africa News Agency Sites site","potentialAction":[{"@type":"SearchAction","target":{"@type":"EntryPoint","urlTemplate":"https:\/\/www.africa-press.net\/togo\/?s={search_term_string}"},"query-input":{"@type":"PropertyValueSpecification","valueRequired":true,"valueName":"search_term_string"}}],"inLanguage":"fr-FR"},{"@type":"Person","@id":"https:\/\/www.africa-press.net\/togo\/#\/schema\/person\/2b1cf3cd81a31e3cd26889ca66d677f1","name":"cfeditorfr"}]}},"_links":{"self":[{"href":"https:\/\/www.africa-press.net\/togo\/wp-json\/wp\/v2\/posts\/1904","targetHints":{"allow":["GET"]}}],"collection":[{"href":"https:\/\/www.africa-press.net\/togo\/wp-json\/wp\/v2\/posts"}],"about":[{"href":"https:\/\/www.africa-press.net\/togo\/wp-json\/wp\/v2\/types\/post"}],"author":[{"embeddable":true,"href":"https:\/\/www.africa-press.net\/togo\/wp-json\/wp\/v2\/users\/82"}],"replies":[{"embeddable":true,"href":"https:\/\/www.africa-press.net\/togo\/wp-json\/wp\/v2\/comments?post=1904"}],"version-history":[{"count":0,"href":"https:\/\/www.africa-press.net\/togo\/wp-json\/wp\/v2\/posts\/1904\/revisions"}],"wp:featuredmedia":[{"embeddable":true,"href":"https:\/\/www.africa-press.net\/togo\/wp-json\/wp\/v2\/media\/1903"}],"wp:attachment":[{"href":"https:\/\/www.africa-press.net\/togo\/wp-json\/wp\/v2\/media?parent=1904"}],"wp:term":[{"taxonomy":"category","embeddable":true,"href":"https:\/\/www.africa-press.net\/togo\/wp-json\/wp\/v2\/categories?post=1904"},{"taxonomy":"post_tag","embeddable":true,"href":"https:\/\/www.africa-press.net\/togo\/wp-json\/wp\/v2\/tags?post=1904"}],"curies":[{"name":"wp","href":"https:\/\/api.w.org\/{rel}","templated":true}]}}