{"id":22789,"date":"2023-07-21T12:29:43","date_gmt":"2023-07-21T12:29:43","guid":{"rendered":"https:\/\/www.africa-press.net\/togo\/politique\/togo-afrika-youth-impact-forum-iyinoluwa-aboyeji-annonce-a-lome"},"modified":"2023-07-21T12:51:19","modified_gmt":"2023-07-21T12:51:19","slug":"togo-afrika-youth-impact-forum-iyinoluwa-aboyeji-annonce-a-lome","status":"publish","type":"post","link":"https:\/\/www.africa-press.net\/togo\/parties\/togo-afrika-youth-impact-forum-iyinoluwa-aboyeji-annonce-a-lome","title":{"rendered":"Togo-Afrika Youth Impact Forum : Iyinoluwa Aboyeji annonc\u00e9 \u00e0 Lom\u00e9"},"content":{"rendered":"<p><span style=\"color: #ff6600\"><strong>Africa-Press &#8211; Togo. <\/strong><\/span><b>Se pre\u0301sentant comme l\u2019e\u0301ve\u0300nement qui re\u0301e\u0301crit l\u2019histoire du continent africain et celle de sa jeunesse, la premie\u0300re e\u0301dition d\u2019Africa Youth Impact Forum se tiendra a\u0300 Lome\u0301 ces 28 et 29 juillet avec la pre\u0301sence d\u2019Iyinoluwa Aboyeji, l\u2019invite\u0301 de marque.<\/b><\/p>\n<p>Africa Youth Impact Forum, de ces 28 et 29 juillet 2023 au Centre togolais des expositions et foires de Lome\u0301 (CETEF), est place\u0301 sous le the\u0300me \u00ab Cre\u0301er et diriger des entreprises qui impactent l\u2019e\u0301conomie sociale \u00bb et se veut un cadre d\u2019apprentissage, d\u2019inspiration, d\u2019action. Et est re\u0301serve\u0301 a\u0300 la jeunesse passionne\u0301e, audacieuse et innovante.<\/p>\n<p>Selon les organisateurs, la rencontre de deux jours est organise\u0301e en collaboration avec des gouvernements et d\u2019autres acteurs de de\u0301veloppement nationaux et re\u0301gionaux et offre un cadre d\u2019e\u0301changes et de partages d\u2019expe\u0301riences sur les sujets d\u2019importance pour le de\u0301veloppement de l\u2019Afrique.<\/p>\n<p>Sa mission, contribuer au renforcement des capacite\u0301s et au changement de mentalite\u0301 des entrepreneurs pour le processus d\u2019e\u0301volution de l\u2019e\u0301cosyste\u0300me entrepreneurial togolais en cours d\u2019une part et cre\u0301er une opportunite\u0301 pour des entrepreneurs de rencontrer un investisseur potentiel d\u2019autre part.<\/p>\n<p>\u00ab Des entrepreneurs en croissance auront l\u2019opportunite\u0301 de rencontrer un investisseur potentiel \u00bb, assurent les promoteurs de l\u2019e\u0301ve\u0300nement, qui verra la pre\u0301sence d\u2019Iyinoluwa Aboyeji.<\/p>\n<p>Ce dernier n\u2019est autre que l\u2019entrepreneur nige\u0301rian, dirigeant de Future Africa, le plus grand investisseur en phase d\u2019amorc\u0327age d\u2019Afrique. Il est e\u0301galement cofondateur de Flutterwave, une plateforme de paiement mondiale et d\u2019Andela, une organisation qui offre des formations aux inge\u0301nieurs logiciels africains.<\/p>\n<p><strong>Pour plus d&rsquo;informations et d&rsquo;analyses sur la <a href=\"https:\/\/www.africa-press.net\/togo\">Togo<\/a>, suivez <a href=\"https:\/\/www.africa-press.net\/\">Africa-Press<\/a><\/strong><\/p>\n","protected":false},"excerpt":{"rendered":"<p>Africa-Press &#8211; Togo. Se pre\u0301sentant comme l\u2019e\u0301ve\u0300nement qui re\u0301e\u0301crit l\u2019histoire du continent africain et celle de sa jeunesse, la premie\u0300re e\u0301dition d\u2019Africa Youth Impact Forum se tiendra a\u0300 Lome\u0301 ces 28 et 29 juillet avec la pre\u0301sence d\u2019Iyinoluwa Aboyeji, l\u2019invite\u0301 de marque. Africa Youth Impact Forum, de ces 28 et 29 juillet 2023 au Centre [&hellip;]<\/p>\n","protected":false},"author":82,"featured_media":22788,"comment_status":"open","ping_status":"closed","sticky":false,"template":"","format":"standard","meta":{"footnotes":""},"categories":[4,10],"tags":[36,49,50],"class_list":["post-22789","post","type-post","status-publish","format-standard","has-post-thumbnail","hentry","category-parties","category-toutes-les-actualites","tag-africa-press","tag-africa-press-togo","tag-togo"],"yoast_head":"<!-- This site is optimized with the Yoast SEO Premium plugin v26.1 (Yoast SEO v27.0) - https:\/\/yoast.com\/product\/yoast-seo-premium-wordpress\/ -->\n<title>Togo-Afrika Youth Impact Forum : Iyinoluwa Aboyeji annonc\u00e9 \u00e0 Lom\u00e9 - Togo<\/title>\n<meta name=\"description\" content=\"Se pre\u0301sentant comme l\u2019e\u0301ve\u0300nement qui re\u0301e\u0301crit l\u2019histoire du continent africain et celle de sa jeunesse, la premie\u0300 ...\" \/>\n<meta name=\"robots\" content=\"index, follow, max-snippet:-1, max-image-preview:large, max-video-preview:-1\" \/>\n<link rel=\"canonical\" href=\"https:\/\/www.africa-press.net\/togo\/parties\/togo-afrika-youth-impact-forum-iyinoluwa-aboyeji-annonce-a-lome\" \/>\n<meta property=\"og:locale\" content=\"fr_FR\" \/>\n<meta property=\"og:type\" content=\"article\" \/>\n<meta property=\"og:title\" content=\"Togo-Afrika Youth Impact Forum : Iyinoluwa Aboyeji annonc\u00e9 \u00e0 Lom\u00e9\" \/>\n<meta property=\"og:description\" content=\"Se pre\u0301sentant comme l\u2019e\u0301ve\u0300nement qui re\u0301e\u0301crit l\u2019histoire du continent africain et celle de sa jeunesse, la premie\u0300 ...\" \/>\n<meta property=\"og:url\" content=\"https:\/\/www.africa-press.net\/togo\/parties\/togo-afrika-youth-impact-forum-iyinoluwa-aboyeji-annonce-a-lome\" \/>\n<meta property=\"og:site_name\" content=\"Togo\" \/>\n<meta property=\"article:published_time\" content=\"2023-07-21T12:29:43+00:00\" \/>\n<meta property=\"article:modified_time\" content=\"2023-07-21T12:51:19+00:00\" \/>\n<meta property=\"og:image\" content=\"https:\/\/static.africa-press.net\/togo\/sites\/58\/2023\/07\/sm_1689931062.597413.jpg\" \/>\n\t<meta property=\"og:image:width\" content=\"1281\" \/>\n\t<meta property=\"og:image:height\" content=\"800\" \/>\n\t<meta property=\"og:image:type\" content=\"image\/jpeg\" \/>\n<meta name=\"author\" content=\"cfeditorfr\" \/>\n<meta name=\"twitter:card\" content=\"summary_large_image\" \/>\n<meta name=\"twitter:label1\" content=\"\u00c9crit par\" \/>\n\t<meta name=\"twitter:data1\" content=\"cfeditorfr\" \/>\n\t<meta name=\"twitter:label2\" content=\"Dur\u00e9e de lecture estim\u00e9e\" \/>\n\t<meta name=\"twitter:data2\" content=\"2 minutes\" \/>\n<script type=\"application\/ld+json\" class=\"yoast-schema-graph\">{\"@context\":\"https:\/\/schema.org\",\"@graph\":[{\"@type\":\"Article\",\"@id\":\"https:\/\/www.africa-press.net\/togo\/parties\/togo-afrika-youth-impact-forum-iyinoluwa-aboyeji-annonce-a-lome#article\",\"isPartOf\":{\"@id\":\"https:\/\/www.africa-press.net\/togo\/parties\/togo-afrika-youth-impact-forum-iyinoluwa-aboyeji-annonce-a-lome\"},\"author\":{\"name\":\"cfeditorfr\",\"@id\":\"https:\/\/www.africa-press.net\/togo\/#\/schema\/person\/2b1cf3cd81a31e3cd26889ca66d677f1\"},\"headline\":\"Togo-Afrika Youth Impact Forum : Iyinoluwa Aboyeji annonc\u00e9 \u00e0 Lom\u00e9\",\"datePublished\":\"2023-07-21T12:29:43+00:00\",\"dateModified\":\"2023-07-21T12:51:19+00:00\",\"mainEntityOfPage\":{\"@id\":\"https:\/\/www.africa-press.net\/togo\/parties\/togo-afrika-youth-impact-forum-iyinoluwa-aboyeji-annonce-a-lome\"},\"wordCount\":312,\"commentCount\":0,\"image\":{\"@id\":\"https:\/\/www.africa-press.net\/togo\/parties\/togo-afrika-youth-impact-forum-iyinoluwa-aboyeji-annonce-a-lome#primaryimage\"},\"thumbnailUrl\":\"https:\/\/static.africa-press.net\/togo\/sites\/58\/2023\/07\/sm_1689931062.597413.jpg\",\"keywords\":[\"Africa Press\",\"Africa Press-Togo\",\"Togo\"],\"articleSection\":[\"Parties\",\"Toutes les actualit\u00e9s\"],\"inLanguage\":\"fr-FR\",\"potentialAction\":[{\"@type\":\"CommentAction\",\"name\":\"Comment\",\"target\":[\"https:\/\/www.africa-press.net\/togo\/parties\/togo-afrika-youth-impact-forum-iyinoluwa-aboyeji-annonce-a-lome#respond\"]}]},{\"@type\":\"WebPage\",\"@id\":\"https:\/\/www.africa-press.net\/togo\/parties\/togo-afrika-youth-impact-forum-iyinoluwa-aboyeji-annonce-a-lome\",\"url\":\"https:\/\/www.africa-press.net\/togo\/parties\/togo-afrika-youth-impact-forum-iyinoluwa-aboyeji-annonce-a-lome\",\"name\":\"Togo-Afrika Youth Impact Forum : Iyinoluwa Aboyeji annonc\u00e9 \u00e0 Lom\u00e9 - Togo\",\"isPartOf\":{\"@id\":\"https:\/\/www.africa-press.net\/togo\/#website\"},\"primaryImageOfPage\":{\"@id\":\"https:\/\/www.africa-press.net\/togo\/parties\/togo-afrika-youth-impact-forum-iyinoluwa-aboyeji-annonce-a-lome#primaryimage\"},\"image\":{\"@id\":\"https:\/\/www.africa-press.net\/togo\/parties\/togo-afrika-youth-impact-forum-iyinoluwa-aboyeji-annonce-a-lome#primaryimage\"},\"thumbnailUrl\":\"https:\/\/static.africa-press.net\/togo\/sites\/58\/2023\/07\/sm_1689931062.597413.jpg\",\"datePublished\":\"2023-07-21T12:29:43+00:00\",\"dateModified\":\"2023-07-21T12:51:19+00:00\",\"author\":{\"@id\":\"https:\/\/www.africa-press.net\/togo\/#\/schema\/person\/2b1cf3cd81a31e3cd26889ca66d677f1\"},\"description\":\"Se pre\u0301sentant comme l\u2019e\u0301ve\u0300nement qui re\u0301e\u0301crit l\u2019histoire du continent africain et celle de sa jeunesse, la premie\u0300 ...\",\"breadcrumb\":{\"@id\":\"https:\/\/www.africa-press.net\/togo\/parties\/togo-afrika-youth-impact-forum-iyinoluwa-aboyeji-annonce-a-lome#breadcrumb\"},\"inLanguage\":\"fr-FR\",\"potentialAction\":[{\"@type\":\"ReadAction\",\"target\":[\"https:\/\/www.africa-press.net\/togo\/parties\/togo-afrika-youth-impact-forum-iyinoluwa-aboyeji-annonce-a-lome\"]}]},{\"@type\":\"ImageObject\",\"inLanguage\":\"fr-FR\",\"@id\":\"https:\/\/www.africa-press.net\/togo\/parties\/togo-afrika-youth-impact-forum-iyinoluwa-aboyeji-annonce-a-lome#primaryimage\",\"url\":\"https:\/\/static.africa-press.net\/togo\/sites\/58\/2023\/07\/sm_1689931062.597413.jpg\",\"contentUrl\":\"https:\/\/static.africa-press.net\/togo\/sites\/58\/2023\/07\/sm_1689931062.597413.jpg\",\"width\":1281,\"height\":800,\"caption\":\"Togo-Afrika Youth Impact Forum : Iyinoluwa Aboyeji annonc\u00e9 \u00e0 Lom\u00e9\"},{\"@type\":\"BreadcrumbList\",\"@id\":\"https:\/\/www.africa-press.net\/togo\/parties\/togo-afrika-youth-impact-forum-iyinoluwa-aboyeji-annonce-a-lome#breadcrumb\",\"itemListElement\":[{\"@type\":\"ListItem\",\"position\":1,\"name\":\"Accueil\",\"item\":\"https:\/\/www.africa-press.net\/togo\/\"},{\"@type\":\"ListItem\",\"position\":2,\"name\":\"Togo-Afrika Youth Impact Forum : Iyinoluwa Aboyeji annonc\u00e9 \u00e0 Lom\u00e9\"}]},{\"@type\":\"WebSite\",\"@id\":\"https:\/\/www.africa-press.net\/togo\/#website\",\"url\":\"https:\/\/www.africa-press.net\/togo\/\",\"name\":\"Togo\",\"description\":\"Just another Africa News Agency Sites site\",\"potentialAction\":[{\"@type\":\"SearchAction\",\"target\":{\"@type\":\"EntryPoint\",\"urlTemplate\":\"https:\/\/www.africa-press.net\/togo\/?s={search_term_string}\"},\"query-input\":{\"@type\":\"PropertyValueSpecification\",\"valueRequired\":true,\"valueName\":\"search_term_string\"}}],\"inLanguage\":\"fr-FR\"},{\"@type\":\"Person\",\"@id\":\"https:\/\/www.africa-press.net\/togo\/#\/schema\/person\/2b1cf3cd81a31e3cd26889ca66d677f1\",\"name\":\"cfeditorfr\"}]}<\/script>\n<!-- \/ Yoast SEO Premium plugin. -->","yoast_head_json":{"title":"Togo-Afrika Youth Impact Forum : Iyinoluwa Aboyeji annonc\u00e9 \u00e0 Lom\u00e9 - Togo","description":"Se pre\u0301sentant comme l\u2019e\u0301ve\u0300nement qui re\u0301e\u0301crit l\u2019histoire du continent africain et celle de sa jeunesse, la premie\u0300 ...","robots":{"index":"index","follow":"follow","max-snippet":"max-snippet:-1","max-image-preview":"max-image-preview:large","max-video-preview":"max-video-preview:-1"},"canonical":"https:\/\/www.africa-press.net\/togo\/parties\/togo-afrika-youth-impact-forum-iyinoluwa-aboyeji-annonce-a-lome","og_locale":"fr_FR","og_type":"article","og_title":"Togo-Afrika Youth Impact Forum : Iyinoluwa Aboyeji annonc\u00e9 \u00e0 Lom\u00e9","og_description":"Se pre\u0301sentant comme l\u2019e\u0301ve\u0300nement qui re\u0301e\u0301crit l\u2019histoire du continent africain et celle de sa jeunesse, la premie\u0300 ...","og_url":"https:\/\/www.africa-press.net\/togo\/parties\/togo-afrika-youth-impact-forum-iyinoluwa-aboyeji-annonce-a-lome","og_site_name":"Togo","article_published_time":"2023-07-21T12:29:43+00:00","article_modified_time":"2023-07-21T12:51:19+00:00","og_image":[{"width":1281,"height":800,"url":"https:\/\/static.africa-press.net\/togo\/sites\/58\/2023\/07\/sm_1689931062.597413.jpg","type":"image\/jpeg"}],"author":"cfeditorfr","twitter_card":"summary_large_image","twitter_misc":{"\u00c9crit par":"cfeditorfr","Dur\u00e9e de lecture estim\u00e9e":"2 minutes"},"schema":{"@context":"https:\/\/schema.org","@graph":[{"@type":"Article","@id":"https:\/\/www.africa-press.net\/togo\/parties\/togo-afrika-youth-impact-forum-iyinoluwa-aboyeji-annonce-a-lome#article","isPartOf":{"@id":"https:\/\/www.africa-press.net\/togo\/parties\/togo-afrika-youth-impact-forum-iyinoluwa-aboyeji-annonce-a-lome"},"author":{"name":"cfeditorfr","@id":"https:\/\/www.africa-press.net\/togo\/#\/schema\/person\/2b1cf3cd81a31e3cd26889ca66d677f1"},"headline":"Togo-Afrika Youth Impact Forum : Iyinoluwa Aboyeji annonc\u00e9 \u00e0 Lom\u00e9","datePublished":"2023-07-21T12:29:43+00:00","dateModified":"2023-07-21T12:51:19+00:00","mainEntityOfPage":{"@id":"https:\/\/www.africa-press.net\/togo\/parties\/togo-afrika-youth-impact-forum-iyinoluwa-aboyeji-annonce-a-lome"},"wordCount":312,"commentCount":0,"image":{"@id":"https:\/\/www.africa-press.net\/togo\/parties\/togo-afrika-youth-impact-forum-iyinoluwa-aboyeji-annonce-a-lome#primaryimage"},"thumbnailUrl":"https:\/\/static.africa-press.net\/togo\/sites\/58\/2023\/07\/sm_1689931062.597413.jpg","keywords":["Africa Press","Africa Press-Togo","Togo"],"articleSection":["Parties","Toutes les actualit\u00e9s"],"inLanguage":"fr-FR","potentialAction":[{"@type":"CommentAction","name":"Comment","target":["https:\/\/www.africa-press.net\/togo\/parties\/togo-afrika-youth-impact-forum-iyinoluwa-aboyeji-annonce-a-lome#respond"]}]},{"@type":"WebPage","@id":"https:\/\/www.africa-press.net\/togo\/parties\/togo-afrika-youth-impact-forum-iyinoluwa-aboyeji-annonce-a-lome","url":"https:\/\/www.africa-press.net\/togo\/parties\/togo-afrika-youth-impact-forum-iyinoluwa-aboyeji-annonce-a-lome","name":"Togo-Afrika Youth Impact Forum : Iyinoluwa Aboyeji annonc\u00e9 \u00e0 Lom\u00e9 - Togo","isPartOf":{"@id":"https:\/\/www.africa-press.net\/togo\/#website"},"primaryImageOfPage":{"@id":"https:\/\/www.africa-press.net\/togo\/parties\/togo-afrika-youth-impact-forum-iyinoluwa-aboyeji-annonce-a-lome#primaryimage"},"image":{"@id":"https:\/\/www.africa-press.net\/togo\/parties\/togo-afrika-youth-impact-forum-iyinoluwa-aboyeji-annonce-a-lome#primaryimage"},"thumbnailUrl":"https:\/\/static.africa-press.net\/togo\/sites\/58\/2023\/07\/sm_1689931062.597413.jpg","datePublished":"2023-07-21T12:29:43+00:00","dateModified":"2023-07-21T12:51:19+00:00","author":{"@id":"https:\/\/www.africa-press.net\/togo\/#\/schema\/person\/2b1cf3cd81a31e3cd26889ca66d677f1"},"description":"Se pre\u0301sentant comme l\u2019e\u0301ve\u0300nement qui re\u0301e\u0301crit l\u2019histoire du continent africain et celle de sa jeunesse, la premie\u0300 ...","breadcrumb":{"@id":"https:\/\/www.africa-press.net\/togo\/parties\/togo-afrika-youth-impact-forum-iyinoluwa-aboyeji-annonce-a-lome#breadcrumb"},"inLanguage":"fr-FR","potentialAction":[{"@type":"ReadAction","target":["https:\/\/www.africa-press.net\/togo\/parties\/togo-afrika-youth-impact-forum-iyinoluwa-aboyeji-annonce-a-lome"]}]},{"@type":"ImageObject","inLanguage":"fr-FR","@id":"https:\/\/www.africa-press.net\/togo\/parties\/togo-afrika-youth-impact-forum-iyinoluwa-aboyeji-annonce-a-lome#primaryimage","url":"https:\/\/static.africa-press.net\/togo\/sites\/58\/2023\/07\/sm_1689931062.597413.jpg","contentUrl":"https:\/\/static.africa-press.net\/togo\/sites\/58\/2023\/07\/sm_1689931062.597413.jpg","width":1281,"height":800,"caption":"Togo-Afrika Youth Impact Forum : Iyinoluwa Aboyeji annonc\u00e9 \u00e0 Lom\u00e9"},{"@type":"BreadcrumbList","@id":"https:\/\/www.africa-press.net\/togo\/parties\/togo-afrika-youth-impact-forum-iyinoluwa-aboyeji-annonce-a-lome#breadcrumb","itemListElement":[{"@type":"ListItem","position":1,"name":"Accueil","item":"https:\/\/www.africa-press.net\/togo\/"},{"@type":"ListItem","position":2,"name":"Togo-Afrika Youth Impact Forum : Iyinoluwa Aboyeji annonc\u00e9 \u00e0 Lom\u00e9"}]},{"@type":"WebSite","@id":"https:\/\/www.africa-press.net\/togo\/#website","url":"https:\/\/www.africa-press.net\/togo\/","name":"Togo","description":"Just another Africa News Agency Sites site","potentialAction":[{"@type":"SearchAction","target":{"@type":"EntryPoint","urlTemplate":"https:\/\/www.africa-press.net\/togo\/?s={search_term_string}"},"query-input":{"@type":"PropertyValueSpecification","valueRequired":true,"valueName":"search_term_string"}}],"inLanguage":"fr-FR"},{"@type":"Person","@id":"https:\/\/www.africa-press.net\/togo\/#\/schema\/person\/2b1cf3cd81a31e3cd26889ca66d677f1","name":"cfeditorfr"}]}},"_links":{"self":[{"href":"https:\/\/www.africa-press.net\/togo\/wp-json\/wp\/v2\/posts\/22789","targetHints":{"allow":["GET"]}}],"collection":[{"href":"https:\/\/www.africa-press.net\/togo\/wp-json\/wp\/v2\/posts"}],"about":[{"href":"https:\/\/www.africa-press.net\/togo\/wp-json\/wp\/v2\/types\/post"}],"author":[{"embeddable":true,"href":"https:\/\/www.africa-press.net\/togo\/wp-json\/wp\/v2\/users\/82"}],"replies":[{"embeddable":true,"href":"https:\/\/www.africa-press.net\/togo\/wp-json\/wp\/v2\/comments?post=22789"}],"version-history":[{"count":0,"href":"https:\/\/www.africa-press.net\/togo\/wp-json\/wp\/v2\/posts\/22789\/revisions"}],"wp:featuredmedia":[{"embeddable":true,"href":"https:\/\/www.africa-press.net\/togo\/wp-json\/wp\/v2\/media\/22788"}],"wp:attachment":[{"href":"https:\/\/www.africa-press.net\/togo\/wp-json\/wp\/v2\/media?parent=22789"}],"wp:term":[{"taxonomy":"category","embeddable":true,"href":"https:\/\/www.africa-press.net\/togo\/wp-json\/wp\/v2\/categories?post=22789"},{"taxonomy":"post_tag","embeddable":true,"href":"https:\/\/www.africa-press.net\/togo\/wp-json\/wp\/v2\/tags?post=22789"}],"curies":[{"name":"wp","href":"https:\/\/api.w.org\/{rel}","templated":true}]}}