{"id":28239,"date":"2024-01-06T12:49:08","date_gmt":"2024-01-06T12:49:08","guid":{"rendered":"https:\/\/www.africa-press.net\/togo\/politique\/football-voici-lordre-du-jour-du-congres-de-la-ftf-du-3-fevrier"},"modified":"2024-01-06T13:28:40","modified_gmt":"2024-01-06T13:28:40","slug":"football-voici-lordre-du-jour-du-congres-de-la-ftf-du-3-fevrier","status":"publish","type":"post","link":"https:\/\/www.africa-press.net\/togo\/sports\/football-voici-lordre-du-jour-du-congres-de-la-ftf-du-3-fevrier","title":{"rendered":"Football: Voici L\u2019Ordre du Jour du Congre\u0300S de la FTF du 3 Fe\u0301vrier"},"content":{"rendered":"<p><span style=\"color: #ff6600\"><strong>Africa-Press &#8211; Togo. <\/strong><\/span>La Fe\u0301de\u0301ration togolaise de football (FTF) donne des pre\u0301cisions sur l\u2019ordre du jour de son congre\u0300s qui va se de\u0301rouler le 3 fe\u0301vrier prochain dans la ville d\u2019Atakpame\u0301.<\/p>\n<p>Fe\u0301de\u0301ration togolaise de football<\/p>\n<p>Lome\u0301, le 3 janvier 2024<\/p>\n<p>Re\u0301f: LT24-005\/CE-SG\/FTF<\/p>\n<p>NOTE A L\u2019ATTENTION DES ASSOCIATIONS REPRESENTEES AU CONGRES ORDINAIRE ELECTIF DE LA FTF 2024<\/p>\n<p>Objet: Congre\u0300s Ordinaire de la FTF du 3 fe\u0301vrier 2024, Atakpame\u0301<\/p>\n<p>Madame, Monsieur,<\/p>\n<p>Conforme\u0301ment a\u0300 l\u2019article 30.3 des statuts de la FTF, nous avons le plaisir de vous communiquer les informations suivantes concernant l\u2019organisation du Congre\u0300s ordinaire de la FTF.<\/p>\n<p>Lieu, date et heure<\/p>\n<p>Le Congre\u0300s ordinaire e\u0301lectif de la FTF aura lieu a\u0300 Atakpame\u0301, le 3 fe\u0301vrier 2024 a\u0300 partir de 9 heures.<\/p>\n<p>Ordre du jour du Congre\u0300s<\/p>\n<p>L\u2019ordre du jour du Congre\u0300s ordinaire e\u0301lectif est annexe\u0301 a\u0300 la pre\u0301sente circulaire.<\/p>\n<p>4-Nombre de de\u0301le\u0301gue\u0301s<\/p>\n<p>Chaque association membre est autorise\u0301e a\u0300 se faire repre\u0301senter par un de\u0301le\u0301gue\u0301 ayant le droit de participer aux discussions conforme\u0301ment aux statuts de la FTF. Les de\u0301le\u0301gue\u0301s au Congre\u0300s peuvent e\u0302tre accompagne\u0301s par un supple\u0301ant aux frais du membre qu\u2019ils repre\u0301sentent.<\/p>\n<p>Les de\u0301le\u0301gue\u0301s accre\u0301dite\u0301s au Congre\u0300s doivent e\u0302tre des membres en, re\u0300gle de l\u2019association ou de la ligue qu\u2019ils repre\u0301sentent. Aucun de\u0301le\u0301gue\u0301 ne peut repre\u0301senter plus d\u2019une association.<\/p>\n<p>Les noms des de\u0301le\u0301gue\u0301s doivent parvenir au Secre\u0301tariat Ge\u0301ne\u0301ral de la FTF par courrier officiel avec le cachet de l\u2019association membre, ainsi que la signature du Secre\u0301taire Ge\u0301ne\u0301ral accompagne\u0301e du formulaire de pre\u0301sence (annexe 2) du\u0302ment rempli, au plus tard le 12 janvier.<\/p>\n<p>Les e\u0301ventuels changements de noms ne seront accepte\u0301s que dans des circonstances exceptionnelles et apre\u0300s re\u0301ception d\u2019une lettre officielle adresse\u0301e a\u0300 la FTF.<\/p>\n<p>Dispositions financie\u0300res<\/p>\n<p>Les frais de voyage et de se\u0301jour d\u2019un (1) de\u0301le\u0301gue\u0301 par participant au congre\u0300s ordinaire seront pris en charge par la FTF. Ces frais seront rembourse\u0301s a\u0300 la fin des travaux.<\/p>\n<p>6-Contacts<\/p>\n<p>Veuillez envoyer toute question lie\u0301e a\u0300 l\u2019organisation du Congre\u0300s ordinaire par courrier a\u0300 l\u2019adresse: fetofoot@gmail.com.<\/p>\n<p>Dans l\u2019attente de vous accueillir, nous vous prions de recevoir, Madame, Monsieur, nos tre\u0300s cordiales et sportives salutations.<\/p>\n<p>Le Secre\u0301taire Ge\u0301ne\u0301ral<\/p>\n<p>Herve\u0301 Te\u0301te\u0301 AGBODAN<\/p>\n<p><strong>Pour plus d&rsquo;informations et d&rsquo;analyses sur la <a href=\"https:\/\/www.africa-press.net\/togo\">Togo<\/a>, suivez <a href=\"https:\/\/www.africa-press.net\/\">Africa-Press<\/a><\/strong><\/p>\n","protected":false},"excerpt":{"rendered":"<p>Africa-Press &#8211; Togo. La Fe\u0301de\u0301ration togolaise de football (FTF) donne des pre\u0301cisions sur l\u2019ordre du jour de son congre\u0300s qui va se de\u0301rouler le 3 fe\u0301vrier prochain dans la ville d\u2019Atakpame\u0301. Fe\u0301de\u0301ration togolaise de football Lome\u0301, le 3 janvier 2024 Re\u0301f: LT24-005\/CE-SG\/FTF NOTE A L\u2019ATTENTION DES ASSOCIATIONS REPRESENTEES AU CONGRES ORDINAIRE ELECTIF DE LA FTF [&hellip;]<\/p>\n","protected":false},"author":82,"featured_media":28238,"comment_status":"open","ping_status":"closed","sticky":false,"template":"","format":"standard","meta":{"footnotes":""},"categories":[6,10],"tags":[36,49,383,726,50],"class_list":["post-28239","post","type-post","status-publish","format-standard","has-post-thumbnail","hentry","category-sports","category-toutes-les-actualites","tag-africa-press","tag-africa-press-togo","tag-foot","tag-ftf","tag-togo"],"yoast_head":"<!-- This site is optimized with the Yoast SEO Premium plugin v26.1 (Yoast SEO v27.0) - https:\/\/yoast.com\/product\/yoast-seo-premium-wordpress\/ -->\n<title>Football: Voici L\u2019Ordre du Jour du Congre\u0300S de la FTF du 3 Fe\u0301vrier - Togo<\/title>\n<meta name=\"description\" content=\"La Fe\u0301de\u0301ration togolaise de football (FTF) donne des pre\u0301cisions sur l\u2019ordre du jour de son congre\u0300s qui va se de\u0301roule ...\" \/>\n<meta name=\"robots\" content=\"index, follow, max-snippet:-1, max-image-preview:large, max-video-preview:-1\" \/>\n<link rel=\"canonical\" href=\"https:\/\/www.africa-press.net\/togo\/sports\/football-voici-lordre-du-jour-du-congres-de-la-ftf-du-3-fevrier\" \/>\n<meta property=\"og:locale\" content=\"fr_FR\" \/>\n<meta property=\"og:type\" content=\"article\" \/>\n<meta property=\"og:title\" content=\"Football: Voici L\u2019Ordre du Jour du Congre\u0300S de la FTF du 3 Fe\u0301vrier\" \/>\n<meta property=\"og:description\" content=\"La Fe\u0301de\u0301ration togolaise de football (FTF) donne des pre\u0301cisions sur l\u2019ordre du jour de son congre\u0300s qui va se de\u0301roule ...\" \/>\n<meta property=\"og:url\" content=\"https:\/\/www.africa-press.net\/togo\/sports\/football-voici-lordre-du-jour-du-congres-de-la-ftf-du-3-fevrier\" \/>\n<meta property=\"og:site_name\" content=\"Togo\" \/>\n<meta property=\"article:published_time\" content=\"2024-01-06T12:49:08+00:00\" \/>\n<meta property=\"article:modified_time\" content=\"2024-01-06T13:28:40+00:00\" \/>\n<meta property=\"og:image\" content=\"https:\/\/static.africa-press.net\/togo\/sites\/58\/2024\/01\/sm_1704534789.803857.jpg\" \/>\n\t<meta property=\"og:image:width\" content=\"720\" \/>\n\t<meta property=\"og:image:height\" content=\"480\" \/>\n\t<meta property=\"og:image:type\" content=\"image\/jpeg\" \/>\n<meta name=\"author\" content=\"cfeditorfr\" \/>\n<meta name=\"twitter:card\" content=\"summary_large_image\" \/>\n<meta name=\"twitter:label1\" content=\"\u00c9crit par\" \/>\n\t<meta name=\"twitter:data1\" content=\"cfeditorfr\" \/>\n\t<meta name=\"twitter:label2\" content=\"Dur\u00e9e de lecture estim\u00e9e\" \/>\n\t<meta name=\"twitter:data2\" content=\"2 minutes\" \/>\n<script type=\"application\/ld+json\" class=\"yoast-schema-graph\">{\"@context\":\"https:\/\/schema.org\",\"@graph\":[{\"@type\":\"Article\",\"@id\":\"https:\/\/www.africa-press.net\/togo\/sports\/football-voici-lordre-du-jour-du-congres-de-la-ftf-du-3-fevrier#article\",\"isPartOf\":{\"@id\":\"https:\/\/www.africa-press.net\/togo\/sports\/football-voici-lordre-du-jour-du-congres-de-la-ftf-du-3-fevrier\"},\"author\":{\"name\":\"cfeditorfr\",\"@id\":\"https:\/\/www.africa-press.net\/togo\/#\/schema\/person\/2b1cf3cd81a31e3cd26889ca66d677f1\"},\"headline\":\"Football: Voici L\u2019Ordre du Jour du Congre\u0300S de la FTF du 3 Fe\u0301vrier\",\"datePublished\":\"2024-01-06T12:49:08+00:00\",\"dateModified\":\"2024-01-06T13:28:40+00:00\",\"mainEntityOfPage\":{\"@id\":\"https:\/\/www.africa-press.net\/togo\/sports\/football-voici-lordre-du-jour-du-congres-de-la-ftf-du-3-fevrier\"},\"wordCount\":461,\"commentCount\":0,\"image\":{\"@id\":\"https:\/\/www.africa-press.net\/togo\/sports\/football-voici-lordre-du-jour-du-congres-de-la-ftf-du-3-fevrier#primaryimage\"},\"thumbnailUrl\":\"https:\/\/static.africa-press.net\/togo\/sites\/58\/2024\/01\/sm_1704534789.803857.jpg\",\"keywords\":[\"Africa Press\",\"Africa Press-Togo\",\"Foot\",\"FTF\",\"Togo\"],\"articleSection\":[\"Sports\",\"Toutes les actualit\u00e9s\"],\"inLanguage\":\"fr-FR\",\"potentialAction\":[{\"@type\":\"CommentAction\",\"name\":\"Comment\",\"target\":[\"https:\/\/www.africa-press.net\/togo\/sports\/football-voici-lordre-du-jour-du-congres-de-la-ftf-du-3-fevrier#respond\"]}]},{\"@type\":\"WebPage\",\"@id\":\"https:\/\/www.africa-press.net\/togo\/sports\/football-voici-lordre-du-jour-du-congres-de-la-ftf-du-3-fevrier\",\"url\":\"https:\/\/www.africa-press.net\/togo\/sports\/football-voici-lordre-du-jour-du-congres-de-la-ftf-du-3-fevrier\",\"name\":\"Football: Voici L\u2019Ordre du Jour du Congre\u0300S de la FTF du 3 Fe\u0301vrier - Togo\",\"isPartOf\":{\"@id\":\"https:\/\/www.africa-press.net\/togo\/#website\"},\"primaryImageOfPage\":{\"@id\":\"https:\/\/www.africa-press.net\/togo\/sports\/football-voici-lordre-du-jour-du-congres-de-la-ftf-du-3-fevrier#primaryimage\"},\"image\":{\"@id\":\"https:\/\/www.africa-press.net\/togo\/sports\/football-voici-lordre-du-jour-du-congres-de-la-ftf-du-3-fevrier#primaryimage\"},\"thumbnailUrl\":\"https:\/\/static.africa-press.net\/togo\/sites\/58\/2024\/01\/sm_1704534789.803857.jpg\",\"datePublished\":\"2024-01-06T12:49:08+00:00\",\"dateModified\":\"2024-01-06T13:28:40+00:00\",\"author\":{\"@id\":\"https:\/\/www.africa-press.net\/togo\/#\/schema\/person\/2b1cf3cd81a31e3cd26889ca66d677f1\"},\"description\":\"La Fe\u0301de\u0301ration togolaise de football (FTF) donne des pre\u0301cisions sur l\u2019ordre du jour de son congre\u0300s qui va se de\u0301roule ...\",\"breadcrumb\":{\"@id\":\"https:\/\/www.africa-press.net\/togo\/sports\/football-voici-lordre-du-jour-du-congres-de-la-ftf-du-3-fevrier#breadcrumb\"},\"inLanguage\":\"fr-FR\",\"potentialAction\":[{\"@type\":\"ReadAction\",\"target\":[\"https:\/\/www.africa-press.net\/togo\/sports\/football-voici-lordre-du-jour-du-congres-de-la-ftf-du-3-fevrier\"]}]},{\"@type\":\"ImageObject\",\"inLanguage\":\"fr-FR\",\"@id\":\"https:\/\/www.africa-press.net\/togo\/sports\/football-voici-lordre-du-jour-du-congres-de-la-ftf-du-3-fevrier#primaryimage\",\"url\":\"https:\/\/static.africa-press.net\/togo\/sites\/58\/2024\/01\/sm_1704534789.803857.jpg\",\"contentUrl\":\"https:\/\/static.africa-press.net\/togo\/sites\/58\/2024\/01\/sm_1704534789.803857.jpg\",\"width\":720,\"height\":480,\"caption\":\"Football: Voici L\u2019Ordre du Jour du Congre\u0300S de la FTF du 3 Fe\u0301vrier\"},{\"@type\":\"BreadcrumbList\",\"@id\":\"https:\/\/www.africa-press.net\/togo\/sports\/football-voici-lordre-du-jour-du-congres-de-la-ftf-du-3-fevrier#breadcrumb\",\"itemListElement\":[{\"@type\":\"ListItem\",\"position\":1,\"name\":\"Accueil\",\"item\":\"https:\/\/www.africa-press.net\/togo\/\"},{\"@type\":\"ListItem\",\"position\":2,\"name\":\"Football: Voici L\u2019Ordre du Jour du Congre\u0300S de la FTF du 3 Fe\u0301vrier\"}]},{\"@type\":\"WebSite\",\"@id\":\"https:\/\/www.africa-press.net\/togo\/#website\",\"url\":\"https:\/\/www.africa-press.net\/togo\/\",\"name\":\"Togo\",\"description\":\"Just another Africa News Agency Sites site\",\"potentialAction\":[{\"@type\":\"SearchAction\",\"target\":{\"@type\":\"EntryPoint\",\"urlTemplate\":\"https:\/\/www.africa-press.net\/togo\/?s={search_term_string}\"},\"query-input\":{\"@type\":\"PropertyValueSpecification\",\"valueRequired\":true,\"valueName\":\"search_term_string\"}}],\"inLanguage\":\"fr-FR\"},{\"@type\":\"Person\",\"@id\":\"https:\/\/www.africa-press.net\/togo\/#\/schema\/person\/2b1cf3cd81a31e3cd26889ca66d677f1\",\"name\":\"cfeditorfr\"}]}<\/script>\n<!-- \/ Yoast SEO Premium plugin. -->","yoast_head_json":{"title":"Football: Voici L\u2019Ordre du Jour du Congre\u0300S de la FTF du 3 Fe\u0301vrier - Togo","description":"La Fe\u0301de\u0301ration togolaise de football (FTF) donne des pre\u0301cisions sur l\u2019ordre du jour de son congre\u0300s qui va se de\u0301roule ...","robots":{"index":"index","follow":"follow","max-snippet":"max-snippet:-1","max-image-preview":"max-image-preview:large","max-video-preview":"max-video-preview:-1"},"canonical":"https:\/\/www.africa-press.net\/togo\/sports\/football-voici-lordre-du-jour-du-congres-de-la-ftf-du-3-fevrier","og_locale":"fr_FR","og_type":"article","og_title":"Football: Voici L\u2019Ordre du Jour du Congre\u0300S de la FTF du 3 Fe\u0301vrier","og_description":"La Fe\u0301de\u0301ration togolaise de football (FTF) donne des pre\u0301cisions sur l\u2019ordre du jour de son congre\u0300s qui va se de\u0301roule ...","og_url":"https:\/\/www.africa-press.net\/togo\/sports\/football-voici-lordre-du-jour-du-congres-de-la-ftf-du-3-fevrier","og_site_name":"Togo","article_published_time":"2024-01-06T12:49:08+00:00","article_modified_time":"2024-01-06T13:28:40+00:00","og_image":[{"width":720,"height":480,"url":"https:\/\/static.africa-press.net\/togo\/sites\/58\/2024\/01\/sm_1704534789.803857.jpg","type":"image\/jpeg"}],"author":"cfeditorfr","twitter_card":"summary_large_image","twitter_misc":{"\u00c9crit par":"cfeditorfr","Dur\u00e9e de lecture estim\u00e9e":"2 minutes"},"schema":{"@context":"https:\/\/schema.org","@graph":[{"@type":"Article","@id":"https:\/\/www.africa-press.net\/togo\/sports\/football-voici-lordre-du-jour-du-congres-de-la-ftf-du-3-fevrier#article","isPartOf":{"@id":"https:\/\/www.africa-press.net\/togo\/sports\/football-voici-lordre-du-jour-du-congres-de-la-ftf-du-3-fevrier"},"author":{"name":"cfeditorfr","@id":"https:\/\/www.africa-press.net\/togo\/#\/schema\/person\/2b1cf3cd81a31e3cd26889ca66d677f1"},"headline":"Football: Voici L\u2019Ordre du Jour du Congre\u0300S de la FTF du 3 Fe\u0301vrier","datePublished":"2024-01-06T12:49:08+00:00","dateModified":"2024-01-06T13:28:40+00:00","mainEntityOfPage":{"@id":"https:\/\/www.africa-press.net\/togo\/sports\/football-voici-lordre-du-jour-du-congres-de-la-ftf-du-3-fevrier"},"wordCount":461,"commentCount":0,"image":{"@id":"https:\/\/www.africa-press.net\/togo\/sports\/football-voici-lordre-du-jour-du-congres-de-la-ftf-du-3-fevrier#primaryimage"},"thumbnailUrl":"https:\/\/static.africa-press.net\/togo\/sites\/58\/2024\/01\/sm_1704534789.803857.jpg","keywords":["Africa Press","Africa Press-Togo","Foot","FTF","Togo"],"articleSection":["Sports","Toutes les actualit\u00e9s"],"inLanguage":"fr-FR","potentialAction":[{"@type":"CommentAction","name":"Comment","target":["https:\/\/www.africa-press.net\/togo\/sports\/football-voici-lordre-du-jour-du-congres-de-la-ftf-du-3-fevrier#respond"]}]},{"@type":"WebPage","@id":"https:\/\/www.africa-press.net\/togo\/sports\/football-voici-lordre-du-jour-du-congres-de-la-ftf-du-3-fevrier","url":"https:\/\/www.africa-press.net\/togo\/sports\/football-voici-lordre-du-jour-du-congres-de-la-ftf-du-3-fevrier","name":"Football: Voici L\u2019Ordre du Jour du Congre\u0300S de la FTF du 3 Fe\u0301vrier - Togo","isPartOf":{"@id":"https:\/\/www.africa-press.net\/togo\/#website"},"primaryImageOfPage":{"@id":"https:\/\/www.africa-press.net\/togo\/sports\/football-voici-lordre-du-jour-du-congres-de-la-ftf-du-3-fevrier#primaryimage"},"image":{"@id":"https:\/\/www.africa-press.net\/togo\/sports\/football-voici-lordre-du-jour-du-congres-de-la-ftf-du-3-fevrier#primaryimage"},"thumbnailUrl":"https:\/\/static.africa-press.net\/togo\/sites\/58\/2024\/01\/sm_1704534789.803857.jpg","datePublished":"2024-01-06T12:49:08+00:00","dateModified":"2024-01-06T13:28:40+00:00","author":{"@id":"https:\/\/www.africa-press.net\/togo\/#\/schema\/person\/2b1cf3cd81a31e3cd26889ca66d677f1"},"description":"La Fe\u0301de\u0301ration togolaise de football (FTF) donne des pre\u0301cisions sur l\u2019ordre du jour de son congre\u0300s qui va se de\u0301roule ...","breadcrumb":{"@id":"https:\/\/www.africa-press.net\/togo\/sports\/football-voici-lordre-du-jour-du-congres-de-la-ftf-du-3-fevrier#breadcrumb"},"inLanguage":"fr-FR","potentialAction":[{"@type":"ReadAction","target":["https:\/\/www.africa-press.net\/togo\/sports\/football-voici-lordre-du-jour-du-congres-de-la-ftf-du-3-fevrier"]}]},{"@type":"ImageObject","inLanguage":"fr-FR","@id":"https:\/\/www.africa-press.net\/togo\/sports\/football-voici-lordre-du-jour-du-congres-de-la-ftf-du-3-fevrier#primaryimage","url":"https:\/\/static.africa-press.net\/togo\/sites\/58\/2024\/01\/sm_1704534789.803857.jpg","contentUrl":"https:\/\/static.africa-press.net\/togo\/sites\/58\/2024\/01\/sm_1704534789.803857.jpg","width":720,"height":480,"caption":"Football: Voici L\u2019Ordre du Jour du Congre\u0300S de la FTF du 3 Fe\u0301vrier"},{"@type":"BreadcrumbList","@id":"https:\/\/www.africa-press.net\/togo\/sports\/football-voici-lordre-du-jour-du-congres-de-la-ftf-du-3-fevrier#breadcrumb","itemListElement":[{"@type":"ListItem","position":1,"name":"Accueil","item":"https:\/\/www.africa-press.net\/togo\/"},{"@type":"ListItem","position":2,"name":"Football: Voici L\u2019Ordre du Jour du Congre\u0300S de la FTF du 3 Fe\u0301vrier"}]},{"@type":"WebSite","@id":"https:\/\/www.africa-press.net\/togo\/#website","url":"https:\/\/www.africa-press.net\/togo\/","name":"Togo","description":"Just another Africa News Agency Sites site","potentialAction":[{"@type":"SearchAction","target":{"@type":"EntryPoint","urlTemplate":"https:\/\/www.africa-press.net\/togo\/?s={search_term_string}"},"query-input":{"@type":"PropertyValueSpecification","valueRequired":true,"valueName":"search_term_string"}}],"inLanguage":"fr-FR"},{"@type":"Person","@id":"https:\/\/www.africa-press.net\/togo\/#\/schema\/person\/2b1cf3cd81a31e3cd26889ca66d677f1","name":"cfeditorfr"}]}},"_links":{"self":[{"href":"https:\/\/www.africa-press.net\/togo\/wp-json\/wp\/v2\/posts\/28239","targetHints":{"allow":["GET"]}}],"collection":[{"href":"https:\/\/www.africa-press.net\/togo\/wp-json\/wp\/v2\/posts"}],"about":[{"href":"https:\/\/www.africa-press.net\/togo\/wp-json\/wp\/v2\/types\/post"}],"author":[{"embeddable":true,"href":"https:\/\/www.africa-press.net\/togo\/wp-json\/wp\/v2\/users\/82"}],"replies":[{"embeddable":true,"href":"https:\/\/www.africa-press.net\/togo\/wp-json\/wp\/v2\/comments?post=28239"}],"version-history":[{"count":0,"href":"https:\/\/www.africa-press.net\/togo\/wp-json\/wp\/v2\/posts\/28239\/revisions"}],"wp:featuredmedia":[{"embeddable":true,"href":"https:\/\/www.africa-press.net\/togo\/wp-json\/wp\/v2\/media\/28238"}],"wp:attachment":[{"href":"https:\/\/www.africa-press.net\/togo\/wp-json\/wp\/v2\/media?parent=28239"}],"wp:term":[{"taxonomy":"category","embeddable":true,"href":"https:\/\/www.africa-press.net\/togo\/wp-json\/wp\/v2\/categories?post=28239"},{"taxonomy":"post_tag","embeddable":true,"href":"https:\/\/www.africa-press.net\/togo\/wp-json\/wp\/v2\/tags?post=28239"}],"curies":[{"name":"wp","href":"https:\/\/api.w.org\/{rel}","templated":true}]}}