{"id":28837,"date":"2024-01-31T19:53:44","date_gmt":"2024-01-31T19:53:44","guid":{"rendered":"https:\/\/www.africa-press.net\/togo\/politique\/armee-des-militaires-togolais-vont-integrer-des-ecoles-dofficiers-en-france"},"modified":"2024-01-31T22:02:13","modified_gmt":"2024-01-31T22:02:13","slug":"armee-des-militaires-togolais-vont-integrer-des-ecoles-dofficiers-en-france","status":"publish","type":"post","link":"https:\/\/www.africa-press.net\/togo\/politique\/armee-des-militaires-togolais-vont-integrer-des-ecoles-dofficiers-en-france","title":{"rendered":"Arm\u00e9e : des Militaires Togolais Vont Int\u00e9grer des \u00c9coles D\u2019Officiers en France"},"content":{"rendered":"<p><span style=\"color: #ff6600\"><strong>Africa-Press &#8211; Togo. <\/strong><\/span>Dans une re\u0301ussite remarquable, 30 militaires togolais ont re\u0301cemment de\u0301croche\u0301 leur place dans trois prestigieuses e\u0301coles d\u2019officiers en France pour la session 2024. Leurs noms figurent sur la liste des admis publie\u0301e par le ministre des arme\u0301es sur son site officiel.<\/p>\n<p>Avant leur de\u0301part pour la France, les laure\u0301ats ont e\u0301te\u0301 soumis a\u0300 une visite me\u0301dicale d\u2019aptitude le 24 janvier dernier au centre hospitalier des arme\u0301es de Lome\u0301 (CHAL) du camp Ge\u0301ne\u0301ral Gnassingbe\u0301 Eyade\u0301ma. Une seconde visite a e\u0301galement e\u0301te\u0301 effectue\u0301e au centre me\u0301dical des arme\u0301es du re\u0301giment parachutiste commando (CMA-RPC) de Kara, assurant ainsi la pre\u0301paration optimale de ces militaires avant leur aventure e\u0301ducative en France.<\/p>\n<p>Trois e\u0301coles de renom auront le privile\u0300ge d\u2019accueillir ces talents togolais. Il s\u2019agit de l\u2019e\u0301cole spe\u0301ciale militaire, l\u2019e\u0301cole navale et l\u2019e\u0301cole du commissariat des arme\u0301es. Ces institutions renomme\u0301es offriront une formation de qualite\u0301 pour de\u0301velopper les compe\u0301tences et les connaissances ne\u0301cessaires a\u0300 la carrie\u0300re d\u2019officier.<\/p>\n<p>Cette re\u0301ussite te\u0301moigne non seulement de l\u2019excellence des militaires togolais, mais aussi de l\u2019importance accorde\u0301e a\u0300 la formation de cadres supe\u0301rieurs au sein des forces arme\u0301es du Togo. Les futurs officiers sont pre\u0302ts a\u0300 relever les de\u0301fis qui les attendent, renforc\u0327ant ainsi les liens de coope\u0301ration militaire entre le Togo et la France.<\/p>\n<p><strong>Pour plus d&rsquo;informations et d&rsquo;analyses sur la <a href=\"https:\/\/www.africa-press.net\/togo\">Togo<\/a>, suivez <a href=\"https:\/\/www.africa-press.net\/\">Africa-Press<\/a><\/strong><\/p>\n","protected":false},"excerpt":{"rendered":"<p>Africa-Press &#8211; Togo. Dans une re\u0301ussite remarquable, 30 militaires togolais ont re\u0301cemment de\u0301croche\u0301 leur place dans trois prestigieuses e\u0301coles d\u2019officiers en France pour la session 2024. Leurs noms figurent sur la liste des admis publie\u0301e par le ministre des arme\u0301es sur son site officiel. Avant leur de\u0301part pour la France, les laure\u0301ats ont e\u0301te\u0301 soumis [&hellip;]<\/p>\n","protected":false},"author":82,"featured_media":28836,"comment_status":"open","ping_status":"closed","sticky":false,"template":"","format":"standard","meta":{"footnotes":""},"categories":[2,10],"tags":[36,49,505,385,50],"class_list":["post-28837","post","type-post","status-publish","format-standard","has-post-thumbnail","hentry","category-politique","category-toutes-les-actualites","tag-africa-press","tag-africa-press-togo","tag-fat","tag-france","tag-togo"],"yoast_head":"<!-- This site is optimized with the Yoast SEO Premium plugin v26.1 (Yoast SEO v27.0) - https:\/\/yoast.com\/product\/yoast-seo-premium-wordpress\/ -->\n<title>Arm\u00e9e : des Militaires Togolais Vont Int\u00e9grer des \u00c9coles D\u2019Officiers en France - Togo<\/title>\n<meta name=\"description\" content=\"Dans une re\u0301ussite remarquable, 30 militaires togolais ont re\u0301cemment de\u0301croche\u0301 leur place dans trois prestigieuses e\u0301c ...\" \/>\n<meta name=\"robots\" content=\"index, follow, max-snippet:-1, max-image-preview:large, max-video-preview:-1\" \/>\n<link rel=\"canonical\" href=\"https:\/\/www.africa-press.net\/togo\/politique\/armee-des-militaires-togolais-vont-integrer-des-ecoles-dofficiers-en-france\" \/>\n<meta property=\"og:locale\" content=\"fr_FR\" \/>\n<meta property=\"og:type\" content=\"article\" \/>\n<meta property=\"og:title\" content=\"Arm\u00e9e : des Militaires Togolais Vont Int\u00e9grer des \u00c9coles D\u2019Officiers en France\" \/>\n<meta property=\"og:description\" content=\"Dans une re\u0301ussite remarquable, 30 militaires togolais ont re\u0301cemment de\u0301croche\u0301 leur place dans trois prestigieuses e\u0301c ...\" \/>\n<meta property=\"og:url\" content=\"https:\/\/www.africa-press.net\/togo\/politique\/armee-des-militaires-togolais-vont-integrer-des-ecoles-dofficiers-en-france\" \/>\n<meta property=\"og:site_name\" content=\"Togo\" \/>\n<meta property=\"article:published_time\" content=\"2024-01-31T19:53:44+00:00\" \/>\n<meta property=\"article:modified_time\" content=\"2024-01-31T22:02:13+00:00\" \/>\n<meta property=\"og:image\" content=\"https:\/\/static.africa-press.net\/togo\/sites\/58\/2024\/01\/sm_1706725324.188849.jpg\" \/>\n\t<meta property=\"og:image:width\" content=\"720\" \/>\n\t<meta property=\"og:image:height\" content=\"540\" \/>\n\t<meta property=\"og:image:type\" content=\"image\/jpeg\" \/>\n<meta name=\"author\" content=\"cfeditorfr\" \/>\n<meta name=\"twitter:card\" content=\"summary_large_image\" \/>\n<meta name=\"twitter:label1\" content=\"\u00c9crit par\" \/>\n\t<meta name=\"twitter:data1\" content=\"cfeditorfr\" \/>\n\t<meta name=\"twitter:label2\" content=\"Dur\u00e9e de lecture estim\u00e9e\" \/>\n\t<meta name=\"twitter:data2\" content=\"1 minute\" \/>\n<script type=\"application\/ld+json\" class=\"yoast-schema-graph\">{\"@context\":\"https:\/\/schema.org\",\"@graph\":[{\"@type\":\"Article\",\"@id\":\"https:\/\/www.africa-press.net\/togo\/politique\/armee-des-militaires-togolais-vont-integrer-des-ecoles-dofficiers-en-france#article\",\"isPartOf\":{\"@id\":\"https:\/\/www.africa-press.net\/togo\/politique\/armee-des-militaires-togolais-vont-integrer-des-ecoles-dofficiers-en-france\"},\"author\":{\"name\":\"cfeditorfr\",\"@id\":\"https:\/\/www.africa-press.net\/togo\/#\/schema\/person\/2b1cf3cd81a31e3cd26889ca66d677f1\"},\"headline\":\"Arm\u00e9e : des Militaires Togolais Vont Int\u00e9grer des \u00c9coles D\u2019Officiers en France\",\"datePublished\":\"2024-01-31T19:53:44+00:00\",\"dateModified\":\"2024-01-31T22:02:13+00:00\",\"mainEntityOfPage\":{\"@id\":\"https:\/\/www.africa-press.net\/togo\/politique\/armee-des-militaires-togolais-vont-integrer-des-ecoles-dofficiers-en-france\"},\"wordCount\":284,\"commentCount\":0,\"image\":{\"@id\":\"https:\/\/www.africa-press.net\/togo\/politique\/armee-des-militaires-togolais-vont-integrer-des-ecoles-dofficiers-en-france#primaryimage\"},\"thumbnailUrl\":\"https:\/\/static.africa-press.net\/togo\/sites\/58\/2024\/01\/sm_1706725324.188849.jpg\",\"keywords\":[\"Africa Press\",\"Africa Press-Togo\",\"FAT\",\"France\",\"Togo\"],\"articleSection\":[\"Politique\",\"Toutes les actualit\u00e9s\"],\"inLanguage\":\"fr-FR\",\"potentialAction\":[{\"@type\":\"CommentAction\",\"name\":\"Comment\",\"target\":[\"https:\/\/www.africa-press.net\/togo\/politique\/armee-des-militaires-togolais-vont-integrer-des-ecoles-dofficiers-en-france#respond\"]}]},{\"@type\":\"WebPage\",\"@id\":\"https:\/\/www.africa-press.net\/togo\/politique\/armee-des-militaires-togolais-vont-integrer-des-ecoles-dofficiers-en-france\",\"url\":\"https:\/\/www.africa-press.net\/togo\/politique\/armee-des-militaires-togolais-vont-integrer-des-ecoles-dofficiers-en-france\",\"name\":\"Arm\u00e9e : des Militaires Togolais Vont Int\u00e9grer des \u00c9coles D\u2019Officiers en France - Togo\",\"isPartOf\":{\"@id\":\"https:\/\/www.africa-press.net\/togo\/#website\"},\"primaryImageOfPage\":{\"@id\":\"https:\/\/www.africa-press.net\/togo\/politique\/armee-des-militaires-togolais-vont-integrer-des-ecoles-dofficiers-en-france#primaryimage\"},\"image\":{\"@id\":\"https:\/\/www.africa-press.net\/togo\/politique\/armee-des-militaires-togolais-vont-integrer-des-ecoles-dofficiers-en-france#primaryimage\"},\"thumbnailUrl\":\"https:\/\/static.africa-press.net\/togo\/sites\/58\/2024\/01\/sm_1706725324.188849.jpg\",\"datePublished\":\"2024-01-31T19:53:44+00:00\",\"dateModified\":\"2024-01-31T22:02:13+00:00\",\"author\":{\"@id\":\"https:\/\/www.africa-press.net\/togo\/#\/schema\/person\/2b1cf3cd81a31e3cd26889ca66d677f1\"},\"description\":\"Dans une re\u0301ussite remarquable, 30 militaires togolais ont re\u0301cemment de\u0301croche\u0301 leur place dans trois prestigieuses e\u0301c ...\",\"breadcrumb\":{\"@id\":\"https:\/\/www.africa-press.net\/togo\/politique\/armee-des-militaires-togolais-vont-integrer-des-ecoles-dofficiers-en-france#breadcrumb\"},\"inLanguage\":\"fr-FR\",\"potentialAction\":[{\"@type\":\"ReadAction\",\"target\":[\"https:\/\/www.africa-press.net\/togo\/politique\/armee-des-militaires-togolais-vont-integrer-des-ecoles-dofficiers-en-france\"]}]},{\"@type\":\"ImageObject\",\"inLanguage\":\"fr-FR\",\"@id\":\"https:\/\/www.africa-press.net\/togo\/politique\/armee-des-militaires-togolais-vont-integrer-des-ecoles-dofficiers-en-france#primaryimage\",\"url\":\"https:\/\/static.africa-press.net\/togo\/sites\/58\/2024\/01\/sm_1706725324.188849.jpg\",\"contentUrl\":\"https:\/\/static.africa-press.net\/togo\/sites\/58\/2024\/01\/sm_1706725324.188849.jpg\",\"width\":720,\"height\":540,\"caption\":\"Arm\u00e9e : des Militaires Togolais Vont Int\u00e9grer des \u00c9coles D\u2019Officiers en France\"},{\"@type\":\"BreadcrumbList\",\"@id\":\"https:\/\/www.africa-press.net\/togo\/politique\/armee-des-militaires-togolais-vont-integrer-des-ecoles-dofficiers-en-france#breadcrumb\",\"itemListElement\":[{\"@type\":\"ListItem\",\"position\":1,\"name\":\"Accueil\",\"item\":\"https:\/\/www.africa-press.net\/togo\/\"},{\"@type\":\"ListItem\",\"position\":2,\"name\":\"Arm\u00e9e : des Militaires Togolais Vont Int\u00e9grer des \u00c9coles D\u2019Officiers en France\"}]},{\"@type\":\"WebSite\",\"@id\":\"https:\/\/www.africa-press.net\/togo\/#website\",\"url\":\"https:\/\/www.africa-press.net\/togo\/\",\"name\":\"Togo\",\"description\":\"Just another Africa News Agency Sites site\",\"potentialAction\":[{\"@type\":\"SearchAction\",\"target\":{\"@type\":\"EntryPoint\",\"urlTemplate\":\"https:\/\/www.africa-press.net\/togo\/?s={search_term_string}\"},\"query-input\":{\"@type\":\"PropertyValueSpecification\",\"valueRequired\":true,\"valueName\":\"search_term_string\"}}],\"inLanguage\":\"fr-FR\"},{\"@type\":\"Person\",\"@id\":\"https:\/\/www.africa-press.net\/togo\/#\/schema\/person\/2b1cf3cd81a31e3cd26889ca66d677f1\",\"name\":\"cfeditorfr\"}]}<\/script>\n<!-- \/ Yoast SEO Premium plugin. -->","yoast_head_json":{"title":"Arm\u00e9e : des Militaires Togolais Vont Int\u00e9grer des \u00c9coles D\u2019Officiers en France - Togo","description":"Dans une re\u0301ussite remarquable, 30 militaires togolais ont re\u0301cemment de\u0301croche\u0301 leur place dans trois prestigieuses e\u0301c ...","robots":{"index":"index","follow":"follow","max-snippet":"max-snippet:-1","max-image-preview":"max-image-preview:large","max-video-preview":"max-video-preview:-1"},"canonical":"https:\/\/www.africa-press.net\/togo\/politique\/armee-des-militaires-togolais-vont-integrer-des-ecoles-dofficiers-en-france","og_locale":"fr_FR","og_type":"article","og_title":"Arm\u00e9e : des Militaires Togolais Vont Int\u00e9grer des \u00c9coles D\u2019Officiers en France","og_description":"Dans une re\u0301ussite remarquable, 30 militaires togolais ont re\u0301cemment de\u0301croche\u0301 leur place dans trois prestigieuses e\u0301c ...","og_url":"https:\/\/www.africa-press.net\/togo\/politique\/armee-des-militaires-togolais-vont-integrer-des-ecoles-dofficiers-en-france","og_site_name":"Togo","article_published_time":"2024-01-31T19:53:44+00:00","article_modified_time":"2024-01-31T22:02:13+00:00","og_image":[{"width":720,"height":540,"url":"https:\/\/static.africa-press.net\/togo\/sites\/58\/2024\/01\/sm_1706725324.188849.jpg","type":"image\/jpeg"}],"author":"cfeditorfr","twitter_card":"summary_large_image","twitter_misc":{"\u00c9crit par":"cfeditorfr","Dur\u00e9e de lecture estim\u00e9e":"1 minute"},"schema":{"@context":"https:\/\/schema.org","@graph":[{"@type":"Article","@id":"https:\/\/www.africa-press.net\/togo\/politique\/armee-des-militaires-togolais-vont-integrer-des-ecoles-dofficiers-en-france#article","isPartOf":{"@id":"https:\/\/www.africa-press.net\/togo\/politique\/armee-des-militaires-togolais-vont-integrer-des-ecoles-dofficiers-en-france"},"author":{"name":"cfeditorfr","@id":"https:\/\/www.africa-press.net\/togo\/#\/schema\/person\/2b1cf3cd81a31e3cd26889ca66d677f1"},"headline":"Arm\u00e9e : des Militaires Togolais Vont Int\u00e9grer des \u00c9coles D\u2019Officiers en France","datePublished":"2024-01-31T19:53:44+00:00","dateModified":"2024-01-31T22:02:13+00:00","mainEntityOfPage":{"@id":"https:\/\/www.africa-press.net\/togo\/politique\/armee-des-militaires-togolais-vont-integrer-des-ecoles-dofficiers-en-france"},"wordCount":284,"commentCount":0,"image":{"@id":"https:\/\/www.africa-press.net\/togo\/politique\/armee-des-militaires-togolais-vont-integrer-des-ecoles-dofficiers-en-france#primaryimage"},"thumbnailUrl":"https:\/\/static.africa-press.net\/togo\/sites\/58\/2024\/01\/sm_1706725324.188849.jpg","keywords":["Africa Press","Africa Press-Togo","FAT","France","Togo"],"articleSection":["Politique","Toutes les actualit\u00e9s"],"inLanguage":"fr-FR","potentialAction":[{"@type":"CommentAction","name":"Comment","target":["https:\/\/www.africa-press.net\/togo\/politique\/armee-des-militaires-togolais-vont-integrer-des-ecoles-dofficiers-en-france#respond"]}]},{"@type":"WebPage","@id":"https:\/\/www.africa-press.net\/togo\/politique\/armee-des-militaires-togolais-vont-integrer-des-ecoles-dofficiers-en-france","url":"https:\/\/www.africa-press.net\/togo\/politique\/armee-des-militaires-togolais-vont-integrer-des-ecoles-dofficiers-en-france","name":"Arm\u00e9e : des Militaires Togolais Vont Int\u00e9grer des \u00c9coles D\u2019Officiers en France - Togo","isPartOf":{"@id":"https:\/\/www.africa-press.net\/togo\/#website"},"primaryImageOfPage":{"@id":"https:\/\/www.africa-press.net\/togo\/politique\/armee-des-militaires-togolais-vont-integrer-des-ecoles-dofficiers-en-france#primaryimage"},"image":{"@id":"https:\/\/www.africa-press.net\/togo\/politique\/armee-des-militaires-togolais-vont-integrer-des-ecoles-dofficiers-en-france#primaryimage"},"thumbnailUrl":"https:\/\/static.africa-press.net\/togo\/sites\/58\/2024\/01\/sm_1706725324.188849.jpg","datePublished":"2024-01-31T19:53:44+00:00","dateModified":"2024-01-31T22:02:13+00:00","author":{"@id":"https:\/\/www.africa-press.net\/togo\/#\/schema\/person\/2b1cf3cd81a31e3cd26889ca66d677f1"},"description":"Dans une re\u0301ussite remarquable, 30 militaires togolais ont re\u0301cemment de\u0301croche\u0301 leur place dans trois prestigieuses e\u0301c ...","breadcrumb":{"@id":"https:\/\/www.africa-press.net\/togo\/politique\/armee-des-militaires-togolais-vont-integrer-des-ecoles-dofficiers-en-france#breadcrumb"},"inLanguage":"fr-FR","potentialAction":[{"@type":"ReadAction","target":["https:\/\/www.africa-press.net\/togo\/politique\/armee-des-militaires-togolais-vont-integrer-des-ecoles-dofficiers-en-france"]}]},{"@type":"ImageObject","inLanguage":"fr-FR","@id":"https:\/\/www.africa-press.net\/togo\/politique\/armee-des-militaires-togolais-vont-integrer-des-ecoles-dofficiers-en-france#primaryimage","url":"https:\/\/static.africa-press.net\/togo\/sites\/58\/2024\/01\/sm_1706725324.188849.jpg","contentUrl":"https:\/\/static.africa-press.net\/togo\/sites\/58\/2024\/01\/sm_1706725324.188849.jpg","width":720,"height":540,"caption":"Arm\u00e9e : des Militaires Togolais Vont Int\u00e9grer des \u00c9coles D\u2019Officiers en France"},{"@type":"BreadcrumbList","@id":"https:\/\/www.africa-press.net\/togo\/politique\/armee-des-militaires-togolais-vont-integrer-des-ecoles-dofficiers-en-france#breadcrumb","itemListElement":[{"@type":"ListItem","position":1,"name":"Accueil","item":"https:\/\/www.africa-press.net\/togo\/"},{"@type":"ListItem","position":2,"name":"Arm\u00e9e : des Militaires Togolais Vont Int\u00e9grer des \u00c9coles D\u2019Officiers en France"}]},{"@type":"WebSite","@id":"https:\/\/www.africa-press.net\/togo\/#website","url":"https:\/\/www.africa-press.net\/togo\/","name":"Togo","description":"Just another Africa News Agency Sites site","potentialAction":[{"@type":"SearchAction","target":{"@type":"EntryPoint","urlTemplate":"https:\/\/www.africa-press.net\/togo\/?s={search_term_string}"},"query-input":{"@type":"PropertyValueSpecification","valueRequired":true,"valueName":"search_term_string"}}],"inLanguage":"fr-FR"},{"@type":"Person","@id":"https:\/\/www.africa-press.net\/togo\/#\/schema\/person\/2b1cf3cd81a31e3cd26889ca66d677f1","name":"cfeditorfr"}]}},"_links":{"self":[{"href":"https:\/\/www.africa-press.net\/togo\/wp-json\/wp\/v2\/posts\/28837","targetHints":{"allow":["GET"]}}],"collection":[{"href":"https:\/\/www.africa-press.net\/togo\/wp-json\/wp\/v2\/posts"}],"about":[{"href":"https:\/\/www.africa-press.net\/togo\/wp-json\/wp\/v2\/types\/post"}],"author":[{"embeddable":true,"href":"https:\/\/www.africa-press.net\/togo\/wp-json\/wp\/v2\/users\/82"}],"replies":[{"embeddable":true,"href":"https:\/\/www.africa-press.net\/togo\/wp-json\/wp\/v2\/comments?post=28837"}],"version-history":[{"count":0,"href":"https:\/\/www.africa-press.net\/togo\/wp-json\/wp\/v2\/posts\/28837\/revisions"}],"wp:featuredmedia":[{"embeddable":true,"href":"https:\/\/www.africa-press.net\/togo\/wp-json\/wp\/v2\/media\/28836"}],"wp:attachment":[{"href":"https:\/\/www.africa-press.net\/togo\/wp-json\/wp\/v2\/media?parent=28837"}],"wp:term":[{"taxonomy":"category","embeddable":true,"href":"https:\/\/www.africa-press.net\/togo\/wp-json\/wp\/v2\/categories?post=28837"},{"taxonomy":"post_tag","embeddable":true,"href":"https:\/\/www.africa-press.net\/togo\/wp-json\/wp\/v2\/tags?post=28837"}],"curies":[{"name":"wp","href":"https:\/\/api.w.org\/{rel}","templated":true}]}}