{"id":29486,"date":"2024-03-08T23:51:09","date_gmt":"2024-03-08T23:51:09","guid":{"rendered":"https:\/\/www.africa-press.net\/togo\/politique\/togo-selfie-pendant-lhymne-national-au-parlement-le-depute-en-question-reagit"},"modified":"2024-03-09T01:03:21","modified_gmt":"2024-03-09T01:03:21","slug":"togo-selfie-pendant-lhymne-national-au-parlement-le-depute-en-question-reagit","status":"publish","type":"post","link":"https:\/\/www.africa-press.net\/togo\/politique\/togo-selfie-pendant-lhymne-national-au-parlement-le-depute-en-question-reagit","title":{"rendered":"Togo\/Selfie pendant l\u2019hymne national au parlement : le D\u00e9put\u00e9 en question r\u00e9agit"},"content":{"rendered":"<p><span style=\"color: #ff6600\"><strong>Africa-Press &#8211; Togo. <\/strong><\/span>Lors de l\u2019ouverture officielle de la premie\u0300re session parlementaire de l\u2019anne\u0301e le 5 mars 2024, le de\u0301pute\u0301 OBEKOU Beausoleil a e\u0301te\u0301 accuse\u0301 a\u0300 tort d\u2019avoir pris un selfie pendant l\u2019exe\u0301cution de l\u2019hymne national, suscitant une controverse.<\/p>\n<p>Le de\u0301pute\u0301 a pris la parole pour se de\u0301fendre, partageant une note sur les re\u0301seaux sociaux pour clarifier la situation. Il a explique\u0301 qu\u2019il ne prenait pas un selfie. Qu\u2019il s\u2019agit en re\u0301alite\u0301 d\u2019une vide\u0301o capturant les moments forts de l\u2019ouverture solennelle de la session parlementaire. Cette vide\u0301o, selon le de\u0301pute\u0301, visait a\u0300 informer la population via les re\u0301seaux sociaux sur les activite\u0301s de l\u2019Assemble\u0301e nationale.<\/p>\n<p>Dans sa de\u0301claration, le de\u0301pute\u0301 a souligne\u0301 son engagement a\u0300 partager les moments cle\u0301s de la vie parlementaire avec le public. Il a e\u0301galement partage\u0301 la vide\u0301o incriminante pour prouver son innocence.<\/p>\n<p>Malgre\u0301 cette explication, certaines voix se sont e\u0301leve\u0301es pour interroger la biense\u0301ance de manipuler un te\u0301le\u0301phone pendant l\u2019hymne national. La de\u0301fense du de\u0301pute\u0301 soule\u0300ve ainsi des questions sur l\u2019e\u0301quilibre entre l\u2019utilisation des me\u0301dias sociaux pour informer et le respect des symboles nationaux.<\/p>\n<p><strong>Pour plus d&rsquo;informations et d&rsquo;analyses sur la <a href=\"https:\/\/www.africa-press.net\/togo\">Togo<\/a>, suivez <a href=\"https:\/\/www.africa-press.net\/\">Africa-Press<\/a><\/strong><\/p>\n","protected":false},"excerpt":{"rendered":"<p>Africa-Press &#8211; Togo. Lors de l\u2019ouverture officielle de la premie\u0300re session parlementaire de l\u2019anne\u0301e le 5 mars 2024, le de\u0301pute\u0301 OBEKOU Beausoleil a e\u0301te\u0301 accuse\u0301 a\u0300 tort d\u2019avoir pris un selfie pendant l\u2019exe\u0301cution de l\u2019hymne national, suscitant une controverse. Le de\u0301pute\u0301 a pris la parole pour se de\u0301fendre, partageant une note sur les re\u0301seaux sociaux [&hellip;]<\/p>\n","protected":false},"author":82,"featured_media":29485,"comment_status":"open","ping_status":"closed","sticky":false,"template":"","format":"standard","meta":{"footnotes":""},"categories":[2,20,10],"tags":[36,49,480,50],"class_list":["post-29486","post","type-post","status-publish","format-standard","has-post-thumbnail","hentry","category-politique","category-top-nouvelles","category-toutes-les-actualites","tag-africa-press","tag-africa-press-togo","tag-assemblee-nationale","tag-togo"],"yoast_head":"<!-- This site is optimized with the Yoast SEO Premium plugin v26.1 (Yoast SEO v27.0) - https:\/\/yoast.com\/product\/yoast-seo-premium-wordpress\/ -->\n<title>Togo\/Selfie pendant l\u2019hymne national au parlement : le D\u00e9put\u00e9 en question r\u00e9agit - Togo<\/title>\n<meta name=\"description\" content=\"Lors de l\u2019ouverture officielle de la premie\u0300re session parlementaire de l\u2019anne\u0301e le 5 mars 2024, le de\u0301pute\u0301 OBEKOU Beau ...\" \/>\n<meta name=\"robots\" content=\"index, follow, max-snippet:-1, max-image-preview:large, max-video-preview:-1\" \/>\n<link rel=\"canonical\" href=\"https:\/\/www.africa-press.net\/togo\/politique\/togo-selfie-pendant-lhymne-national-au-parlement-le-depute-en-question-reagit\" \/>\n<meta property=\"og:locale\" content=\"fr_FR\" \/>\n<meta property=\"og:type\" content=\"article\" \/>\n<meta property=\"og:title\" content=\"Togo\/Selfie pendant l\u2019hymne national au parlement : le D\u00e9put\u00e9 en question r\u00e9agit\" \/>\n<meta property=\"og:description\" content=\"Lors de l\u2019ouverture officielle de la premie\u0300re session parlementaire de l\u2019anne\u0301e le 5 mars 2024, le de\u0301pute\u0301 OBEKOU Beau ...\" \/>\n<meta property=\"og:url\" content=\"https:\/\/www.africa-press.net\/togo\/politique\/togo-selfie-pendant-lhymne-national-au-parlement-le-depute-en-question-reagit\" \/>\n<meta property=\"og:site_name\" content=\"Togo\" \/>\n<meta property=\"article:published_time\" content=\"2024-03-08T23:51:09+00:00\" \/>\n<meta property=\"article:modified_time\" content=\"2024-03-09T01:03:21+00:00\" \/>\n<meta property=\"og:image\" content=\"https:\/\/static.africa-press.net\/togo\/sites\/58\/2024\/03\/sm_1709932812.842231.jpg\" \/>\n\t<meta property=\"og:image:width\" content=\"720\" \/>\n\t<meta property=\"og:image:height\" content=\"479\" \/>\n\t<meta property=\"og:image:type\" content=\"image\/jpeg\" \/>\n<meta name=\"author\" content=\"cfeditorfr\" \/>\n<meta name=\"twitter:card\" content=\"summary_large_image\" \/>\n<meta name=\"twitter:label1\" content=\"\u00c9crit par\" \/>\n\t<meta name=\"twitter:data1\" content=\"cfeditorfr\" \/>\n\t<meta name=\"twitter:label2\" content=\"Dur\u00e9e de lecture estim\u00e9e\" \/>\n\t<meta name=\"twitter:data2\" content=\"1 minute\" \/>\n<script type=\"application\/ld+json\" class=\"yoast-schema-graph\">{\"@context\":\"https:\/\/schema.org\",\"@graph\":[{\"@type\":\"Article\",\"@id\":\"https:\/\/www.africa-press.net\/togo\/politique\/togo-selfie-pendant-lhymne-national-au-parlement-le-depute-en-question-reagit#article\",\"isPartOf\":{\"@id\":\"https:\/\/www.africa-press.net\/togo\/politique\/togo-selfie-pendant-lhymne-national-au-parlement-le-depute-en-question-reagit\"},\"author\":{\"name\":\"cfeditorfr\",\"@id\":\"https:\/\/www.africa-press.net\/togo\/#\/schema\/person\/2b1cf3cd81a31e3cd26889ca66d677f1\"},\"headline\":\"Togo\/Selfie pendant l\u2019hymne national au parlement : le D\u00e9put\u00e9 en question r\u00e9agit\",\"datePublished\":\"2024-03-08T23:51:09+00:00\",\"dateModified\":\"2024-03-09T01:03:21+00:00\",\"mainEntityOfPage\":{\"@id\":\"https:\/\/www.africa-press.net\/togo\/politique\/togo-selfie-pendant-lhymne-national-au-parlement-le-depute-en-question-reagit\"},\"wordCount\":248,\"commentCount\":0,\"image\":{\"@id\":\"https:\/\/www.africa-press.net\/togo\/politique\/togo-selfie-pendant-lhymne-national-au-parlement-le-depute-en-question-reagit#primaryimage\"},\"thumbnailUrl\":\"https:\/\/static.africa-press.net\/togo\/sites\/58\/2024\/03\/sm_1709932812.842231.jpg\",\"keywords\":[\"Africa Press\",\"Africa Press-Togo\",\"Assembl\u00e9e Nationale\",\"Togo\"],\"articleSection\":[\"Politique\",\"Top Nouvelles\",\"Toutes les actualit\u00e9s\"],\"inLanguage\":\"fr-FR\",\"potentialAction\":[{\"@type\":\"CommentAction\",\"name\":\"Comment\",\"target\":[\"https:\/\/www.africa-press.net\/togo\/politique\/togo-selfie-pendant-lhymne-national-au-parlement-le-depute-en-question-reagit#respond\"]}]},{\"@type\":\"WebPage\",\"@id\":\"https:\/\/www.africa-press.net\/togo\/politique\/togo-selfie-pendant-lhymne-national-au-parlement-le-depute-en-question-reagit\",\"url\":\"https:\/\/www.africa-press.net\/togo\/politique\/togo-selfie-pendant-lhymne-national-au-parlement-le-depute-en-question-reagit\",\"name\":\"Togo\/Selfie pendant l\u2019hymne national au parlement : le D\u00e9put\u00e9 en question r\u00e9agit - Togo\",\"isPartOf\":{\"@id\":\"https:\/\/www.africa-press.net\/togo\/#website\"},\"primaryImageOfPage\":{\"@id\":\"https:\/\/www.africa-press.net\/togo\/politique\/togo-selfie-pendant-lhymne-national-au-parlement-le-depute-en-question-reagit#primaryimage\"},\"image\":{\"@id\":\"https:\/\/www.africa-press.net\/togo\/politique\/togo-selfie-pendant-lhymne-national-au-parlement-le-depute-en-question-reagit#primaryimage\"},\"thumbnailUrl\":\"https:\/\/static.africa-press.net\/togo\/sites\/58\/2024\/03\/sm_1709932812.842231.jpg\",\"datePublished\":\"2024-03-08T23:51:09+00:00\",\"dateModified\":\"2024-03-09T01:03:21+00:00\",\"author\":{\"@id\":\"https:\/\/www.africa-press.net\/togo\/#\/schema\/person\/2b1cf3cd81a31e3cd26889ca66d677f1\"},\"description\":\"Lors de l\u2019ouverture officielle de la premie\u0300re session parlementaire de l\u2019anne\u0301e le 5 mars 2024, le de\u0301pute\u0301 OBEKOU Beau ...\",\"breadcrumb\":{\"@id\":\"https:\/\/www.africa-press.net\/togo\/politique\/togo-selfie-pendant-lhymne-national-au-parlement-le-depute-en-question-reagit#breadcrumb\"},\"inLanguage\":\"fr-FR\",\"potentialAction\":[{\"@type\":\"ReadAction\",\"target\":[\"https:\/\/www.africa-press.net\/togo\/politique\/togo-selfie-pendant-lhymne-national-au-parlement-le-depute-en-question-reagit\"]}]},{\"@type\":\"ImageObject\",\"inLanguage\":\"fr-FR\",\"@id\":\"https:\/\/www.africa-press.net\/togo\/politique\/togo-selfie-pendant-lhymne-national-au-parlement-le-depute-en-question-reagit#primaryimage\",\"url\":\"https:\/\/static.africa-press.net\/togo\/sites\/58\/2024\/03\/sm_1709932812.842231.jpg\",\"contentUrl\":\"https:\/\/static.africa-press.net\/togo\/sites\/58\/2024\/03\/sm_1709932812.842231.jpg\",\"width\":720,\"height\":479,\"caption\":\"Togo\/Selfie pendant l\u2019hymne national au parlement : le D\u00e9put\u00e9 en question r\u00e9agit\"},{\"@type\":\"BreadcrumbList\",\"@id\":\"https:\/\/www.africa-press.net\/togo\/politique\/togo-selfie-pendant-lhymne-national-au-parlement-le-depute-en-question-reagit#breadcrumb\",\"itemListElement\":[{\"@type\":\"ListItem\",\"position\":1,\"name\":\"Accueil\",\"item\":\"https:\/\/www.africa-press.net\/togo\/\"},{\"@type\":\"ListItem\",\"position\":2,\"name\":\"Togo\/Selfie pendant l\u2019hymne national au parlement : le D\u00e9put\u00e9 en question r\u00e9agit\"}]},{\"@type\":\"WebSite\",\"@id\":\"https:\/\/www.africa-press.net\/togo\/#website\",\"url\":\"https:\/\/www.africa-press.net\/togo\/\",\"name\":\"Togo\",\"description\":\"Just another Africa News Agency Sites site\",\"potentialAction\":[{\"@type\":\"SearchAction\",\"target\":{\"@type\":\"EntryPoint\",\"urlTemplate\":\"https:\/\/www.africa-press.net\/togo\/?s={search_term_string}\"},\"query-input\":{\"@type\":\"PropertyValueSpecification\",\"valueRequired\":true,\"valueName\":\"search_term_string\"}}],\"inLanguage\":\"fr-FR\"},{\"@type\":\"Person\",\"@id\":\"https:\/\/www.africa-press.net\/togo\/#\/schema\/person\/2b1cf3cd81a31e3cd26889ca66d677f1\",\"name\":\"cfeditorfr\"}]}<\/script>\n<!-- \/ Yoast SEO Premium plugin. -->","yoast_head_json":{"title":"Togo\/Selfie pendant l\u2019hymne national au parlement : le D\u00e9put\u00e9 en question r\u00e9agit - Togo","description":"Lors de l\u2019ouverture officielle de la premie\u0300re session parlementaire de l\u2019anne\u0301e le 5 mars 2024, le de\u0301pute\u0301 OBEKOU Beau ...","robots":{"index":"index","follow":"follow","max-snippet":"max-snippet:-1","max-image-preview":"max-image-preview:large","max-video-preview":"max-video-preview:-1"},"canonical":"https:\/\/www.africa-press.net\/togo\/politique\/togo-selfie-pendant-lhymne-national-au-parlement-le-depute-en-question-reagit","og_locale":"fr_FR","og_type":"article","og_title":"Togo\/Selfie pendant l\u2019hymne national au parlement : le D\u00e9put\u00e9 en question r\u00e9agit","og_description":"Lors de l\u2019ouverture officielle de la premie\u0300re session parlementaire de l\u2019anne\u0301e le 5 mars 2024, le de\u0301pute\u0301 OBEKOU Beau ...","og_url":"https:\/\/www.africa-press.net\/togo\/politique\/togo-selfie-pendant-lhymne-national-au-parlement-le-depute-en-question-reagit","og_site_name":"Togo","article_published_time":"2024-03-08T23:51:09+00:00","article_modified_time":"2024-03-09T01:03:21+00:00","og_image":[{"width":720,"height":479,"url":"https:\/\/static.africa-press.net\/togo\/sites\/58\/2024\/03\/sm_1709932812.842231.jpg","type":"image\/jpeg"}],"author":"cfeditorfr","twitter_card":"summary_large_image","twitter_misc":{"\u00c9crit par":"cfeditorfr","Dur\u00e9e de lecture estim\u00e9e":"1 minute"},"schema":{"@context":"https:\/\/schema.org","@graph":[{"@type":"Article","@id":"https:\/\/www.africa-press.net\/togo\/politique\/togo-selfie-pendant-lhymne-national-au-parlement-le-depute-en-question-reagit#article","isPartOf":{"@id":"https:\/\/www.africa-press.net\/togo\/politique\/togo-selfie-pendant-lhymne-national-au-parlement-le-depute-en-question-reagit"},"author":{"name":"cfeditorfr","@id":"https:\/\/www.africa-press.net\/togo\/#\/schema\/person\/2b1cf3cd81a31e3cd26889ca66d677f1"},"headline":"Togo\/Selfie pendant l\u2019hymne national au parlement : le D\u00e9put\u00e9 en question r\u00e9agit","datePublished":"2024-03-08T23:51:09+00:00","dateModified":"2024-03-09T01:03:21+00:00","mainEntityOfPage":{"@id":"https:\/\/www.africa-press.net\/togo\/politique\/togo-selfie-pendant-lhymne-national-au-parlement-le-depute-en-question-reagit"},"wordCount":248,"commentCount":0,"image":{"@id":"https:\/\/www.africa-press.net\/togo\/politique\/togo-selfie-pendant-lhymne-national-au-parlement-le-depute-en-question-reagit#primaryimage"},"thumbnailUrl":"https:\/\/static.africa-press.net\/togo\/sites\/58\/2024\/03\/sm_1709932812.842231.jpg","keywords":["Africa Press","Africa Press-Togo","Assembl\u00e9e Nationale","Togo"],"articleSection":["Politique","Top Nouvelles","Toutes les actualit\u00e9s"],"inLanguage":"fr-FR","potentialAction":[{"@type":"CommentAction","name":"Comment","target":["https:\/\/www.africa-press.net\/togo\/politique\/togo-selfie-pendant-lhymne-national-au-parlement-le-depute-en-question-reagit#respond"]}]},{"@type":"WebPage","@id":"https:\/\/www.africa-press.net\/togo\/politique\/togo-selfie-pendant-lhymne-national-au-parlement-le-depute-en-question-reagit","url":"https:\/\/www.africa-press.net\/togo\/politique\/togo-selfie-pendant-lhymne-national-au-parlement-le-depute-en-question-reagit","name":"Togo\/Selfie pendant l\u2019hymne national au parlement : le D\u00e9put\u00e9 en question r\u00e9agit - Togo","isPartOf":{"@id":"https:\/\/www.africa-press.net\/togo\/#website"},"primaryImageOfPage":{"@id":"https:\/\/www.africa-press.net\/togo\/politique\/togo-selfie-pendant-lhymne-national-au-parlement-le-depute-en-question-reagit#primaryimage"},"image":{"@id":"https:\/\/www.africa-press.net\/togo\/politique\/togo-selfie-pendant-lhymne-national-au-parlement-le-depute-en-question-reagit#primaryimage"},"thumbnailUrl":"https:\/\/static.africa-press.net\/togo\/sites\/58\/2024\/03\/sm_1709932812.842231.jpg","datePublished":"2024-03-08T23:51:09+00:00","dateModified":"2024-03-09T01:03:21+00:00","author":{"@id":"https:\/\/www.africa-press.net\/togo\/#\/schema\/person\/2b1cf3cd81a31e3cd26889ca66d677f1"},"description":"Lors de l\u2019ouverture officielle de la premie\u0300re session parlementaire de l\u2019anne\u0301e le 5 mars 2024, le de\u0301pute\u0301 OBEKOU Beau ...","breadcrumb":{"@id":"https:\/\/www.africa-press.net\/togo\/politique\/togo-selfie-pendant-lhymne-national-au-parlement-le-depute-en-question-reagit#breadcrumb"},"inLanguage":"fr-FR","potentialAction":[{"@type":"ReadAction","target":["https:\/\/www.africa-press.net\/togo\/politique\/togo-selfie-pendant-lhymne-national-au-parlement-le-depute-en-question-reagit"]}]},{"@type":"ImageObject","inLanguage":"fr-FR","@id":"https:\/\/www.africa-press.net\/togo\/politique\/togo-selfie-pendant-lhymne-national-au-parlement-le-depute-en-question-reagit#primaryimage","url":"https:\/\/static.africa-press.net\/togo\/sites\/58\/2024\/03\/sm_1709932812.842231.jpg","contentUrl":"https:\/\/static.africa-press.net\/togo\/sites\/58\/2024\/03\/sm_1709932812.842231.jpg","width":720,"height":479,"caption":"Togo\/Selfie pendant l\u2019hymne national au parlement : le D\u00e9put\u00e9 en question r\u00e9agit"},{"@type":"BreadcrumbList","@id":"https:\/\/www.africa-press.net\/togo\/politique\/togo-selfie-pendant-lhymne-national-au-parlement-le-depute-en-question-reagit#breadcrumb","itemListElement":[{"@type":"ListItem","position":1,"name":"Accueil","item":"https:\/\/www.africa-press.net\/togo\/"},{"@type":"ListItem","position":2,"name":"Togo\/Selfie pendant l\u2019hymne national au parlement : le D\u00e9put\u00e9 en question r\u00e9agit"}]},{"@type":"WebSite","@id":"https:\/\/www.africa-press.net\/togo\/#website","url":"https:\/\/www.africa-press.net\/togo\/","name":"Togo","description":"Just another Africa News Agency Sites site","potentialAction":[{"@type":"SearchAction","target":{"@type":"EntryPoint","urlTemplate":"https:\/\/www.africa-press.net\/togo\/?s={search_term_string}"},"query-input":{"@type":"PropertyValueSpecification","valueRequired":true,"valueName":"search_term_string"}}],"inLanguage":"fr-FR"},{"@type":"Person","@id":"https:\/\/www.africa-press.net\/togo\/#\/schema\/person\/2b1cf3cd81a31e3cd26889ca66d677f1","name":"cfeditorfr"}]}},"_links":{"self":[{"href":"https:\/\/www.africa-press.net\/togo\/wp-json\/wp\/v2\/posts\/29486","targetHints":{"allow":["GET"]}}],"collection":[{"href":"https:\/\/www.africa-press.net\/togo\/wp-json\/wp\/v2\/posts"}],"about":[{"href":"https:\/\/www.africa-press.net\/togo\/wp-json\/wp\/v2\/types\/post"}],"author":[{"embeddable":true,"href":"https:\/\/www.africa-press.net\/togo\/wp-json\/wp\/v2\/users\/82"}],"replies":[{"embeddable":true,"href":"https:\/\/www.africa-press.net\/togo\/wp-json\/wp\/v2\/comments?post=29486"}],"version-history":[{"count":0,"href":"https:\/\/www.africa-press.net\/togo\/wp-json\/wp\/v2\/posts\/29486\/revisions"}],"wp:featuredmedia":[{"embeddable":true,"href":"https:\/\/www.africa-press.net\/togo\/wp-json\/wp\/v2\/media\/29485"}],"wp:attachment":[{"href":"https:\/\/www.africa-press.net\/togo\/wp-json\/wp\/v2\/media?parent=29486"}],"wp:term":[{"taxonomy":"category","embeddable":true,"href":"https:\/\/www.africa-press.net\/togo\/wp-json\/wp\/v2\/categories?post=29486"},{"taxonomy":"post_tag","embeddable":true,"href":"https:\/\/www.africa-press.net\/togo\/wp-json\/wp\/v2\/tags?post=29486"}],"curies":[{"name":"wp","href":"https:\/\/api.w.org\/{rel}","templated":true}]}}