{"id":29917,"date":"2024-03-26T22:50:48","date_gmt":"2024-03-26T22:50:48","guid":{"rendered":"https:\/\/www.africa-press.net\/togo\/politique\/deux-nouveaux-deputes-rejoignent-lassemblee-nationale-du-togo"},"modified":"2024-03-27T04:20:47","modified_gmt":"2024-03-27T04:20:47","slug":"deux-nouveaux-deputes-rejoignent-lassemblee-nationale-du-togo","status":"publish","type":"post","link":"https:\/\/www.africa-press.net\/togo\/politique\/deux-nouveaux-deputes-rejoignent-lassemblee-nationale-du-togo","title":{"rendered":"\u00ab Deux nouveaux d\u00e9put\u00e9s rejoignent l\u2019Assembl\u00e9e nationale du Togo \u00bb"},"content":{"rendered":"<p><span style=\"color: #ff6600\"><strong>Africa-Press &#8211; Togo. <\/strong><\/span>Lundi 25 mars 2024, lors d\u2019une se\u0301ance a\u0300 l\u2019Assemble\u0301e nationale togolaise, deux nouveaux visages ont e\u0301te\u0301 accueillis, marquant ainsi un changement dans la composition de l\u2019institution. Cette de\u0301cision fait suite a\u0300 une intervention de la Cour Constitutionnelle, suite a\u0300 une saisine de la pre\u0301sidente Yawa Tse\u0300gan.<\/p>\n<p>Ainsi, Aziabou Kodjo Alexandre, qui occupait la deuxie\u0300me place sur la liste Inde\u0301pendante AVE en Marche dans la circonscription e\u0301lectorale de l\u2019AVE, remplace de\u0301sormais Paco\u0302me Adjourouvi, qui a re\u0301cemment e\u0301te\u0301 nomme\u0301 ministre des droits de l\u2019homme.<\/p>\n<p>De me\u0302me, Kokouvi Soedji, qui occupait le poste de directeur ge\u0301ne\u0301ral de l\u2019Institut national de formation agricole de Tove, dans la re\u0301gion des plateaux, succe\u0300de a\u0300 Assoupi Ame\u0301le\u0301 Adje\u0301, de\u0301ce\u0301de\u0301e re\u0301cemment. Cette dernie\u0300re e\u0301tait repre\u0301sentante de l\u2019Inde\u0301pendante Alloledou-VO.<\/p>\n<p>Les nouveaux de\u0301pute\u0301s sont de\u0301sormais appele\u0301s a\u0300 prendre leurs fonctions et a\u0300 contribuer activement aux de\u0301bats et de\u0301cisions de l\u2019Assemble\u0301e nationale togolaise.<\/p>\n<p><strong>Pour plus d&rsquo;informations et d&rsquo;analyses sur la <a href=\"https:\/\/www.africa-press.net\/togo\">Togo<\/a>, suivez <a href=\"https:\/\/www.africa-press.net\/\">Africa-Press<\/a><\/strong><\/p>\n","protected":false},"excerpt":{"rendered":"<p>Africa-Press &#8211; Togo. Lundi 25 mars 2024, lors d\u2019une se\u0301ance a\u0300 l\u2019Assemble\u0301e nationale togolaise, deux nouveaux visages ont e\u0301te\u0301 accueillis, marquant ainsi un changement dans la composition de l\u2019institution. Cette de\u0301cision fait suite a\u0300 une intervention de la Cour Constitutionnelle, suite a\u0300 une saisine de la pre\u0301sidente Yawa Tse\u0300gan. Ainsi, Aziabou Kodjo Alexandre, qui occupait [&hellip;]<\/p>\n","protected":false},"author":82,"featured_media":29915,"comment_status":"open","ping_status":"closed","sticky":false,"template":"","format":"standard","meta":{"footnotes":""},"categories":[2,10],"tags":[36,49,480,50],"class_list":["post-29917","post","type-post","status-publish","format-standard","has-post-thumbnail","hentry","category-politique","category-toutes-les-actualites","tag-africa-press","tag-africa-press-togo","tag-assemblee-nationale","tag-togo"],"yoast_head":"<!-- This site is optimized with the Yoast SEO Premium plugin v26.1 (Yoast SEO v27.0) - https:\/\/yoast.com\/product\/yoast-seo-premium-wordpress\/ -->\n<title>\u00ab Deux nouveaux d\u00e9put\u00e9s rejoignent l\u2019Assembl\u00e9e nationale du Togo \u00bb - Togo<\/title>\n<meta name=\"description\" content=\"Lundi 25 mars 2024, lors d\u2019une se\u0301ance a\u0300 l\u2019Assemble\u0301e nationale togolaise, deux nouveaux visages ont e\u0301te\u0301 accueillis, ...\" \/>\n<meta name=\"robots\" content=\"index, follow, max-snippet:-1, max-image-preview:large, max-video-preview:-1\" \/>\n<link rel=\"canonical\" href=\"https:\/\/www.africa-press.net\/togo\/politique\/deux-nouveaux-deputes-rejoignent-lassemblee-nationale-du-togo\" \/>\n<meta property=\"og:locale\" content=\"fr_FR\" \/>\n<meta property=\"og:type\" content=\"article\" \/>\n<meta property=\"og:title\" content=\"\u00ab Deux nouveaux d\u00e9put\u00e9s rejoignent l\u2019Assembl\u00e9e nationale du Togo \u00bb\" \/>\n<meta property=\"og:description\" content=\"Lundi 25 mars 2024, lors d\u2019une se\u0301ance a\u0300 l\u2019Assemble\u0301e nationale togolaise, deux nouveaux visages ont e\u0301te\u0301 accueillis, ...\" \/>\n<meta property=\"og:url\" content=\"https:\/\/www.africa-press.net\/togo\/politique\/deux-nouveaux-deputes-rejoignent-lassemblee-nationale-du-togo\" \/>\n<meta property=\"og:site_name\" content=\"Togo\" \/>\n<meta property=\"article:published_time\" content=\"2024-03-26T22:50:48+00:00\" \/>\n<meta property=\"article:modified_time\" content=\"2024-03-27T04:20:47+00:00\" \/>\n<meta property=\"og:image\" content=\"https:\/\/static.africa-press.net\/togo\/sites\/58\/2024\/03\/sm_1711500446.08719.jpg\" \/>\n\t<meta property=\"og:image:width\" content=\"720\" \/>\n\t<meta property=\"og:image:height\" content=\"540\" \/>\n\t<meta property=\"og:image:type\" content=\"image\/jpeg\" \/>\n<meta name=\"author\" content=\"cfeditorfr\" \/>\n<meta name=\"twitter:card\" content=\"summary_large_image\" \/>\n<meta name=\"twitter:label1\" content=\"\u00c9crit par\" \/>\n\t<meta name=\"twitter:data1\" content=\"cfeditorfr\" \/>\n\t<meta name=\"twitter:label2\" content=\"Dur\u00e9e de lecture estim\u00e9e\" \/>\n\t<meta name=\"twitter:data2\" content=\"1 minute\" \/>\n<script type=\"application\/ld+json\" class=\"yoast-schema-graph\">{\"@context\":\"https:\/\/schema.org\",\"@graph\":[{\"@type\":\"Article\",\"@id\":\"https:\/\/www.africa-press.net\/togo\/politique\/deux-nouveaux-deputes-rejoignent-lassemblee-nationale-du-togo#article\",\"isPartOf\":{\"@id\":\"https:\/\/www.africa-press.net\/togo\/politique\/deux-nouveaux-deputes-rejoignent-lassemblee-nationale-du-togo\"},\"author\":{\"name\":\"cfeditorfr\",\"@id\":\"https:\/\/www.africa-press.net\/togo\/#\/schema\/person\/2b1cf3cd81a31e3cd26889ca66d677f1\"},\"headline\":\"\u00ab Deux nouveaux d\u00e9put\u00e9s rejoignent l\u2019Assembl\u00e9e nationale du Togo \u00bb\",\"datePublished\":\"2024-03-26T22:50:48+00:00\",\"dateModified\":\"2024-03-27T04:20:47+00:00\",\"mainEntityOfPage\":{\"@id\":\"https:\/\/www.africa-press.net\/togo\/politique\/deux-nouveaux-deputes-rejoignent-lassemblee-nationale-du-togo\"},\"wordCount\":209,\"commentCount\":0,\"image\":{\"@id\":\"https:\/\/www.africa-press.net\/togo\/politique\/deux-nouveaux-deputes-rejoignent-lassemblee-nationale-du-togo#primaryimage\"},\"thumbnailUrl\":\"https:\/\/static.africa-press.net\/togo\/sites\/58\/2024\/03\/sm_1711500446.08719.jpg\",\"keywords\":[\"Africa Press\",\"Africa Press-Togo\",\"Assembl\u00e9e Nationale\",\"Togo\"],\"articleSection\":[\"Politique\",\"Toutes les actualit\u00e9s\"],\"inLanguage\":\"fr-FR\",\"potentialAction\":[{\"@type\":\"CommentAction\",\"name\":\"Comment\",\"target\":[\"https:\/\/www.africa-press.net\/togo\/politique\/deux-nouveaux-deputes-rejoignent-lassemblee-nationale-du-togo#respond\"]}]},{\"@type\":\"WebPage\",\"@id\":\"https:\/\/www.africa-press.net\/togo\/politique\/deux-nouveaux-deputes-rejoignent-lassemblee-nationale-du-togo\",\"url\":\"https:\/\/www.africa-press.net\/togo\/politique\/deux-nouveaux-deputes-rejoignent-lassemblee-nationale-du-togo\",\"name\":\"\u00ab Deux nouveaux d\u00e9put\u00e9s rejoignent l\u2019Assembl\u00e9e nationale du Togo \u00bb - Togo\",\"isPartOf\":{\"@id\":\"https:\/\/www.africa-press.net\/togo\/#website\"},\"primaryImageOfPage\":{\"@id\":\"https:\/\/www.africa-press.net\/togo\/politique\/deux-nouveaux-deputes-rejoignent-lassemblee-nationale-du-togo#primaryimage\"},\"image\":{\"@id\":\"https:\/\/www.africa-press.net\/togo\/politique\/deux-nouveaux-deputes-rejoignent-lassemblee-nationale-du-togo#primaryimage\"},\"thumbnailUrl\":\"https:\/\/static.africa-press.net\/togo\/sites\/58\/2024\/03\/sm_1711500446.08719.jpg\",\"datePublished\":\"2024-03-26T22:50:48+00:00\",\"dateModified\":\"2024-03-27T04:20:47+00:00\",\"author\":{\"@id\":\"https:\/\/www.africa-press.net\/togo\/#\/schema\/person\/2b1cf3cd81a31e3cd26889ca66d677f1\"},\"description\":\"Lundi 25 mars 2024, lors d\u2019une se\u0301ance a\u0300 l\u2019Assemble\u0301e nationale togolaise, deux nouveaux visages ont e\u0301te\u0301 accueillis, ...\",\"breadcrumb\":{\"@id\":\"https:\/\/www.africa-press.net\/togo\/politique\/deux-nouveaux-deputes-rejoignent-lassemblee-nationale-du-togo#breadcrumb\"},\"inLanguage\":\"fr-FR\",\"potentialAction\":[{\"@type\":\"ReadAction\",\"target\":[\"https:\/\/www.africa-press.net\/togo\/politique\/deux-nouveaux-deputes-rejoignent-lassemblee-nationale-du-togo\"]}]},{\"@type\":\"ImageObject\",\"inLanguage\":\"fr-FR\",\"@id\":\"https:\/\/www.africa-press.net\/togo\/politique\/deux-nouveaux-deputes-rejoignent-lassemblee-nationale-du-togo#primaryimage\",\"url\":\"https:\/\/static.africa-press.net\/togo\/sites\/58\/2024\/03\/sm_1711500446.08719.jpg\",\"contentUrl\":\"https:\/\/static.africa-press.net\/togo\/sites\/58\/2024\/03\/sm_1711500446.08719.jpg\",\"width\":720,\"height\":540,\"caption\":\"\u00ab Deux nouveaux d\u00e9put\u00e9s rejoignent l\u2019Assembl\u00e9e nationale du Togo \u00bb\"},{\"@type\":\"BreadcrumbList\",\"@id\":\"https:\/\/www.africa-press.net\/togo\/politique\/deux-nouveaux-deputes-rejoignent-lassemblee-nationale-du-togo#breadcrumb\",\"itemListElement\":[{\"@type\":\"ListItem\",\"position\":1,\"name\":\"Accueil\",\"item\":\"https:\/\/www.africa-press.net\/togo\/\"},{\"@type\":\"ListItem\",\"position\":2,\"name\":\"\u00ab Deux nouveaux d\u00e9put\u00e9s rejoignent l\u2019Assembl\u00e9e nationale du Togo \u00bb\"}]},{\"@type\":\"WebSite\",\"@id\":\"https:\/\/www.africa-press.net\/togo\/#website\",\"url\":\"https:\/\/www.africa-press.net\/togo\/\",\"name\":\"Togo\",\"description\":\"Just another Africa News Agency Sites site\",\"potentialAction\":[{\"@type\":\"SearchAction\",\"target\":{\"@type\":\"EntryPoint\",\"urlTemplate\":\"https:\/\/www.africa-press.net\/togo\/?s={search_term_string}\"},\"query-input\":{\"@type\":\"PropertyValueSpecification\",\"valueRequired\":true,\"valueName\":\"search_term_string\"}}],\"inLanguage\":\"fr-FR\"},{\"@type\":\"Person\",\"@id\":\"https:\/\/www.africa-press.net\/togo\/#\/schema\/person\/2b1cf3cd81a31e3cd26889ca66d677f1\",\"name\":\"cfeditorfr\"}]}<\/script>\n<!-- \/ Yoast SEO Premium plugin. -->","yoast_head_json":{"title":"\u00ab Deux nouveaux d\u00e9put\u00e9s rejoignent l\u2019Assembl\u00e9e nationale du Togo \u00bb - Togo","description":"Lundi 25 mars 2024, lors d\u2019une se\u0301ance a\u0300 l\u2019Assemble\u0301e nationale togolaise, deux nouveaux visages ont e\u0301te\u0301 accueillis, ...","robots":{"index":"index","follow":"follow","max-snippet":"max-snippet:-1","max-image-preview":"max-image-preview:large","max-video-preview":"max-video-preview:-1"},"canonical":"https:\/\/www.africa-press.net\/togo\/politique\/deux-nouveaux-deputes-rejoignent-lassemblee-nationale-du-togo","og_locale":"fr_FR","og_type":"article","og_title":"\u00ab Deux nouveaux d\u00e9put\u00e9s rejoignent l\u2019Assembl\u00e9e nationale du Togo \u00bb","og_description":"Lundi 25 mars 2024, lors d\u2019une se\u0301ance a\u0300 l\u2019Assemble\u0301e nationale togolaise, deux nouveaux visages ont e\u0301te\u0301 accueillis, ...","og_url":"https:\/\/www.africa-press.net\/togo\/politique\/deux-nouveaux-deputes-rejoignent-lassemblee-nationale-du-togo","og_site_name":"Togo","article_published_time":"2024-03-26T22:50:48+00:00","article_modified_time":"2024-03-27T04:20:47+00:00","og_image":[{"width":720,"height":540,"url":"https:\/\/static.africa-press.net\/togo\/sites\/58\/2024\/03\/sm_1711500446.08719.jpg","type":"image\/jpeg"}],"author":"cfeditorfr","twitter_card":"summary_large_image","twitter_misc":{"\u00c9crit par":"cfeditorfr","Dur\u00e9e de lecture estim\u00e9e":"1 minute"},"schema":{"@context":"https:\/\/schema.org","@graph":[{"@type":"Article","@id":"https:\/\/www.africa-press.net\/togo\/politique\/deux-nouveaux-deputes-rejoignent-lassemblee-nationale-du-togo#article","isPartOf":{"@id":"https:\/\/www.africa-press.net\/togo\/politique\/deux-nouveaux-deputes-rejoignent-lassemblee-nationale-du-togo"},"author":{"name":"cfeditorfr","@id":"https:\/\/www.africa-press.net\/togo\/#\/schema\/person\/2b1cf3cd81a31e3cd26889ca66d677f1"},"headline":"\u00ab Deux nouveaux d\u00e9put\u00e9s rejoignent l\u2019Assembl\u00e9e nationale du Togo \u00bb","datePublished":"2024-03-26T22:50:48+00:00","dateModified":"2024-03-27T04:20:47+00:00","mainEntityOfPage":{"@id":"https:\/\/www.africa-press.net\/togo\/politique\/deux-nouveaux-deputes-rejoignent-lassemblee-nationale-du-togo"},"wordCount":209,"commentCount":0,"image":{"@id":"https:\/\/www.africa-press.net\/togo\/politique\/deux-nouveaux-deputes-rejoignent-lassemblee-nationale-du-togo#primaryimage"},"thumbnailUrl":"https:\/\/static.africa-press.net\/togo\/sites\/58\/2024\/03\/sm_1711500446.08719.jpg","keywords":["Africa Press","Africa Press-Togo","Assembl\u00e9e Nationale","Togo"],"articleSection":["Politique","Toutes les actualit\u00e9s"],"inLanguage":"fr-FR","potentialAction":[{"@type":"CommentAction","name":"Comment","target":["https:\/\/www.africa-press.net\/togo\/politique\/deux-nouveaux-deputes-rejoignent-lassemblee-nationale-du-togo#respond"]}]},{"@type":"WebPage","@id":"https:\/\/www.africa-press.net\/togo\/politique\/deux-nouveaux-deputes-rejoignent-lassemblee-nationale-du-togo","url":"https:\/\/www.africa-press.net\/togo\/politique\/deux-nouveaux-deputes-rejoignent-lassemblee-nationale-du-togo","name":"\u00ab Deux nouveaux d\u00e9put\u00e9s rejoignent l\u2019Assembl\u00e9e nationale du Togo \u00bb - Togo","isPartOf":{"@id":"https:\/\/www.africa-press.net\/togo\/#website"},"primaryImageOfPage":{"@id":"https:\/\/www.africa-press.net\/togo\/politique\/deux-nouveaux-deputes-rejoignent-lassemblee-nationale-du-togo#primaryimage"},"image":{"@id":"https:\/\/www.africa-press.net\/togo\/politique\/deux-nouveaux-deputes-rejoignent-lassemblee-nationale-du-togo#primaryimage"},"thumbnailUrl":"https:\/\/static.africa-press.net\/togo\/sites\/58\/2024\/03\/sm_1711500446.08719.jpg","datePublished":"2024-03-26T22:50:48+00:00","dateModified":"2024-03-27T04:20:47+00:00","author":{"@id":"https:\/\/www.africa-press.net\/togo\/#\/schema\/person\/2b1cf3cd81a31e3cd26889ca66d677f1"},"description":"Lundi 25 mars 2024, lors d\u2019une se\u0301ance a\u0300 l\u2019Assemble\u0301e nationale togolaise, deux nouveaux visages ont e\u0301te\u0301 accueillis, ...","breadcrumb":{"@id":"https:\/\/www.africa-press.net\/togo\/politique\/deux-nouveaux-deputes-rejoignent-lassemblee-nationale-du-togo#breadcrumb"},"inLanguage":"fr-FR","potentialAction":[{"@type":"ReadAction","target":["https:\/\/www.africa-press.net\/togo\/politique\/deux-nouveaux-deputes-rejoignent-lassemblee-nationale-du-togo"]}]},{"@type":"ImageObject","inLanguage":"fr-FR","@id":"https:\/\/www.africa-press.net\/togo\/politique\/deux-nouveaux-deputes-rejoignent-lassemblee-nationale-du-togo#primaryimage","url":"https:\/\/static.africa-press.net\/togo\/sites\/58\/2024\/03\/sm_1711500446.08719.jpg","contentUrl":"https:\/\/static.africa-press.net\/togo\/sites\/58\/2024\/03\/sm_1711500446.08719.jpg","width":720,"height":540,"caption":"\u00ab Deux nouveaux d\u00e9put\u00e9s rejoignent l\u2019Assembl\u00e9e nationale du Togo \u00bb"},{"@type":"BreadcrumbList","@id":"https:\/\/www.africa-press.net\/togo\/politique\/deux-nouveaux-deputes-rejoignent-lassemblee-nationale-du-togo#breadcrumb","itemListElement":[{"@type":"ListItem","position":1,"name":"Accueil","item":"https:\/\/www.africa-press.net\/togo\/"},{"@type":"ListItem","position":2,"name":"\u00ab Deux nouveaux d\u00e9put\u00e9s rejoignent l\u2019Assembl\u00e9e nationale du Togo \u00bb"}]},{"@type":"WebSite","@id":"https:\/\/www.africa-press.net\/togo\/#website","url":"https:\/\/www.africa-press.net\/togo\/","name":"Togo","description":"Just another Africa News Agency Sites site","potentialAction":[{"@type":"SearchAction","target":{"@type":"EntryPoint","urlTemplate":"https:\/\/www.africa-press.net\/togo\/?s={search_term_string}"},"query-input":{"@type":"PropertyValueSpecification","valueRequired":true,"valueName":"search_term_string"}}],"inLanguage":"fr-FR"},{"@type":"Person","@id":"https:\/\/www.africa-press.net\/togo\/#\/schema\/person\/2b1cf3cd81a31e3cd26889ca66d677f1","name":"cfeditorfr"}]}},"_links":{"self":[{"href":"https:\/\/www.africa-press.net\/togo\/wp-json\/wp\/v2\/posts\/29917","targetHints":{"allow":["GET"]}}],"collection":[{"href":"https:\/\/www.africa-press.net\/togo\/wp-json\/wp\/v2\/posts"}],"about":[{"href":"https:\/\/www.africa-press.net\/togo\/wp-json\/wp\/v2\/types\/post"}],"author":[{"embeddable":true,"href":"https:\/\/www.africa-press.net\/togo\/wp-json\/wp\/v2\/users\/82"}],"replies":[{"embeddable":true,"href":"https:\/\/www.africa-press.net\/togo\/wp-json\/wp\/v2\/comments?post=29917"}],"version-history":[{"count":0,"href":"https:\/\/www.africa-press.net\/togo\/wp-json\/wp\/v2\/posts\/29917\/revisions"}],"wp:featuredmedia":[{"embeddable":true,"href":"https:\/\/www.africa-press.net\/togo\/wp-json\/wp\/v2\/media\/29915"}],"wp:attachment":[{"href":"https:\/\/www.africa-press.net\/togo\/wp-json\/wp\/v2\/media?parent=29917"}],"wp:term":[{"taxonomy":"category","embeddable":true,"href":"https:\/\/www.africa-press.net\/togo\/wp-json\/wp\/v2\/categories?post=29917"},{"taxonomy":"post_tag","embeddable":true,"href":"https:\/\/www.africa-press.net\/togo\/wp-json\/wp\/v2\/tags?post=29917"}],"curies":[{"name":"wp","href":"https:\/\/api.w.org\/{rel}","templated":true}]}}