{"id":29920,"date":"2024-03-26T22:50:53","date_gmt":"2024-03-26T22:50:53","guid":{"rendered":"https:\/\/www.africa-press.net\/togo\/politique\/togo-le-coup-detat-constitutionnel-consomme-cette-nuit"},"modified":"2024-03-27T04:21:37","modified_gmt":"2024-03-27T04:21:37","slug":"togo-le-coup-detat-constitutionnel-consomme-cette-nuit","status":"publish","type":"post","link":"https:\/\/www.africa-press.net\/togo\/politique\/togo-le-coup-detat-constitutionnel-consomme-cette-nuit","title":{"rendered":"Togo : Le coup d\u2019\u00e9tat constitutionnel consomm\u00e9 cette nuit"},"content":{"rendered":"<p><span style=\"color: #ff6600\"><strong>Africa-Press &#8211; Togo. <\/strong><\/span><b>Le texte introduit un nouveau poste, le pre\u0301sident du conseil des ministres, qui devient celui qui repre\u0301sente le pays a\u0300 la place du pre\u0301sident de la Re\u0301publique. Ce dernier sera de\u0301sormais choisi \u00ab sans de\u0301bat \u00bb par le Parlement pour un mandat unique de six ans.<\/b><\/p>\n<p>Les de\u0301pute\u0301s togolais ont adopte\u0301, lundi 25 mars en soire\u0301e, une nouvelle Constitution changeant l\u2019actuel re\u0301gime pre\u0301sidentiel en re\u0301gime parlementaire, donnant de\u0301sormais le pouvoir au Parlement d\u2019e\u0301lire le pre\u0301sident de la Re\u0301publique.<\/p>\n<p>Ce dernier sera choisi \u00ab sans de\u0301bat \u00bb par les parlementaires re\u0301uni en Congre\u0300s \u00ab pour un mandat unique de six ans \u00bb, d\u2019apre\u0300s le nouveau texte lu a\u0300 l\u2019Assemble\u0301e nationale et valide\u0301 avec 89 voix pour, une contre et une abstention. On ignore a\u0300 ce stade a\u0300 quelle date le texte entrera en vigueur. Jusqu\u2019alors, le mandat du pre\u0301sident togolais, e\u0301lu au suffrage direct, e\u0301tait de cinq ans, renouvelable une fois.<\/p>\n<p>Le changement de Constitution, propose\u0301 par un groupe de de\u0301pute\u0301s en majorite\u0301 de l\u2019Union pour la Re\u0301publique (UNIR, au pouvoir), a e\u0301te\u0301 adopte\u0301 a\u0300 la quasi-unanimite\u0301 puisque l\u2019opposition, qui avait boycotte\u0301 le dernier scrutin le\u0301gislatif de 2018 et de\u0301nonce\u0301 des \u00ab irre\u0301gularite\u0301s \u00bb dans le recensement e\u0301lectoral, est tre\u0300s faiblement repre\u0301sente\u0301e a\u0300 l\u2019Assemble\u0301e nationale.<\/p>\n<p>Cette nouvelle Constitution introduit e\u0301galement un poste de \u00ab pre\u0301sident du conseil des ministres \u00bb ayant la \u00ab pleine autorite\u0301 et le pouvoir de ge\u0301rer les affaires du gouvernement et d\u2019e\u0302tre tenu responsable, en conse\u0301quence \u00bb. Le pre\u0301sident du conseil des ministres est \u00ab le chef du parti ou le chef de file de la coalition de partis majoritaire a\u0300 l\u2019issue des e\u0301lections le\u0301gislatives. Il est de\u0301signe\u0301 pour un mandat de six ans \u00bb, selon le texte.<\/p>\n<p><b>Entre\u0301e dans la Ve Re\u0301publique<\/b><\/p>\n<p>\u00ab Le chef de l\u2019Etat est pratiquement de\u0301sinvesti de ses pouvoirs en faveur du pre\u0301sident du conseil des ministres, qui devient celui qui repre\u0301sente la Re\u0301publique togolaise a\u0300 l\u2019exte\u0301rieur, qui dirige effectivement le pays dans la gestion quotidienne \u00bb, a explique\u0301 Tchitchao Tchalim, pre\u0301sident de la commission des lois constitutionnelles, de la le\u0301gislation et de l\u2019administration ge\u0301ne\u0301rale a\u0300 l\u2019Assemble\u0301e nationale.<\/p>\n<p>Ce nouveau texte doit acter l\u2019entre\u0301e du Togo dans sa Ve Re\u0301publique, le dernier grand changement constitutionnel remontant a\u0300 1992. Il intervient a\u0300 moins d\u2019un mois des prochaines e\u0301lections le\u0301gislatives, qui doivent se tenir le 20 avril en me\u0302me temps que les e\u0301lections re\u0301gionales, auxquelles l\u2019opposition a annonce\u0301 participer.<\/p>\n<p>En 2019, les de\u0301pute\u0301s avaient de\u0301ja\u0300 re\u0301vise\u0301 la Constitution pour limiter a\u0300 deux les mandats pre\u0301sidentiels, tout en remettant les compteurs a\u0300 ze\u0301ro pour le pre\u0301sident Faure Gnassingbe\u0301. Ce dernier, au pouvoir depuis 2005, avait succe\u0301de\u0301 a\u0300 son pe\u0300re, Eyade\u0301ma Gnassingbe\u0301, qui a dirige\u0301 le pays d\u2019une main de fer pendant pre\u0300s de trente-huit ans.<\/p>\n<p>Source: Le Monde<\/p>\n<p><strong>Pour plus d&rsquo;informations et d&rsquo;analyses sur la <a href=\"https:\/\/www.africa-press.net\/togo\">Togo<\/a>, suivez <a href=\"https:\/\/www.africa-press.net\/\">Africa-Press<\/a><\/strong><\/p>\n","protected":false},"excerpt":{"rendered":"<p>Africa-Press &#8211; Togo. Le texte introduit un nouveau poste, le pre\u0301sident du conseil des ministres, qui devient celui qui repre\u0301sente le pays a\u0300 la place du pre\u0301sident de la Re\u0301publique. Ce dernier sera de\u0301sormais choisi \u00ab sans de\u0301bat \u00bb par le Parlement pour un mandat unique de six ans. Les de\u0301pute\u0301s togolais ont adopte\u0301, lundi [&hellip;]<\/p>\n","protected":false},"author":82,"featured_media":29918,"comment_status":"open","ping_status":"closed","sticky":false,"template":"","format":"standard","meta":{"footnotes":""},"categories":[2,10],"tags":[36,49,480,50],"class_list":["post-29920","post","type-post","status-publish","format-standard","has-post-thumbnail","hentry","category-politique","category-toutes-les-actualites","tag-africa-press","tag-africa-press-togo","tag-assemblee-nationale","tag-togo"],"yoast_head":"<!-- This site is optimized with the Yoast SEO Premium plugin v26.1 (Yoast SEO v27.0) - https:\/\/yoast.com\/product\/yoast-seo-premium-wordpress\/ -->\n<title>Togo : Le coup d\u2019\u00e9tat constitutionnel consomm\u00e9 cette nuit - Togo<\/title>\n<meta name=\"description\" content=\"Le texte introduit un nouveau poste, le pre\u0301sident du conseil des ministres, qui devient celui qui repre\u0301sente le pay ...\" \/>\n<meta name=\"robots\" content=\"index, follow, max-snippet:-1, max-image-preview:large, max-video-preview:-1\" \/>\n<link rel=\"canonical\" href=\"https:\/\/www.africa-press.net\/togo\/politique\/togo-le-coup-detat-constitutionnel-consomme-cette-nuit\" \/>\n<meta property=\"og:locale\" content=\"fr_FR\" \/>\n<meta property=\"og:type\" content=\"article\" \/>\n<meta property=\"og:title\" content=\"Togo : Le coup d\u2019\u00e9tat constitutionnel consomm\u00e9 cette nuit\" \/>\n<meta property=\"og:description\" content=\"Le texte introduit un nouveau poste, le pre\u0301sident du conseil des ministres, qui devient celui qui repre\u0301sente le pay ...\" \/>\n<meta property=\"og:url\" content=\"https:\/\/www.africa-press.net\/togo\/politique\/togo-le-coup-detat-constitutionnel-consomme-cette-nuit\" \/>\n<meta property=\"og:site_name\" content=\"Togo\" \/>\n<meta property=\"article:published_time\" content=\"2024-03-26T22:50:53+00:00\" \/>\n<meta property=\"article:modified_time\" content=\"2024-03-27T04:21:37+00:00\" \/>\n<meta property=\"og:image\" content=\"https:\/\/static.africa-press.net\/togo\/sites\/58\/2024\/03\/sm_1711500472.807069.jpg\" \/>\n\t<meta property=\"og:image:width\" content=\"720\" \/>\n\t<meta property=\"og:image:height\" content=\"480\" \/>\n\t<meta property=\"og:image:type\" content=\"image\/jpeg\" \/>\n<meta name=\"author\" content=\"cfeditorfr\" \/>\n<meta name=\"twitter:card\" content=\"summary_large_image\" \/>\n<meta name=\"twitter:label1\" content=\"\u00c9crit par\" \/>\n\t<meta name=\"twitter:data1\" content=\"cfeditorfr\" \/>\n\t<meta name=\"twitter:label2\" content=\"Dur\u00e9e de lecture estim\u00e9e\" \/>\n\t<meta name=\"twitter:data2\" content=\"3 minutes\" \/>\n<script type=\"application\/ld+json\" class=\"yoast-schema-graph\">{\"@context\":\"https:\/\/schema.org\",\"@graph\":[{\"@type\":\"Article\",\"@id\":\"https:\/\/www.africa-press.net\/togo\/politique\/togo-le-coup-detat-constitutionnel-consomme-cette-nuit#article\",\"isPartOf\":{\"@id\":\"https:\/\/www.africa-press.net\/togo\/politique\/togo-le-coup-detat-constitutionnel-consomme-cette-nuit\"},\"author\":{\"name\":\"cfeditorfr\",\"@id\":\"https:\/\/www.africa-press.net\/togo\/#\/schema\/person\/2b1cf3cd81a31e3cd26889ca66d677f1\"},\"headline\":\"Togo : Le coup d\u2019\u00e9tat constitutionnel consomm\u00e9 cette nuit\",\"datePublished\":\"2024-03-26T22:50:53+00:00\",\"dateModified\":\"2024-03-27T04:21:37+00:00\",\"mainEntityOfPage\":{\"@id\":\"https:\/\/www.africa-press.net\/togo\/politique\/togo-le-coup-detat-constitutionnel-consomme-cette-nuit\"},\"wordCount\":548,\"commentCount\":0,\"image\":{\"@id\":\"https:\/\/www.africa-press.net\/togo\/politique\/togo-le-coup-detat-constitutionnel-consomme-cette-nuit#primaryimage\"},\"thumbnailUrl\":\"https:\/\/static.africa-press.net\/togo\/sites\/58\/2024\/03\/sm_1711500472.807069.jpg\",\"keywords\":[\"Africa Press\",\"Africa Press-Togo\",\"Assembl\u00e9e Nationale\",\"Togo\"],\"articleSection\":[\"Politique\",\"Toutes les actualit\u00e9s\"],\"inLanguage\":\"fr-FR\",\"potentialAction\":[{\"@type\":\"CommentAction\",\"name\":\"Comment\",\"target\":[\"https:\/\/www.africa-press.net\/togo\/politique\/togo-le-coup-detat-constitutionnel-consomme-cette-nuit#respond\"]}]},{\"@type\":\"WebPage\",\"@id\":\"https:\/\/www.africa-press.net\/togo\/politique\/togo-le-coup-detat-constitutionnel-consomme-cette-nuit\",\"url\":\"https:\/\/www.africa-press.net\/togo\/politique\/togo-le-coup-detat-constitutionnel-consomme-cette-nuit\",\"name\":\"Togo : Le coup d\u2019\u00e9tat constitutionnel consomm\u00e9 cette nuit - Togo\",\"isPartOf\":{\"@id\":\"https:\/\/www.africa-press.net\/togo\/#website\"},\"primaryImageOfPage\":{\"@id\":\"https:\/\/www.africa-press.net\/togo\/politique\/togo-le-coup-detat-constitutionnel-consomme-cette-nuit#primaryimage\"},\"image\":{\"@id\":\"https:\/\/www.africa-press.net\/togo\/politique\/togo-le-coup-detat-constitutionnel-consomme-cette-nuit#primaryimage\"},\"thumbnailUrl\":\"https:\/\/static.africa-press.net\/togo\/sites\/58\/2024\/03\/sm_1711500472.807069.jpg\",\"datePublished\":\"2024-03-26T22:50:53+00:00\",\"dateModified\":\"2024-03-27T04:21:37+00:00\",\"author\":{\"@id\":\"https:\/\/www.africa-press.net\/togo\/#\/schema\/person\/2b1cf3cd81a31e3cd26889ca66d677f1\"},\"description\":\"Le texte introduit un nouveau poste, le pre\u0301sident du conseil des ministres, qui devient celui qui repre\u0301sente le pay ...\",\"breadcrumb\":{\"@id\":\"https:\/\/www.africa-press.net\/togo\/politique\/togo-le-coup-detat-constitutionnel-consomme-cette-nuit#breadcrumb\"},\"inLanguage\":\"fr-FR\",\"potentialAction\":[{\"@type\":\"ReadAction\",\"target\":[\"https:\/\/www.africa-press.net\/togo\/politique\/togo-le-coup-detat-constitutionnel-consomme-cette-nuit\"]}]},{\"@type\":\"ImageObject\",\"inLanguage\":\"fr-FR\",\"@id\":\"https:\/\/www.africa-press.net\/togo\/politique\/togo-le-coup-detat-constitutionnel-consomme-cette-nuit#primaryimage\",\"url\":\"https:\/\/static.africa-press.net\/togo\/sites\/58\/2024\/03\/sm_1711500472.807069.jpg\",\"contentUrl\":\"https:\/\/static.africa-press.net\/togo\/sites\/58\/2024\/03\/sm_1711500472.807069.jpg\",\"width\":720,\"height\":480,\"caption\":\"Togo : Le coup d\u2019\u00e9tat constitutionnel consomm\u00e9 cette nuit\"},{\"@type\":\"BreadcrumbList\",\"@id\":\"https:\/\/www.africa-press.net\/togo\/politique\/togo-le-coup-detat-constitutionnel-consomme-cette-nuit#breadcrumb\",\"itemListElement\":[{\"@type\":\"ListItem\",\"position\":1,\"name\":\"Accueil\",\"item\":\"https:\/\/www.africa-press.net\/togo\/\"},{\"@type\":\"ListItem\",\"position\":2,\"name\":\"Togo : Le coup d\u2019\u00e9tat constitutionnel consomm\u00e9 cette nuit\"}]},{\"@type\":\"WebSite\",\"@id\":\"https:\/\/www.africa-press.net\/togo\/#website\",\"url\":\"https:\/\/www.africa-press.net\/togo\/\",\"name\":\"Togo\",\"description\":\"Just another Africa News Agency Sites site\",\"potentialAction\":[{\"@type\":\"SearchAction\",\"target\":{\"@type\":\"EntryPoint\",\"urlTemplate\":\"https:\/\/www.africa-press.net\/togo\/?s={search_term_string}\"},\"query-input\":{\"@type\":\"PropertyValueSpecification\",\"valueRequired\":true,\"valueName\":\"search_term_string\"}}],\"inLanguage\":\"fr-FR\"},{\"@type\":\"Person\",\"@id\":\"https:\/\/www.africa-press.net\/togo\/#\/schema\/person\/2b1cf3cd81a31e3cd26889ca66d677f1\",\"name\":\"cfeditorfr\"}]}<\/script>\n<!-- \/ Yoast SEO Premium plugin. -->","yoast_head_json":{"title":"Togo : Le coup d\u2019\u00e9tat constitutionnel consomm\u00e9 cette nuit - Togo","description":"Le texte introduit un nouveau poste, le pre\u0301sident du conseil des ministres, qui devient celui qui repre\u0301sente le pay ...","robots":{"index":"index","follow":"follow","max-snippet":"max-snippet:-1","max-image-preview":"max-image-preview:large","max-video-preview":"max-video-preview:-1"},"canonical":"https:\/\/www.africa-press.net\/togo\/politique\/togo-le-coup-detat-constitutionnel-consomme-cette-nuit","og_locale":"fr_FR","og_type":"article","og_title":"Togo : Le coup d\u2019\u00e9tat constitutionnel consomm\u00e9 cette nuit","og_description":"Le texte introduit un nouveau poste, le pre\u0301sident du conseil des ministres, qui devient celui qui repre\u0301sente le pay ...","og_url":"https:\/\/www.africa-press.net\/togo\/politique\/togo-le-coup-detat-constitutionnel-consomme-cette-nuit","og_site_name":"Togo","article_published_time":"2024-03-26T22:50:53+00:00","article_modified_time":"2024-03-27T04:21:37+00:00","og_image":[{"width":720,"height":480,"url":"https:\/\/static.africa-press.net\/togo\/sites\/58\/2024\/03\/sm_1711500472.807069.jpg","type":"image\/jpeg"}],"author":"cfeditorfr","twitter_card":"summary_large_image","twitter_misc":{"\u00c9crit par":"cfeditorfr","Dur\u00e9e de lecture estim\u00e9e":"3 minutes"},"schema":{"@context":"https:\/\/schema.org","@graph":[{"@type":"Article","@id":"https:\/\/www.africa-press.net\/togo\/politique\/togo-le-coup-detat-constitutionnel-consomme-cette-nuit#article","isPartOf":{"@id":"https:\/\/www.africa-press.net\/togo\/politique\/togo-le-coup-detat-constitutionnel-consomme-cette-nuit"},"author":{"name":"cfeditorfr","@id":"https:\/\/www.africa-press.net\/togo\/#\/schema\/person\/2b1cf3cd81a31e3cd26889ca66d677f1"},"headline":"Togo : Le coup d\u2019\u00e9tat constitutionnel consomm\u00e9 cette nuit","datePublished":"2024-03-26T22:50:53+00:00","dateModified":"2024-03-27T04:21:37+00:00","mainEntityOfPage":{"@id":"https:\/\/www.africa-press.net\/togo\/politique\/togo-le-coup-detat-constitutionnel-consomme-cette-nuit"},"wordCount":548,"commentCount":0,"image":{"@id":"https:\/\/www.africa-press.net\/togo\/politique\/togo-le-coup-detat-constitutionnel-consomme-cette-nuit#primaryimage"},"thumbnailUrl":"https:\/\/static.africa-press.net\/togo\/sites\/58\/2024\/03\/sm_1711500472.807069.jpg","keywords":["Africa Press","Africa Press-Togo","Assembl\u00e9e Nationale","Togo"],"articleSection":["Politique","Toutes les actualit\u00e9s"],"inLanguage":"fr-FR","potentialAction":[{"@type":"CommentAction","name":"Comment","target":["https:\/\/www.africa-press.net\/togo\/politique\/togo-le-coup-detat-constitutionnel-consomme-cette-nuit#respond"]}]},{"@type":"WebPage","@id":"https:\/\/www.africa-press.net\/togo\/politique\/togo-le-coup-detat-constitutionnel-consomme-cette-nuit","url":"https:\/\/www.africa-press.net\/togo\/politique\/togo-le-coup-detat-constitutionnel-consomme-cette-nuit","name":"Togo : Le coup d\u2019\u00e9tat constitutionnel consomm\u00e9 cette nuit - Togo","isPartOf":{"@id":"https:\/\/www.africa-press.net\/togo\/#website"},"primaryImageOfPage":{"@id":"https:\/\/www.africa-press.net\/togo\/politique\/togo-le-coup-detat-constitutionnel-consomme-cette-nuit#primaryimage"},"image":{"@id":"https:\/\/www.africa-press.net\/togo\/politique\/togo-le-coup-detat-constitutionnel-consomme-cette-nuit#primaryimage"},"thumbnailUrl":"https:\/\/static.africa-press.net\/togo\/sites\/58\/2024\/03\/sm_1711500472.807069.jpg","datePublished":"2024-03-26T22:50:53+00:00","dateModified":"2024-03-27T04:21:37+00:00","author":{"@id":"https:\/\/www.africa-press.net\/togo\/#\/schema\/person\/2b1cf3cd81a31e3cd26889ca66d677f1"},"description":"Le texte introduit un nouveau poste, le pre\u0301sident du conseil des ministres, qui devient celui qui repre\u0301sente le pay ...","breadcrumb":{"@id":"https:\/\/www.africa-press.net\/togo\/politique\/togo-le-coup-detat-constitutionnel-consomme-cette-nuit#breadcrumb"},"inLanguage":"fr-FR","potentialAction":[{"@type":"ReadAction","target":["https:\/\/www.africa-press.net\/togo\/politique\/togo-le-coup-detat-constitutionnel-consomme-cette-nuit"]}]},{"@type":"ImageObject","inLanguage":"fr-FR","@id":"https:\/\/www.africa-press.net\/togo\/politique\/togo-le-coup-detat-constitutionnel-consomme-cette-nuit#primaryimage","url":"https:\/\/static.africa-press.net\/togo\/sites\/58\/2024\/03\/sm_1711500472.807069.jpg","contentUrl":"https:\/\/static.africa-press.net\/togo\/sites\/58\/2024\/03\/sm_1711500472.807069.jpg","width":720,"height":480,"caption":"Togo : Le coup d\u2019\u00e9tat constitutionnel consomm\u00e9 cette nuit"},{"@type":"BreadcrumbList","@id":"https:\/\/www.africa-press.net\/togo\/politique\/togo-le-coup-detat-constitutionnel-consomme-cette-nuit#breadcrumb","itemListElement":[{"@type":"ListItem","position":1,"name":"Accueil","item":"https:\/\/www.africa-press.net\/togo\/"},{"@type":"ListItem","position":2,"name":"Togo : Le coup d\u2019\u00e9tat constitutionnel consomm\u00e9 cette nuit"}]},{"@type":"WebSite","@id":"https:\/\/www.africa-press.net\/togo\/#website","url":"https:\/\/www.africa-press.net\/togo\/","name":"Togo","description":"Just another Africa News Agency Sites site","potentialAction":[{"@type":"SearchAction","target":{"@type":"EntryPoint","urlTemplate":"https:\/\/www.africa-press.net\/togo\/?s={search_term_string}"},"query-input":{"@type":"PropertyValueSpecification","valueRequired":true,"valueName":"search_term_string"}}],"inLanguage":"fr-FR"},{"@type":"Person","@id":"https:\/\/www.africa-press.net\/togo\/#\/schema\/person\/2b1cf3cd81a31e3cd26889ca66d677f1","name":"cfeditorfr"}]}},"_links":{"self":[{"href":"https:\/\/www.africa-press.net\/togo\/wp-json\/wp\/v2\/posts\/29920","targetHints":{"allow":["GET"]}}],"collection":[{"href":"https:\/\/www.africa-press.net\/togo\/wp-json\/wp\/v2\/posts"}],"about":[{"href":"https:\/\/www.africa-press.net\/togo\/wp-json\/wp\/v2\/types\/post"}],"author":[{"embeddable":true,"href":"https:\/\/www.africa-press.net\/togo\/wp-json\/wp\/v2\/users\/82"}],"replies":[{"embeddable":true,"href":"https:\/\/www.africa-press.net\/togo\/wp-json\/wp\/v2\/comments?post=29920"}],"version-history":[{"count":0,"href":"https:\/\/www.africa-press.net\/togo\/wp-json\/wp\/v2\/posts\/29920\/revisions"}],"wp:featuredmedia":[{"embeddable":true,"href":"https:\/\/www.africa-press.net\/togo\/wp-json\/wp\/v2\/media\/29918"}],"wp:attachment":[{"href":"https:\/\/www.africa-press.net\/togo\/wp-json\/wp\/v2\/media?parent=29920"}],"wp:term":[{"taxonomy":"category","embeddable":true,"href":"https:\/\/www.africa-press.net\/togo\/wp-json\/wp\/v2\/categories?post=29920"},{"taxonomy":"post_tag","embeddable":true,"href":"https:\/\/www.africa-press.net\/togo\/wp-json\/wp\/v2\/tags?post=29920"}],"curies":[{"name":"wp","href":"https:\/\/api.w.org\/{rel}","templated":true}]}}