{"id":30507,"date":"2024-04-23T23:44:40","date_gmt":"2024-04-23T23:44:40","guid":{"rendered":"https:\/\/www.africa-press.net\/togo\/politique\/togo-changement-de-constitution-les-forces-vives-de-la-nation-appellent-a-la-mobilisation-du-rouge-et-du-noir-a-partir-de-ce-mardi"},"modified":"2024-04-24T00:13:28","modified_gmt":"2024-04-24T00:13:28","slug":"togo-changement-de-constitution-les-forces-vives-de-la-nation-appellent-a-la-mobilisation-du-rouge-et-du-noir-a-partir-de-ce-mardi","status":"publish","type":"post","link":"https:\/\/www.africa-press.net\/togo\/politique\/togo-changement-de-constitution-les-forces-vives-de-la-nation-appellent-a-la-mobilisation-du-rouge-et-du-noir-a-partir-de-ce-mardi","title":{"rendered":"Togo\/Changement de constitution : les forces vives de la nation appellent \u00e0 la mobilisation; du rouge et du noir \u00e0 partir de ce mardi"},"content":{"rendered":"<p><span style=\"color: #ff6600\"><strong>Africa-Press &#8211; Togo. <\/strong><\/span>Dans une de\u0301claration poignante, les Forces Vives de la Nation, un regroupement d\u2019organisations de la socie\u0301te\u0301 civile, ont lance\u0301 un appel a\u0300 la mobilisation pour protester contre le re\u0301cent changement de Constitution ente\u0301rinant le passage a\u0300 un re\u0301gime parlementaire au Togo.<\/p>\n<p>De\u0300s demain mardi et pour une dure\u0301e de trois jours, ces organisations appellent a\u0300 arborer du rouge et\/ou du noir en signe de protestation. Cette initiative vise a\u0300 exprimer l\u2019indignation et la cole\u0300re face a\u0300 une de\u0301cision qui, selon eux, constitue un ve\u0301ritable renversement du re\u0301gime constitutionnel.<\/p>\n<p>La de\u0301cision de tenir ce mouvement de protestation a e\u0301te\u0301 annonce\u0301e lors d\u2019une confe\u0301rence de presse tenue ce lundi au sie\u0300ge de Novation Internationale a\u0300 Lome\u0301. Prof David Dosseh, premier porte-parole du Front citoyen Togo Debout (FCTD), a souligne\u0301 que le choix du rouge et du noir symbolise le me\u0301contentement et l\u2019appel a\u0300 la re\u0301sistance pacifique.<\/p>\n<p>En outre, les Forces Vives de la Nation ont pre\u0301vu d\u2019organiser un grand meeting le dimanche 5 mai pour amplifier leur contestation. Elles de\u0301noncent fermement le caracte\u0300re ille\u0301gitime et non inclusif du processus ayant conduit au changement de Constitution, ainsi que la violation flagrante des principes de\u0301mocratiques.<\/p>\n<p>En appelant a\u0300 l\u2019esprit patriotique du Pre\u0301sident de la Re\u0301publique, les organisations de la socie\u0301te\u0301 civile mettent en garde contre les conse\u0301quences d\u2019une le\u0301gitimation de cette action, soulignant que cela remettrait en question sa le\u0301gitimite\u0301 pre\u0301sidentielle.<\/p>\n<p>Dans cette atmosphe\u0300re de tension croissante, la mobilisation citoyenne se profile comme un moyen de pression populaire pour re\u0301affirmer les principes de\u0301mocratiques et la souverainete\u0301 du peuple togolais.<\/p>\n<p><strong>Pour plus d&rsquo;informations et d&rsquo;analyses sur la <a href=\"https:\/\/www.africa-press.net\/togo\">Togo<\/a>, suivez <a href=\"https:\/\/www.africa-press.net\/\">Africa-Press<\/a><\/strong><\/p>\n","protected":false},"excerpt":{"rendered":"<p>Africa-Press &#8211; Togo. Dans une de\u0301claration poignante, les Forces Vives de la Nation, un regroupement d\u2019organisations de la socie\u0301te\u0301 civile, ont lance\u0301 un appel a\u0300 la mobilisation pour protester contre le re\u0301cent changement de Constitution ente\u0301rinant le passage a\u0300 un re\u0301gime parlementaire au Togo. De\u0300s demain mardi et pour une dure\u0301e de trois jours, ces [&hellip;]<\/p>\n","protected":false},"author":82,"featured_media":30506,"comment_status":"open","ping_status":"closed","sticky":false,"template":"","format":"standard","meta":{"footnotes":""},"categories":[2,10],"tags":[36,49,1219,398,50],"class_list":["post-30507","post","type-post","status-publish","format-standard","has-post-thumbnail","hentry","category-politique","category-toutes-les-actualites","tag-africa-press","tag-africa-press-togo","tag-constitution","tag-manifestations","tag-togo"],"yoast_head":"<!-- This site is optimized with the Yoast SEO Premium plugin v26.1 (Yoast SEO v27.0) - https:\/\/yoast.com\/product\/yoast-seo-premium-wordpress\/ -->\n<title>Togo\/Changement de constitution : les forces vives de la nation appellent \u00e0 la mobilisation; du rouge et du noir \u00e0 partir de ce mardi - Togo<\/title>\n<meta name=\"description\" content=\"Dans une de\u0301claration poignante, les Forces Vives de la Nation, un regroupement d\u2019organisations de la socie\u0301te\u0301 civile, ...\" \/>\n<meta name=\"robots\" content=\"index, follow, max-snippet:-1, max-image-preview:large, max-video-preview:-1\" \/>\n<link rel=\"canonical\" href=\"https:\/\/www.africa-press.net\/togo\/politique\/togo-changement-de-constitution-les-forces-vives-de-la-nation-appellent-a-la-mobilisation-du-rouge-et-du-noir-a-partir-de-ce-mardi\" \/>\n<meta property=\"og:locale\" content=\"fr_FR\" \/>\n<meta property=\"og:type\" content=\"article\" \/>\n<meta property=\"og:title\" content=\"Togo\/Changement de constitution : les forces vives de la nation appellent \u00e0 la mobilisation; du rouge et du noir \u00e0 partir de ce mardi\" \/>\n<meta property=\"og:description\" content=\"Dans une de\u0301claration poignante, les Forces Vives de la Nation, un regroupement d\u2019organisations de la socie\u0301te\u0301 civile, ...\" \/>\n<meta property=\"og:url\" content=\"https:\/\/www.africa-press.net\/togo\/politique\/togo-changement-de-constitution-les-forces-vives-de-la-nation-appellent-a-la-mobilisation-du-rouge-et-du-noir-a-partir-de-ce-mardi\" \/>\n<meta property=\"og:site_name\" content=\"Togo\" \/>\n<meta property=\"article:published_time\" content=\"2024-04-23T23:44:40+00:00\" \/>\n<meta property=\"article:modified_time\" content=\"2024-04-24T00:13:28+00:00\" \/>\n<meta property=\"og:image\" content=\"https:\/\/static.africa-press.net\/togo\/sites\/58\/2024\/04\/sm_1713904829.360952.jpg\" \/>\n\t<meta property=\"og:image:width\" content=\"720\" \/>\n\t<meta property=\"og:image:height\" content=\"450\" \/>\n\t<meta property=\"og:image:type\" content=\"image\/jpeg\" \/>\n<meta name=\"author\" content=\"cfeditorfr\" \/>\n<meta name=\"twitter:card\" content=\"summary_large_image\" \/>\n<meta name=\"twitter:label1\" content=\"\u00c9crit par\" \/>\n\t<meta name=\"twitter:data1\" content=\"cfeditorfr\" \/>\n\t<meta name=\"twitter:label2\" content=\"Dur\u00e9e de lecture estim\u00e9e\" \/>\n\t<meta name=\"twitter:data2\" content=\"2 minutes\" \/>\n<script type=\"application\/ld+json\" class=\"yoast-schema-graph\">{\"@context\":\"https:\/\/schema.org\",\"@graph\":[{\"@type\":\"Article\",\"@id\":\"https:\/\/www.africa-press.net\/togo\/politique\/togo-changement-de-constitution-les-forces-vives-de-la-nation-appellent-a-la-mobilisation-du-rouge-et-du-noir-a-partir-de-ce-mardi#article\",\"isPartOf\":{\"@id\":\"https:\/\/www.africa-press.net\/togo\/politique\/togo-changement-de-constitution-les-forces-vives-de-la-nation-appellent-a-la-mobilisation-du-rouge-et-du-noir-a-partir-de-ce-mardi\"},\"author\":{\"name\":\"cfeditorfr\",\"@id\":\"https:\/\/www.africa-press.net\/togo\/#\/schema\/person\/2b1cf3cd81a31e3cd26889ca66d677f1\"},\"headline\":\"Togo\/Changement de constitution : les forces vives de la nation appellent \u00e0 la mobilisation; du rouge et du noir \u00e0 partir de ce mardi\",\"datePublished\":\"2024-04-23T23:44:40+00:00\",\"dateModified\":\"2024-04-24T00:13:28+00:00\",\"mainEntityOfPage\":{\"@id\":\"https:\/\/www.africa-press.net\/togo\/politique\/togo-changement-de-constitution-les-forces-vives-de-la-nation-appellent-a-la-mobilisation-du-rouge-et-du-noir-a-partir-de-ce-mardi\"},\"wordCount\":332,\"commentCount\":0,\"image\":{\"@id\":\"https:\/\/www.africa-press.net\/togo\/politique\/togo-changement-de-constitution-les-forces-vives-de-la-nation-appellent-a-la-mobilisation-du-rouge-et-du-noir-a-partir-de-ce-mardi#primaryimage\"},\"thumbnailUrl\":\"https:\/\/static.africa-press.net\/togo\/sites\/58\/2024\/04\/sm_1713904829.360952.jpg\",\"keywords\":[\"Africa Press\",\"Africa Press-Togo\",\"Constitution\",\"Manifestations\",\"Togo\"],\"articleSection\":[\"Politique\",\"Toutes les actualit\u00e9s\"],\"inLanguage\":\"fr-FR\",\"potentialAction\":[{\"@type\":\"CommentAction\",\"name\":\"Comment\",\"target\":[\"https:\/\/www.africa-press.net\/togo\/politique\/togo-changement-de-constitution-les-forces-vives-de-la-nation-appellent-a-la-mobilisation-du-rouge-et-du-noir-a-partir-de-ce-mardi#respond\"]}]},{\"@type\":\"WebPage\",\"@id\":\"https:\/\/www.africa-press.net\/togo\/politique\/togo-changement-de-constitution-les-forces-vives-de-la-nation-appellent-a-la-mobilisation-du-rouge-et-du-noir-a-partir-de-ce-mardi\",\"url\":\"https:\/\/www.africa-press.net\/togo\/politique\/togo-changement-de-constitution-les-forces-vives-de-la-nation-appellent-a-la-mobilisation-du-rouge-et-du-noir-a-partir-de-ce-mardi\",\"name\":\"Togo\/Changement de constitution : les forces vives de la nation appellent \u00e0 la mobilisation; du rouge et du noir \u00e0 partir de ce mardi - Togo\",\"isPartOf\":{\"@id\":\"https:\/\/www.africa-press.net\/togo\/#website\"},\"primaryImageOfPage\":{\"@id\":\"https:\/\/www.africa-press.net\/togo\/politique\/togo-changement-de-constitution-les-forces-vives-de-la-nation-appellent-a-la-mobilisation-du-rouge-et-du-noir-a-partir-de-ce-mardi#primaryimage\"},\"image\":{\"@id\":\"https:\/\/www.africa-press.net\/togo\/politique\/togo-changement-de-constitution-les-forces-vives-de-la-nation-appellent-a-la-mobilisation-du-rouge-et-du-noir-a-partir-de-ce-mardi#primaryimage\"},\"thumbnailUrl\":\"https:\/\/static.africa-press.net\/togo\/sites\/58\/2024\/04\/sm_1713904829.360952.jpg\",\"datePublished\":\"2024-04-23T23:44:40+00:00\",\"dateModified\":\"2024-04-24T00:13:28+00:00\",\"author\":{\"@id\":\"https:\/\/www.africa-press.net\/togo\/#\/schema\/person\/2b1cf3cd81a31e3cd26889ca66d677f1\"},\"description\":\"Dans une de\u0301claration poignante, les Forces Vives de la Nation, un regroupement d\u2019organisations de la socie\u0301te\u0301 civile, ...\",\"breadcrumb\":{\"@id\":\"https:\/\/www.africa-press.net\/togo\/politique\/togo-changement-de-constitution-les-forces-vives-de-la-nation-appellent-a-la-mobilisation-du-rouge-et-du-noir-a-partir-de-ce-mardi#breadcrumb\"},\"inLanguage\":\"fr-FR\",\"potentialAction\":[{\"@type\":\"ReadAction\",\"target\":[\"https:\/\/www.africa-press.net\/togo\/politique\/togo-changement-de-constitution-les-forces-vives-de-la-nation-appellent-a-la-mobilisation-du-rouge-et-du-noir-a-partir-de-ce-mardi\"]}]},{\"@type\":\"ImageObject\",\"inLanguage\":\"fr-FR\",\"@id\":\"https:\/\/www.africa-press.net\/togo\/politique\/togo-changement-de-constitution-les-forces-vives-de-la-nation-appellent-a-la-mobilisation-du-rouge-et-du-noir-a-partir-de-ce-mardi#primaryimage\",\"url\":\"https:\/\/static.africa-press.net\/togo\/sites\/58\/2024\/04\/sm_1713904829.360952.jpg\",\"contentUrl\":\"https:\/\/static.africa-press.net\/togo\/sites\/58\/2024\/04\/sm_1713904829.360952.jpg\",\"width\":720,\"height\":450,\"caption\":\"Togo\/Changement de constitution : les forces vives de la nation appellent \u00e0 la mobilisation; du rouge et du noir \u00e0 partir de ce mardi\"},{\"@type\":\"BreadcrumbList\",\"@id\":\"https:\/\/www.africa-press.net\/togo\/politique\/togo-changement-de-constitution-les-forces-vives-de-la-nation-appellent-a-la-mobilisation-du-rouge-et-du-noir-a-partir-de-ce-mardi#breadcrumb\",\"itemListElement\":[{\"@type\":\"ListItem\",\"position\":1,\"name\":\"Accueil\",\"item\":\"https:\/\/www.africa-press.net\/togo\/\"},{\"@type\":\"ListItem\",\"position\":2,\"name\":\"Togo\/Changement de constitution : les forces vives de la nation appellent \u00e0 la mobilisation; du rouge et du noir \u00e0 partir de ce mardi\"}]},{\"@type\":\"WebSite\",\"@id\":\"https:\/\/www.africa-press.net\/togo\/#website\",\"url\":\"https:\/\/www.africa-press.net\/togo\/\",\"name\":\"Togo\",\"description\":\"Just another Africa News Agency Sites site\",\"potentialAction\":[{\"@type\":\"SearchAction\",\"target\":{\"@type\":\"EntryPoint\",\"urlTemplate\":\"https:\/\/www.africa-press.net\/togo\/?s={search_term_string}\"},\"query-input\":{\"@type\":\"PropertyValueSpecification\",\"valueRequired\":true,\"valueName\":\"search_term_string\"}}],\"inLanguage\":\"fr-FR\"},{\"@type\":\"Person\",\"@id\":\"https:\/\/www.africa-press.net\/togo\/#\/schema\/person\/2b1cf3cd81a31e3cd26889ca66d677f1\",\"name\":\"cfeditorfr\"}]}<\/script>\n<!-- \/ Yoast SEO Premium plugin. -->","yoast_head_json":{"title":"Togo\/Changement de constitution : les forces vives de la nation appellent \u00e0 la mobilisation; du rouge et du noir \u00e0 partir de ce mardi - Togo","description":"Dans une de\u0301claration poignante, les Forces Vives de la Nation, un regroupement d\u2019organisations de la socie\u0301te\u0301 civile, ...","robots":{"index":"index","follow":"follow","max-snippet":"max-snippet:-1","max-image-preview":"max-image-preview:large","max-video-preview":"max-video-preview:-1"},"canonical":"https:\/\/www.africa-press.net\/togo\/politique\/togo-changement-de-constitution-les-forces-vives-de-la-nation-appellent-a-la-mobilisation-du-rouge-et-du-noir-a-partir-de-ce-mardi","og_locale":"fr_FR","og_type":"article","og_title":"Togo\/Changement de constitution : les forces vives de la nation appellent \u00e0 la mobilisation; du rouge et du noir \u00e0 partir de ce mardi","og_description":"Dans une de\u0301claration poignante, les Forces Vives de la Nation, un regroupement d\u2019organisations de la socie\u0301te\u0301 civile, ...","og_url":"https:\/\/www.africa-press.net\/togo\/politique\/togo-changement-de-constitution-les-forces-vives-de-la-nation-appellent-a-la-mobilisation-du-rouge-et-du-noir-a-partir-de-ce-mardi","og_site_name":"Togo","article_published_time":"2024-04-23T23:44:40+00:00","article_modified_time":"2024-04-24T00:13:28+00:00","og_image":[{"width":720,"height":450,"url":"https:\/\/static.africa-press.net\/togo\/sites\/58\/2024\/04\/sm_1713904829.360952.jpg","type":"image\/jpeg"}],"author":"cfeditorfr","twitter_card":"summary_large_image","twitter_misc":{"\u00c9crit par":"cfeditorfr","Dur\u00e9e de lecture estim\u00e9e":"2 minutes"},"schema":{"@context":"https:\/\/schema.org","@graph":[{"@type":"Article","@id":"https:\/\/www.africa-press.net\/togo\/politique\/togo-changement-de-constitution-les-forces-vives-de-la-nation-appellent-a-la-mobilisation-du-rouge-et-du-noir-a-partir-de-ce-mardi#article","isPartOf":{"@id":"https:\/\/www.africa-press.net\/togo\/politique\/togo-changement-de-constitution-les-forces-vives-de-la-nation-appellent-a-la-mobilisation-du-rouge-et-du-noir-a-partir-de-ce-mardi"},"author":{"name":"cfeditorfr","@id":"https:\/\/www.africa-press.net\/togo\/#\/schema\/person\/2b1cf3cd81a31e3cd26889ca66d677f1"},"headline":"Togo\/Changement de constitution : les forces vives de la nation appellent \u00e0 la mobilisation; du rouge et du noir \u00e0 partir de ce mardi","datePublished":"2024-04-23T23:44:40+00:00","dateModified":"2024-04-24T00:13:28+00:00","mainEntityOfPage":{"@id":"https:\/\/www.africa-press.net\/togo\/politique\/togo-changement-de-constitution-les-forces-vives-de-la-nation-appellent-a-la-mobilisation-du-rouge-et-du-noir-a-partir-de-ce-mardi"},"wordCount":332,"commentCount":0,"image":{"@id":"https:\/\/www.africa-press.net\/togo\/politique\/togo-changement-de-constitution-les-forces-vives-de-la-nation-appellent-a-la-mobilisation-du-rouge-et-du-noir-a-partir-de-ce-mardi#primaryimage"},"thumbnailUrl":"https:\/\/static.africa-press.net\/togo\/sites\/58\/2024\/04\/sm_1713904829.360952.jpg","keywords":["Africa Press","Africa Press-Togo","Constitution","Manifestations","Togo"],"articleSection":["Politique","Toutes les actualit\u00e9s"],"inLanguage":"fr-FR","potentialAction":[{"@type":"CommentAction","name":"Comment","target":["https:\/\/www.africa-press.net\/togo\/politique\/togo-changement-de-constitution-les-forces-vives-de-la-nation-appellent-a-la-mobilisation-du-rouge-et-du-noir-a-partir-de-ce-mardi#respond"]}]},{"@type":"WebPage","@id":"https:\/\/www.africa-press.net\/togo\/politique\/togo-changement-de-constitution-les-forces-vives-de-la-nation-appellent-a-la-mobilisation-du-rouge-et-du-noir-a-partir-de-ce-mardi","url":"https:\/\/www.africa-press.net\/togo\/politique\/togo-changement-de-constitution-les-forces-vives-de-la-nation-appellent-a-la-mobilisation-du-rouge-et-du-noir-a-partir-de-ce-mardi","name":"Togo\/Changement de constitution : les forces vives de la nation appellent \u00e0 la mobilisation; du rouge et du noir \u00e0 partir de ce mardi - Togo","isPartOf":{"@id":"https:\/\/www.africa-press.net\/togo\/#website"},"primaryImageOfPage":{"@id":"https:\/\/www.africa-press.net\/togo\/politique\/togo-changement-de-constitution-les-forces-vives-de-la-nation-appellent-a-la-mobilisation-du-rouge-et-du-noir-a-partir-de-ce-mardi#primaryimage"},"image":{"@id":"https:\/\/www.africa-press.net\/togo\/politique\/togo-changement-de-constitution-les-forces-vives-de-la-nation-appellent-a-la-mobilisation-du-rouge-et-du-noir-a-partir-de-ce-mardi#primaryimage"},"thumbnailUrl":"https:\/\/static.africa-press.net\/togo\/sites\/58\/2024\/04\/sm_1713904829.360952.jpg","datePublished":"2024-04-23T23:44:40+00:00","dateModified":"2024-04-24T00:13:28+00:00","author":{"@id":"https:\/\/www.africa-press.net\/togo\/#\/schema\/person\/2b1cf3cd81a31e3cd26889ca66d677f1"},"description":"Dans une de\u0301claration poignante, les Forces Vives de la Nation, un regroupement d\u2019organisations de la socie\u0301te\u0301 civile, ...","breadcrumb":{"@id":"https:\/\/www.africa-press.net\/togo\/politique\/togo-changement-de-constitution-les-forces-vives-de-la-nation-appellent-a-la-mobilisation-du-rouge-et-du-noir-a-partir-de-ce-mardi#breadcrumb"},"inLanguage":"fr-FR","potentialAction":[{"@type":"ReadAction","target":["https:\/\/www.africa-press.net\/togo\/politique\/togo-changement-de-constitution-les-forces-vives-de-la-nation-appellent-a-la-mobilisation-du-rouge-et-du-noir-a-partir-de-ce-mardi"]}]},{"@type":"ImageObject","inLanguage":"fr-FR","@id":"https:\/\/www.africa-press.net\/togo\/politique\/togo-changement-de-constitution-les-forces-vives-de-la-nation-appellent-a-la-mobilisation-du-rouge-et-du-noir-a-partir-de-ce-mardi#primaryimage","url":"https:\/\/static.africa-press.net\/togo\/sites\/58\/2024\/04\/sm_1713904829.360952.jpg","contentUrl":"https:\/\/static.africa-press.net\/togo\/sites\/58\/2024\/04\/sm_1713904829.360952.jpg","width":720,"height":450,"caption":"Togo\/Changement de constitution : les forces vives de la nation appellent \u00e0 la mobilisation; du rouge et du noir \u00e0 partir de ce mardi"},{"@type":"BreadcrumbList","@id":"https:\/\/www.africa-press.net\/togo\/politique\/togo-changement-de-constitution-les-forces-vives-de-la-nation-appellent-a-la-mobilisation-du-rouge-et-du-noir-a-partir-de-ce-mardi#breadcrumb","itemListElement":[{"@type":"ListItem","position":1,"name":"Accueil","item":"https:\/\/www.africa-press.net\/togo\/"},{"@type":"ListItem","position":2,"name":"Togo\/Changement de constitution : les forces vives de la nation appellent \u00e0 la mobilisation; du rouge et du noir \u00e0 partir de ce mardi"}]},{"@type":"WebSite","@id":"https:\/\/www.africa-press.net\/togo\/#website","url":"https:\/\/www.africa-press.net\/togo\/","name":"Togo","description":"Just another Africa News Agency Sites site","potentialAction":[{"@type":"SearchAction","target":{"@type":"EntryPoint","urlTemplate":"https:\/\/www.africa-press.net\/togo\/?s={search_term_string}"},"query-input":{"@type":"PropertyValueSpecification","valueRequired":true,"valueName":"search_term_string"}}],"inLanguage":"fr-FR"},{"@type":"Person","@id":"https:\/\/www.africa-press.net\/togo\/#\/schema\/person\/2b1cf3cd81a31e3cd26889ca66d677f1","name":"cfeditorfr"}]}},"_links":{"self":[{"href":"https:\/\/www.africa-press.net\/togo\/wp-json\/wp\/v2\/posts\/30507","targetHints":{"allow":["GET"]}}],"collection":[{"href":"https:\/\/www.africa-press.net\/togo\/wp-json\/wp\/v2\/posts"}],"about":[{"href":"https:\/\/www.africa-press.net\/togo\/wp-json\/wp\/v2\/types\/post"}],"author":[{"embeddable":true,"href":"https:\/\/www.africa-press.net\/togo\/wp-json\/wp\/v2\/users\/82"}],"replies":[{"embeddable":true,"href":"https:\/\/www.africa-press.net\/togo\/wp-json\/wp\/v2\/comments?post=30507"}],"version-history":[{"count":0,"href":"https:\/\/www.africa-press.net\/togo\/wp-json\/wp\/v2\/posts\/30507\/revisions"}],"wp:featuredmedia":[{"embeddable":true,"href":"https:\/\/www.africa-press.net\/togo\/wp-json\/wp\/v2\/media\/30506"}],"wp:attachment":[{"href":"https:\/\/www.africa-press.net\/togo\/wp-json\/wp\/v2\/media?parent=30507"}],"wp:term":[{"taxonomy":"category","embeddable":true,"href":"https:\/\/www.africa-press.net\/togo\/wp-json\/wp\/v2\/categories?post=30507"},{"taxonomy":"post_tag","embeddable":true,"href":"https:\/\/www.africa-press.net\/togo\/wp-json\/wp\/v2\/tags?post=30507"}],"curies":[{"name":"wp","href":"https:\/\/api.w.org\/{rel}","templated":true}]}}