{"id":31489,"date":"2024-05-28T21:54:09","date_gmt":"2024-05-28T21:54:09","guid":{"rendered":"https:\/\/www.africa-press.net\/togo\/politique\/faure-gnassingbe-nomme-un-nouveau-chef-detat-major-des-fat"},"modified":"2024-05-28T22:21:56","modified_gmt":"2024-05-28T22:21:56","slug":"faure-gnassingbe-nomme-un-nouveau-chef-detat-major-des-fat","status":"publish","type":"post","link":"https:\/\/www.africa-press.net\/togo\/politique\/faure-gnassingbe-nomme-un-nouveau-chef-detat-major-des-fat","title":{"rendered":"Faure Gnassingbe\u0301 Nomme\u0301 un Nouveau Chef D\u2019E\u0301Tat-Major des FAT"},"content":{"rendered":"<p><span style=\"color: #ff6600\"><strong>Africa-Press &#8211; Togo. <\/strong><\/span>Le colonel Dimini Allahare a e\u0301te\u0301 promu au grade de Ge\u0301ne\u0301ral de brigade et nomme\u0301 Chef d\u2019E\u0301tat-major ge\u0301ne\u0301ral des Forces arme\u0301es togolaises par le Pre\u0301sident de la Re\u0301publique togolaise. L\u2019annonce a e\u0301te\u0301 faite lundi a\u0300 travers un de\u0301cret pre\u0301sidentiel lu sur la te\u0301le\u0301vision nationale.<\/p>\n<p>Selon le de\u0301cret, \u00ab Le pre\u0301sident de la Re\u0301publique, vu la constitution du 6 mai 2024, notamment en ses articles 96 et 97, de\u0301cre\u0300te: Article 1. Le ge\u0301ne\u0301ral de brigade Dimini Allahare est nomme\u0301 chef d\u2019e\u0301tat-major ge\u0301ne\u0301ral des forces arme\u0301es togolaises. Article 2. Sont abroge\u0301es toutes les dispositions ante\u0301rieures contraires au pre\u0301sent de\u0301cret. \u00bb Cette nomination remplace celle du Ge\u0301ne\u0301ral de brigade ae\u0301rien Tassounti Djato, en poste depuis de\u0301cembre 2022, lui-me\u0302me successeur du Ge\u0301ne\u0301ral de brigade Badja Manganawe.<\/p>\n<p>Avant cette nomination, Dimini Allahare occupait le poste de Directeur ge\u0301ne\u0301ral de la Socie\u0301te\u0301 ae\u0301roportuaire de Lome\u0301-Tokoin (SALT). Il a e\u0301galement dirige\u0301 l\u2019Autorite\u0301 de su\u0302rete\u0301 de l\u2019ae\u0301roport international Gnassingbe\u0301 Eyade\u0301ma de Lome\u0301 (ASAIGE), ou\u0300 il avait e\u0301te\u0301 nomme\u0301 Colonel par de\u0301cret pre\u0301sidentiel le 17 fe\u0301vrier 2021, succe\u0301dant au Lieutenant-Colonel Langbatibe Bolidja.<\/p>\n<p>Le Ge\u0301ne\u0301ral de brigade Dimini Allahare a e\u0301galement commande\u0301 le Re\u0301giment parachutiste commando. Reconnu pour sa rigueur, sa de\u0301termination et son aptitude au travail colle\u0301gial, il est attendu qu\u2019il apporte ces qualite\u0301s a\u0300 ses nouvelles responsabilite\u0301s au sein des Forces arme\u0301es togolaises.<\/p>\n<p><strong>Pour plus d&rsquo;informations et d&rsquo;analyses sur la <a href=\"https:\/\/www.africa-press.net\/togo\">Togo<\/a>, suivez <a href=\"https:\/\/www.africa-press.net\/\">Africa-Press<\/a><\/strong><\/p>\n","protected":false},"excerpt":{"rendered":"<p>Africa-Press &#8211; Togo. Le colonel Dimini Allahare a e\u0301te\u0301 promu au grade de Ge\u0301ne\u0301ral de brigade et nomme\u0301 Chef d\u2019E\u0301tat-major ge\u0301ne\u0301ral des Forces arme\u0301es togolaises par le Pre\u0301sident de la Re\u0301publique togolaise. L\u2019annonce a e\u0301te\u0301 faite lundi a\u0300 travers un de\u0301cret pre\u0301sidentiel lu sur la te\u0301le\u0301vision nationale. Selon le de\u0301cret, \u00ab Le pre\u0301sident de la [&hellip;]<\/p>\n","protected":false},"author":82,"featured_media":31487,"comment_status":"open","ping_status":"closed","sticky":false,"template":"","format":"standard","meta":{"footnotes":""},"categories":[2,10],"tags":[36,49,505,264,50],"class_list":["post-31489","post","type-post","status-publish","format-standard","has-post-thumbnail","hentry","category-politique","category-toutes-les-actualites","tag-africa-press","tag-africa-press-togo","tag-fat","tag-faure-gnassingbe","tag-togo"],"yoast_head":"<!-- This site is optimized with the Yoast SEO Premium plugin v26.1 (Yoast SEO v27.0) - https:\/\/yoast.com\/product\/yoast-seo-premium-wordpress\/ -->\n<title>Faure Gnassingbe\u0301 Nomme\u0301 un Nouveau Chef D\u2019E\u0301Tat-Major des FAT - Togo<\/title>\n<meta name=\"description\" content=\"Le colonel Dimini Allahare a e\u0301te\u0301 promu au grade de Ge\u0301ne\u0301ral de brigade et nomme\u0301 Chef d\u2019E\u0301tat-major ge\u0301ne\u0301ral des For ...\" \/>\n<meta name=\"robots\" content=\"index, follow, max-snippet:-1, max-image-preview:large, max-video-preview:-1\" \/>\n<link rel=\"canonical\" href=\"https:\/\/www.africa-press.net\/togo\/politique\/faure-gnassingbe-nomme-un-nouveau-chef-detat-major-des-fat\" \/>\n<meta property=\"og:locale\" content=\"fr_FR\" \/>\n<meta property=\"og:type\" content=\"article\" \/>\n<meta property=\"og:title\" content=\"Faure Gnassingbe\u0301 Nomme\u0301 un Nouveau Chef D\u2019E\u0301Tat-Major des FAT\" \/>\n<meta property=\"og:description\" content=\"Le colonel Dimini Allahare a e\u0301te\u0301 promu au grade de Ge\u0301ne\u0301ral de brigade et nomme\u0301 Chef d\u2019E\u0301tat-major ge\u0301ne\u0301ral des For ...\" \/>\n<meta property=\"og:url\" content=\"https:\/\/www.africa-press.net\/togo\/politique\/faure-gnassingbe-nomme-un-nouveau-chef-detat-major-des-fat\" \/>\n<meta property=\"og:site_name\" content=\"Togo\" \/>\n<meta property=\"article:published_time\" content=\"2024-05-28T21:54:09+00:00\" \/>\n<meta property=\"article:modified_time\" content=\"2024-05-28T22:21:56+00:00\" \/>\n<meta property=\"og:image\" content=\"https:\/\/static.africa-press.net\/togo\/sites\/58\/2024\/05\/sm_1716922213.255509.jpg\" \/>\n\t<meta property=\"og:image:width\" content=\"720\" \/>\n\t<meta property=\"og:image:height\" content=\"496\" \/>\n\t<meta property=\"og:image:type\" content=\"image\/jpeg\" \/>\n<meta name=\"author\" content=\"cfeditorfr\" \/>\n<meta name=\"twitter:card\" content=\"summary_large_image\" \/>\n<meta name=\"twitter:label1\" content=\"\u00c9crit par\" \/>\n\t<meta name=\"twitter:data1\" content=\"cfeditorfr\" \/>\n\t<meta name=\"twitter:label2\" content=\"Dur\u00e9e de lecture estim\u00e9e\" \/>\n\t<meta name=\"twitter:data2\" content=\"1 minute\" \/>\n<script type=\"application\/ld+json\" class=\"yoast-schema-graph\">{\"@context\":\"https:\/\/schema.org\",\"@graph\":[{\"@type\":\"Article\",\"@id\":\"https:\/\/www.africa-press.net\/togo\/politique\/faure-gnassingbe-nomme-un-nouveau-chef-detat-major-des-fat#article\",\"isPartOf\":{\"@id\":\"https:\/\/www.africa-press.net\/togo\/politique\/faure-gnassingbe-nomme-un-nouveau-chef-detat-major-des-fat\"},\"author\":{\"name\":\"cfeditorfr\",\"@id\":\"https:\/\/www.africa-press.net\/togo\/#\/schema\/person\/2b1cf3cd81a31e3cd26889ca66d677f1\"},\"headline\":\"Faure Gnassingbe\u0301 Nomme\u0301 un Nouveau Chef D\u2019E\u0301Tat-Major des FAT\",\"datePublished\":\"2024-05-28T21:54:09+00:00\",\"dateModified\":\"2024-05-28T22:21:56+00:00\",\"mainEntityOfPage\":{\"@id\":\"https:\/\/www.africa-press.net\/togo\/politique\/faure-gnassingbe-nomme-un-nouveau-chef-detat-major-des-fat\"},\"wordCount\":295,\"commentCount\":0,\"image\":{\"@id\":\"https:\/\/www.africa-press.net\/togo\/politique\/faure-gnassingbe-nomme-un-nouveau-chef-detat-major-des-fat#primaryimage\"},\"thumbnailUrl\":\"https:\/\/static.africa-press.net\/togo\/sites\/58\/2024\/05\/sm_1716922213.255509.jpg\",\"keywords\":[\"Africa Press\",\"Africa Press-Togo\",\"FAT\",\"Faure Gnassingb\u00e9\",\"Togo\"],\"articleSection\":[\"Politique\",\"Toutes les actualit\u00e9s\"],\"inLanguage\":\"fr-FR\",\"potentialAction\":[{\"@type\":\"CommentAction\",\"name\":\"Comment\",\"target\":[\"https:\/\/www.africa-press.net\/togo\/politique\/faure-gnassingbe-nomme-un-nouveau-chef-detat-major-des-fat#respond\"]}]},{\"@type\":\"WebPage\",\"@id\":\"https:\/\/www.africa-press.net\/togo\/politique\/faure-gnassingbe-nomme-un-nouveau-chef-detat-major-des-fat\",\"url\":\"https:\/\/www.africa-press.net\/togo\/politique\/faure-gnassingbe-nomme-un-nouveau-chef-detat-major-des-fat\",\"name\":\"Faure Gnassingbe\u0301 Nomme\u0301 un Nouveau Chef D\u2019E\u0301Tat-Major des FAT - Togo\",\"isPartOf\":{\"@id\":\"https:\/\/www.africa-press.net\/togo\/#website\"},\"primaryImageOfPage\":{\"@id\":\"https:\/\/www.africa-press.net\/togo\/politique\/faure-gnassingbe-nomme-un-nouveau-chef-detat-major-des-fat#primaryimage\"},\"image\":{\"@id\":\"https:\/\/www.africa-press.net\/togo\/politique\/faure-gnassingbe-nomme-un-nouveau-chef-detat-major-des-fat#primaryimage\"},\"thumbnailUrl\":\"https:\/\/static.africa-press.net\/togo\/sites\/58\/2024\/05\/sm_1716922213.255509.jpg\",\"datePublished\":\"2024-05-28T21:54:09+00:00\",\"dateModified\":\"2024-05-28T22:21:56+00:00\",\"author\":{\"@id\":\"https:\/\/www.africa-press.net\/togo\/#\/schema\/person\/2b1cf3cd81a31e3cd26889ca66d677f1\"},\"description\":\"Le colonel Dimini Allahare a e\u0301te\u0301 promu au grade de Ge\u0301ne\u0301ral de brigade et nomme\u0301 Chef d\u2019E\u0301tat-major ge\u0301ne\u0301ral des For ...\",\"breadcrumb\":{\"@id\":\"https:\/\/www.africa-press.net\/togo\/politique\/faure-gnassingbe-nomme-un-nouveau-chef-detat-major-des-fat#breadcrumb\"},\"inLanguage\":\"fr-FR\",\"potentialAction\":[{\"@type\":\"ReadAction\",\"target\":[\"https:\/\/www.africa-press.net\/togo\/politique\/faure-gnassingbe-nomme-un-nouveau-chef-detat-major-des-fat\"]}]},{\"@type\":\"ImageObject\",\"inLanguage\":\"fr-FR\",\"@id\":\"https:\/\/www.africa-press.net\/togo\/politique\/faure-gnassingbe-nomme-un-nouveau-chef-detat-major-des-fat#primaryimage\",\"url\":\"https:\/\/static.africa-press.net\/togo\/sites\/58\/2024\/05\/sm_1716922213.255509.jpg\",\"contentUrl\":\"https:\/\/static.africa-press.net\/togo\/sites\/58\/2024\/05\/sm_1716922213.255509.jpg\",\"width\":720,\"height\":496,\"caption\":\"Faure Gnassingbe\u0301 Nomme\u0301 un Nouveau Chef D\u2019E\u0301Tat-Major des FAT\"},{\"@type\":\"BreadcrumbList\",\"@id\":\"https:\/\/www.africa-press.net\/togo\/politique\/faure-gnassingbe-nomme-un-nouveau-chef-detat-major-des-fat#breadcrumb\",\"itemListElement\":[{\"@type\":\"ListItem\",\"position\":1,\"name\":\"Accueil\",\"item\":\"https:\/\/www.africa-press.net\/togo\/\"},{\"@type\":\"ListItem\",\"position\":2,\"name\":\"Faure Gnassingbe\u0301 Nomme\u0301 un Nouveau Chef D\u2019E\u0301Tat-Major des FAT\"}]},{\"@type\":\"WebSite\",\"@id\":\"https:\/\/www.africa-press.net\/togo\/#website\",\"url\":\"https:\/\/www.africa-press.net\/togo\/\",\"name\":\"Togo\",\"description\":\"Just another Africa News Agency Sites site\",\"potentialAction\":[{\"@type\":\"SearchAction\",\"target\":{\"@type\":\"EntryPoint\",\"urlTemplate\":\"https:\/\/www.africa-press.net\/togo\/?s={search_term_string}\"},\"query-input\":{\"@type\":\"PropertyValueSpecification\",\"valueRequired\":true,\"valueName\":\"search_term_string\"}}],\"inLanguage\":\"fr-FR\"},{\"@type\":\"Person\",\"@id\":\"https:\/\/www.africa-press.net\/togo\/#\/schema\/person\/2b1cf3cd81a31e3cd26889ca66d677f1\",\"name\":\"cfeditorfr\"}]}<\/script>\n<!-- \/ Yoast SEO Premium plugin. -->","yoast_head_json":{"title":"Faure Gnassingbe\u0301 Nomme\u0301 un Nouveau Chef D\u2019E\u0301Tat-Major des FAT - Togo","description":"Le colonel Dimini Allahare a e\u0301te\u0301 promu au grade de Ge\u0301ne\u0301ral de brigade et nomme\u0301 Chef d\u2019E\u0301tat-major ge\u0301ne\u0301ral des For ...","robots":{"index":"index","follow":"follow","max-snippet":"max-snippet:-1","max-image-preview":"max-image-preview:large","max-video-preview":"max-video-preview:-1"},"canonical":"https:\/\/www.africa-press.net\/togo\/politique\/faure-gnassingbe-nomme-un-nouveau-chef-detat-major-des-fat","og_locale":"fr_FR","og_type":"article","og_title":"Faure Gnassingbe\u0301 Nomme\u0301 un Nouveau Chef D\u2019E\u0301Tat-Major des FAT","og_description":"Le colonel Dimini Allahare a e\u0301te\u0301 promu au grade de Ge\u0301ne\u0301ral de brigade et nomme\u0301 Chef d\u2019E\u0301tat-major ge\u0301ne\u0301ral des For ...","og_url":"https:\/\/www.africa-press.net\/togo\/politique\/faure-gnassingbe-nomme-un-nouveau-chef-detat-major-des-fat","og_site_name":"Togo","article_published_time":"2024-05-28T21:54:09+00:00","article_modified_time":"2024-05-28T22:21:56+00:00","og_image":[{"width":720,"height":496,"url":"https:\/\/static.africa-press.net\/togo\/sites\/58\/2024\/05\/sm_1716922213.255509.jpg","type":"image\/jpeg"}],"author":"cfeditorfr","twitter_card":"summary_large_image","twitter_misc":{"\u00c9crit par":"cfeditorfr","Dur\u00e9e de lecture estim\u00e9e":"1 minute"},"schema":{"@context":"https:\/\/schema.org","@graph":[{"@type":"Article","@id":"https:\/\/www.africa-press.net\/togo\/politique\/faure-gnassingbe-nomme-un-nouveau-chef-detat-major-des-fat#article","isPartOf":{"@id":"https:\/\/www.africa-press.net\/togo\/politique\/faure-gnassingbe-nomme-un-nouveau-chef-detat-major-des-fat"},"author":{"name":"cfeditorfr","@id":"https:\/\/www.africa-press.net\/togo\/#\/schema\/person\/2b1cf3cd81a31e3cd26889ca66d677f1"},"headline":"Faure Gnassingbe\u0301 Nomme\u0301 un Nouveau Chef D\u2019E\u0301Tat-Major des FAT","datePublished":"2024-05-28T21:54:09+00:00","dateModified":"2024-05-28T22:21:56+00:00","mainEntityOfPage":{"@id":"https:\/\/www.africa-press.net\/togo\/politique\/faure-gnassingbe-nomme-un-nouveau-chef-detat-major-des-fat"},"wordCount":295,"commentCount":0,"image":{"@id":"https:\/\/www.africa-press.net\/togo\/politique\/faure-gnassingbe-nomme-un-nouveau-chef-detat-major-des-fat#primaryimage"},"thumbnailUrl":"https:\/\/static.africa-press.net\/togo\/sites\/58\/2024\/05\/sm_1716922213.255509.jpg","keywords":["Africa Press","Africa Press-Togo","FAT","Faure Gnassingb\u00e9","Togo"],"articleSection":["Politique","Toutes les actualit\u00e9s"],"inLanguage":"fr-FR","potentialAction":[{"@type":"CommentAction","name":"Comment","target":["https:\/\/www.africa-press.net\/togo\/politique\/faure-gnassingbe-nomme-un-nouveau-chef-detat-major-des-fat#respond"]}]},{"@type":"WebPage","@id":"https:\/\/www.africa-press.net\/togo\/politique\/faure-gnassingbe-nomme-un-nouveau-chef-detat-major-des-fat","url":"https:\/\/www.africa-press.net\/togo\/politique\/faure-gnassingbe-nomme-un-nouveau-chef-detat-major-des-fat","name":"Faure Gnassingbe\u0301 Nomme\u0301 un Nouveau Chef D\u2019E\u0301Tat-Major des FAT - Togo","isPartOf":{"@id":"https:\/\/www.africa-press.net\/togo\/#website"},"primaryImageOfPage":{"@id":"https:\/\/www.africa-press.net\/togo\/politique\/faure-gnassingbe-nomme-un-nouveau-chef-detat-major-des-fat#primaryimage"},"image":{"@id":"https:\/\/www.africa-press.net\/togo\/politique\/faure-gnassingbe-nomme-un-nouveau-chef-detat-major-des-fat#primaryimage"},"thumbnailUrl":"https:\/\/static.africa-press.net\/togo\/sites\/58\/2024\/05\/sm_1716922213.255509.jpg","datePublished":"2024-05-28T21:54:09+00:00","dateModified":"2024-05-28T22:21:56+00:00","author":{"@id":"https:\/\/www.africa-press.net\/togo\/#\/schema\/person\/2b1cf3cd81a31e3cd26889ca66d677f1"},"description":"Le colonel Dimini Allahare a e\u0301te\u0301 promu au grade de Ge\u0301ne\u0301ral de brigade et nomme\u0301 Chef d\u2019E\u0301tat-major ge\u0301ne\u0301ral des For ...","breadcrumb":{"@id":"https:\/\/www.africa-press.net\/togo\/politique\/faure-gnassingbe-nomme-un-nouveau-chef-detat-major-des-fat#breadcrumb"},"inLanguage":"fr-FR","potentialAction":[{"@type":"ReadAction","target":["https:\/\/www.africa-press.net\/togo\/politique\/faure-gnassingbe-nomme-un-nouveau-chef-detat-major-des-fat"]}]},{"@type":"ImageObject","inLanguage":"fr-FR","@id":"https:\/\/www.africa-press.net\/togo\/politique\/faure-gnassingbe-nomme-un-nouveau-chef-detat-major-des-fat#primaryimage","url":"https:\/\/static.africa-press.net\/togo\/sites\/58\/2024\/05\/sm_1716922213.255509.jpg","contentUrl":"https:\/\/static.africa-press.net\/togo\/sites\/58\/2024\/05\/sm_1716922213.255509.jpg","width":720,"height":496,"caption":"Faure Gnassingbe\u0301 Nomme\u0301 un Nouveau Chef D\u2019E\u0301Tat-Major des FAT"},{"@type":"BreadcrumbList","@id":"https:\/\/www.africa-press.net\/togo\/politique\/faure-gnassingbe-nomme-un-nouveau-chef-detat-major-des-fat#breadcrumb","itemListElement":[{"@type":"ListItem","position":1,"name":"Accueil","item":"https:\/\/www.africa-press.net\/togo\/"},{"@type":"ListItem","position":2,"name":"Faure Gnassingbe\u0301 Nomme\u0301 un Nouveau Chef D\u2019E\u0301Tat-Major des FAT"}]},{"@type":"WebSite","@id":"https:\/\/www.africa-press.net\/togo\/#website","url":"https:\/\/www.africa-press.net\/togo\/","name":"Togo","description":"Just another Africa News Agency Sites site","potentialAction":[{"@type":"SearchAction","target":{"@type":"EntryPoint","urlTemplate":"https:\/\/www.africa-press.net\/togo\/?s={search_term_string}"},"query-input":{"@type":"PropertyValueSpecification","valueRequired":true,"valueName":"search_term_string"}}],"inLanguage":"fr-FR"},{"@type":"Person","@id":"https:\/\/www.africa-press.net\/togo\/#\/schema\/person\/2b1cf3cd81a31e3cd26889ca66d677f1","name":"cfeditorfr"}]}},"_links":{"self":[{"href":"https:\/\/www.africa-press.net\/togo\/wp-json\/wp\/v2\/posts\/31489","targetHints":{"allow":["GET"]}}],"collection":[{"href":"https:\/\/www.africa-press.net\/togo\/wp-json\/wp\/v2\/posts"}],"about":[{"href":"https:\/\/www.africa-press.net\/togo\/wp-json\/wp\/v2\/types\/post"}],"author":[{"embeddable":true,"href":"https:\/\/www.africa-press.net\/togo\/wp-json\/wp\/v2\/users\/82"}],"replies":[{"embeddable":true,"href":"https:\/\/www.africa-press.net\/togo\/wp-json\/wp\/v2\/comments?post=31489"}],"version-history":[{"count":0,"href":"https:\/\/www.africa-press.net\/togo\/wp-json\/wp\/v2\/posts\/31489\/revisions"}],"wp:featuredmedia":[{"embeddable":true,"href":"https:\/\/www.africa-press.net\/togo\/wp-json\/wp\/v2\/media\/31487"}],"wp:attachment":[{"href":"https:\/\/www.africa-press.net\/togo\/wp-json\/wp\/v2\/media?parent=31489"}],"wp:term":[{"taxonomy":"category","embeddable":true,"href":"https:\/\/www.africa-press.net\/togo\/wp-json\/wp\/v2\/categories?post=31489"},{"taxonomy":"post_tag","embeddable":true,"href":"https:\/\/www.africa-press.net\/togo\/wp-json\/wp\/v2\/tags?post=31489"}],"curies":[{"name":"wp","href":"https:\/\/api.w.org\/{rel}","templated":true}]}}