{"id":32063,"date":"2024-06-25T23:01:06","date_gmt":"2024-06-25T23:01:06","guid":{"rendered":"https:\/\/www.africa-press.net\/togo\/politique\/togo-conference-sur-la-constitution-le-3-juillet-a-lome"},"modified":"2024-06-25T23:16:48","modified_gmt":"2024-06-25T23:16:48","slug":"togo-conference-sur-la-constitution-le-3-juillet-a-lome","status":"publish","type":"post","link":"https:\/\/www.africa-press.net\/togo\/politique\/togo-conference-sur-la-constitution-le-3-juillet-a-lome","title":{"rendered":"Togo : Conf\u00e9rence sur la constitution le 3 juillet \u00e0 Lom\u00e9"},"content":{"rendered":"<p><span style=\"color: #ff6600\"><strong>Africa-Press &#8211; Togo. <\/strong><\/span>Le Front \u00ab Touche pas a\u0300 ma constitution \u00bb continue de manifester son opposition a\u0300 la nouvelle constitution promulgue\u0301e par le pre\u0301sident Faure Gnassingbe\u0301, marquant le passage du Togo a\u0300 la Ve Re\u0301publique.<\/p>\n<p>Le 3 juillet prochain, une confe\u0301rence-de\u0301bat se tiendra a\u0300 Brother Home, a\u0300 Lome\u0301, de 14h a\u0300 17h. Cette rencontre sera anime\u0301e par les responsables du mouvement, qui rassemble des partis politiques d\u2019opposition, des organisations de la socie\u0301te\u0301 civile et des universitaires.<\/p>\n<p>L\u2019objectif de cette confe\u0301rence est de rendre les concepts constitutionnels accessibles au grand public, afin de favoriser une meilleure compre\u0301hension des fondements de la de\u0301mocratie. Cette initiative vise a\u0300 de\u0301mystifier les enjeux lie\u0301s a\u0300 la constitution et a\u0300 sensibiliser la population sur son importance.<\/p>\n<p><strong>Pour plus d&rsquo;informations et d&rsquo;analyses sur la <span style=\"color: #ff6600\">Togo<\/span>, suivez <span style=\"color: #ff6600\">Africa-Press<\/span><\/strong><\/p>\n","protected":false},"excerpt":{"rendered":"<p>Africa-Press &#8211; Togo. Le Front \u00ab Touche pas a\u0300 ma constitution \u00bb continue de manifester son opposition a\u0300 la nouvelle constitution promulgue\u0301e par le pre\u0301sident Faure Gnassingbe\u0301, marquant le passage du Togo a\u0300 la Ve Re\u0301publique. Le 3 juillet prochain, une confe\u0301rence-de\u0301bat se tiendra a\u0300 Brother Home, a\u0300 Lome\u0301, de 14h a\u0300 17h. Cette rencontre [&hellip;]<\/p>\n","protected":false},"author":82,"featured_media":32062,"comment_status":"open","ping_status":"closed","sticky":false,"template":"","format":"standard","meta":{"footnotes":""},"categories":[2,20,10],"tags":[1219,50],"class_list":["post-32063","post","type-post","status-publish","format-standard","has-post-thumbnail","hentry","category-politique","category-top-nouvelles","category-toutes-les-actualites","tag-constitution","tag-togo"],"yoast_head":"<!-- This site is optimized with the Yoast SEO Premium plugin v26.1 (Yoast SEO v27.0) - https:\/\/yoast.com\/product\/yoast-seo-premium-wordpress\/ -->\n<title>Togo : Conf\u00e9rence sur la constitution le 3 juillet \u00e0 Lom\u00e9 - Togo<\/title>\n<meta name=\"description\" content=\"Le Front \u00ab Touche pas a\u0300 ma constitution \u00bb continue de manifester son opposition a\u0300 la nouvelle constitution promulgue\u0301e ...\" \/>\n<meta name=\"robots\" content=\"index, follow, max-snippet:-1, max-image-preview:large, max-video-preview:-1\" \/>\n<link rel=\"canonical\" href=\"https:\/\/www.africa-press.net\/togo\/politique\/togo-conference-sur-la-constitution-le-3-juillet-a-lome\" \/>\n<meta property=\"og:locale\" content=\"fr_FR\" \/>\n<meta property=\"og:type\" content=\"article\" \/>\n<meta property=\"og:title\" content=\"Togo : Conf\u00e9rence sur la constitution le 3 juillet \u00e0 Lom\u00e9\" \/>\n<meta property=\"og:description\" content=\"Le Front \u00ab Touche pas a\u0300 ma constitution \u00bb continue de manifester son opposition a\u0300 la nouvelle constitution promulgue\u0301e ...\" \/>\n<meta property=\"og:url\" content=\"https:\/\/www.africa-press.net\/togo\/politique\/togo-conference-sur-la-constitution-le-3-juillet-a-lome\" \/>\n<meta property=\"og:site_name\" content=\"Togo\" \/>\n<meta property=\"article:published_time\" content=\"2024-06-25T23:01:06+00:00\" \/>\n<meta property=\"article:modified_time\" content=\"2024-06-25T23:16:48+00:00\" \/>\n<meta property=\"og:image\" content=\"https:\/\/static.africa-press.net\/togo\/sites\/58\/2024\/06\/sm_1719344681.76112.jpg\" \/>\n\t<meta property=\"og:image:width\" content=\"720\" \/>\n\t<meta property=\"og:image:height\" content=\"480\" \/>\n\t<meta property=\"og:image:type\" content=\"image\/jpeg\" \/>\n<meta name=\"author\" content=\"cfeditorfr\" \/>\n<meta name=\"twitter:card\" content=\"summary_large_image\" \/>\n<meta name=\"twitter:label1\" content=\"\u00c9crit par\" \/>\n\t<meta name=\"twitter:data1\" content=\"cfeditorfr\" \/>\n\t<meta name=\"twitter:label2\" content=\"Dur\u00e9e de lecture estim\u00e9e\" \/>\n\t<meta name=\"twitter:data2\" content=\"1 minute\" \/>\n<script type=\"application\/ld+json\" class=\"yoast-schema-graph\">{\"@context\":\"https:\/\/schema.org\",\"@graph\":[{\"@type\":\"Article\",\"@id\":\"https:\/\/www.africa-press.net\/togo\/politique\/togo-conference-sur-la-constitution-le-3-juillet-a-lome#article\",\"isPartOf\":{\"@id\":\"https:\/\/www.africa-press.net\/togo\/politique\/togo-conference-sur-la-constitution-le-3-juillet-a-lome\"},\"author\":{\"name\":\"cfeditorfr\",\"@id\":\"https:\/\/www.africa-press.net\/togo\/#\/schema\/person\/2b1cf3cd81a31e3cd26889ca66d677f1\"},\"headline\":\"Togo : Conf\u00e9rence sur la constitution le 3 juillet \u00e0 Lom\u00e9\",\"datePublished\":\"2024-06-25T23:01:06+00:00\",\"dateModified\":\"2024-06-25T23:16:48+00:00\",\"mainEntityOfPage\":{\"@id\":\"https:\/\/www.africa-press.net\/togo\/politique\/togo-conference-sur-la-constitution-le-3-juillet-a-lome\"},\"wordCount\":153,\"commentCount\":0,\"image\":{\"@id\":\"https:\/\/www.africa-press.net\/togo\/politique\/togo-conference-sur-la-constitution-le-3-juillet-a-lome#primaryimage\"},\"thumbnailUrl\":\"https:\/\/static.africa-press.net\/togo\/sites\/58\/2024\/06\/sm_1719344681.76112.jpg\",\"keywords\":[\"Constitution\",\"Togo\"],\"articleSection\":[\"Politique\",\"Top Nouvelles\",\"Toutes les actualit\u00e9s\"],\"inLanguage\":\"fr-FR\",\"potentialAction\":[{\"@type\":\"CommentAction\",\"name\":\"Comment\",\"target\":[\"https:\/\/www.africa-press.net\/togo\/politique\/togo-conference-sur-la-constitution-le-3-juillet-a-lome#respond\"]}]},{\"@type\":\"WebPage\",\"@id\":\"https:\/\/www.africa-press.net\/togo\/politique\/togo-conference-sur-la-constitution-le-3-juillet-a-lome\",\"url\":\"https:\/\/www.africa-press.net\/togo\/politique\/togo-conference-sur-la-constitution-le-3-juillet-a-lome\",\"name\":\"Togo : Conf\u00e9rence sur la constitution le 3 juillet \u00e0 Lom\u00e9 - Togo\",\"isPartOf\":{\"@id\":\"https:\/\/www.africa-press.net\/togo\/#website\"},\"primaryImageOfPage\":{\"@id\":\"https:\/\/www.africa-press.net\/togo\/politique\/togo-conference-sur-la-constitution-le-3-juillet-a-lome#primaryimage\"},\"image\":{\"@id\":\"https:\/\/www.africa-press.net\/togo\/politique\/togo-conference-sur-la-constitution-le-3-juillet-a-lome#primaryimage\"},\"thumbnailUrl\":\"https:\/\/static.africa-press.net\/togo\/sites\/58\/2024\/06\/sm_1719344681.76112.jpg\",\"datePublished\":\"2024-06-25T23:01:06+00:00\",\"dateModified\":\"2024-06-25T23:16:48+00:00\",\"author\":{\"@id\":\"https:\/\/www.africa-press.net\/togo\/#\/schema\/person\/2b1cf3cd81a31e3cd26889ca66d677f1\"},\"description\":\"Le Front \u00ab Touche pas a\u0300 ma constitution \u00bb continue de manifester son opposition a\u0300 la nouvelle constitution promulgue\u0301e ...\",\"breadcrumb\":{\"@id\":\"https:\/\/www.africa-press.net\/togo\/politique\/togo-conference-sur-la-constitution-le-3-juillet-a-lome#breadcrumb\"},\"inLanguage\":\"fr-FR\",\"potentialAction\":[{\"@type\":\"ReadAction\",\"target\":[\"https:\/\/www.africa-press.net\/togo\/politique\/togo-conference-sur-la-constitution-le-3-juillet-a-lome\"]}]},{\"@type\":\"ImageObject\",\"inLanguage\":\"fr-FR\",\"@id\":\"https:\/\/www.africa-press.net\/togo\/politique\/togo-conference-sur-la-constitution-le-3-juillet-a-lome#primaryimage\",\"url\":\"https:\/\/static.africa-press.net\/togo\/sites\/58\/2024\/06\/sm_1719344681.76112.jpg\",\"contentUrl\":\"https:\/\/static.africa-press.net\/togo\/sites\/58\/2024\/06\/sm_1719344681.76112.jpg\",\"width\":720,\"height\":480,\"caption\":\"Togo : Conf\u00e9rence sur la constitution le 3 juillet \u00e0 Lom\u00e9\"},{\"@type\":\"BreadcrumbList\",\"@id\":\"https:\/\/www.africa-press.net\/togo\/politique\/togo-conference-sur-la-constitution-le-3-juillet-a-lome#breadcrumb\",\"itemListElement\":[{\"@type\":\"ListItem\",\"position\":1,\"name\":\"Accueil\",\"item\":\"https:\/\/www.africa-press.net\/togo\/\"},{\"@type\":\"ListItem\",\"position\":2,\"name\":\"Togo : Conf\u00e9rence sur la constitution le 3 juillet \u00e0 Lom\u00e9\"}]},{\"@type\":\"WebSite\",\"@id\":\"https:\/\/www.africa-press.net\/togo\/#website\",\"url\":\"https:\/\/www.africa-press.net\/togo\/\",\"name\":\"Togo\",\"description\":\"Just another Africa News Agency Sites site\",\"potentialAction\":[{\"@type\":\"SearchAction\",\"target\":{\"@type\":\"EntryPoint\",\"urlTemplate\":\"https:\/\/www.africa-press.net\/togo\/?s={search_term_string}\"},\"query-input\":{\"@type\":\"PropertyValueSpecification\",\"valueRequired\":true,\"valueName\":\"search_term_string\"}}],\"inLanguage\":\"fr-FR\"},{\"@type\":\"Person\",\"@id\":\"https:\/\/www.africa-press.net\/togo\/#\/schema\/person\/2b1cf3cd81a31e3cd26889ca66d677f1\",\"name\":\"cfeditorfr\"}]}<\/script>\n<!-- \/ Yoast SEO Premium plugin. -->","yoast_head_json":{"title":"Togo : Conf\u00e9rence sur la constitution le 3 juillet \u00e0 Lom\u00e9 - Togo","description":"Le Front \u00ab Touche pas a\u0300 ma constitution \u00bb continue de manifester son opposition a\u0300 la nouvelle constitution promulgue\u0301e ...","robots":{"index":"index","follow":"follow","max-snippet":"max-snippet:-1","max-image-preview":"max-image-preview:large","max-video-preview":"max-video-preview:-1"},"canonical":"https:\/\/www.africa-press.net\/togo\/politique\/togo-conference-sur-la-constitution-le-3-juillet-a-lome","og_locale":"fr_FR","og_type":"article","og_title":"Togo : Conf\u00e9rence sur la constitution le 3 juillet \u00e0 Lom\u00e9","og_description":"Le Front \u00ab Touche pas a\u0300 ma constitution \u00bb continue de manifester son opposition a\u0300 la nouvelle constitution promulgue\u0301e ...","og_url":"https:\/\/www.africa-press.net\/togo\/politique\/togo-conference-sur-la-constitution-le-3-juillet-a-lome","og_site_name":"Togo","article_published_time":"2024-06-25T23:01:06+00:00","article_modified_time":"2024-06-25T23:16:48+00:00","og_image":[{"width":720,"height":480,"url":"https:\/\/static.africa-press.net\/togo\/sites\/58\/2024\/06\/sm_1719344681.76112.jpg","type":"image\/jpeg"}],"author":"cfeditorfr","twitter_card":"summary_large_image","twitter_misc":{"\u00c9crit par":"cfeditorfr","Dur\u00e9e de lecture estim\u00e9e":"1 minute"},"schema":{"@context":"https:\/\/schema.org","@graph":[{"@type":"Article","@id":"https:\/\/www.africa-press.net\/togo\/politique\/togo-conference-sur-la-constitution-le-3-juillet-a-lome#article","isPartOf":{"@id":"https:\/\/www.africa-press.net\/togo\/politique\/togo-conference-sur-la-constitution-le-3-juillet-a-lome"},"author":{"name":"cfeditorfr","@id":"https:\/\/www.africa-press.net\/togo\/#\/schema\/person\/2b1cf3cd81a31e3cd26889ca66d677f1"},"headline":"Togo : Conf\u00e9rence sur la constitution le 3 juillet \u00e0 Lom\u00e9","datePublished":"2024-06-25T23:01:06+00:00","dateModified":"2024-06-25T23:16:48+00:00","mainEntityOfPage":{"@id":"https:\/\/www.africa-press.net\/togo\/politique\/togo-conference-sur-la-constitution-le-3-juillet-a-lome"},"wordCount":153,"commentCount":0,"image":{"@id":"https:\/\/www.africa-press.net\/togo\/politique\/togo-conference-sur-la-constitution-le-3-juillet-a-lome#primaryimage"},"thumbnailUrl":"https:\/\/static.africa-press.net\/togo\/sites\/58\/2024\/06\/sm_1719344681.76112.jpg","keywords":["Constitution","Togo"],"articleSection":["Politique","Top Nouvelles","Toutes les actualit\u00e9s"],"inLanguage":"fr-FR","potentialAction":[{"@type":"CommentAction","name":"Comment","target":["https:\/\/www.africa-press.net\/togo\/politique\/togo-conference-sur-la-constitution-le-3-juillet-a-lome#respond"]}]},{"@type":"WebPage","@id":"https:\/\/www.africa-press.net\/togo\/politique\/togo-conference-sur-la-constitution-le-3-juillet-a-lome","url":"https:\/\/www.africa-press.net\/togo\/politique\/togo-conference-sur-la-constitution-le-3-juillet-a-lome","name":"Togo : Conf\u00e9rence sur la constitution le 3 juillet \u00e0 Lom\u00e9 - Togo","isPartOf":{"@id":"https:\/\/www.africa-press.net\/togo\/#website"},"primaryImageOfPage":{"@id":"https:\/\/www.africa-press.net\/togo\/politique\/togo-conference-sur-la-constitution-le-3-juillet-a-lome#primaryimage"},"image":{"@id":"https:\/\/www.africa-press.net\/togo\/politique\/togo-conference-sur-la-constitution-le-3-juillet-a-lome#primaryimage"},"thumbnailUrl":"https:\/\/static.africa-press.net\/togo\/sites\/58\/2024\/06\/sm_1719344681.76112.jpg","datePublished":"2024-06-25T23:01:06+00:00","dateModified":"2024-06-25T23:16:48+00:00","author":{"@id":"https:\/\/www.africa-press.net\/togo\/#\/schema\/person\/2b1cf3cd81a31e3cd26889ca66d677f1"},"description":"Le Front \u00ab Touche pas a\u0300 ma constitution \u00bb continue de manifester son opposition a\u0300 la nouvelle constitution promulgue\u0301e ...","breadcrumb":{"@id":"https:\/\/www.africa-press.net\/togo\/politique\/togo-conference-sur-la-constitution-le-3-juillet-a-lome#breadcrumb"},"inLanguage":"fr-FR","potentialAction":[{"@type":"ReadAction","target":["https:\/\/www.africa-press.net\/togo\/politique\/togo-conference-sur-la-constitution-le-3-juillet-a-lome"]}]},{"@type":"ImageObject","inLanguage":"fr-FR","@id":"https:\/\/www.africa-press.net\/togo\/politique\/togo-conference-sur-la-constitution-le-3-juillet-a-lome#primaryimage","url":"https:\/\/static.africa-press.net\/togo\/sites\/58\/2024\/06\/sm_1719344681.76112.jpg","contentUrl":"https:\/\/static.africa-press.net\/togo\/sites\/58\/2024\/06\/sm_1719344681.76112.jpg","width":720,"height":480,"caption":"Togo : Conf\u00e9rence sur la constitution le 3 juillet \u00e0 Lom\u00e9"},{"@type":"BreadcrumbList","@id":"https:\/\/www.africa-press.net\/togo\/politique\/togo-conference-sur-la-constitution-le-3-juillet-a-lome#breadcrumb","itemListElement":[{"@type":"ListItem","position":1,"name":"Accueil","item":"https:\/\/www.africa-press.net\/togo\/"},{"@type":"ListItem","position":2,"name":"Togo : Conf\u00e9rence sur la constitution le 3 juillet \u00e0 Lom\u00e9"}]},{"@type":"WebSite","@id":"https:\/\/www.africa-press.net\/togo\/#website","url":"https:\/\/www.africa-press.net\/togo\/","name":"Togo","description":"Just another Africa News Agency Sites site","potentialAction":[{"@type":"SearchAction","target":{"@type":"EntryPoint","urlTemplate":"https:\/\/www.africa-press.net\/togo\/?s={search_term_string}"},"query-input":{"@type":"PropertyValueSpecification","valueRequired":true,"valueName":"search_term_string"}}],"inLanguage":"fr-FR"},{"@type":"Person","@id":"https:\/\/www.africa-press.net\/togo\/#\/schema\/person\/2b1cf3cd81a31e3cd26889ca66d677f1","name":"cfeditorfr"}]}},"_links":{"self":[{"href":"https:\/\/www.africa-press.net\/togo\/wp-json\/wp\/v2\/posts\/32063","targetHints":{"allow":["GET"]}}],"collection":[{"href":"https:\/\/www.africa-press.net\/togo\/wp-json\/wp\/v2\/posts"}],"about":[{"href":"https:\/\/www.africa-press.net\/togo\/wp-json\/wp\/v2\/types\/post"}],"author":[{"embeddable":true,"href":"https:\/\/www.africa-press.net\/togo\/wp-json\/wp\/v2\/users\/82"}],"replies":[{"embeddable":true,"href":"https:\/\/www.africa-press.net\/togo\/wp-json\/wp\/v2\/comments?post=32063"}],"version-history":[{"count":0,"href":"https:\/\/www.africa-press.net\/togo\/wp-json\/wp\/v2\/posts\/32063\/revisions"}],"wp:featuredmedia":[{"embeddable":true,"href":"https:\/\/www.africa-press.net\/togo\/wp-json\/wp\/v2\/media\/32062"}],"wp:attachment":[{"href":"https:\/\/www.africa-press.net\/togo\/wp-json\/wp\/v2\/media?parent=32063"}],"wp:term":[{"taxonomy":"category","embeddable":true,"href":"https:\/\/www.africa-press.net\/togo\/wp-json\/wp\/v2\/categories?post=32063"},{"taxonomy":"post_tag","embeddable":true,"href":"https:\/\/www.africa-press.net\/togo\/wp-json\/wp\/v2\/tags?post=32063"}],"curies":[{"name":"wp","href":"https:\/\/api.w.org\/{rel}","templated":true}]}}