{"id":32277,"date":"2024-07-04T00:42:34","date_gmt":"2024-07-04T00:42:34","guid":{"rendered":"https:\/\/www.africa-press.net\/togo\/politique\/conference-debat-sur-les-enjeux-de-la-constitution-ce-mercredi-a-lome"},"modified":"2024-07-04T01:04:26","modified_gmt":"2024-07-04T01:04:26","slug":"conference-debat-sur-les-enjeux-de-la-constitution-ce-mercredi-a-lome","status":"publish","type":"post","link":"https:\/\/www.africa-press.net\/togo\/politique\/conference-debat-sur-les-enjeux-de-la-constitution-ce-mercredi-a-lome","title":{"rendered":"Confe\u0301rence-de\u0301bat sur les Enjeux de la Constitution ce Mercredi A\u0300 Lome\u0301"},"content":{"rendered":"<p><span style=\"color: #ff6600\"><strong>Africa-Press &#8211; Togo. <\/strong><\/span>Ce mercredi 03 juillet, une confe\u0301rence-de\u0301bat portant sur les enjeux de la constitution se tiendra a\u0300 Lome\u0301. Cet e\u0301ve\u0301nement, initie\u0301 par les leaders du Front \u00ab Touche pas a\u0300 ma constitution \u00bb, se de\u0301roulera de 14 heures a\u0300 17 heures dans une salle de confe\u0301rence de Brother Home.<\/p>\n<p>L\u2019objectif de cette confe\u0301rence est de cre\u0301er un cadre de discussion et d\u2019e\u0301change sur l\u2019importance d\u2019un contrat social. Les organisateurs souhaitent de\u0301mystifier les concepts lie\u0301s a\u0300 la constitution afin de permettre a\u0300 la population de mieux comprendre les fondements de la de\u0301mocratie. \u00ab Il s\u2019agit d\u2019e\u0301voquer ensemble les enjeux pour notre pays et pour chaque Togolaise et Togolais, du changement constitutionnel ope\u0301re\u0301 en avril dernier \u00bb, a souligne\u0301 Nathaniel Olympio, porte-parole du Front \u00ab Touche pas a\u0300 ma constitution \u00bb.<\/p>\n<p>Plusieurs acteurs politiques de l\u2019opposition togolaise, ainsi que des repre\u0301sentants d\u2019organisations de la socie\u0301te\u0301 civile et des universitaires, seront pre\u0301sents a\u0300 cet e\u0301ve\u0301nement.<\/p>\n<p><strong>Pour plus d&rsquo;informations et d&rsquo;analyses sur la <span style=\"color: #ff6600\">Togo<\/span>, suivez <span style=\"color: #ff6600\">Africa-Press<\/span><\/strong><\/p>\n","protected":false},"excerpt":{"rendered":"<p>Africa-Press &#8211; Togo. Ce mercredi 03 juillet, une confe\u0301rence-de\u0301bat portant sur les enjeux de la constitution se tiendra a\u0300 Lome\u0301. Cet e\u0301ve\u0301nement, initie\u0301 par les leaders du Front \u00ab Touche pas a\u0300 ma constitution \u00bb, se de\u0301roulera de 14 heures a\u0300 17 heures dans une salle de confe\u0301rence de Brother Home. L\u2019objectif de cette confe\u0301rence [&hellip;]<\/p>\n","protected":false},"author":82,"featured_media":32276,"comment_status":"open","ping_status":"closed","sticky":false,"template":"","format":"standard","meta":{"footnotes":""},"categories":[2,10],"tags":[1219,50],"class_list":["post-32277","post","type-post","status-publish","format-standard","has-post-thumbnail","hentry","category-politique","category-toutes-les-actualites","tag-constitution","tag-togo"],"yoast_head":"<!-- This site is optimized with the Yoast SEO Premium plugin v26.1 (Yoast SEO v27.0) - https:\/\/yoast.com\/product\/yoast-seo-premium-wordpress\/ -->\n<title>Confe\u0301rence-de\u0301bat sur les Enjeux de la Constitution ce Mercredi A\u0300 Lome\u0301 - Togo<\/title>\n<meta name=\"description\" content=\"Ce mercredi 03 juillet, une confe\u0301rence-de\u0301bat portant sur les enjeux de la constitution se tiendra a\u0300 Lome\u0301. Cet e\u0301ve\u0301n ...\" \/>\n<meta name=\"robots\" content=\"index, follow, max-snippet:-1, max-image-preview:large, max-video-preview:-1\" \/>\n<link rel=\"canonical\" href=\"https:\/\/www.africa-press.net\/togo\/politique\/conference-debat-sur-les-enjeux-de-la-constitution-ce-mercredi-a-lome\" \/>\n<meta property=\"og:locale\" content=\"fr_FR\" \/>\n<meta property=\"og:type\" content=\"article\" \/>\n<meta property=\"og:title\" content=\"Confe\u0301rence-de\u0301bat sur les Enjeux de la Constitution ce Mercredi A\u0300 Lome\u0301\" \/>\n<meta property=\"og:description\" content=\"Ce mercredi 03 juillet, une confe\u0301rence-de\u0301bat portant sur les enjeux de la constitution se tiendra a\u0300 Lome\u0301. Cet e\u0301ve\u0301n ...\" \/>\n<meta property=\"og:url\" content=\"https:\/\/www.africa-press.net\/togo\/politique\/conference-debat-sur-les-enjeux-de-la-constitution-ce-mercredi-a-lome\" \/>\n<meta property=\"og:site_name\" content=\"Togo\" \/>\n<meta property=\"article:published_time\" content=\"2024-07-04T00:42:34+00:00\" \/>\n<meta property=\"article:modified_time\" content=\"2024-07-04T01:04:26+00:00\" \/>\n<meta property=\"og:image\" content=\"https:\/\/static.africa-press.net\/togo\/sites\/58\/2024\/07\/sm_1720042278.913042.jpg\" \/>\n\t<meta property=\"og:image:width\" content=\"720\" \/>\n\t<meta property=\"og:image:height\" content=\"411\" \/>\n\t<meta property=\"og:image:type\" content=\"image\/jpeg\" \/>\n<meta name=\"author\" content=\"cfeditorfr\" \/>\n<meta name=\"twitter:card\" content=\"summary_large_image\" \/>\n<meta name=\"twitter:label1\" content=\"\u00c9crit par\" \/>\n\t<meta name=\"twitter:data1\" content=\"cfeditorfr\" \/>\n\t<meta name=\"twitter:label2\" content=\"Dur\u00e9e de lecture estim\u00e9e\" \/>\n\t<meta name=\"twitter:data2\" content=\"2 minutes\" \/>\n<script type=\"application\/ld+json\" class=\"yoast-schema-graph\">{\"@context\":\"https:\/\/schema.org\",\"@graph\":[{\"@type\":\"Article\",\"@id\":\"https:\/\/www.africa-press.net\/togo\/politique\/conference-debat-sur-les-enjeux-de-la-constitution-ce-mercredi-a-lome#article\",\"isPartOf\":{\"@id\":\"https:\/\/www.africa-press.net\/togo\/politique\/conference-debat-sur-les-enjeux-de-la-constitution-ce-mercredi-a-lome\"},\"author\":{\"name\":\"cfeditorfr\",\"@id\":\"https:\/\/www.africa-press.net\/togo\/#\/schema\/person\/2b1cf3cd81a31e3cd26889ca66d677f1\"},\"headline\":\"Confe\u0301rence-de\u0301bat sur les Enjeux de la Constitution ce Mercredi A\u0300 Lome\u0301\",\"datePublished\":\"2024-07-04T00:42:34+00:00\",\"dateModified\":\"2024-07-04T01:04:26+00:00\",\"mainEntityOfPage\":{\"@id\":\"https:\/\/www.africa-press.net\/togo\/politique\/conference-debat-sur-les-enjeux-de-la-constitution-ce-mercredi-a-lome\"},\"wordCount\":197,\"commentCount\":0,\"image\":{\"@id\":\"https:\/\/www.africa-press.net\/togo\/politique\/conference-debat-sur-les-enjeux-de-la-constitution-ce-mercredi-a-lome#primaryimage\"},\"thumbnailUrl\":\"https:\/\/static.africa-press.net\/togo\/sites\/58\/2024\/07\/sm_1720042278.913042.jpg\",\"keywords\":[\"Constitution\",\"Togo\"],\"articleSection\":[\"Politique\",\"Toutes les actualit\u00e9s\"],\"inLanguage\":\"fr-FR\",\"potentialAction\":[{\"@type\":\"CommentAction\",\"name\":\"Comment\",\"target\":[\"https:\/\/www.africa-press.net\/togo\/politique\/conference-debat-sur-les-enjeux-de-la-constitution-ce-mercredi-a-lome#respond\"]}]},{\"@type\":\"WebPage\",\"@id\":\"https:\/\/www.africa-press.net\/togo\/politique\/conference-debat-sur-les-enjeux-de-la-constitution-ce-mercredi-a-lome\",\"url\":\"https:\/\/www.africa-press.net\/togo\/politique\/conference-debat-sur-les-enjeux-de-la-constitution-ce-mercredi-a-lome\",\"name\":\"Confe\u0301rence-de\u0301bat sur les Enjeux de la Constitution ce Mercredi A\u0300 Lome\u0301 - Togo\",\"isPartOf\":{\"@id\":\"https:\/\/www.africa-press.net\/togo\/#website\"},\"primaryImageOfPage\":{\"@id\":\"https:\/\/www.africa-press.net\/togo\/politique\/conference-debat-sur-les-enjeux-de-la-constitution-ce-mercredi-a-lome#primaryimage\"},\"image\":{\"@id\":\"https:\/\/www.africa-press.net\/togo\/politique\/conference-debat-sur-les-enjeux-de-la-constitution-ce-mercredi-a-lome#primaryimage\"},\"thumbnailUrl\":\"https:\/\/static.africa-press.net\/togo\/sites\/58\/2024\/07\/sm_1720042278.913042.jpg\",\"datePublished\":\"2024-07-04T00:42:34+00:00\",\"dateModified\":\"2024-07-04T01:04:26+00:00\",\"author\":{\"@id\":\"https:\/\/www.africa-press.net\/togo\/#\/schema\/person\/2b1cf3cd81a31e3cd26889ca66d677f1\"},\"description\":\"Ce mercredi 03 juillet, une confe\u0301rence-de\u0301bat portant sur les enjeux de la constitution se tiendra a\u0300 Lome\u0301. Cet e\u0301ve\u0301n ...\",\"breadcrumb\":{\"@id\":\"https:\/\/www.africa-press.net\/togo\/politique\/conference-debat-sur-les-enjeux-de-la-constitution-ce-mercredi-a-lome#breadcrumb\"},\"inLanguage\":\"fr-FR\",\"potentialAction\":[{\"@type\":\"ReadAction\",\"target\":[\"https:\/\/www.africa-press.net\/togo\/politique\/conference-debat-sur-les-enjeux-de-la-constitution-ce-mercredi-a-lome\"]}]},{\"@type\":\"ImageObject\",\"inLanguage\":\"fr-FR\",\"@id\":\"https:\/\/www.africa-press.net\/togo\/politique\/conference-debat-sur-les-enjeux-de-la-constitution-ce-mercredi-a-lome#primaryimage\",\"url\":\"https:\/\/static.africa-press.net\/togo\/sites\/58\/2024\/07\/sm_1720042278.913042.jpg\",\"contentUrl\":\"https:\/\/static.africa-press.net\/togo\/sites\/58\/2024\/07\/sm_1720042278.913042.jpg\",\"width\":720,\"height\":411,\"caption\":\"Confe\u0301rence-de\u0301bat sur les Enjeux de la Constitution ce Mercredi A\u0300 Lome\u0301\"},{\"@type\":\"BreadcrumbList\",\"@id\":\"https:\/\/www.africa-press.net\/togo\/politique\/conference-debat-sur-les-enjeux-de-la-constitution-ce-mercredi-a-lome#breadcrumb\",\"itemListElement\":[{\"@type\":\"ListItem\",\"position\":1,\"name\":\"Accueil\",\"item\":\"https:\/\/www.africa-press.net\/togo\/\"},{\"@type\":\"ListItem\",\"position\":2,\"name\":\"Confe\u0301rence-de\u0301bat sur les Enjeux de la Constitution ce Mercredi A\u0300 Lome\u0301\"}]},{\"@type\":\"WebSite\",\"@id\":\"https:\/\/www.africa-press.net\/togo\/#website\",\"url\":\"https:\/\/www.africa-press.net\/togo\/\",\"name\":\"Togo\",\"description\":\"Just another Africa News Agency Sites site\",\"potentialAction\":[{\"@type\":\"SearchAction\",\"target\":{\"@type\":\"EntryPoint\",\"urlTemplate\":\"https:\/\/www.africa-press.net\/togo\/?s={search_term_string}\"},\"query-input\":{\"@type\":\"PropertyValueSpecification\",\"valueRequired\":true,\"valueName\":\"search_term_string\"}}],\"inLanguage\":\"fr-FR\"},{\"@type\":\"Person\",\"@id\":\"https:\/\/www.africa-press.net\/togo\/#\/schema\/person\/2b1cf3cd81a31e3cd26889ca66d677f1\",\"name\":\"cfeditorfr\"}]}<\/script>\n<!-- \/ Yoast SEO Premium plugin. -->","yoast_head_json":{"title":"Confe\u0301rence-de\u0301bat sur les Enjeux de la Constitution ce Mercredi A\u0300 Lome\u0301 - Togo","description":"Ce mercredi 03 juillet, une confe\u0301rence-de\u0301bat portant sur les enjeux de la constitution se tiendra a\u0300 Lome\u0301. Cet e\u0301ve\u0301n ...","robots":{"index":"index","follow":"follow","max-snippet":"max-snippet:-1","max-image-preview":"max-image-preview:large","max-video-preview":"max-video-preview:-1"},"canonical":"https:\/\/www.africa-press.net\/togo\/politique\/conference-debat-sur-les-enjeux-de-la-constitution-ce-mercredi-a-lome","og_locale":"fr_FR","og_type":"article","og_title":"Confe\u0301rence-de\u0301bat sur les Enjeux de la Constitution ce Mercredi A\u0300 Lome\u0301","og_description":"Ce mercredi 03 juillet, une confe\u0301rence-de\u0301bat portant sur les enjeux de la constitution se tiendra a\u0300 Lome\u0301. Cet e\u0301ve\u0301n ...","og_url":"https:\/\/www.africa-press.net\/togo\/politique\/conference-debat-sur-les-enjeux-de-la-constitution-ce-mercredi-a-lome","og_site_name":"Togo","article_published_time":"2024-07-04T00:42:34+00:00","article_modified_time":"2024-07-04T01:04:26+00:00","og_image":[{"width":720,"height":411,"url":"https:\/\/static.africa-press.net\/togo\/sites\/58\/2024\/07\/sm_1720042278.913042.jpg","type":"image\/jpeg"}],"author":"cfeditorfr","twitter_card":"summary_large_image","twitter_misc":{"\u00c9crit par":"cfeditorfr","Dur\u00e9e de lecture estim\u00e9e":"2 minutes"},"schema":{"@context":"https:\/\/schema.org","@graph":[{"@type":"Article","@id":"https:\/\/www.africa-press.net\/togo\/politique\/conference-debat-sur-les-enjeux-de-la-constitution-ce-mercredi-a-lome#article","isPartOf":{"@id":"https:\/\/www.africa-press.net\/togo\/politique\/conference-debat-sur-les-enjeux-de-la-constitution-ce-mercredi-a-lome"},"author":{"name":"cfeditorfr","@id":"https:\/\/www.africa-press.net\/togo\/#\/schema\/person\/2b1cf3cd81a31e3cd26889ca66d677f1"},"headline":"Confe\u0301rence-de\u0301bat sur les Enjeux de la Constitution ce Mercredi A\u0300 Lome\u0301","datePublished":"2024-07-04T00:42:34+00:00","dateModified":"2024-07-04T01:04:26+00:00","mainEntityOfPage":{"@id":"https:\/\/www.africa-press.net\/togo\/politique\/conference-debat-sur-les-enjeux-de-la-constitution-ce-mercredi-a-lome"},"wordCount":197,"commentCount":0,"image":{"@id":"https:\/\/www.africa-press.net\/togo\/politique\/conference-debat-sur-les-enjeux-de-la-constitution-ce-mercredi-a-lome#primaryimage"},"thumbnailUrl":"https:\/\/static.africa-press.net\/togo\/sites\/58\/2024\/07\/sm_1720042278.913042.jpg","keywords":["Constitution","Togo"],"articleSection":["Politique","Toutes les actualit\u00e9s"],"inLanguage":"fr-FR","potentialAction":[{"@type":"CommentAction","name":"Comment","target":["https:\/\/www.africa-press.net\/togo\/politique\/conference-debat-sur-les-enjeux-de-la-constitution-ce-mercredi-a-lome#respond"]}]},{"@type":"WebPage","@id":"https:\/\/www.africa-press.net\/togo\/politique\/conference-debat-sur-les-enjeux-de-la-constitution-ce-mercredi-a-lome","url":"https:\/\/www.africa-press.net\/togo\/politique\/conference-debat-sur-les-enjeux-de-la-constitution-ce-mercredi-a-lome","name":"Confe\u0301rence-de\u0301bat sur les Enjeux de la Constitution ce Mercredi A\u0300 Lome\u0301 - Togo","isPartOf":{"@id":"https:\/\/www.africa-press.net\/togo\/#website"},"primaryImageOfPage":{"@id":"https:\/\/www.africa-press.net\/togo\/politique\/conference-debat-sur-les-enjeux-de-la-constitution-ce-mercredi-a-lome#primaryimage"},"image":{"@id":"https:\/\/www.africa-press.net\/togo\/politique\/conference-debat-sur-les-enjeux-de-la-constitution-ce-mercredi-a-lome#primaryimage"},"thumbnailUrl":"https:\/\/static.africa-press.net\/togo\/sites\/58\/2024\/07\/sm_1720042278.913042.jpg","datePublished":"2024-07-04T00:42:34+00:00","dateModified":"2024-07-04T01:04:26+00:00","author":{"@id":"https:\/\/www.africa-press.net\/togo\/#\/schema\/person\/2b1cf3cd81a31e3cd26889ca66d677f1"},"description":"Ce mercredi 03 juillet, une confe\u0301rence-de\u0301bat portant sur les enjeux de la constitution se tiendra a\u0300 Lome\u0301. Cet e\u0301ve\u0301n ...","breadcrumb":{"@id":"https:\/\/www.africa-press.net\/togo\/politique\/conference-debat-sur-les-enjeux-de-la-constitution-ce-mercredi-a-lome#breadcrumb"},"inLanguage":"fr-FR","potentialAction":[{"@type":"ReadAction","target":["https:\/\/www.africa-press.net\/togo\/politique\/conference-debat-sur-les-enjeux-de-la-constitution-ce-mercredi-a-lome"]}]},{"@type":"ImageObject","inLanguage":"fr-FR","@id":"https:\/\/www.africa-press.net\/togo\/politique\/conference-debat-sur-les-enjeux-de-la-constitution-ce-mercredi-a-lome#primaryimage","url":"https:\/\/static.africa-press.net\/togo\/sites\/58\/2024\/07\/sm_1720042278.913042.jpg","contentUrl":"https:\/\/static.africa-press.net\/togo\/sites\/58\/2024\/07\/sm_1720042278.913042.jpg","width":720,"height":411,"caption":"Confe\u0301rence-de\u0301bat sur les Enjeux de la Constitution ce Mercredi A\u0300 Lome\u0301"},{"@type":"BreadcrumbList","@id":"https:\/\/www.africa-press.net\/togo\/politique\/conference-debat-sur-les-enjeux-de-la-constitution-ce-mercredi-a-lome#breadcrumb","itemListElement":[{"@type":"ListItem","position":1,"name":"Accueil","item":"https:\/\/www.africa-press.net\/togo\/"},{"@type":"ListItem","position":2,"name":"Confe\u0301rence-de\u0301bat sur les Enjeux de la Constitution ce Mercredi A\u0300 Lome\u0301"}]},{"@type":"WebSite","@id":"https:\/\/www.africa-press.net\/togo\/#website","url":"https:\/\/www.africa-press.net\/togo\/","name":"Togo","description":"Just another Africa News Agency Sites site","potentialAction":[{"@type":"SearchAction","target":{"@type":"EntryPoint","urlTemplate":"https:\/\/www.africa-press.net\/togo\/?s={search_term_string}"},"query-input":{"@type":"PropertyValueSpecification","valueRequired":true,"valueName":"search_term_string"}}],"inLanguage":"fr-FR"},{"@type":"Person","@id":"https:\/\/www.africa-press.net\/togo\/#\/schema\/person\/2b1cf3cd81a31e3cd26889ca66d677f1","name":"cfeditorfr"}]}},"_links":{"self":[{"href":"https:\/\/www.africa-press.net\/togo\/wp-json\/wp\/v2\/posts\/32277","targetHints":{"allow":["GET"]}}],"collection":[{"href":"https:\/\/www.africa-press.net\/togo\/wp-json\/wp\/v2\/posts"}],"about":[{"href":"https:\/\/www.africa-press.net\/togo\/wp-json\/wp\/v2\/types\/post"}],"author":[{"embeddable":true,"href":"https:\/\/www.africa-press.net\/togo\/wp-json\/wp\/v2\/users\/82"}],"replies":[{"embeddable":true,"href":"https:\/\/www.africa-press.net\/togo\/wp-json\/wp\/v2\/comments?post=32277"}],"version-history":[{"count":0,"href":"https:\/\/www.africa-press.net\/togo\/wp-json\/wp\/v2\/posts\/32277\/revisions"}],"wp:featuredmedia":[{"embeddable":true,"href":"https:\/\/www.africa-press.net\/togo\/wp-json\/wp\/v2\/media\/32276"}],"wp:attachment":[{"href":"https:\/\/www.africa-press.net\/togo\/wp-json\/wp\/v2\/media?parent=32277"}],"wp:term":[{"taxonomy":"category","embeddable":true,"href":"https:\/\/www.africa-press.net\/togo\/wp-json\/wp\/v2\/categories?post=32277"},{"taxonomy":"post_tag","embeddable":true,"href":"https:\/\/www.africa-press.net\/togo\/wp-json\/wp\/v2\/tags?post=32277"}],"curies":[{"name":"wp","href":"https:\/\/api.w.org\/{rel}","templated":true}]}}