{"id":32285,"date":"2024-07-04T00:43:03","date_gmt":"2024-07-04T00:43:03","guid":{"rendered":"https:\/\/www.africa-press.net\/togo\/politique\/changement-de-constitution-au-togo-la-situation-des-exiles-politiques-se-complique"},"modified":"2024-07-04T01:05:17","modified_gmt":"2024-07-04T01:05:17","slug":"changement-de-constitution-au-togo-la-situation-des-exiles-politiques-se-complique","status":"publish","type":"post","link":"https:\/\/www.africa-press.net\/togo\/politique\/changement-de-constitution-au-togo-la-situation-des-exiles-politiques-se-complique","title":{"rendered":"Changement de Constitution au Togo : La situation des exil\u00e9s politiques se complique"},"content":{"rendered":"<p><span style=\"color: #ff6600\"><strong>Africa-Press &#8211; Togo. <\/strong><\/span>Le re\u0301gime de Lome\u0301 ne cesse de se durcir. Et avec le changement de Constitution consacrant le re\u0300gne a\u0300 vie de Faure Gnassingbe\u0301, qui est en train de boucler ses 20 ans au pouvoir, la situation des exile\u0301s politiques se complique davantage. Leur espoir de rentrer un jour au Togo sans e\u0302tre inquie\u0301te\u0301s s\u2019envole.<\/p>\n<p>Le champ de jouissance des liberte\u0301s publiques se re\u0301tre\u0301cit de plus en plus au Togo. Les voix dissonantes sont rapidement e\u0301touffe\u0301es. Un phe\u0301nome\u0300ne qui va prendre de l\u2019ampleur avec l\u2019adoption de la nouvelle Constitution qui permet a\u0300 Faure Gnassingbe\u0301 de rester e\u0301ternellement aux affaires. Ce qui n\u2019est pas une bonne nouvelle pour les nombreux Togolais vivant en exil.<\/p>\n<p>\u00abLe renversement constitutionnel orchestre\u0301 ne participe en rien au de\u0301veloppement politique du Togo. Ce passage en force de la IVe re\u0301publique issue du re\u0301fe\u0301rendum en 1992 vers la pre\u0301tendue Ve re\u0301publique adopte\u0301e le 19 avril dernier par des parlementaires en fin de mandat ne poursuit qu\u2019un seul objectif: assurer la survie du re\u0301gime de Faure Gnassingbe\u0301 a\u0300 travers une instrumentalisation de nos institutions. Le coup d\u2019E\u0301tat Constitutionnel perpe\u0301tre\u0301, permettra prochainement a\u0300 Faure Gnassingbe\u0301 de devenir pre\u0301sident du Conseil des ministres. Cette nouvelle fonction concentre en elle la re\u0301alite\u0301 et l\u2019essentiel du pouvoir et permet a\u0300 Faure Gnassingbe\u0301 d\u2019attribuer a\u0300 une des figures de paille dont il est coutumier la de\u0301sormais symbolique fonction de pre\u0301sident de la Re\u0301publique vide\u0301e de sa substance \u00bb, a de\u0301nonce\u0301, dans une interview accorde\u0301e le 28 avril 2024 au site d\u2019information Lesnouvellesdafrique.info, Franc\u0327ois Boko, avocat au Barreau de Paris et ancien ministre de l\u2019Inte\u0301rieur et de la Se\u0301curite\u0301 du Togo.<\/p>\n<p>En effet, l\u2019ancien officier supe\u0301rieur de la Gendarmerie, est l\u2019un des plus ce\u0301le\u0300bres Togolais vivant en exil. Ministre de l\u2019Inte\u0301rieur et de la Se\u0301curite\u0301, il e\u0301tait charge\u0301 de pre\u0301parer l\u2019e\u0301lection pre\u0301sidentielle du 24 avril 2005, conse\u0301cutive a\u0300 la mort du Ge\u0301ne\u0301ral Gnassingbe\u0301 Eyadema. Mais craignant un bain de sang, il a demande\u0301 que soit suspendu le processus e\u0301lectoral. Et non suivi par les autres membres de l\u2019exe\u0301cutif, il a de\u0301missionne\u0301 et s\u2019e\u0301tait re\u0301fugie a\u0300 l\u2019ambassade d\u2019Allemagne a\u0300 Lome\u0301. En mai 2005, il a e\u0301te\u0301 exfiltre\u0301 vers la France, apre\u0300s des ne\u0301gociations qui ont implique\u0301 des repre\u0301sentants du gouvernement togolais de l\u2019Union europe\u0301enne et les ambassadeurs allemand et franc\u0327ais. Depuis lors, il s\u2019est installe\u0301 a\u0300 Paris et travaille comme avocat. Soit dit en passant, la tenue du scrutin du 24 avril 2005 a fait entre 400 et 500 morts selon le rapport des Nations Unies.<\/p>\n<p>De 2005 a\u0300 ce jour, il n\u2019est plus retourne\u0301 au Togo. On se rappelle qu\u2019en mars 2019, l\u2019ancien ministre et sa de\u0301le\u0301gation e\u0301taient a\u0300 l\u2019ae\u0301roport Roissy-Charles-de-Gaulle pour embarquer pour Lome\u0301. Les bagages e\u0301taient de\u0301ja\u0300 enregistre\u0301s et il se pre\u0301parait pour les dernie\u0300res formalite\u0301s quand il s\u2019est entendu dire qu\u2019il ne pouvait plus embarquer et que, dans le cas ou\u0300 il serait a\u0300 bord, le gouvernement togolais refuserait a\u0300 la compagnie ae\u0301rienne l\u2019autorisation d\u2019atterrir. Au me\u0302me moment, les Forces arme\u0301es togolaises (FAT) ont rendu public un communique indiquant que la se\u0301curite\u0301 de l\u2019ancien ministre ne serait pas garantie, s\u2019il arrivait a\u0300 Lome\u0301. Face a\u0300 ces menaces, il a e\u0301te\u0301 retenu a\u0300 Paris par les autorite\u0301s franc\u0327aises et n\u2019a pu se pre\u0301senter a\u0300 l\u2019e\u0301lection pre\u0301sidentielle de 2020.<\/p>\n<p>Comme cela ne suffisait pas, il a e\u0301te\u0301 de nouveau empe\u0302che\u0301 en fe\u0301vrier 2024 de venir assister aux obse\u0300ques de sa me\u0300re. \u00ab C\u2019est en vain que l\u2019opposant togolais en exil Franc\u0327ois Boko a sollicite\u0301 l\u2019autorisation de rentrer au Togo pour y enterrer sa me\u0300re, de\u0301ce\u0301de\u0301e le 12 de\u0301cembre 2023. Sauf coup de the\u0301a\u0302tre, et malgre\u0301 de multiples de\u0301marches, il ne pourra pas assister aux fune\u0301railles, pre\u0301vues de\u0301but fe\u0301vrier \u00bb, a re\u0301ve\u0301le\u0301 le journal e\u0301lectronique franc\u0327ais Africa Intelligence.<\/p>\n<p>Contraint a\u0300 l\u2019exil depuis 2017, Tikpi Atchadam, Pre\u0301sident du Parti national panafricain (PNP) et grand artisan des manifestations antigouvernementales synchronise\u0301es sur toute l\u2019e\u0301tendue du territoire togolais le 19 aou\u0302t 2017, ne peut e\u0301galement rentrer au pays de si to\u0302t.<\/p>\n<p>Depuis un an, plusieurs personnalite\u0301s qui ont fui le Togo pour des raisons politiques, sont de\u0301ce\u0301de\u0301es en exil: l\u2019homme d\u2019affaires Sow Bertin Agba en Afrique du Sud le 16 mai 2023 dans des conditions non encore e\u0301lucide\u0301es; l\u2019archeve\u0302que Mgr Philippe Kpodzro le 09 janvier 2024 en Sue\u0300de; l\u2019ancien Premier ministre, Pre\u0301sident du Mouvement Patriotique pour la De\u0301mocratie et la De\u0301veloppement (MPDD) et candidat a\u0300 l\u2019e\u0301lection pre\u0301sidentielle de 2020, Agbe\u0301yome\u0301 Kodjo le 03 mars au Ghana; l\u2019ancien coordinateur du Mouvement patriotique du 5 octobre (MO5) Alafia Adje Kpade\u0301, le 06 mars 2024 au Canada.<\/p>\n<p>A ces personnalite\u0301s qui ont pris le chemin de l\u2019exil, s\u2019ajoutent les journalistes Ferdinand Ayite\u0301 et Joe\u0308l Kouwonou, respectivement Directeur de Publication et Re\u0301dacteur en chef du journal L\u2019Alternative. Poursuivis par deux ministres pour \u00ab outrage a\u0300 l\u2019autorite\u0301 \u00bb et \u00ab propagation de propos mensongers \u00bb, les deux confre\u0300res ont quitte\u0301 de\u0301but mars 2023 le pays afin d\u2019e\u0301chapper a\u0300 un 2e\u0300me emprisonnement pour la me\u0302me affaire. Dans un proce\u0300s expe\u0301ditif le 17 mars 2023, ils ont e\u0301te\u0301 condamne\u0301s par contumace a\u0300 3 ans de prison ferme et a\u0300 3 millions de FCFA d\u2019amende chacun. Un mandat d\u2019arre\u0302t international a e\u0301te\u0301 e\u0301galement lance\u0301 contre eux.<\/p>\n<p>Il existe aussi une longue liste de jeunes qui e\u0301taient tre\u0300s actifs dans les partis de l\u2019opposition, les organisations de de\u0301fense des droits de l\u2019homme ou les mouvements estudiantins et qui, compte tenu de la situation qui pre\u0301vaut actuellement, ne peuvent pas rentrer au bercail. On peut citer entre autres Sonhaye Sadikou Gbandi du PNP, Komlanvi Avitso membre des mouvements estudiantins et tre\u0300s actif lors des manifestations au de\u0301but des anne\u0301es 2000, Komi Mawuli Dovo de l\u2019Alliance nationale pour le changement (ANC), Kodjovito Dellali Zegue militant du MPDD. La crainte d\u2019e\u0302tre rattrape\u0301s par leur passe\u0301 est tre\u0300s forte. Et les faits semblent leur donner raison.<\/p>\n<p>De passage a\u0300 Lome\u0301 apre\u0300s plusieurs anne\u0301es en exil en Suisse, l\u2019opposant Jean-Paul Oumolou, ancien leader des mouvements estudiantins au de\u0301but des anne\u0301es 2000, a e\u0301te\u0301 arre\u0302te\u0301 le 03 novembre 2021. Accuse\u0301 d\u2019\u00ab incitation a\u0300 la re\u0301volte contre l\u2019autorite\u0301 de l\u2019E\u0301tat \u00bb, \u00ab outrage envers les repre\u0301sentants de l\u2019autorite\u0301 publique \u00bb, \u00ab diffusion de fausses nouvelles \u00bb et \u00ab apologie des crimes \u00bb, il est toujours en de\u0301tention dans les locaux de la Gendarmerie nationale. En rappel, pour avoir notamment re\u0301clame\u0301 de meilleures conditions d\u2019e\u0301tude, l\u2019ancien pre\u0301sident du colle\u0300ge des de\u0301le\u0301gue\u0301s de l\u2019Universite\u0301 de Lome\u0301 avait e\u0301galement passe\u0301 quelques mois en prison en 2004 avant de prendre le chemin de l\u2019exil.<\/p>\n<p>Le cas de Togbui Dodji Akakpo IV, chef du village de Kpoteme dans le canton de Kpe\u0301tsou (Pre\u0301fecture de Bas-Mono), est encore plus re\u0301cent. En service dans l\u2019arme\u0301e ame\u0301ricaine, il a vivement re\u0301agi a\u0300 travers un audio a\u0300 l\u2019assassinat d\u2019un enfant lors des manifestations contre le pouvoir en 2017. En 2022, le de\u0301mobilise\u0301 de l\u2019arme\u0301e ame\u0301ricaine est rentre\u0301 au pays. Il a e\u0301te\u0301 reconnu par les autorite\u0301s togolaises comme chef du village de Kpoteme et intronise\u0301. Mais le 23 janvier 2023, il a e\u0301te\u0301 interpelle\u0301 dans son accoutrement de chef et place\u0301 sous mandat de de\u0301po\u0302t. Poursuivi pour atteinte a\u0300 la se\u0301curite\u0301 inte\u0301rieure de l\u2019E\u0301tat a\u0300 cause de sa re\u0301action de 2017, il a e\u0301te\u0301 condamne\u0301 en aou\u0302t 2023 a\u0300 dix ans de prison ferme avant de recouvrer la liberte\u0301 le 29 de\u0301cembre 2023 par gra\u0302ce pre\u0301sidentielle.<\/p>\n<p>Ces exemples prouvent a\u0300 suffisance que personne n\u2019est a\u0300 l\u2019abri. L\u2019e\u0301pe\u0301e de Damocle\u0300s est bien au-dessus de la te\u0302te de la plupart des exile\u0301s.<\/p>\n<p>Ben Late<\/p>\n<p>Source: Liberte\u0301 \/ libertetogo.info<\/p>\n<p><strong>Pour plus d&rsquo;informations et d&rsquo;analyses sur la <span style=\"color: #ff6600\">Togo<\/span>, suivez <span style=\"color: #ff6600\">Africa-Press<\/span><\/strong><\/p>\n","protected":false},"excerpt":{"rendered":"<p>Africa-Press &#8211; Togo. Le re\u0301gime de Lome\u0301 ne cesse de se durcir. Et avec le changement de Constitution consacrant le re\u0300gne a\u0300 vie de Faure Gnassingbe\u0301, qui est en train de boucler ses 20 ans au pouvoir, la situation des exile\u0301s politiques se complique davantage. Leur espoir de rentrer un jour au Togo sans e\u0302tre [&hellip;]<\/p>\n","protected":false},"author":82,"featured_media":32284,"comment_status":"open","ping_status":"closed","sticky":false,"template":"","format":"standard","meta":{"footnotes":""},"categories":[2,10],"tags":[1219,50],"class_list":["post-32285","post","type-post","status-publish","format-standard","has-post-thumbnail","hentry","category-politique","category-toutes-les-actualites","tag-constitution","tag-togo"],"yoast_head":"<!-- This site is optimized with the Yoast SEO Premium plugin v26.1 (Yoast SEO v27.0) - https:\/\/yoast.com\/product\/yoast-seo-premium-wordpress\/ -->\n<title>Changement de Constitution au Togo : La situation des exil\u00e9s politiques se complique - Togo<\/title>\n<meta name=\"description\" content=\"Le re\u0301gime de Lome\u0301 ne cesse de se durcir. Et avec le changement de Constitution consacrant le re\u0300gne a\u0300 vie de Faure Gn ...\" \/>\n<meta name=\"robots\" content=\"index, follow, max-snippet:-1, max-image-preview:large, max-video-preview:-1\" \/>\n<link rel=\"canonical\" href=\"https:\/\/www.africa-press.net\/togo\/politique\/changement-de-constitution-au-togo-la-situation-des-exiles-politiques-se-complique\" \/>\n<meta property=\"og:locale\" content=\"fr_FR\" \/>\n<meta property=\"og:type\" content=\"article\" \/>\n<meta property=\"og:title\" content=\"Changement de Constitution au Togo : La situation des exil\u00e9s politiques se complique\" \/>\n<meta property=\"og:description\" content=\"Le re\u0301gime de Lome\u0301 ne cesse de se durcir. Et avec le changement de Constitution consacrant le re\u0300gne a\u0300 vie de Faure Gn ...\" \/>\n<meta property=\"og:url\" content=\"https:\/\/www.africa-press.net\/togo\/politique\/changement-de-constitution-au-togo-la-situation-des-exiles-politiques-se-complique\" \/>\n<meta property=\"og:site_name\" content=\"Togo\" \/>\n<meta property=\"article:published_time\" content=\"2024-07-04T00:43:03+00:00\" \/>\n<meta property=\"article:modified_time\" content=\"2024-07-04T01:05:17+00:00\" \/>\n<meta property=\"og:image\" content=\"https:\/\/static.africa-press.net\/togo\/sites\/58\/2024\/07\/sm_1720042319.478445.jpg\" \/>\n\t<meta property=\"og:image:width\" content=\"720\" \/>\n\t<meta property=\"og:image:height\" content=\"480\" \/>\n\t<meta property=\"og:image:type\" content=\"image\/jpeg\" \/>\n<meta name=\"author\" content=\"cfeditorfr\" \/>\n<meta name=\"twitter:card\" content=\"summary_large_image\" \/>\n<meta name=\"twitter:label1\" content=\"\u00c9crit par\" \/>\n\t<meta name=\"twitter:data1\" content=\"cfeditorfr\" \/>\n\t<meta name=\"twitter:label2\" content=\"Dur\u00e9e de lecture estim\u00e9e\" \/>\n\t<meta name=\"twitter:data2\" content=\"7 minutes\" \/>\n<script type=\"application\/ld+json\" class=\"yoast-schema-graph\">{\"@context\":\"https:\/\/schema.org\",\"@graph\":[{\"@type\":\"Article\",\"@id\":\"https:\/\/www.africa-press.net\/togo\/politique\/changement-de-constitution-au-togo-la-situation-des-exiles-politiques-se-complique#article\",\"isPartOf\":{\"@id\":\"https:\/\/www.africa-press.net\/togo\/politique\/changement-de-constitution-au-togo-la-situation-des-exiles-politiques-se-complique\"},\"author\":{\"name\":\"cfeditorfr\",\"@id\":\"https:\/\/www.africa-press.net\/togo\/#\/schema\/person\/2b1cf3cd81a31e3cd26889ca66d677f1\"},\"headline\":\"Changement de Constitution au Togo : La situation des exil\u00e9s politiques se complique\",\"datePublished\":\"2024-07-04T00:43:03+00:00\",\"dateModified\":\"2024-07-04T01:05:17+00:00\",\"mainEntityOfPage\":{\"@id\":\"https:\/\/www.africa-press.net\/togo\/politique\/changement-de-constitution-au-togo-la-situation-des-exiles-politiques-se-complique\"},\"wordCount\":1460,\"commentCount\":0,\"image\":{\"@id\":\"https:\/\/www.africa-press.net\/togo\/politique\/changement-de-constitution-au-togo-la-situation-des-exiles-politiques-se-complique#primaryimage\"},\"thumbnailUrl\":\"https:\/\/static.africa-press.net\/togo\/sites\/58\/2024\/07\/sm_1720042319.478445.jpg\",\"keywords\":[\"Constitution\",\"Togo\"],\"articleSection\":[\"Politique\",\"Toutes les actualit\u00e9s\"],\"inLanguage\":\"fr-FR\",\"potentialAction\":[{\"@type\":\"CommentAction\",\"name\":\"Comment\",\"target\":[\"https:\/\/www.africa-press.net\/togo\/politique\/changement-de-constitution-au-togo-la-situation-des-exiles-politiques-se-complique#respond\"]}]},{\"@type\":\"WebPage\",\"@id\":\"https:\/\/www.africa-press.net\/togo\/politique\/changement-de-constitution-au-togo-la-situation-des-exiles-politiques-se-complique\",\"url\":\"https:\/\/www.africa-press.net\/togo\/politique\/changement-de-constitution-au-togo-la-situation-des-exiles-politiques-se-complique\",\"name\":\"Changement de Constitution au Togo : La situation des exil\u00e9s politiques se complique - Togo\",\"isPartOf\":{\"@id\":\"https:\/\/www.africa-press.net\/togo\/#website\"},\"primaryImageOfPage\":{\"@id\":\"https:\/\/www.africa-press.net\/togo\/politique\/changement-de-constitution-au-togo-la-situation-des-exiles-politiques-se-complique#primaryimage\"},\"image\":{\"@id\":\"https:\/\/www.africa-press.net\/togo\/politique\/changement-de-constitution-au-togo-la-situation-des-exiles-politiques-se-complique#primaryimage\"},\"thumbnailUrl\":\"https:\/\/static.africa-press.net\/togo\/sites\/58\/2024\/07\/sm_1720042319.478445.jpg\",\"datePublished\":\"2024-07-04T00:43:03+00:00\",\"dateModified\":\"2024-07-04T01:05:17+00:00\",\"author\":{\"@id\":\"https:\/\/www.africa-press.net\/togo\/#\/schema\/person\/2b1cf3cd81a31e3cd26889ca66d677f1\"},\"description\":\"Le re\u0301gime de Lome\u0301 ne cesse de se durcir. Et avec le changement de Constitution consacrant le re\u0300gne a\u0300 vie de Faure Gn ...\",\"breadcrumb\":{\"@id\":\"https:\/\/www.africa-press.net\/togo\/politique\/changement-de-constitution-au-togo-la-situation-des-exiles-politiques-se-complique#breadcrumb\"},\"inLanguage\":\"fr-FR\",\"potentialAction\":[{\"@type\":\"ReadAction\",\"target\":[\"https:\/\/www.africa-press.net\/togo\/politique\/changement-de-constitution-au-togo-la-situation-des-exiles-politiques-se-complique\"]}]},{\"@type\":\"ImageObject\",\"inLanguage\":\"fr-FR\",\"@id\":\"https:\/\/www.africa-press.net\/togo\/politique\/changement-de-constitution-au-togo-la-situation-des-exiles-politiques-se-complique#primaryimage\",\"url\":\"https:\/\/static.africa-press.net\/togo\/sites\/58\/2024\/07\/sm_1720042319.478445.jpg\",\"contentUrl\":\"https:\/\/static.africa-press.net\/togo\/sites\/58\/2024\/07\/sm_1720042319.478445.jpg\",\"width\":720,\"height\":480,\"caption\":\"Changement de Constitution au Togo : La situation des exil\u00e9s politiques se complique\"},{\"@type\":\"BreadcrumbList\",\"@id\":\"https:\/\/www.africa-press.net\/togo\/politique\/changement-de-constitution-au-togo-la-situation-des-exiles-politiques-se-complique#breadcrumb\",\"itemListElement\":[{\"@type\":\"ListItem\",\"position\":1,\"name\":\"Accueil\",\"item\":\"https:\/\/www.africa-press.net\/togo\/\"},{\"@type\":\"ListItem\",\"position\":2,\"name\":\"Changement de Constitution au Togo : La situation des exil\u00e9s politiques se complique\"}]},{\"@type\":\"WebSite\",\"@id\":\"https:\/\/www.africa-press.net\/togo\/#website\",\"url\":\"https:\/\/www.africa-press.net\/togo\/\",\"name\":\"Togo\",\"description\":\"Just another Africa News Agency Sites site\",\"potentialAction\":[{\"@type\":\"SearchAction\",\"target\":{\"@type\":\"EntryPoint\",\"urlTemplate\":\"https:\/\/www.africa-press.net\/togo\/?s={search_term_string}\"},\"query-input\":{\"@type\":\"PropertyValueSpecification\",\"valueRequired\":true,\"valueName\":\"search_term_string\"}}],\"inLanguage\":\"fr-FR\"},{\"@type\":\"Person\",\"@id\":\"https:\/\/www.africa-press.net\/togo\/#\/schema\/person\/2b1cf3cd81a31e3cd26889ca66d677f1\",\"name\":\"cfeditorfr\"}]}<\/script>\n<!-- \/ Yoast SEO Premium plugin. -->","yoast_head_json":{"title":"Changement de Constitution au Togo : La situation des exil\u00e9s politiques se complique - Togo","description":"Le re\u0301gime de Lome\u0301 ne cesse de se durcir. Et avec le changement de Constitution consacrant le re\u0300gne a\u0300 vie de Faure Gn ...","robots":{"index":"index","follow":"follow","max-snippet":"max-snippet:-1","max-image-preview":"max-image-preview:large","max-video-preview":"max-video-preview:-1"},"canonical":"https:\/\/www.africa-press.net\/togo\/politique\/changement-de-constitution-au-togo-la-situation-des-exiles-politiques-se-complique","og_locale":"fr_FR","og_type":"article","og_title":"Changement de Constitution au Togo : La situation des exil\u00e9s politiques se complique","og_description":"Le re\u0301gime de Lome\u0301 ne cesse de se durcir. Et avec le changement de Constitution consacrant le re\u0300gne a\u0300 vie de Faure Gn ...","og_url":"https:\/\/www.africa-press.net\/togo\/politique\/changement-de-constitution-au-togo-la-situation-des-exiles-politiques-se-complique","og_site_name":"Togo","article_published_time":"2024-07-04T00:43:03+00:00","article_modified_time":"2024-07-04T01:05:17+00:00","og_image":[{"width":720,"height":480,"url":"https:\/\/static.africa-press.net\/togo\/sites\/58\/2024\/07\/sm_1720042319.478445.jpg","type":"image\/jpeg"}],"author":"cfeditorfr","twitter_card":"summary_large_image","twitter_misc":{"\u00c9crit par":"cfeditorfr","Dur\u00e9e de lecture estim\u00e9e":"7 minutes"},"schema":{"@context":"https:\/\/schema.org","@graph":[{"@type":"Article","@id":"https:\/\/www.africa-press.net\/togo\/politique\/changement-de-constitution-au-togo-la-situation-des-exiles-politiques-se-complique#article","isPartOf":{"@id":"https:\/\/www.africa-press.net\/togo\/politique\/changement-de-constitution-au-togo-la-situation-des-exiles-politiques-se-complique"},"author":{"name":"cfeditorfr","@id":"https:\/\/www.africa-press.net\/togo\/#\/schema\/person\/2b1cf3cd81a31e3cd26889ca66d677f1"},"headline":"Changement de Constitution au Togo : La situation des exil\u00e9s politiques se complique","datePublished":"2024-07-04T00:43:03+00:00","dateModified":"2024-07-04T01:05:17+00:00","mainEntityOfPage":{"@id":"https:\/\/www.africa-press.net\/togo\/politique\/changement-de-constitution-au-togo-la-situation-des-exiles-politiques-se-complique"},"wordCount":1460,"commentCount":0,"image":{"@id":"https:\/\/www.africa-press.net\/togo\/politique\/changement-de-constitution-au-togo-la-situation-des-exiles-politiques-se-complique#primaryimage"},"thumbnailUrl":"https:\/\/static.africa-press.net\/togo\/sites\/58\/2024\/07\/sm_1720042319.478445.jpg","keywords":["Constitution","Togo"],"articleSection":["Politique","Toutes les actualit\u00e9s"],"inLanguage":"fr-FR","potentialAction":[{"@type":"CommentAction","name":"Comment","target":["https:\/\/www.africa-press.net\/togo\/politique\/changement-de-constitution-au-togo-la-situation-des-exiles-politiques-se-complique#respond"]}]},{"@type":"WebPage","@id":"https:\/\/www.africa-press.net\/togo\/politique\/changement-de-constitution-au-togo-la-situation-des-exiles-politiques-se-complique","url":"https:\/\/www.africa-press.net\/togo\/politique\/changement-de-constitution-au-togo-la-situation-des-exiles-politiques-se-complique","name":"Changement de Constitution au Togo : La situation des exil\u00e9s politiques se complique - Togo","isPartOf":{"@id":"https:\/\/www.africa-press.net\/togo\/#website"},"primaryImageOfPage":{"@id":"https:\/\/www.africa-press.net\/togo\/politique\/changement-de-constitution-au-togo-la-situation-des-exiles-politiques-se-complique#primaryimage"},"image":{"@id":"https:\/\/www.africa-press.net\/togo\/politique\/changement-de-constitution-au-togo-la-situation-des-exiles-politiques-se-complique#primaryimage"},"thumbnailUrl":"https:\/\/static.africa-press.net\/togo\/sites\/58\/2024\/07\/sm_1720042319.478445.jpg","datePublished":"2024-07-04T00:43:03+00:00","dateModified":"2024-07-04T01:05:17+00:00","author":{"@id":"https:\/\/www.africa-press.net\/togo\/#\/schema\/person\/2b1cf3cd81a31e3cd26889ca66d677f1"},"description":"Le re\u0301gime de Lome\u0301 ne cesse de se durcir. Et avec le changement de Constitution consacrant le re\u0300gne a\u0300 vie de Faure Gn ...","breadcrumb":{"@id":"https:\/\/www.africa-press.net\/togo\/politique\/changement-de-constitution-au-togo-la-situation-des-exiles-politiques-se-complique#breadcrumb"},"inLanguage":"fr-FR","potentialAction":[{"@type":"ReadAction","target":["https:\/\/www.africa-press.net\/togo\/politique\/changement-de-constitution-au-togo-la-situation-des-exiles-politiques-se-complique"]}]},{"@type":"ImageObject","inLanguage":"fr-FR","@id":"https:\/\/www.africa-press.net\/togo\/politique\/changement-de-constitution-au-togo-la-situation-des-exiles-politiques-se-complique#primaryimage","url":"https:\/\/static.africa-press.net\/togo\/sites\/58\/2024\/07\/sm_1720042319.478445.jpg","contentUrl":"https:\/\/static.africa-press.net\/togo\/sites\/58\/2024\/07\/sm_1720042319.478445.jpg","width":720,"height":480,"caption":"Changement de Constitution au Togo : La situation des exil\u00e9s politiques se complique"},{"@type":"BreadcrumbList","@id":"https:\/\/www.africa-press.net\/togo\/politique\/changement-de-constitution-au-togo-la-situation-des-exiles-politiques-se-complique#breadcrumb","itemListElement":[{"@type":"ListItem","position":1,"name":"Accueil","item":"https:\/\/www.africa-press.net\/togo\/"},{"@type":"ListItem","position":2,"name":"Changement de Constitution au Togo : La situation des exil\u00e9s politiques se complique"}]},{"@type":"WebSite","@id":"https:\/\/www.africa-press.net\/togo\/#website","url":"https:\/\/www.africa-press.net\/togo\/","name":"Togo","description":"Just another Africa News Agency Sites site","potentialAction":[{"@type":"SearchAction","target":{"@type":"EntryPoint","urlTemplate":"https:\/\/www.africa-press.net\/togo\/?s={search_term_string}"},"query-input":{"@type":"PropertyValueSpecification","valueRequired":true,"valueName":"search_term_string"}}],"inLanguage":"fr-FR"},{"@type":"Person","@id":"https:\/\/www.africa-press.net\/togo\/#\/schema\/person\/2b1cf3cd81a31e3cd26889ca66d677f1","name":"cfeditorfr"}]}},"_links":{"self":[{"href":"https:\/\/www.africa-press.net\/togo\/wp-json\/wp\/v2\/posts\/32285","targetHints":{"allow":["GET"]}}],"collection":[{"href":"https:\/\/www.africa-press.net\/togo\/wp-json\/wp\/v2\/posts"}],"about":[{"href":"https:\/\/www.africa-press.net\/togo\/wp-json\/wp\/v2\/types\/post"}],"author":[{"embeddable":true,"href":"https:\/\/www.africa-press.net\/togo\/wp-json\/wp\/v2\/users\/82"}],"replies":[{"embeddable":true,"href":"https:\/\/www.africa-press.net\/togo\/wp-json\/wp\/v2\/comments?post=32285"}],"version-history":[{"count":0,"href":"https:\/\/www.africa-press.net\/togo\/wp-json\/wp\/v2\/posts\/32285\/revisions"}],"wp:featuredmedia":[{"embeddable":true,"href":"https:\/\/www.africa-press.net\/togo\/wp-json\/wp\/v2\/media\/32284"}],"wp:attachment":[{"href":"https:\/\/www.africa-press.net\/togo\/wp-json\/wp\/v2\/media?parent=32285"}],"wp:term":[{"taxonomy":"category","embeddable":true,"href":"https:\/\/www.africa-press.net\/togo\/wp-json\/wp\/v2\/categories?post=32285"},{"taxonomy":"post_tag","embeddable":true,"href":"https:\/\/www.africa-press.net\/togo\/wp-json\/wp\/v2\/tags?post=32285"}],"curies":[{"name":"wp","href":"https:\/\/api.w.org\/{rel}","templated":true}]}}