{"id":32436,"date":"2024-07-11T23:32:33","date_gmt":"2024-07-11T23:32:33","guid":{"rendered":"https:\/\/www.africa-press.net\/togo\/politique\/le-front-touche-pas-a-ma-constitution-denonce-la-maniere-dont-la-cedeao-a-traite-la-crise-togolaise"},"modified":"2024-07-12T07:53:33","modified_gmt":"2024-07-12T07:53:33","slug":"le-front-touche-pas-a-ma-constitution-denonce-la-maniere-dont-la-cedeao-a-traite-la-crise-togolaise","status":"publish","type":"post","link":"https:\/\/www.africa-press.net\/togo\/politique\/le-front-touche-pas-a-ma-constitution-denonce-la-maniere-dont-la-cedeao-a-traite-la-crise-togolaise","title":{"rendered":"Le front \u00ab Touche Pas \u00c0 Ma Constitution \u00bb d\u00e9nonce la mani\u00e8re dont la CEDEAO a trait\u00e9 la crise togolaise"},"content":{"rendered":"<p><span style=\"color: #ff6600\"><strong>Africa-Press &#8211; Togo. <\/strong><\/span>Le front \u00ab Touche Pas A\u0300 Ma Constitution \u00bb a exprime\u0301 sa vive protestation contre le communique\u0301 final du 65e\u0300me sommet des chefs d\u2019E\u0301tat et de Gouvernement de la CEDEAO, tenu le 7 juillet 2024 a\u0300 Abuja, au Nigeria. Le mouvement de\u0301nonce la manie\u0300re dont la CEDEAO a traite\u0301 la crise au Togo, et appelle les citoyens togolais a\u0300 se mobiliser pour de\u0301fendre leurs droits.<\/p>\n<p>Lors du sommet, la CEDEAO a pre\u0301sente\u0301 un rapport final qui a indigne\u0301 le peuple togolais, notamment en ce qui concerne les points 20 et 29. Le point 20 du communique\u0301 e\u0301voque des \u00ab e\u0301lections re\u0301ussies et pacifiques \u00bb, une affirmation que le front conside\u0300re comme une insulte aux Togolais. Les e\u0301lections, selon le mouvement, ont e\u0301te\u0301 largement boude\u0301es par les e\u0301lecteurs et entache\u0301es de fraudes massives, avec un taux de victoire de 95,5% pour le re\u0301gime en place, un score digne des re\u0301gimes dictatoriaux.<\/p>\n<p>Au point 29, la CEDEAO a fe\u0301licite\u0301 le gouvernement et le peuple togolais pour le bon de\u0301roulement des e\u0301lections. Le front \u00ab Touche Pas A\u0300 Ma Constitution \u00bb estime cette reconnaissance inacceptable pour une organisation suppose\u0301e de\u0301fendre les inte\u0301re\u0302ts des peuples.<\/p>\n<p>Le communique\u0301 souligne e\u0301galement l\u2019adoption d\u2019une nouvelle Constitution par l\u2019Assemble\u0301e nationale togolaise, une de\u0301marche que le mouvement juge ille\u0301gale et contraire aux dispositions de la CEDEAO. En effet, la modification de la Constitution en pleine campagne e\u0301lectorale va a\u0300 l\u2019encontre des re\u0300gles communautaires, qui interdisent de tels changements a\u0300 moins de six mois d\u2019une e\u0301che\u0301ance e\u0301lectorale. La nouvelle Constitution abolit la limitation des mandats, ce qui viole un principe fondamental de la CEDEAO.<\/p>\n<p>Le front rappelle que la CEDEAO avait de\u0301ja\u0300 ignore\u0301 les violations au Togo en 2005, lorsque Faure Gnassingbe\u0301 a pris le pouvoir par un coup d\u2019E\u0301tat, entrai\u0302nant un millier de morts lors des violences post-e\u0301lectorales. En 2017, l\u2019organisation a e\u0301galement soutenu le re\u0301gime en place face a\u0300 des manifestations populaires. Aujourd\u2019hui, en 2024, la CEDEAO valide un changement constitutionnel ope\u0301re\u0301 dans l\u2019ille\u0301galite\u0301.<\/p>\n<p>Le front \u00ab Touche Pas A\u0300 Ma Constitution \u00bb appelle donc chaque citoyen togolais a\u0300 se tenir pre\u0302t pour re\u0301pondre massivement a\u0300 la mobilisation lorsque le moment viendra. Le mouvement re\u0301ite\u0300re que le peuple togolais ne peut compter que sur lui-me\u0302me pour lutter contre ces injustices.<\/p>\n<p><strong>Pour plus d&rsquo;informations et d&rsquo;analyses sur la <span style=\"color: #ff6600\">Togo<\/span>, suivez <span style=\"color: #ff6600\">Africa-Press<\/span><\/strong><\/p>\n","protected":false},"excerpt":{"rendered":"<p>Africa-Press &#8211; Togo. Le front \u00ab Touche Pas A\u0300 Ma Constitution \u00bb a exprime\u0301 sa vive protestation contre le communique\u0301 final du 65e\u0300me sommet des chefs d\u2019E\u0301tat et de Gouvernement de la CEDEAO, tenu le 7 juillet 2024 a\u0300 Abuja, au Nigeria. Le mouvement de\u0301nonce la manie\u0300re dont la CEDEAO a traite\u0301 la crise au [&hellip;]<\/p>\n","protected":false},"author":82,"featured_media":32435,"comment_status":"open","ping_status":"closed","sticky":false,"template":"","format":"standard","meta":{"footnotes":""},"categories":[2,10],"tags":[644,1219,50],"class_list":["post-32436","post","type-post","status-publish","format-standard","has-post-thumbnail","hentry","category-politique","category-toutes-les-actualites","tag-cedeao","tag-constitution","tag-togo"],"yoast_head":"<!-- This site is optimized with the Yoast SEO Premium plugin v26.1 (Yoast SEO v27.0) - https:\/\/yoast.com\/product\/yoast-seo-premium-wordpress\/ -->\n<title>Le front \u00ab Touche Pas \u00c0 Ma Constitution \u00bb d\u00e9nonce la mani\u00e8re dont la CEDEAO a trait\u00e9 la crise togolaise - Togo<\/title>\n<meta name=\"description\" content=\"Le front \u00ab Touche Pas A\u0300 Ma Constitution \u00bb a exprime\u0301 sa vive protestation contre le communique\u0301 final du 65e\u0300me sommet ...\" \/>\n<meta name=\"robots\" content=\"index, follow, max-snippet:-1, max-image-preview:large, max-video-preview:-1\" \/>\n<link rel=\"canonical\" href=\"https:\/\/www.africa-press.net\/togo\/politique\/le-front-touche-pas-a-ma-constitution-denonce-la-maniere-dont-la-cedeao-a-traite-la-crise-togolaise\" \/>\n<meta property=\"og:locale\" content=\"fr_FR\" \/>\n<meta property=\"og:type\" content=\"article\" \/>\n<meta property=\"og:title\" content=\"Le front \u00ab Touche Pas \u00c0 Ma Constitution \u00bb d\u00e9nonce la mani\u00e8re dont la CEDEAO a trait\u00e9 la crise togolaise\" \/>\n<meta property=\"og:description\" content=\"Le front \u00ab Touche Pas A\u0300 Ma Constitution \u00bb a exprime\u0301 sa vive protestation contre le communique\u0301 final du 65e\u0300me sommet ...\" \/>\n<meta property=\"og:url\" content=\"https:\/\/www.africa-press.net\/togo\/politique\/le-front-touche-pas-a-ma-constitution-denonce-la-maniere-dont-la-cedeao-a-traite-la-crise-togolaise\" \/>\n<meta property=\"og:site_name\" content=\"Togo\" \/>\n<meta property=\"article:published_time\" content=\"2024-07-11T23:32:33+00:00\" \/>\n<meta property=\"article:modified_time\" content=\"2024-07-12T07:53:33+00:00\" \/>\n<meta property=\"og:image\" content=\"https:\/\/static.africa-press.net\/togo\/sites\/58\/2024\/07\/sm_1720729284.94672.jpg\" \/>\n\t<meta property=\"og:image:width\" content=\"720\" \/>\n\t<meta property=\"og:image:height\" content=\"480\" \/>\n\t<meta property=\"og:image:type\" content=\"image\/jpeg\" \/>\n<meta name=\"author\" content=\"cfeditorfr\" \/>\n<meta name=\"twitter:card\" content=\"summary_large_image\" \/>\n<meta name=\"twitter:label1\" content=\"\u00c9crit par\" \/>\n\t<meta name=\"twitter:data1\" content=\"cfeditorfr\" \/>\n\t<meta name=\"twitter:label2\" content=\"Dur\u00e9e de lecture estim\u00e9e\" \/>\n\t<meta name=\"twitter:data2\" content=\"2 minutes\" \/>\n<script type=\"application\/ld+json\" class=\"yoast-schema-graph\">{\"@context\":\"https:\/\/schema.org\",\"@graph\":[{\"@type\":\"Article\",\"@id\":\"https:\/\/www.africa-press.net\/togo\/politique\/le-front-touche-pas-a-ma-constitution-denonce-la-maniere-dont-la-cedeao-a-traite-la-crise-togolaise#article\",\"isPartOf\":{\"@id\":\"https:\/\/www.africa-press.net\/togo\/politique\/le-front-touche-pas-a-ma-constitution-denonce-la-maniere-dont-la-cedeao-a-traite-la-crise-togolaise\"},\"author\":{\"name\":\"cfeditorfr\",\"@id\":\"https:\/\/www.africa-press.net\/togo\/#\/schema\/person\/2b1cf3cd81a31e3cd26889ca66d677f1\"},\"headline\":\"Le front \u00ab Touche Pas \u00c0 Ma Constitution \u00bb d\u00e9nonce la mani\u00e8re dont la CEDEAO a trait\u00e9 la crise togolaise\",\"datePublished\":\"2024-07-11T23:32:33+00:00\",\"dateModified\":\"2024-07-12T07:53:33+00:00\",\"mainEntityOfPage\":{\"@id\":\"https:\/\/www.africa-press.net\/togo\/politique\/le-front-touche-pas-a-ma-constitution-denonce-la-maniere-dont-la-cedeao-a-traite-la-crise-togolaise\"},\"wordCount\":444,\"commentCount\":0,\"image\":{\"@id\":\"https:\/\/www.africa-press.net\/togo\/politique\/le-front-touche-pas-a-ma-constitution-denonce-la-maniere-dont-la-cedeao-a-traite-la-crise-togolaise#primaryimage\"},\"thumbnailUrl\":\"https:\/\/static.africa-press.net\/togo\/sites\/58\/2024\/07\/sm_1720729284.94672.jpg\",\"keywords\":[\"CEDEAO\",\"Constitution\",\"Togo\"],\"articleSection\":[\"Politique\",\"Toutes les actualit\u00e9s\"],\"inLanguage\":\"fr-FR\",\"potentialAction\":[{\"@type\":\"CommentAction\",\"name\":\"Comment\",\"target\":[\"https:\/\/www.africa-press.net\/togo\/politique\/le-front-touche-pas-a-ma-constitution-denonce-la-maniere-dont-la-cedeao-a-traite-la-crise-togolaise#respond\"]}]},{\"@type\":\"WebPage\",\"@id\":\"https:\/\/www.africa-press.net\/togo\/politique\/le-front-touche-pas-a-ma-constitution-denonce-la-maniere-dont-la-cedeao-a-traite-la-crise-togolaise\",\"url\":\"https:\/\/www.africa-press.net\/togo\/politique\/le-front-touche-pas-a-ma-constitution-denonce-la-maniere-dont-la-cedeao-a-traite-la-crise-togolaise\",\"name\":\"Le front \u00ab Touche Pas \u00c0 Ma Constitution \u00bb d\u00e9nonce la mani\u00e8re dont la CEDEAO a trait\u00e9 la crise togolaise - Togo\",\"isPartOf\":{\"@id\":\"https:\/\/www.africa-press.net\/togo\/#website\"},\"primaryImageOfPage\":{\"@id\":\"https:\/\/www.africa-press.net\/togo\/politique\/le-front-touche-pas-a-ma-constitution-denonce-la-maniere-dont-la-cedeao-a-traite-la-crise-togolaise#primaryimage\"},\"image\":{\"@id\":\"https:\/\/www.africa-press.net\/togo\/politique\/le-front-touche-pas-a-ma-constitution-denonce-la-maniere-dont-la-cedeao-a-traite-la-crise-togolaise#primaryimage\"},\"thumbnailUrl\":\"https:\/\/static.africa-press.net\/togo\/sites\/58\/2024\/07\/sm_1720729284.94672.jpg\",\"datePublished\":\"2024-07-11T23:32:33+00:00\",\"dateModified\":\"2024-07-12T07:53:33+00:00\",\"author\":{\"@id\":\"https:\/\/www.africa-press.net\/togo\/#\/schema\/person\/2b1cf3cd81a31e3cd26889ca66d677f1\"},\"description\":\"Le front \u00ab Touche Pas A\u0300 Ma Constitution \u00bb a exprime\u0301 sa vive protestation contre le communique\u0301 final du 65e\u0300me sommet ...\",\"breadcrumb\":{\"@id\":\"https:\/\/www.africa-press.net\/togo\/politique\/le-front-touche-pas-a-ma-constitution-denonce-la-maniere-dont-la-cedeao-a-traite-la-crise-togolaise#breadcrumb\"},\"inLanguage\":\"fr-FR\",\"potentialAction\":[{\"@type\":\"ReadAction\",\"target\":[\"https:\/\/www.africa-press.net\/togo\/politique\/le-front-touche-pas-a-ma-constitution-denonce-la-maniere-dont-la-cedeao-a-traite-la-crise-togolaise\"]}]},{\"@type\":\"ImageObject\",\"inLanguage\":\"fr-FR\",\"@id\":\"https:\/\/www.africa-press.net\/togo\/politique\/le-front-touche-pas-a-ma-constitution-denonce-la-maniere-dont-la-cedeao-a-traite-la-crise-togolaise#primaryimage\",\"url\":\"https:\/\/static.africa-press.net\/togo\/sites\/58\/2024\/07\/sm_1720729284.94672.jpg\",\"contentUrl\":\"https:\/\/static.africa-press.net\/togo\/sites\/58\/2024\/07\/sm_1720729284.94672.jpg\",\"width\":720,\"height\":480,\"caption\":\"Le front \u00ab Touche Pas \u00c0 Ma Constitution \u00bb d\u00e9nonce la mani\u00e8re dont la CEDEAO a trait\u00e9 la crise togolaise\"},{\"@type\":\"BreadcrumbList\",\"@id\":\"https:\/\/www.africa-press.net\/togo\/politique\/le-front-touche-pas-a-ma-constitution-denonce-la-maniere-dont-la-cedeao-a-traite-la-crise-togolaise#breadcrumb\",\"itemListElement\":[{\"@type\":\"ListItem\",\"position\":1,\"name\":\"Accueil\",\"item\":\"https:\/\/www.africa-press.net\/togo\/\"},{\"@type\":\"ListItem\",\"position\":2,\"name\":\"Le front \u00ab Touche Pas \u00c0 Ma Constitution \u00bb d\u00e9nonce la mani\u00e8re dont la CEDEAO a trait\u00e9 la crise togolaise\"}]},{\"@type\":\"WebSite\",\"@id\":\"https:\/\/www.africa-press.net\/togo\/#website\",\"url\":\"https:\/\/www.africa-press.net\/togo\/\",\"name\":\"Togo\",\"description\":\"Just another Africa News Agency Sites site\",\"potentialAction\":[{\"@type\":\"SearchAction\",\"target\":{\"@type\":\"EntryPoint\",\"urlTemplate\":\"https:\/\/www.africa-press.net\/togo\/?s={search_term_string}\"},\"query-input\":{\"@type\":\"PropertyValueSpecification\",\"valueRequired\":true,\"valueName\":\"search_term_string\"}}],\"inLanguage\":\"fr-FR\"},{\"@type\":\"Person\",\"@id\":\"https:\/\/www.africa-press.net\/togo\/#\/schema\/person\/2b1cf3cd81a31e3cd26889ca66d677f1\",\"name\":\"cfeditorfr\"}]}<\/script>\n<!-- \/ Yoast SEO Premium plugin. -->","yoast_head_json":{"title":"Le front \u00ab Touche Pas \u00c0 Ma Constitution \u00bb d\u00e9nonce la mani\u00e8re dont la CEDEAO a trait\u00e9 la crise togolaise - Togo","description":"Le front \u00ab Touche Pas A\u0300 Ma Constitution \u00bb a exprime\u0301 sa vive protestation contre le communique\u0301 final du 65e\u0300me sommet ...","robots":{"index":"index","follow":"follow","max-snippet":"max-snippet:-1","max-image-preview":"max-image-preview:large","max-video-preview":"max-video-preview:-1"},"canonical":"https:\/\/www.africa-press.net\/togo\/politique\/le-front-touche-pas-a-ma-constitution-denonce-la-maniere-dont-la-cedeao-a-traite-la-crise-togolaise","og_locale":"fr_FR","og_type":"article","og_title":"Le front \u00ab Touche Pas \u00c0 Ma Constitution \u00bb d\u00e9nonce la mani\u00e8re dont la CEDEAO a trait\u00e9 la crise togolaise","og_description":"Le front \u00ab Touche Pas A\u0300 Ma Constitution \u00bb a exprime\u0301 sa vive protestation contre le communique\u0301 final du 65e\u0300me sommet ...","og_url":"https:\/\/www.africa-press.net\/togo\/politique\/le-front-touche-pas-a-ma-constitution-denonce-la-maniere-dont-la-cedeao-a-traite-la-crise-togolaise","og_site_name":"Togo","article_published_time":"2024-07-11T23:32:33+00:00","article_modified_time":"2024-07-12T07:53:33+00:00","og_image":[{"width":720,"height":480,"url":"https:\/\/static.africa-press.net\/togo\/sites\/58\/2024\/07\/sm_1720729284.94672.jpg","type":"image\/jpeg"}],"author":"cfeditorfr","twitter_card":"summary_large_image","twitter_misc":{"\u00c9crit par":"cfeditorfr","Dur\u00e9e de lecture estim\u00e9e":"2 minutes"},"schema":{"@context":"https:\/\/schema.org","@graph":[{"@type":"Article","@id":"https:\/\/www.africa-press.net\/togo\/politique\/le-front-touche-pas-a-ma-constitution-denonce-la-maniere-dont-la-cedeao-a-traite-la-crise-togolaise#article","isPartOf":{"@id":"https:\/\/www.africa-press.net\/togo\/politique\/le-front-touche-pas-a-ma-constitution-denonce-la-maniere-dont-la-cedeao-a-traite-la-crise-togolaise"},"author":{"name":"cfeditorfr","@id":"https:\/\/www.africa-press.net\/togo\/#\/schema\/person\/2b1cf3cd81a31e3cd26889ca66d677f1"},"headline":"Le front \u00ab Touche Pas \u00c0 Ma Constitution \u00bb d\u00e9nonce la mani\u00e8re dont la CEDEAO a trait\u00e9 la crise togolaise","datePublished":"2024-07-11T23:32:33+00:00","dateModified":"2024-07-12T07:53:33+00:00","mainEntityOfPage":{"@id":"https:\/\/www.africa-press.net\/togo\/politique\/le-front-touche-pas-a-ma-constitution-denonce-la-maniere-dont-la-cedeao-a-traite-la-crise-togolaise"},"wordCount":444,"commentCount":0,"image":{"@id":"https:\/\/www.africa-press.net\/togo\/politique\/le-front-touche-pas-a-ma-constitution-denonce-la-maniere-dont-la-cedeao-a-traite-la-crise-togolaise#primaryimage"},"thumbnailUrl":"https:\/\/static.africa-press.net\/togo\/sites\/58\/2024\/07\/sm_1720729284.94672.jpg","keywords":["CEDEAO","Constitution","Togo"],"articleSection":["Politique","Toutes les actualit\u00e9s"],"inLanguage":"fr-FR","potentialAction":[{"@type":"CommentAction","name":"Comment","target":["https:\/\/www.africa-press.net\/togo\/politique\/le-front-touche-pas-a-ma-constitution-denonce-la-maniere-dont-la-cedeao-a-traite-la-crise-togolaise#respond"]}]},{"@type":"WebPage","@id":"https:\/\/www.africa-press.net\/togo\/politique\/le-front-touche-pas-a-ma-constitution-denonce-la-maniere-dont-la-cedeao-a-traite-la-crise-togolaise","url":"https:\/\/www.africa-press.net\/togo\/politique\/le-front-touche-pas-a-ma-constitution-denonce-la-maniere-dont-la-cedeao-a-traite-la-crise-togolaise","name":"Le front \u00ab Touche Pas \u00c0 Ma Constitution \u00bb d\u00e9nonce la mani\u00e8re dont la CEDEAO a trait\u00e9 la crise togolaise - Togo","isPartOf":{"@id":"https:\/\/www.africa-press.net\/togo\/#website"},"primaryImageOfPage":{"@id":"https:\/\/www.africa-press.net\/togo\/politique\/le-front-touche-pas-a-ma-constitution-denonce-la-maniere-dont-la-cedeao-a-traite-la-crise-togolaise#primaryimage"},"image":{"@id":"https:\/\/www.africa-press.net\/togo\/politique\/le-front-touche-pas-a-ma-constitution-denonce-la-maniere-dont-la-cedeao-a-traite-la-crise-togolaise#primaryimage"},"thumbnailUrl":"https:\/\/static.africa-press.net\/togo\/sites\/58\/2024\/07\/sm_1720729284.94672.jpg","datePublished":"2024-07-11T23:32:33+00:00","dateModified":"2024-07-12T07:53:33+00:00","author":{"@id":"https:\/\/www.africa-press.net\/togo\/#\/schema\/person\/2b1cf3cd81a31e3cd26889ca66d677f1"},"description":"Le front \u00ab Touche Pas A\u0300 Ma Constitution \u00bb a exprime\u0301 sa vive protestation contre le communique\u0301 final du 65e\u0300me sommet ...","breadcrumb":{"@id":"https:\/\/www.africa-press.net\/togo\/politique\/le-front-touche-pas-a-ma-constitution-denonce-la-maniere-dont-la-cedeao-a-traite-la-crise-togolaise#breadcrumb"},"inLanguage":"fr-FR","potentialAction":[{"@type":"ReadAction","target":["https:\/\/www.africa-press.net\/togo\/politique\/le-front-touche-pas-a-ma-constitution-denonce-la-maniere-dont-la-cedeao-a-traite-la-crise-togolaise"]}]},{"@type":"ImageObject","inLanguage":"fr-FR","@id":"https:\/\/www.africa-press.net\/togo\/politique\/le-front-touche-pas-a-ma-constitution-denonce-la-maniere-dont-la-cedeao-a-traite-la-crise-togolaise#primaryimage","url":"https:\/\/static.africa-press.net\/togo\/sites\/58\/2024\/07\/sm_1720729284.94672.jpg","contentUrl":"https:\/\/static.africa-press.net\/togo\/sites\/58\/2024\/07\/sm_1720729284.94672.jpg","width":720,"height":480,"caption":"Le front \u00ab Touche Pas \u00c0 Ma Constitution \u00bb d\u00e9nonce la mani\u00e8re dont la CEDEAO a trait\u00e9 la crise togolaise"},{"@type":"BreadcrumbList","@id":"https:\/\/www.africa-press.net\/togo\/politique\/le-front-touche-pas-a-ma-constitution-denonce-la-maniere-dont-la-cedeao-a-traite-la-crise-togolaise#breadcrumb","itemListElement":[{"@type":"ListItem","position":1,"name":"Accueil","item":"https:\/\/www.africa-press.net\/togo\/"},{"@type":"ListItem","position":2,"name":"Le front \u00ab Touche Pas \u00c0 Ma Constitution \u00bb d\u00e9nonce la mani\u00e8re dont la CEDEAO a trait\u00e9 la crise togolaise"}]},{"@type":"WebSite","@id":"https:\/\/www.africa-press.net\/togo\/#website","url":"https:\/\/www.africa-press.net\/togo\/","name":"Togo","description":"Just another Africa News Agency Sites site","potentialAction":[{"@type":"SearchAction","target":{"@type":"EntryPoint","urlTemplate":"https:\/\/www.africa-press.net\/togo\/?s={search_term_string}"},"query-input":{"@type":"PropertyValueSpecification","valueRequired":true,"valueName":"search_term_string"}}],"inLanguage":"fr-FR"},{"@type":"Person","@id":"https:\/\/www.africa-press.net\/togo\/#\/schema\/person\/2b1cf3cd81a31e3cd26889ca66d677f1","name":"cfeditorfr"}]}},"_links":{"self":[{"href":"https:\/\/www.africa-press.net\/togo\/wp-json\/wp\/v2\/posts\/32436","targetHints":{"allow":["GET"]}}],"collection":[{"href":"https:\/\/www.africa-press.net\/togo\/wp-json\/wp\/v2\/posts"}],"about":[{"href":"https:\/\/www.africa-press.net\/togo\/wp-json\/wp\/v2\/types\/post"}],"author":[{"embeddable":true,"href":"https:\/\/www.africa-press.net\/togo\/wp-json\/wp\/v2\/users\/82"}],"replies":[{"embeddable":true,"href":"https:\/\/www.africa-press.net\/togo\/wp-json\/wp\/v2\/comments?post=32436"}],"version-history":[{"count":0,"href":"https:\/\/www.africa-press.net\/togo\/wp-json\/wp\/v2\/posts\/32436\/revisions"}],"wp:featuredmedia":[{"embeddable":true,"href":"https:\/\/www.africa-press.net\/togo\/wp-json\/wp\/v2\/media\/32435"}],"wp:attachment":[{"href":"https:\/\/www.africa-press.net\/togo\/wp-json\/wp\/v2\/media?parent=32436"}],"wp:term":[{"taxonomy":"category","embeddable":true,"href":"https:\/\/www.africa-press.net\/togo\/wp-json\/wp\/v2\/categories?post=32436"},{"taxonomy":"post_tag","embeddable":true,"href":"https:\/\/www.africa-press.net\/togo\/wp-json\/wp\/v2\/tags?post=32436"}],"curies":[{"name":"wp","href":"https:\/\/api.w.org\/{rel}","templated":true}]}}