{"id":32522,"date":"2024-07-17T22:36:32","date_gmt":"2024-07-17T22:36:32","guid":{"rendered":"https:\/\/www.africa-press.net\/togo\/politique\/togo-plusieurs-arrestations-signalees-dans-les-rangs-des-militaires"},"modified":"2024-07-17T22:58:56","modified_gmt":"2024-07-17T22:58:56","slug":"togo-plusieurs-arrestations-signalees-dans-les-rangs-des-militaires","status":"publish","type":"post","link":"https:\/\/www.africa-press.net\/togo\/toutes-les-actualites\/togo-plusieurs-arrestations-signalees-dans-les-rangs-des-militaires","title":{"rendered":"Togo-Plusieurs Arrestations Signale\u0301es dans les Rangs des Militaires"},"content":{"rendered":"<p><span style=\"color: #ff6600\"><strong>Africa-Press &#8211; Togo. <\/strong><\/span><b>Plusieurs officiers et soldats sont arre\u0302te\u0301s a\u0300 Lome\u0301 et surtout a\u0300 Kara depuis le week-end, en marge des luttes Evalas. Dans les arcanes du pouvoir, des bruits courent qu\u2019une ope\u0301ration de neutralisation d\u2019une cible e\u0301tait pre\u0301vue le dimanche 14 juillet 2024 au second jour des luttes Evala en pays Kabye\u0300.<\/b><\/p>\n<p>C\u2019est d\u2019abord un civil, le sulfureux Jean Claude Montcho, militant RPT\/ UNIR, connu pour son ze\u0300le et son ro\u0302le macabre dans les e\u0301ve\u0301nements de 2005, 2012 et 2017 qui a e\u0301te\u0301 appre\u0301hende\u0301 samedi soir. Une perquisition a\u0300 des lieux qu\u2019il fre\u0301quente re\u0301gulie\u0300rement a permis de de\u0301couvrir des armes.<\/p>\n<p>Nos sources renseignent que le chef corps du Re\u0301giment Parachutiste Commando du camp Landja a\u0300 Kara, le Colonel Ali Bouwakibe\u0300 (sur la photo avec Faure Gnassingbe\u0301) a e\u0301te\u0301 arre\u0302te\u0301, avant d\u2019ajouter que plusieurs officiers supe\u0301rieurs et civils seraient arre\u0302te\u0301s, et d\u2019autres en fuite.<\/p>\n<p>Faure Gnassingbe\u0301 a me\u0302me e\u0301te\u0301 oblige\u0301 de quitter momentane\u0301ment la re\u0301gion, avant d\u2019y retourner ce lundi. Certains sources croient savoir qu\u2019il a quitte\u0301 la re\u0301gion et me\u0302me le pays samedi soir pour se mettre a\u0300 l\u2019abri au Maroc, pendant que d\u2019autres e\u0301voquent un repli au Niger. Toujours est-il qu\u2019il n\u2019e\u0301tait pas pre\u0301sent dans les are\u0300nes dimanche.<\/p>\n<p><b>Le grand malaise<\/b><\/p>\n<p>Depuis plusieurs mois, ce n\u2019est pas la grande se\u0301re\u0301nite\u0301 autour du pouvoir de Faure Gnassingbe\u0301. Au-dela\u0300 de la fe\u0301brilite\u0301 et du cafouillage qu\u2019affiche le jeune monarque dans le dossier du changement de la constitution, c\u0327a bavarde beaucoup au sein de la grande muette. La jeune classe des officiers supe\u0301rieurs est moins dispose\u0301e a\u0300 certaines compromissions.<\/p>\n<p>La situation se ge\u0300re au calme, me\u0302me si elle est tendue et n\u2019est visible seulement qu\u2019a\u0300 un degre\u0301 de la haute hie\u0301rarchie militaire.<\/p>\n<p>Depuis plusieurs mois, le chef corps du GILAT (Groupe d\u2019intervention le\u0301ge\u0300re anti- terroriste), le Colonel Tchamie\u0300 Somiye Abalo Be\u0300ze\u0301bada, un pilier du syste\u0300me se fait rare. Cet officier, sac a\u0300 dos, e\u0301tait l\u2019ancien escorte de Kpatcha Gnassingbe qu\u2019il a balance\u0301 moyennant une promotion et sa nomination a\u0300 la te\u0302te de l\u2019unite\u0301 d\u2019e\u0301lite.<\/p>\n<p>Connu pour ses exactions envers les civils, il a e\u0301te\u0301 tre\u0300s actif dans l\u2019arrestation et les brimades envers les militants de l\u2019opposition pendant les e\u0301ve\u0301nements de 2017 comme on peut l\u2019apercevoir sur l\u2019image. Il a e\u0301galement contribue\u0301 a\u0300 balancer, selon des sources, un certain ge\u0301ne\u0301ral Fe\u0301lix Kadanga dont il e\u0301tait proche.<\/p>\n<p>Depuis il serait en froid avec le locataire de la Marina me\u0302me si officiellement il n\u2019est pas encore remplace\u0301 a\u0300 la te\u0302te du GILAT.<\/p>\n<p>\u00ab Tous les renseignements sont mis a\u0300 contribution pour e\u0301valuer l\u2019ampleur du complot et le degre\u0301 des implications de ce qui a failli se produire ce week-end a\u0300 Kara \u00bb, confie une source, qui pre\u0301cise que les arrestations continuent et les de\u0301sertions aussi.<\/p>\n<p>Derrie\u0300re la se\u0301re\u0301nite\u0301 affiche\u0301e lors de ces luttes traditionnelles en pays Kabye\u0300 se joue une pie\u0300ce plus agite\u0301e. La se\u0301curite\u0301 a d\u2019ailleurs e\u0301te\u0301 renforce\u0301e au cours de ces ce\u0301re\u0301monies des Evalas.<\/p>\n<p>L\u2019arme\u0301e togolaise, pilier du re\u0301gime du clan Gnassingbe\u0301 depuis 60 ans, fait l\u2019objet re\u0301gulie\u0300rement des purges. La dernie\u0300re en date a abouti a\u0300 la condamnation a\u0300 20 ans de prison du Colonel Felix Abalo Kadanga, ancien chef d\u2019Etat-major, et acteur majeur de l\u2019ascension de Faure Gnassingbe au pouvoir en 2005.<\/p>\n<p>Ce dernier au pouvoir depuis 20 ans, a proce\u0301de\u0301 a\u0300 plusieurs reprises, ces derniers mois, au changement de chef d\u2019E\u0301tat-major des FAT, signe d\u2019une certaine fe\u0301brilite\u0301.<\/p>\n<p>Avec l\u2019Alternative<\/p>\n<p><strong>Pour plus d&rsquo;informations et d&rsquo;analyses sur la <span style=\"color: #ff6600\">Togo<\/span>, suivez <span style=\"color: #ff6600\">Africa-Press<\/span><\/strong><\/p>\n","protected":false},"excerpt":{"rendered":"<p>Africa-Press &#8211; Togo. Plusieurs officiers et soldats sont arre\u0302te\u0301s a\u0300 Lome\u0301 et surtout a\u0300 Kara depuis le week-end, en marge des luttes Evalas. Dans les arcanes du pouvoir, des bruits courent qu\u2019une ope\u0301ration de neutralisation d\u2019une cible e\u0301tait pre\u0301vue le dimanche 14 juillet 2024 au second jour des luttes Evala en pays Kabye\u0300. C\u2019est d\u2019abord [&hellip;]<\/p>\n","protected":false},"author":82,"featured_media":32521,"comment_status":"open","ping_status":"closed","sticky":false,"template":"","format":"standard","meta":{"footnotes":""},"categories":[21,10],"tags":[417,505,50],"class_list":["post-32522","post","type-post","status-publish","format-standard","has-post-thumbnail","hentry","category-communaute","category-toutes-les-actualites","tag-arrestation","tag-fat","tag-togo"],"yoast_head":"<!-- This site is optimized with the Yoast SEO Premium plugin v26.1 (Yoast SEO v27.0) - https:\/\/yoast.com\/product\/yoast-seo-premium-wordpress\/ -->\n<title>Togo-Plusieurs Arrestations Signale\u0301es dans les Rangs des Militaires - Togo<\/title>\n<meta name=\"description\" content=\"Plusieurs officiers et soldats sont arre\u0302te\u0301s a\u0300 Lome\u0301 et surtout a\u0300 Kara depuis le week-end, en marge des luttes Eva ...\" \/>\n<meta name=\"robots\" content=\"index, follow, max-snippet:-1, max-image-preview:large, max-video-preview:-1\" \/>\n<link rel=\"canonical\" href=\"https:\/\/www.africa-press.net\/togo\/toutes-les-actualites\/togo-plusieurs-arrestations-signalees-dans-les-rangs-des-militaires\" \/>\n<meta property=\"og:locale\" content=\"fr_FR\" \/>\n<meta property=\"og:type\" content=\"article\" \/>\n<meta property=\"og:title\" content=\"Togo-Plusieurs Arrestations Signale\u0301es dans les Rangs des Militaires\" \/>\n<meta property=\"og:description\" content=\"Plusieurs officiers et soldats sont arre\u0302te\u0301s a\u0300 Lome\u0301 et surtout a\u0300 Kara depuis le week-end, en marge des luttes Eva ...\" \/>\n<meta property=\"og:url\" content=\"https:\/\/www.africa-press.net\/togo\/toutes-les-actualites\/togo-plusieurs-arrestations-signalees-dans-les-rangs-des-militaires\" \/>\n<meta property=\"og:site_name\" content=\"Togo\" \/>\n<meta property=\"article:published_time\" content=\"2024-07-17T22:36:32+00:00\" \/>\n<meta property=\"article:modified_time\" content=\"2024-07-17T22:58:56+00:00\" \/>\n<meta property=\"og:image\" content=\"https:\/\/static.africa-press.net\/togo\/sites\/58\/2024\/07\/sm_1721244273.591394.jpg\" \/>\n\t<meta property=\"og:image:width\" content=\"1280\" \/>\n\t<meta property=\"og:image:height\" content=\"720\" \/>\n\t<meta property=\"og:image:type\" content=\"image\/jpeg\" \/>\n<meta name=\"author\" content=\"cfeditorfr\" \/>\n<meta name=\"twitter:card\" content=\"summary_large_image\" \/>\n<meta name=\"twitter:label1\" content=\"\u00c9crit par\" \/>\n\t<meta name=\"twitter:data1\" content=\"cfeditorfr\" \/>\n\t<meta name=\"twitter:label2\" content=\"Dur\u00e9e de lecture estim\u00e9e\" \/>\n\t<meta name=\"twitter:data2\" content=\"3 minutes\" \/>\n<script type=\"application\/ld+json\" class=\"yoast-schema-graph\">{\"@context\":\"https:\/\/schema.org\",\"@graph\":[{\"@type\":\"Article\",\"@id\":\"https:\/\/www.africa-press.net\/togo\/toutes-les-actualites\/togo-plusieurs-arrestations-signalees-dans-les-rangs-des-militaires#article\",\"isPartOf\":{\"@id\":\"https:\/\/www.africa-press.net\/togo\/toutes-les-actualites\/togo-plusieurs-arrestations-signalees-dans-les-rangs-des-militaires\"},\"author\":{\"name\":\"cfeditorfr\",\"@id\":\"https:\/\/www.africa-press.net\/togo\/#\/schema\/person\/2b1cf3cd81a31e3cd26889ca66d677f1\"},\"headline\":\"Togo-Plusieurs Arrestations Signale\u0301es dans les Rangs des Militaires\",\"datePublished\":\"2024-07-17T22:36:32+00:00\",\"dateModified\":\"2024-07-17T22:58:56+00:00\",\"mainEntityOfPage\":{\"@id\":\"https:\/\/www.africa-press.net\/togo\/toutes-les-actualites\/togo-plusieurs-arrestations-signalees-dans-les-rangs-des-militaires\"},\"wordCount\":686,\"commentCount\":0,\"image\":{\"@id\":\"https:\/\/www.africa-press.net\/togo\/toutes-les-actualites\/togo-plusieurs-arrestations-signalees-dans-les-rangs-des-militaires#primaryimage\"},\"thumbnailUrl\":\"https:\/\/static.africa-press.net\/togo\/sites\/58\/2024\/07\/sm_1721244273.591394.jpg\",\"keywords\":[\"arrestation\",\"FAT\",\"Togo\"],\"articleSection\":[\"Communaut\u00e9\",\"Toutes les actualit\u00e9s\"],\"inLanguage\":\"fr-FR\",\"potentialAction\":[{\"@type\":\"CommentAction\",\"name\":\"Comment\",\"target\":[\"https:\/\/www.africa-press.net\/togo\/toutes-les-actualites\/togo-plusieurs-arrestations-signalees-dans-les-rangs-des-militaires#respond\"]}]},{\"@type\":\"WebPage\",\"@id\":\"https:\/\/www.africa-press.net\/togo\/toutes-les-actualites\/togo-plusieurs-arrestations-signalees-dans-les-rangs-des-militaires\",\"url\":\"https:\/\/www.africa-press.net\/togo\/toutes-les-actualites\/togo-plusieurs-arrestations-signalees-dans-les-rangs-des-militaires\",\"name\":\"Togo-Plusieurs Arrestations Signale\u0301es dans les Rangs des Militaires - Togo\",\"isPartOf\":{\"@id\":\"https:\/\/www.africa-press.net\/togo\/#website\"},\"primaryImageOfPage\":{\"@id\":\"https:\/\/www.africa-press.net\/togo\/toutes-les-actualites\/togo-plusieurs-arrestations-signalees-dans-les-rangs-des-militaires#primaryimage\"},\"image\":{\"@id\":\"https:\/\/www.africa-press.net\/togo\/toutes-les-actualites\/togo-plusieurs-arrestations-signalees-dans-les-rangs-des-militaires#primaryimage\"},\"thumbnailUrl\":\"https:\/\/static.africa-press.net\/togo\/sites\/58\/2024\/07\/sm_1721244273.591394.jpg\",\"datePublished\":\"2024-07-17T22:36:32+00:00\",\"dateModified\":\"2024-07-17T22:58:56+00:00\",\"author\":{\"@id\":\"https:\/\/www.africa-press.net\/togo\/#\/schema\/person\/2b1cf3cd81a31e3cd26889ca66d677f1\"},\"description\":\"Plusieurs officiers et soldats sont arre\u0302te\u0301s a\u0300 Lome\u0301 et surtout a\u0300 Kara depuis le week-end, en marge des luttes Eva ...\",\"breadcrumb\":{\"@id\":\"https:\/\/www.africa-press.net\/togo\/toutes-les-actualites\/togo-plusieurs-arrestations-signalees-dans-les-rangs-des-militaires#breadcrumb\"},\"inLanguage\":\"fr-FR\",\"potentialAction\":[{\"@type\":\"ReadAction\",\"target\":[\"https:\/\/www.africa-press.net\/togo\/toutes-les-actualites\/togo-plusieurs-arrestations-signalees-dans-les-rangs-des-militaires\"]}]},{\"@type\":\"ImageObject\",\"inLanguage\":\"fr-FR\",\"@id\":\"https:\/\/www.africa-press.net\/togo\/toutes-les-actualites\/togo-plusieurs-arrestations-signalees-dans-les-rangs-des-militaires#primaryimage\",\"url\":\"https:\/\/static.africa-press.net\/togo\/sites\/58\/2024\/07\/sm_1721244273.591394.jpg\",\"contentUrl\":\"https:\/\/static.africa-press.net\/togo\/sites\/58\/2024\/07\/sm_1721244273.591394.jpg\",\"width\":1280,\"height\":720,\"caption\":\"Togo-Plusieurs Arrestations Signale\u0301es dans les Rangs des Militaires\"},{\"@type\":\"BreadcrumbList\",\"@id\":\"https:\/\/www.africa-press.net\/togo\/toutes-les-actualites\/togo-plusieurs-arrestations-signalees-dans-les-rangs-des-militaires#breadcrumb\",\"itemListElement\":[{\"@type\":\"ListItem\",\"position\":1,\"name\":\"Accueil\",\"item\":\"https:\/\/www.africa-press.net\/togo\/\"},{\"@type\":\"ListItem\",\"position\":2,\"name\":\"Togo-Plusieurs Arrestations Signale\u0301es dans les Rangs des Militaires\"}]},{\"@type\":\"WebSite\",\"@id\":\"https:\/\/www.africa-press.net\/togo\/#website\",\"url\":\"https:\/\/www.africa-press.net\/togo\/\",\"name\":\"Togo\",\"description\":\"Just another Africa News Agency Sites site\",\"potentialAction\":[{\"@type\":\"SearchAction\",\"target\":{\"@type\":\"EntryPoint\",\"urlTemplate\":\"https:\/\/www.africa-press.net\/togo\/?s={search_term_string}\"},\"query-input\":{\"@type\":\"PropertyValueSpecification\",\"valueRequired\":true,\"valueName\":\"search_term_string\"}}],\"inLanguage\":\"fr-FR\"},{\"@type\":\"Person\",\"@id\":\"https:\/\/www.africa-press.net\/togo\/#\/schema\/person\/2b1cf3cd81a31e3cd26889ca66d677f1\",\"name\":\"cfeditorfr\"}]}<\/script>\n<!-- \/ Yoast SEO Premium plugin. -->","yoast_head_json":{"title":"Togo-Plusieurs Arrestations Signale\u0301es dans les Rangs des Militaires - Togo","description":"Plusieurs officiers et soldats sont arre\u0302te\u0301s a\u0300 Lome\u0301 et surtout a\u0300 Kara depuis le week-end, en marge des luttes Eva ...","robots":{"index":"index","follow":"follow","max-snippet":"max-snippet:-1","max-image-preview":"max-image-preview:large","max-video-preview":"max-video-preview:-1"},"canonical":"https:\/\/www.africa-press.net\/togo\/toutes-les-actualites\/togo-plusieurs-arrestations-signalees-dans-les-rangs-des-militaires","og_locale":"fr_FR","og_type":"article","og_title":"Togo-Plusieurs Arrestations Signale\u0301es dans les Rangs des Militaires","og_description":"Plusieurs officiers et soldats sont arre\u0302te\u0301s a\u0300 Lome\u0301 et surtout a\u0300 Kara depuis le week-end, en marge des luttes Eva ...","og_url":"https:\/\/www.africa-press.net\/togo\/toutes-les-actualites\/togo-plusieurs-arrestations-signalees-dans-les-rangs-des-militaires","og_site_name":"Togo","article_published_time":"2024-07-17T22:36:32+00:00","article_modified_time":"2024-07-17T22:58:56+00:00","og_image":[{"width":1280,"height":720,"url":"https:\/\/static.africa-press.net\/togo\/sites\/58\/2024\/07\/sm_1721244273.591394.jpg","type":"image\/jpeg"}],"author":"cfeditorfr","twitter_card":"summary_large_image","twitter_misc":{"\u00c9crit par":"cfeditorfr","Dur\u00e9e de lecture estim\u00e9e":"3 minutes"},"schema":{"@context":"https:\/\/schema.org","@graph":[{"@type":"Article","@id":"https:\/\/www.africa-press.net\/togo\/toutes-les-actualites\/togo-plusieurs-arrestations-signalees-dans-les-rangs-des-militaires#article","isPartOf":{"@id":"https:\/\/www.africa-press.net\/togo\/toutes-les-actualites\/togo-plusieurs-arrestations-signalees-dans-les-rangs-des-militaires"},"author":{"name":"cfeditorfr","@id":"https:\/\/www.africa-press.net\/togo\/#\/schema\/person\/2b1cf3cd81a31e3cd26889ca66d677f1"},"headline":"Togo-Plusieurs Arrestations Signale\u0301es dans les Rangs des Militaires","datePublished":"2024-07-17T22:36:32+00:00","dateModified":"2024-07-17T22:58:56+00:00","mainEntityOfPage":{"@id":"https:\/\/www.africa-press.net\/togo\/toutes-les-actualites\/togo-plusieurs-arrestations-signalees-dans-les-rangs-des-militaires"},"wordCount":686,"commentCount":0,"image":{"@id":"https:\/\/www.africa-press.net\/togo\/toutes-les-actualites\/togo-plusieurs-arrestations-signalees-dans-les-rangs-des-militaires#primaryimage"},"thumbnailUrl":"https:\/\/static.africa-press.net\/togo\/sites\/58\/2024\/07\/sm_1721244273.591394.jpg","keywords":["arrestation","FAT","Togo"],"articleSection":["Communaut\u00e9","Toutes les actualit\u00e9s"],"inLanguage":"fr-FR","potentialAction":[{"@type":"CommentAction","name":"Comment","target":["https:\/\/www.africa-press.net\/togo\/toutes-les-actualites\/togo-plusieurs-arrestations-signalees-dans-les-rangs-des-militaires#respond"]}]},{"@type":"WebPage","@id":"https:\/\/www.africa-press.net\/togo\/toutes-les-actualites\/togo-plusieurs-arrestations-signalees-dans-les-rangs-des-militaires","url":"https:\/\/www.africa-press.net\/togo\/toutes-les-actualites\/togo-plusieurs-arrestations-signalees-dans-les-rangs-des-militaires","name":"Togo-Plusieurs Arrestations Signale\u0301es dans les Rangs des Militaires - Togo","isPartOf":{"@id":"https:\/\/www.africa-press.net\/togo\/#website"},"primaryImageOfPage":{"@id":"https:\/\/www.africa-press.net\/togo\/toutes-les-actualites\/togo-plusieurs-arrestations-signalees-dans-les-rangs-des-militaires#primaryimage"},"image":{"@id":"https:\/\/www.africa-press.net\/togo\/toutes-les-actualites\/togo-plusieurs-arrestations-signalees-dans-les-rangs-des-militaires#primaryimage"},"thumbnailUrl":"https:\/\/static.africa-press.net\/togo\/sites\/58\/2024\/07\/sm_1721244273.591394.jpg","datePublished":"2024-07-17T22:36:32+00:00","dateModified":"2024-07-17T22:58:56+00:00","author":{"@id":"https:\/\/www.africa-press.net\/togo\/#\/schema\/person\/2b1cf3cd81a31e3cd26889ca66d677f1"},"description":"Plusieurs officiers et soldats sont arre\u0302te\u0301s a\u0300 Lome\u0301 et surtout a\u0300 Kara depuis le week-end, en marge des luttes Eva ...","breadcrumb":{"@id":"https:\/\/www.africa-press.net\/togo\/toutes-les-actualites\/togo-plusieurs-arrestations-signalees-dans-les-rangs-des-militaires#breadcrumb"},"inLanguage":"fr-FR","potentialAction":[{"@type":"ReadAction","target":["https:\/\/www.africa-press.net\/togo\/toutes-les-actualites\/togo-plusieurs-arrestations-signalees-dans-les-rangs-des-militaires"]}]},{"@type":"ImageObject","inLanguage":"fr-FR","@id":"https:\/\/www.africa-press.net\/togo\/toutes-les-actualites\/togo-plusieurs-arrestations-signalees-dans-les-rangs-des-militaires#primaryimage","url":"https:\/\/static.africa-press.net\/togo\/sites\/58\/2024\/07\/sm_1721244273.591394.jpg","contentUrl":"https:\/\/static.africa-press.net\/togo\/sites\/58\/2024\/07\/sm_1721244273.591394.jpg","width":1280,"height":720,"caption":"Togo-Plusieurs Arrestations Signale\u0301es dans les Rangs des Militaires"},{"@type":"BreadcrumbList","@id":"https:\/\/www.africa-press.net\/togo\/toutes-les-actualites\/togo-plusieurs-arrestations-signalees-dans-les-rangs-des-militaires#breadcrumb","itemListElement":[{"@type":"ListItem","position":1,"name":"Accueil","item":"https:\/\/www.africa-press.net\/togo\/"},{"@type":"ListItem","position":2,"name":"Togo-Plusieurs Arrestations Signale\u0301es dans les Rangs des Militaires"}]},{"@type":"WebSite","@id":"https:\/\/www.africa-press.net\/togo\/#website","url":"https:\/\/www.africa-press.net\/togo\/","name":"Togo","description":"Just another Africa News Agency Sites site","potentialAction":[{"@type":"SearchAction","target":{"@type":"EntryPoint","urlTemplate":"https:\/\/www.africa-press.net\/togo\/?s={search_term_string}"},"query-input":{"@type":"PropertyValueSpecification","valueRequired":true,"valueName":"search_term_string"}}],"inLanguage":"fr-FR"},{"@type":"Person","@id":"https:\/\/www.africa-press.net\/togo\/#\/schema\/person\/2b1cf3cd81a31e3cd26889ca66d677f1","name":"cfeditorfr"}]}},"_links":{"self":[{"href":"https:\/\/www.africa-press.net\/togo\/wp-json\/wp\/v2\/posts\/32522","targetHints":{"allow":["GET"]}}],"collection":[{"href":"https:\/\/www.africa-press.net\/togo\/wp-json\/wp\/v2\/posts"}],"about":[{"href":"https:\/\/www.africa-press.net\/togo\/wp-json\/wp\/v2\/types\/post"}],"author":[{"embeddable":true,"href":"https:\/\/www.africa-press.net\/togo\/wp-json\/wp\/v2\/users\/82"}],"replies":[{"embeddable":true,"href":"https:\/\/www.africa-press.net\/togo\/wp-json\/wp\/v2\/comments?post=32522"}],"version-history":[{"count":0,"href":"https:\/\/www.africa-press.net\/togo\/wp-json\/wp\/v2\/posts\/32522\/revisions"}],"wp:featuredmedia":[{"embeddable":true,"href":"https:\/\/www.africa-press.net\/togo\/wp-json\/wp\/v2\/media\/32521"}],"wp:attachment":[{"href":"https:\/\/www.africa-press.net\/togo\/wp-json\/wp\/v2\/media?parent=32522"}],"wp:term":[{"taxonomy":"category","embeddable":true,"href":"https:\/\/www.africa-press.net\/togo\/wp-json\/wp\/v2\/categories?post=32522"},{"taxonomy":"post_tag","embeddable":true,"href":"https:\/\/www.africa-press.net\/togo\/wp-json\/wp\/v2\/tags?post=32522"}],"curies":[{"name":"wp","href":"https:\/\/api.w.org\/{rel}","templated":true}]}}