{"id":32707,"date":"2024-07-26T23:40:24","date_gmt":"2024-07-26T23:40:24","guid":{"rendered":"https:\/\/www.africa-press.net\/togo\/politique\/plus-de-350-soldats-deferes-a-la-prison-civile-de-lome-une-liste"},"modified":"2024-07-27T00:00:44","modified_gmt":"2024-07-27T00:00:44","slug":"plus-de-350-soldats-deferes-a-la-prison-civile-de-lome-une-liste","status":"publish","type":"post","link":"https:\/\/www.africa-press.net\/togo\/toutes-les-actualites\/plus-de-350-soldats-deferes-a-la-prison-civile-de-lome-une-liste","title":{"rendered":"Plus de 350 Soldats De\u0301fe\u0301re\u0301s A\u0300 la Prison Civile de Lome\u0301 (Une Liste)"},"content":{"rendered":"<p><span style=\"color: #ff6600\"><strong>Africa-Press &#8211; Togo. <\/strong><\/span>Dans un re\u0301cent live Facebook, le journaliste d\u2019investigation Ferdinand Ayite\u0301 a mis en lumie\u0300re une re\u0301alite\u0301 souvent ignore\u0301e: les injustices subies par les militaires togolais. Ayite\u0301 a souligne\u0301 que l\u2019arme\u0301e, bien que pilier du re\u0301gime, est e\u0301galement victime de ce me\u0302me re\u0301gime. Il a re\u0301ve\u0301le\u0301 des informations troublantes sur les conditions de de\u0301tention et les arrestations arbitraires de militaires, appelant a\u0300 une prise de conscience collective.<\/p>\n<p>Ayite\u0301 a commence\u0301 par e\u0301voquer les de\u0301sertions au sein de l\u2019arme\u0301e togolaise, un phe\u0301nome\u0300ne qui, bien que connu de certains, reste largement me\u0301connu du grand public. Il a e\u0301galement mentionne\u0301 que de nombreux militaires sont arre\u0302te\u0301s et de\u0301tenus dans des lieux secrets, sans que leurs familles puissent les contacter. Cette situation cre\u0301e une atmosphe\u0300re de peur et d\u2019incertitude, non seulement pour les militaires, mais aussi pour leurs proches.<\/p>\n<p>Le journaliste a insiste\u0301 sur le fait que l\u2019arme\u0301e ne doit pas e\u0302tre une entite\u0301 se\u0301pare\u0301e de la socie\u0301te\u0301. Il a cite\u0301 Joseph Ki-Zerbo, l\u2019un des plus grands historiens africains, qui affirme que l\u2019arme\u0301e doit faire corps avec la socie\u0301te\u0301. Ayite\u0301 a souligne\u0301 que les injustices subies par les militaires affectent toute la socie\u0301te\u0301, et qu\u2019il est du devoir de chacun de manifester sa sympathie et de partager leur douleur.<\/p>\n<p>ICI LA LISTE:<\/p>\n<p>Ayite\u0301 a re\u0301ve\u0301le\u0301 que plus de 350 soldats togolais sont actuellement emprisonne\u0301s a\u0300 la prison civile de Lome\u0301, repre\u0301sentant presque un tiers de la population carce\u0301rale. Ces militaires sont accuse\u0301s de divers de\u0301lits, allant du viol au braquage, mais certains pourraient e\u0302tre victimes de purges ou de soupc\u0327ons de de\u0301loyaute\u0301. Le journaliste a e\u0301galement mentionne\u0301 que de nombreux escrocs ope\u0301rant sur les re\u0301seaux sociaux togolais sont en re\u0301alite\u0301 des de\u0301tenus, y compris des militaires.<\/p>\n<p>Le journaliste a donne\u0301 des exemples concrets de militaires arre\u0302te\u0301s et de\u0301tenus dans des conditions opaques. Par exemple, en janvier 2023, plusieurs militaires ont e\u0301te\u0301 arre\u0302te\u0301s a\u0300 Dapaong, accuse\u0301s d\u2019avoir communique\u0301 des informations confidentielles a\u0300 des activistes de la diaspora. Ces militaires sont de\u0301tenus dans des prisons secre\u0300tes, sans que leurs familles sachent ou\u0300 ils se trouvent.<\/p>\n<p>Ayite\u0301 a e\u0301galement critique\u0301 la justice a\u0300 deux vitesses qui semble pre\u0301valoir au Togo. Il a souligne\u0301 que si des militaires sont arre\u0302te\u0301s pour des de\u0301lits crapuleux, ceux qui commettent des crimes politiques ou e\u0301conomiques, comme les miliciens implique\u0301s dans des violences contre des manifestants, ne sont pas inquie\u0301te\u0301s. Il a appele\u0301 a\u0300 une justice e\u0301quitable et a\u0300 ce que tous les coupables, quels que soient leurs crimes, soient arre\u0302te\u0301s et juge\u0301s.<\/p>\n<p><strong>Pour plus d&rsquo;informations et d&rsquo;analyses sur la <span style=\"color: #ff6600\">Togo<\/span>, suivez <span style=\"color: #ff6600\">Africa-Press<\/span><\/strong><\/p>\n","protected":false},"excerpt":{"rendered":"<p>Africa-Press &#8211; Togo. Dans un re\u0301cent live Facebook, le journaliste d\u2019investigation Ferdinand Ayite\u0301 a mis en lumie\u0300re une re\u0301alite\u0301 souvent ignore\u0301e: les injustices subies par les militaires togolais. Ayite\u0301 a souligne\u0301 que l\u2019arme\u0301e, bien que pilier du re\u0301gime, est e\u0301galement victime de ce me\u0302me re\u0301gime. Il a re\u0301ve\u0301le\u0301 des informations troublantes sur les conditions de [&hellip;]<\/p>\n","protected":false},"author":82,"featured_media":32706,"comment_status":"open","ping_status":"closed","sticky":false,"template":"","format":"standard","meta":{"footnotes":""},"categories":[21,10],"tags":[505,508,50],"class_list":["post-32707","post","type-post","status-publish","format-standard","has-post-thumbnail","hentry","category-communaute","category-toutes-les-actualites","tag-fat","tag-prison","tag-togo"],"yoast_head":"<!-- This site is optimized with the Yoast SEO Premium plugin v26.1 (Yoast SEO v27.0) - https:\/\/yoast.com\/product\/yoast-seo-premium-wordpress\/ -->\n<title>Plus de 350 Soldats De\u0301fe\u0301re\u0301s A\u0300 la Prison Civile de Lome\u0301 (Une Liste) - Togo<\/title>\n<meta name=\"description\" content=\"Dans un re\u0301cent live Facebook, le journaliste d\u2019investigation Ferdinand Ayite\u0301 a mis en lumie\u0300re une re\u0301alite\u0301 souvent i ...\" \/>\n<meta name=\"robots\" content=\"index, follow, max-snippet:-1, max-image-preview:large, max-video-preview:-1\" \/>\n<link rel=\"canonical\" href=\"https:\/\/www.africa-press.net\/togo\/toutes-les-actualites\/plus-de-350-soldats-deferes-a-la-prison-civile-de-lome-une-liste\" \/>\n<meta property=\"og:locale\" content=\"fr_FR\" \/>\n<meta property=\"og:type\" content=\"article\" \/>\n<meta property=\"og:title\" content=\"Plus de 350 Soldats De\u0301fe\u0301re\u0301s A\u0300 la Prison Civile de Lome\u0301 (Une Liste)\" \/>\n<meta property=\"og:description\" content=\"Dans un re\u0301cent live Facebook, le journaliste d\u2019investigation Ferdinand Ayite\u0301 a mis en lumie\u0300re une re\u0301alite\u0301 souvent i ...\" \/>\n<meta property=\"og:url\" content=\"https:\/\/www.africa-press.net\/togo\/toutes-les-actualites\/plus-de-350-soldats-deferes-a-la-prison-civile-de-lome-une-liste\" \/>\n<meta property=\"og:site_name\" content=\"Togo\" \/>\n<meta property=\"article:published_time\" content=\"2024-07-26T23:40:24+00:00\" \/>\n<meta property=\"article:modified_time\" content=\"2024-07-27T00:00:44+00:00\" \/>\n<meta property=\"og:image\" content=\"https:\/\/static.africa-press.net\/togo\/sites\/58\/2024\/07\/sm_1722025717.84467.jpg\" \/>\n\t<meta property=\"og:image:width\" content=\"1280\" \/>\n\t<meta property=\"og:image:height\" content=\"720\" \/>\n\t<meta property=\"og:image:type\" content=\"image\/jpeg\" \/>\n<meta name=\"author\" content=\"cfeditorfr\" \/>\n<meta name=\"twitter:card\" content=\"summary_large_image\" \/>\n<meta name=\"twitter:label1\" content=\"\u00c9crit par\" \/>\n\t<meta name=\"twitter:data1\" content=\"cfeditorfr\" \/>\n\t<meta name=\"twitter:label2\" content=\"Dur\u00e9e de lecture estim\u00e9e\" \/>\n\t<meta name=\"twitter:data2\" content=\"2 minutes\" \/>\n<script type=\"application\/ld+json\" class=\"yoast-schema-graph\">{\"@context\":\"https:\/\/schema.org\",\"@graph\":[{\"@type\":\"Article\",\"@id\":\"https:\/\/www.africa-press.net\/togo\/toutes-les-actualites\/plus-de-350-soldats-deferes-a-la-prison-civile-de-lome-une-liste#article\",\"isPartOf\":{\"@id\":\"https:\/\/www.africa-press.net\/togo\/toutes-les-actualites\/plus-de-350-soldats-deferes-a-la-prison-civile-de-lome-une-liste\"},\"author\":{\"name\":\"cfeditorfr\",\"@id\":\"https:\/\/www.africa-press.net\/togo\/#\/schema\/person\/2b1cf3cd81a31e3cd26889ca66d677f1\"},\"headline\":\"Plus de 350 Soldats De\u0301fe\u0301re\u0301s A\u0300 la Prison Civile de Lome\u0301 (Une Liste)\",\"datePublished\":\"2024-07-26T23:40:24+00:00\",\"dateModified\":\"2024-07-27T00:00:44+00:00\",\"mainEntityOfPage\":{\"@id\":\"https:\/\/www.africa-press.net\/togo\/toutes-les-actualites\/plus-de-350-soldats-deferes-a-la-prison-civile-de-lome-une-liste\"},\"wordCount\":516,\"commentCount\":0,\"image\":{\"@id\":\"https:\/\/www.africa-press.net\/togo\/toutes-les-actualites\/plus-de-350-soldats-deferes-a-la-prison-civile-de-lome-une-liste#primaryimage\"},\"thumbnailUrl\":\"https:\/\/static.africa-press.net\/togo\/sites\/58\/2024\/07\/sm_1722025717.84467.jpg\",\"keywords\":[\"FAT\",\"Prison\",\"Togo\"],\"articleSection\":[\"Communaut\u00e9\",\"Toutes les actualit\u00e9s\"],\"inLanguage\":\"fr-FR\",\"potentialAction\":[{\"@type\":\"CommentAction\",\"name\":\"Comment\",\"target\":[\"https:\/\/www.africa-press.net\/togo\/toutes-les-actualites\/plus-de-350-soldats-deferes-a-la-prison-civile-de-lome-une-liste#respond\"]}]},{\"@type\":\"WebPage\",\"@id\":\"https:\/\/www.africa-press.net\/togo\/toutes-les-actualites\/plus-de-350-soldats-deferes-a-la-prison-civile-de-lome-une-liste\",\"url\":\"https:\/\/www.africa-press.net\/togo\/toutes-les-actualites\/plus-de-350-soldats-deferes-a-la-prison-civile-de-lome-une-liste\",\"name\":\"Plus de 350 Soldats De\u0301fe\u0301re\u0301s A\u0300 la Prison Civile de Lome\u0301 (Une Liste) - Togo\",\"isPartOf\":{\"@id\":\"https:\/\/www.africa-press.net\/togo\/#website\"},\"primaryImageOfPage\":{\"@id\":\"https:\/\/www.africa-press.net\/togo\/toutes-les-actualites\/plus-de-350-soldats-deferes-a-la-prison-civile-de-lome-une-liste#primaryimage\"},\"image\":{\"@id\":\"https:\/\/www.africa-press.net\/togo\/toutes-les-actualites\/plus-de-350-soldats-deferes-a-la-prison-civile-de-lome-une-liste#primaryimage\"},\"thumbnailUrl\":\"https:\/\/static.africa-press.net\/togo\/sites\/58\/2024\/07\/sm_1722025717.84467.jpg\",\"datePublished\":\"2024-07-26T23:40:24+00:00\",\"dateModified\":\"2024-07-27T00:00:44+00:00\",\"author\":{\"@id\":\"https:\/\/www.africa-press.net\/togo\/#\/schema\/person\/2b1cf3cd81a31e3cd26889ca66d677f1\"},\"description\":\"Dans un re\u0301cent live Facebook, le journaliste d\u2019investigation Ferdinand Ayite\u0301 a mis en lumie\u0300re une re\u0301alite\u0301 souvent i ...\",\"breadcrumb\":{\"@id\":\"https:\/\/www.africa-press.net\/togo\/toutes-les-actualites\/plus-de-350-soldats-deferes-a-la-prison-civile-de-lome-une-liste#breadcrumb\"},\"inLanguage\":\"fr-FR\",\"potentialAction\":[{\"@type\":\"ReadAction\",\"target\":[\"https:\/\/www.africa-press.net\/togo\/toutes-les-actualites\/plus-de-350-soldats-deferes-a-la-prison-civile-de-lome-une-liste\"]}]},{\"@type\":\"ImageObject\",\"inLanguage\":\"fr-FR\",\"@id\":\"https:\/\/www.africa-press.net\/togo\/toutes-les-actualites\/plus-de-350-soldats-deferes-a-la-prison-civile-de-lome-une-liste#primaryimage\",\"url\":\"https:\/\/static.africa-press.net\/togo\/sites\/58\/2024\/07\/sm_1722025717.84467.jpg\",\"contentUrl\":\"https:\/\/static.africa-press.net\/togo\/sites\/58\/2024\/07\/sm_1722025717.84467.jpg\",\"width\":1280,\"height\":720,\"caption\":\"Plus de 350 Soldats De\u0301fe\u0301re\u0301s A\u0300 la Prison Civile de Lome\u0301 (Une Liste)\"},{\"@type\":\"BreadcrumbList\",\"@id\":\"https:\/\/www.africa-press.net\/togo\/toutes-les-actualites\/plus-de-350-soldats-deferes-a-la-prison-civile-de-lome-une-liste#breadcrumb\",\"itemListElement\":[{\"@type\":\"ListItem\",\"position\":1,\"name\":\"Accueil\",\"item\":\"https:\/\/www.africa-press.net\/togo\/\"},{\"@type\":\"ListItem\",\"position\":2,\"name\":\"Plus de 350 Soldats De\u0301fe\u0301re\u0301s A\u0300 la Prison Civile de Lome\u0301 (Une Liste)\"}]},{\"@type\":\"WebSite\",\"@id\":\"https:\/\/www.africa-press.net\/togo\/#website\",\"url\":\"https:\/\/www.africa-press.net\/togo\/\",\"name\":\"Togo\",\"description\":\"Just another Africa News Agency Sites site\",\"potentialAction\":[{\"@type\":\"SearchAction\",\"target\":{\"@type\":\"EntryPoint\",\"urlTemplate\":\"https:\/\/www.africa-press.net\/togo\/?s={search_term_string}\"},\"query-input\":{\"@type\":\"PropertyValueSpecification\",\"valueRequired\":true,\"valueName\":\"search_term_string\"}}],\"inLanguage\":\"fr-FR\"},{\"@type\":\"Person\",\"@id\":\"https:\/\/www.africa-press.net\/togo\/#\/schema\/person\/2b1cf3cd81a31e3cd26889ca66d677f1\",\"name\":\"cfeditorfr\"}]}<\/script>\n<!-- \/ Yoast SEO Premium plugin. -->","yoast_head_json":{"title":"Plus de 350 Soldats De\u0301fe\u0301re\u0301s A\u0300 la Prison Civile de Lome\u0301 (Une Liste) - Togo","description":"Dans un re\u0301cent live Facebook, le journaliste d\u2019investigation Ferdinand Ayite\u0301 a mis en lumie\u0300re une re\u0301alite\u0301 souvent i ...","robots":{"index":"index","follow":"follow","max-snippet":"max-snippet:-1","max-image-preview":"max-image-preview:large","max-video-preview":"max-video-preview:-1"},"canonical":"https:\/\/www.africa-press.net\/togo\/toutes-les-actualites\/plus-de-350-soldats-deferes-a-la-prison-civile-de-lome-une-liste","og_locale":"fr_FR","og_type":"article","og_title":"Plus de 350 Soldats De\u0301fe\u0301re\u0301s A\u0300 la Prison Civile de Lome\u0301 (Une Liste)","og_description":"Dans un re\u0301cent live Facebook, le journaliste d\u2019investigation Ferdinand Ayite\u0301 a mis en lumie\u0300re une re\u0301alite\u0301 souvent i ...","og_url":"https:\/\/www.africa-press.net\/togo\/toutes-les-actualites\/plus-de-350-soldats-deferes-a-la-prison-civile-de-lome-une-liste","og_site_name":"Togo","article_published_time":"2024-07-26T23:40:24+00:00","article_modified_time":"2024-07-27T00:00:44+00:00","og_image":[{"width":1280,"height":720,"url":"https:\/\/static.africa-press.net\/togo\/sites\/58\/2024\/07\/sm_1722025717.84467.jpg","type":"image\/jpeg"}],"author":"cfeditorfr","twitter_card":"summary_large_image","twitter_misc":{"\u00c9crit par":"cfeditorfr","Dur\u00e9e de lecture estim\u00e9e":"2 minutes"},"schema":{"@context":"https:\/\/schema.org","@graph":[{"@type":"Article","@id":"https:\/\/www.africa-press.net\/togo\/toutes-les-actualites\/plus-de-350-soldats-deferes-a-la-prison-civile-de-lome-une-liste#article","isPartOf":{"@id":"https:\/\/www.africa-press.net\/togo\/toutes-les-actualites\/plus-de-350-soldats-deferes-a-la-prison-civile-de-lome-une-liste"},"author":{"name":"cfeditorfr","@id":"https:\/\/www.africa-press.net\/togo\/#\/schema\/person\/2b1cf3cd81a31e3cd26889ca66d677f1"},"headline":"Plus de 350 Soldats De\u0301fe\u0301re\u0301s A\u0300 la Prison Civile de Lome\u0301 (Une Liste)","datePublished":"2024-07-26T23:40:24+00:00","dateModified":"2024-07-27T00:00:44+00:00","mainEntityOfPage":{"@id":"https:\/\/www.africa-press.net\/togo\/toutes-les-actualites\/plus-de-350-soldats-deferes-a-la-prison-civile-de-lome-une-liste"},"wordCount":516,"commentCount":0,"image":{"@id":"https:\/\/www.africa-press.net\/togo\/toutes-les-actualites\/plus-de-350-soldats-deferes-a-la-prison-civile-de-lome-une-liste#primaryimage"},"thumbnailUrl":"https:\/\/static.africa-press.net\/togo\/sites\/58\/2024\/07\/sm_1722025717.84467.jpg","keywords":["FAT","Prison","Togo"],"articleSection":["Communaut\u00e9","Toutes les actualit\u00e9s"],"inLanguage":"fr-FR","potentialAction":[{"@type":"CommentAction","name":"Comment","target":["https:\/\/www.africa-press.net\/togo\/toutes-les-actualites\/plus-de-350-soldats-deferes-a-la-prison-civile-de-lome-une-liste#respond"]}]},{"@type":"WebPage","@id":"https:\/\/www.africa-press.net\/togo\/toutes-les-actualites\/plus-de-350-soldats-deferes-a-la-prison-civile-de-lome-une-liste","url":"https:\/\/www.africa-press.net\/togo\/toutes-les-actualites\/plus-de-350-soldats-deferes-a-la-prison-civile-de-lome-une-liste","name":"Plus de 350 Soldats De\u0301fe\u0301re\u0301s A\u0300 la Prison Civile de Lome\u0301 (Une Liste) - Togo","isPartOf":{"@id":"https:\/\/www.africa-press.net\/togo\/#website"},"primaryImageOfPage":{"@id":"https:\/\/www.africa-press.net\/togo\/toutes-les-actualites\/plus-de-350-soldats-deferes-a-la-prison-civile-de-lome-une-liste#primaryimage"},"image":{"@id":"https:\/\/www.africa-press.net\/togo\/toutes-les-actualites\/plus-de-350-soldats-deferes-a-la-prison-civile-de-lome-une-liste#primaryimage"},"thumbnailUrl":"https:\/\/static.africa-press.net\/togo\/sites\/58\/2024\/07\/sm_1722025717.84467.jpg","datePublished":"2024-07-26T23:40:24+00:00","dateModified":"2024-07-27T00:00:44+00:00","author":{"@id":"https:\/\/www.africa-press.net\/togo\/#\/schema\/person\/2b1cf3cd81a31e3cd26889ca66d677f1"},"description":"Dans un re\u0301cent live Facebook, le journaliste d\u2019investigation Ferdinand Ayite\u0301 a mis en lumie\u0300re une re\u0301alite\u0301 souvent i ...","breadcrumb":{"@id":"https:\/\/www.africa-press.net\/togo\/toutes-les-actualites\/plus-de-350-soldats-deferes-a-la-prison-civile-de-lome-une-liste#breadcrumb"},"inLanguage":"fr-FR","potentialAction":[{"@type":"ReadAction","target":["https:\/\/www.africa-press.net\/togo\/toutes-les-actualites\/plus-de-350-soldats-deferes-a-la-prison-civile-de-lome-une-liste"]}]},{"@type":"ImageObject","inLanguage":"fr-FR","@id":"https:\/\/www.africa-press.net\/togo\/toutes-les-actualites\/plus-de-350-soldats-deferes-a-la-prison-civile-de-lome-une-liste#primaryimage","url":"https:\/\/static.africa-press.net\/togo\/sites\/58\/2024\/07\/sm_1722025717.84467.jpg","contentUrl":"https:\/\/static.africa-press.net\/togo\/sites\/58\/2024\/07\/sm_1722025717.84467.jpg","width":1280,"height":720,"caption":"Plus de 350 Soldats De\u0301fe\u0301re\u0301s A\u0300 la Prison Civile de Lome\u0301 (Une Liste)"},{"@type":"BreadcrumbList","@id":"https:\/\/www.africa-press.net\/togo\/toutes-les-actualites\/plus-de-350-soldats-deferes-a-la-prison-civile-de-lome-une-liste#breadcrumb","itemListElement":[{"@type":"ListItem","position":1,"name":"Accueil","item":"https:\/\/www.africa-press.net\/togo\/"},{"@type":"ListItem","position":2,"name":"Plus de 350 Soldats De\u0301fe\u0301re\u0301s A\u0300 la Prison Civile de Lome\u0301 (Une Liste)"}]},{"@type":"WebSite","@id":"https:\/\/www.africa-press.net\/togo\/#website","url":"https:\/\/www.africa-press.net\/togo\/","name":"Togo","description":"Just another Africa News Agency Sites site","potentialAction":[{"@type":"SearchAction","target":{"@type":"EntryPoint","urlTemplate":"https:\/\/www.africa-press.net\/togo\/?s={search_term_string}"},"query-input":{"@type":"PropertyValueSpecification","valueRequired":true,"valueName":"search_term_string"}}],"inLanguage":"fr-FR"},{"@type":"Person","@id":"https:\/\/www.africa-press.net\/togo\/#\/schema\/person\/2b1cf3cd81a31e3cd26889ca66d677f1","name":"cfeditorfr"}]}},"_links":{"self":[{"href":"https:\/\/www.africa-press.net\/togo\/wp-json\/wp\/v2\/posts\/32707","targetHints":{"allow":["GET"]}}],"collection":[{"href":"https:\/\/www.africa-press.net\/togo\/wp-json\/wp\/v2\/posts"}],"about":[{"href":"https:\/\/www.africa-press.net\/togo\/wp-json\/wp\/v2\/types\/post"}],"author":[{"embeddable":true,"href":"https:\/\/www.africa-press.net\/togo\/wp-json\/wp\/v2\/users\/82"}],"replies":[{"embeddable":true,"href":"https:\/\/www.africa-press.net\/togo\/wp-json\/wp\/v2\/comments?post=32707"}],"version-history":[{"count":0,"href":"https:\/\/www.africa-press.net\/togo\/wp-json\/wp\/v2\/posts\/32707\/revisions"}],"wp:featuredmedia":[{"embeddable":true,"href":"https:\/\/www.africa-press.net\/togo\/wp-json\/wp\/v2\/media\/32706"}],"wp:attachment":[{"href":"https:\/\/www.africa-press.net\/togo\/wp-json\/wp\/v2\/media?parent=32707"}],"wp:term":[{"taxonomy":"category","embeddable":true,"href":"https:\/\/www.africa-press.net\/togo\/wp-json\/wp\/v2\/categories?post=32707"},{"taxonomy":"post_tag","embeddable":true,"href":"https:\/\/www.africa-press.net\/togo\/wp-json\/wp\/v2\/tags?post=32707"}],"curies":[{"name":"wp","href":"https:\/\/api.w.org\/{rel}","templated":true}]}}