{"id":33694,"date":"2024-09-02T23:04:04","date_gmt":"2024-09-02T23:04:04","guid":{"rendered":"https:\/\/www.africa-press.net\/togo\/politique\/football-om-chancel-mbemba-partira-ou-ne-partira-pas"},"modified":"2024-09-02T23:40:22","modified_gmt":"2024-09-02T23:40:22","slug":"football-om-chancel-mbemba-partira-ou-ne-partira-pas","status":"publish","type":"post","link":"https:\/\/www.africa-press.net\/togo\/sports\/football-om-chancel-mbemba-partira-ou-ne-partira-pas","title":{"rendered":"Football &#8211; OM : Chancel Mbemba, partira ou ne partira pas ?"},"content":{"rendered":"<p><span style=\"color: #ff6600\"><strong>Africa-Press &#8211; Togo. <\/strong><\/span><b>L\u2019international rd-congolais Chancel Mbemba reste a\u0300 l\u2019Olympique de Marseille. Courtise\u0301 par plusieurs clubs, le capitaine des Le\u0301opards n\u2019a finalement pas pris de de\u0301cision.<\/b><\/p>\n<p>Inde\u0301sirable, Mbemba reste jusque-la\u0300 au sein du club phoce\u0301en, mais c\u0327a ne sera pas facile pour lui. Comme e\u0301voque\u0301 re\u0301cemment par le pre\u0301sident de l\u2019OM, Pablo Longoria, les joueurs qui ne figurent pas dans les plans du staff technique, e\u0301volueront dans l\u2019e\u0301quipe re\u0301serve jusqu\u2019a\u0300 ce qu\u2019ils trouvent preneurs.<\/p>\n<p>Alors qu\u2019il est sanctionne\u0301 financie\u0300rement (retenu sur salaire par la direction du club) pour avoir eu un e\u0301change tre\u0300s houleux avec un membre du staff de l\u2019OM, Mbemba doit pre\u0301parer son mental jusqu\u2019a\u0300 son de\u0301part du club. La bonne nouvelle est qu\u2019il peut rebondir en Arabie Saoudite ou\u0300 la fin du mercato est fixe\u0301e au 2 septembre 2024.<\/p>\n<p>Inde\u0301sirable au Sporting Braga du Portugal, Simon Banza n\u2019a pas toujours un point de chute. Il est annonce\u0301 du co\u0302te\u0301 de Sporting Lisbonne. Les discussions sont en cours. Dans ce pays, le marche\u0301 reste ouvert jusqu\u2019au 2 septembre 2024.<\/p>\n<p>En Allemagne, ou\u0300 le marche\u0301 se ferme le 1er septembre 2024, Silas Katompa qui e\u0301tait cite\u0301 a\u0300 Nottingham Forest, reste a\u0300 Stuttgart.<\/p>\n<p><strong>Pour plus d&rsquo;informations et d&rsquo;analyses sur la <span style=\"color: #ff6600\">Togo<\/span>, suivez <span style=\"color: #ff6600\">Africa-Press<\/span><\/strong><\/p>\n","protected":false},"excerpt":{"rendered":"<p>Africa-Press &#8211; Togo. L\u2019international rd-congolais Chancel Mbemba reste a\u0300 l\u2019Olympique de Marseille. Courtise\u0301 par plusieurs clubs, le capitaine des Le\u0301opards n\u2019a finalement pas pris de de\u0301cision. Inde\u0301sirable, Mbemba reste jusque-la\u0300 au sein du club phoce\u0301en, mais c\u0327a ne sera pas facile pour lui. Comme e\u0301voque\u0301 re\u0301cemment par le pre\u0301sident de l\u2019OM, Pablo Longoria, les joueurs [&hellip;]<\/p>\n","protected":false},"author":82,"featured_media":33693,"comment_status":"open","ping_status":"closed","sticky":false,"template":"","format":"standard","meta":{"footnotes":""},"categories":[6,10],"tags":[50],"class_list":["post-33694","post","type-post","status-publish","format-standard","has-post-thumbnail","hentry","category-sports","category-toutes-les-actualites","tag-togo"],"yoast_head":"<!-- This site is optimized with the Yoast SEO Premium plugin v26.1 (Yoast SEO v27.0) - https:\/\/yoast.com\/product\/yoast-seo-premium-wordpress\/ -->\n<title>Football - OM : Chancel Mbemba, partira ou ne partira pas ? - Togo<\/title>\n<meta name=\"description\" content=\"L\u2019international rd-congolais Chancel Mbemba reste a\u0300 l\u2019Olympique de Marseille. Courtise\u0301 par plusieurs clubs, le capi ...\" \/>\n<meta name=\"robots\" content=\"index, follow, max-snippet:-1, max-image-preview:large, max-video-preview:-1\" \/>\n<link rel=\"canonical\" href=\"https:\/\/www.africa-press.net\/togo\/sports\/football-om-chancel-mbemba-partira-ou-ne-partira-pas\" \/>\n<meta property=\"og:locale\" content=\"fr_FR\" \/>\n<meta property=\"og:type\" content=\"article\" \/>\n<meta property=\"og:title\" content=\"Football - OM : Chancel Mbemba, partira ou ne partira pas ?\" \/>\n<meta property=\"og:description\" content=\"L\u2019international rd-congolais Chancel Mbemba reste a\u0300 l\u2019Olympique de Marseille. Courtise\u0301 par plusieurs clubs, le capi ...\" \/>\n<meta property=\"og:url\" content=\"https:\/\/www.africa-press.net\/togo\/sports\/football-om-chancel-mbemba-partira-ou-ne-partira-pas\" \/>\n<meta property=\"og:site_name\" content=\"Togo\" \/>\n<meta property=\"article:published_time\" content=\"2024-09-02T23:04:04+00:00\" \/>\n<meta property=\"article:modified_time\" content=\"2024-09-02T23:40:22+00:00\" \/>\n<meta property=\"og:image\" content=\"https:\/\/static.africa-press.net\/togo\/sites\/58\/2024\/09\/sm_1725307315.095868.jpg\" \/>\n\t<meta property=\"og:image:width\" content=\"720\" \/>\n\t<meta property=\"og:image:height\" content=\"432\" \/>\n\t<meta property=\"og:image:type\" content=\"image\/jpeg\" \/>\n<meta name=\"author\" content=\"cfeditorfr\" \/>\n<meta name=\"twitter:card\" content=\"summary_large_image\" \/>\n<meta name=\"twitter:label1\" content=\"\u00c9crit par\" \/>\n\t<meta name=\"twitter:data1\" content=\"cfeditorfr\" \/>\n\t<meta name=\"twitter:label2\" content=\"Dur\u00e9e de lecture estim\u00e9e\" \/>\n\t<meta name=\"twitter:data2\" content=\"1 minute\" \/>\n<script type=\"application\/ld+json\" class=\"yoast-schema-graph\">{\"@context\":\"https:\/\/schema.org\",\"@graph\":[{\"@type\":\"Article\",\"@id\":\"https:\/\/www.africa-press.net\/togo\/sports\/football-om-chancel-mbemba-partira-ou-ne-partira-pas#article\",\"isPartOf\":{\"@id\":\"https:\/\/www.africa-press.net\/togo\/sports\/football-om-chancel-mbemba-partira-ou-ne-partira-pas\"},\"author\":{\"name\":\"cfeditorfr\",\"@id\":\"https:\/\/www.africa-press.net\/togo\/#\/schema\/person\/2b1cf3cd81a31e3cd26889ca66d677f1\"},\"headline\":\"Football &#8211; OM : Chancel Mbemba, partira ou ne partira pas ?\",\"datePublished\":\"2024-09-02T23:04:04+00:00\",\"dateModified\":\"2024-09-02T23:40:22+00:00\",\"mainEntityOfPage\":{\"@id\":\"https:\/\/www.africa-press.net\/togo\/sports\/football-om-chancel-mbemba-partira-ou-ne-partira-pas\"},\"wordCount\":243,\"commentCount\":0,\"image\":{\"@id\":\"https:\/\/www.africa-press.net\/togo\/sports\/football-om-chancel-mbemba-partira-ou-ne-partira-pas#primaryimage\"},\"thumbnailUrl\":\"https:\/\/static.africa-press.net\/togo\/sites\/58\/2024\/09\/sm_1725307315.095868.jpg\",\"keywords\":[\"Togo\"],\"articleSection\":[\"Sports\",\"Toutes les actualit\u00e9s\"],\"inLanguage\":\"fr-FR\",\"potentialAction\":[{\"@type\":\"CommentAction\",\"name\":\"Comment\",\"target\":[\"https:\/\/www.africa-press.net\/togo\/sports\/football-om-chancel-mbemba-partira-ou-ne-partira-pas#respond\"]}]},{\"@type\":\"WebPage\",\"@id\":\"https:\/\/www.africa-press.net\/togo\/sports\/football-om-chancel-mbemba-partira-ou-ne-partira-pas\",\"url\":\"https:\/\/www.africa-press.net\/togo\/sports\/football-om-chancel-mbemba-partira-ou-ne-partira-pas\",\"name\":\"Football - OM : Chancel Mbemba, partira ou ne partira pas ? - Togo\",\"isPartOf\":{\"@id\":\"https:\/\/www.africa-press.net\/togo\/#website\"},\"primaryImageOfPage\":{\"@id\":\"https:\/\/www.africa-press.net\/togo\/sports\/football-om-chancel-mbemba-partira-ou-ne-partira-pas#primaryimage\"},\"image\":{\"@id\":\"https:\/\/www.africa-press.net\/togo\/sports\/football-om-chancel-mbemba-partira-ou-ne-partira-pas#primaryimage\"},\"thumbnailUrl\":\"https:\/\/static.africa-press.net\/togo\/sites\/58\/2024\/09\/sm_1725307315.095868.jpg\",\"datePublished\":\"2024-09-02T23:04:04+00:00\",\"dateModified\":\"2024-09-02T23:40:22+00:00\",\"author\":{\"@id\":\"https:\/\/www.africa-press.net\/togo\/#\/schema\/person\/2b1cf3cd81a31e3cd26889ca66d677f1\"},\"description\":\"L\u2019international rd-congolais Chancel Mbemba reste a\u0300 l\u2019Olympique de Marseille. Courtise\u0301 par plusieurs clubs, le capi ...\",\"breadcrumb\":{\"@id\":\"https:\/\/www.africa-press.net\/togo\/sports\/football-om-chancel-mbemba-partira-ou-ne-partira-pas#breadcrumb\"},\"inLanguage\":\"fr-FR\",\"potentialAction\":[{\"@type\":\"ReadAction\",\"target\":[\"https:\/\/www.africa-press.net\/togo\/sports\/football-om-chancel-mbemba-partira-ou-ne-partira-pas\"]}]},{\"@type\":\"ImageObject\",\"inLanguage\":\"fr-FR\",\"@id\":\"https:\/\/www.africa-press.net\/togo\/sports\/football-om-chancel-mbemba-partira-ou-ne-partira-pas#primaryimage\",\"url\":\"https:\/\/static.africa-press.net\/togo\/sites\/58\/2024\/09\/sm_1725307315.095868.jpg\",\"contentUrl\":\"https:\/\/static.africa-press.net\/togo\/sites\/58\/2024\/09\/sm_1725307315.095868.jpg\",\"width\":720,\"height\":432,\"caption\":\"Football - OM : Chancel Mbemba, partira ou ne partira pas ?\"},{\"@type\":\"BreadcrumbList\",\"@id\":\"https:\/\/www.africa-press.net\/togo\/sports\/football-om-chancel-mbemba-partira-ou-ne-partira-pas#breadcrumb\",\"itemListElement\":[{\"@type\":\"ListItem\",\"position\":1,\"name\":\"Accueil\",\"item\":\"https:\/\/www.africa-press.net\/togo\/\"},{\"@type\":\"ListItem\",\"position\":2,\"name\":\"Football &#8211; OM : Chancel Mbemba, partira ou ne partira pas ?\"}]},{\"@type\":\"WebSite\",\"@id\":\"https:\/\/www.africa-press.net\/togo\/#website\",\"url\":\"https:\/\/www.africa-press.net\/togo\/\",\"name\":\"Togo\",\"description\":\"Just another Africa News Agency Sites site\",\"potentialAction\":[{\"@type\":\"SearchAction\",\"target\":{\"@type\":\"EntryPoint\",\"urlTemplate\":\"https:\/\/www.africa-press.net\/togo\/?s={search_term_string}\"},\"query-input\":{\"@type\":\"PropertyValueSpecification\",\"valueRequired\":true,\"valueName\":\"search_term_string\"}}],\"inLanguage\":\"fr-FR\"},{\"@type\":\"Person\",\"@id\":\"https:\/\/www.africa-press.net\/togo\/#\/schema\/person\/2b1cf3cd81a31e3cd26889ca66d677f1\",\"name\":\"cfeditorfr\"}]}<\/script>\n<!-- \/ Yoast SEO Premium plugin. -->","yoast_head_json":{"title":"Football - OM : Chancel Mbemba, partira ou ne partira pas ? - Togo","description":"L\u2019international rd-congolais Chancel Mbemba reste a\u0300 l\u2019Olympique de Marseille. Courtise\u0301 par plusieurs clubs, le capi ...","robots":{"index":"index","follow":"follow","max-snippet":"max-snippet:-1","max-image-preview":"max-image-preview:large","max-video-preview":"max-video-preview:-1"},"canonical":"https:\/\/www.africa-press.net\/togo\/sports\/football-om-chancel-mbemba-partira-ou-ne-partira-pas","og_locale":"fr_FR","og_type":"article","og_title":"Football - OM : Chancel Mbemba, partira ou ne partira pas ?","og_description":"L\u2019international rd-congolais Chancel Mbemba reste a\u0300 l\u2019Olympique de Marseille. Courtise\u0301 par plusieurs clubs, le capi ...","og_url":"https:\/\/www.africa-press.net\/togo\/sports\/football-om-chancel-mbemba-partira-ou-ne-partira-pas","og_site_name":"Togo","article_published_time":"2024-09-02T23:04:04+00:00","article_modified_time":"2024-09-02T23:40:22+00:00","og_image":[{"width":720,"height":432,"url":"https:\/\/static.africa-press.net\/togo\/sites\/58\/2024\/09\/sm_1725307315.095868.jpg","type":"image\/jpeg"}],"author":"cfeditorfr","twitter_card":"summary_large_image","twitter_misc":{"\u00c9crit par":"cfeditorfr","Dur\u00e9e de lecture estim\u00e9e":"1 minute"},"schema":{"@context":"https:\/\/schema.org","@graph":[{"@type":"Article","@id":"https:\/\/www.africa-press.net\/togo\/sports\/football-om-chancel-mbemba-partira-ou-ne-partira-pas#article","isPartOf":{"@id":"https:\/\/www.africa-press.net\/togo\/sports\/football-om-chancel-mbemba-partira-ou-ne-partira-pas"},"author":{"name":"cfeditorfr","@id":"https:\/\/www.africa-press.net\/togo\/#\/schema\/person\/2b1cf3cd81a31e3cd26889ca66d677f1"},"headline":"Football &#8211; OM : Chancel Mbemba, partira ou ne partira pas ?","datePublished":"2024-09-02T23:04:04+00:00","dateModified":"2024-09-02T23:40:22+00:00","mainEntityOfPage":{"@id":"https:\/\/www.africa-press.net\/togo\/sports\/football-om-chancel-mbemba-partira-ou-ne-partira-pas"},"wordCount":243,"commentCount":0,"image":{"@id":"https:\/\/www.africa-press.net\/togo\/sports\/football-om-chancel-mbemba-partira-ou-ne-partira-pas#primaryimage"},"thumbnailUrl":"https:\/\/static.africa-press.net\/togo\/sites\/58\/2024\/09\/sm_1725307315.095868.jpg","keywords":["Togo"],"articleSection":["Sports","Toutes les actualit\u00e9s"],"inLanguage":"fr-FR","potentialAction":[{"@type":"CommentAction","name":"Comment","target":["https:\/\/www.africa-press.net\/togo\/sports\/football-om-chancel-mbemba-partira-ou-ne-partira-pas#respond"]}]},{"@type":"WebPage","@id":"https:\/\/www.africa-press.net\/togo\/sports\/football-om-chancel-mbemba-partira-ou-ne-partira-pas","url":"https:\/\/www.africa-press.net\/togo\/sports\/football-om-chancel-mbemba-partira-ou-ne-partira-pas","name":"Football - OM : Chancel Mbemba, partira ou ne partira pas ? - Togo","isPartOf":{"@id":"https:\/\/www.africa-press.net\/togo\/#website"},"primaryImageOfPage":{"@id":"https:\/\/www.africa-press.net\/togo\/sports\/football-om-chancel-mbemba-partira-ou-ne-partira-pas#primaryimage"},"image":{"@id":"https:\/\/www.africa-press.net\/togo\/sports\/football-om-chancel-mbemba-partira-ou-ne-partira-pas#primaryimage"},"thumbnailUrl":"https:\/\/static.africa-press.net\/togo\/sites\/58\/2024\/09\/sm_1725307315.095868.jpg","datePublished":"2024-09-02T23:04:04+00:00","dateModified":"2024-09-02T23:40:22+00:00","author":{"@id":"https:\/\/www.africa-press.net\/togo\/#\/schema\/person\/2b1cf3cd81a31e3cd26889ca66d677f1"},"description":"L\u2019international rd-congolais Chancel Mbemba reste a\u0300 l\u2019Olympique de Marseille. Courtise\u0301 par plusieurs clubs, le capi ...","breadcrumb":{"@id":"https:\/\/www.africa-press.net\/togo\/sports\/football-om-chancel-mbemba-partira-ou-ne-partira-pas#breadcrumb"},"inLanguage":"fr-FR","potentialAction":[{"@type":"ReadAction","target":["https:\/\/www.africa-press.net\/togo\/sports\/football-om-chancel-mbemba-partira-ou-ne-partira-pas"]}]},{"@type":"ImageObject","inLanguage":"fr-FR","@id":"https:\/\/www.africa-press.net\/togo\/sports\/football-om-chancel-mbemba-partira-ou-ne-partira-pas#primaryimage","url":"https:\/\/static.africa-press.net\/togo\/sites\/58\/2024\/09\/sm_1725307315.095868.jpg","contentUrl":"https:\/\/static.africa-press.net\/togo\/sites\/58\/2024\/09\/sm_1725307315.095868.jpg","width":720,"height":432,"caption":"Football - OM : Chancel Mbemba, partira ou ne partira pas ?"},{"@type":"BreadcrumbList","@id":"https:\/\/www.africa-press.net\/togo\/sports\/football-om-chancel-mbemba-partira-ou-ne-partira-pas#breadcrumb","itemListElement":[{"@type":"ListItem","position":1,"name":"Accueil","item":"https:\/\/www.africa-press.net\/togo\/"},{"@type":"ListItem","position":2,"name":"Football &#8211; OM : Chancel Mbemba, partira ou ne partira pas ?"}]},{"@type":"WebSite","@id":"https:\/\/www.africa-press.net\/togo\/#website","url":"https:\/\/www.africa-press.net\/togo\/","name":"Togo","description":"Just another Africa News Agency Sites site","potentialAction":[{"@type":"SearchAction","target":{"@type":"EntryPoint","urlTemplate":"https:\/\/www.africa-press.net\/togo\/?s={search_term_string}"},"query-input":{"@type":"PropertyValueSpecification","valueRequired":true,"valueName":"search_term_string"}}],"inLanguage":"fr-FR"},{"@type":"Person","@id":"https:\/\/www.africa-press.net\/togo\/#\/schema\/person\/2b1cf3cd81a31e3cd26889ca66d677f1","name":"cfeditorfr"}]}},"_links":{"self":[{"href":"https:\/\/www.africa-press.net\/togo\/wp-json\/wp\/v2\/posts\/33694","targetHints":{"allow":["GET"]}}],"collection":[{"href":"https:\/\/www.africa-press.net\/togo\/wp-json\/wp\/v2\/posts"}],"about":[{"href":"https:\/\/www.africa-press.net\/togo\/wp-json\/wp\/v2\/types\/post"}],"author":[{"embeddable":true,"href":"https:\/\/www.africa-press.net\/togo\/wp-json\/wp\/v2\/users\/82"}],"replies":[{"embeddable":true,"href":"https:\/\/www.africa-press.net\/togo\/wp-json\/wp\/v2\/comments?post=33694"}],"version-history":[{"count":0,"href":"https:\/\/www.africa-press.net\/togo\/wp-json\/wp\/v2\/posts\/33694\/revisions"}],"wp:featuredmedia":[{"embeddable":true,"href":"https:\/\/www.africa-press.net\/togo\/wp-json\/wp\/v2\/media\/33693"}],"wp:attachment":[{"href":"https:\/\/www.africa-press.net\/togo\/wp-json\/wp\/v2\/media?parent=33694"}],"wp:term":[{"taxonomy":"category","embeddable":true,"href":"https:\/\/www.africa-press.net\/togo\/wp-json\/wp\/v2\/categories?post=33694"},{"taxonomy":"post_tag","embeddable":true,"href":"https:\/\/www.africa-press.net\/togo\/wp-json\/wp\/v2\/tags?post=33694"}],"curies":[{"name":"wp","href":"https:\/\/api.w.org\/{rel}","templated":true}]}}