{"id":33847,"date":"2024-09-10T22:42:40","date_gmt":"2024-09-10T22:42:40","guid":{"rendered":"https:\/\/www.africa-press.net\/togo\/politique\/la-cdpa-rend-hommage-au-prof-martin-aduayom"},"modified":"2024-09-11T03:57:58","modified_gmt":"2024-09-11T03:57:58","slug":"la-cdpa-rend-hommage-au-prof-martin-aduayom","status":"publish","type":"post","link":"https:\/\/www.africa-press.net\/togo\/parties\/la-cdpa-rend-hommage-au-prof-martin-aduayom","title":{"rendered":"La CDPA Rend Hommage au Prof Martin Aduayom"},"content":{"rendered":"<p><span style=\"color: #ff6600\"><strong>Africa-Press &#8211; Togo. <\/strong><\/span>Le Prof Aduayom, ancien ministre, est de\u0301ce\u0301de\u0301 le 8 septembre dernier. La CDPA, son parti lui rend un vibrant hommage.<\/p>\n<p>Hommage a\u0300 Martin ADUAYOM<\/p>\n<p>Fo Martin, dont l\u2019engagement et la passion ont marque\u0301 profonde\u0301ment notre ge\u0301ne\u0301ration, tu nous as quitte\u0301 ce dimanche 8 septembre 2024.<\/p>\n<p>Martin Aduayom, comme Pre\u0301sident de la Fe\u0301de\u0301ration des E\u0301tudiants de l\u2019Afrique Noire (FEANF) de de\u0301cembre 1970 a\u0300 de\u0301cembre 1971, tu as de\u0301fendu avec ardeur les droits des e\u0301tudiants, en promouvant aussi en eux l\u2019esprit panafricain comme un vecteur essentiel d\u2019une Afrique de\u0301complexe\u0301e.<\/p>\n<p>Professeur Aduayom, en tant qu\u2019enseignant-chercheur a\u0300 l\u2019Universite\u0301 du Be\u0301nin, tu as inspire\u0301 des ge\u0301ne\u0301rations d\u2019e\u0301tudiants par ton savoir, ta rigueur intellectuelle, ton souci de former des citoyens e\u0301claire\u0301s. Tu as incarne\u0301 l\u2019esprit de de\u0301vouement a\u0300 l\u2019excellence tout au long de ta carrie\u0300re.<\/p>\n<p>Martin Aduayom, comme ministre de l\u2019enseignement supe\u0301rieur dans un gouvernement de mission, tu as pris des initiatives significatives qui ont contribue\u0301 a\u0300 l\u2019ame\u0301lioration de l\u2019enseignement supe\u0301rieur, comme par exemple l\u2019introduction du LMD dans le syste\u0300me universitaire du Togo. Tu fus un artisan de la promotion des valeurs de\u0301mocratiques dans le milieu acade\u0301mique.<\/p>\n<p>Camarade Martin, tu as e\u0301te\u0301 un membre fondateur de la Convention De\u0301mocratique des Peuples Africains (CDPA) apre\u0300s la promulgation de la charte des partis au Togo. Tu fus le gardien du temple gra\u0302ce a\u0300 ta vision e\u0301claire\u0301e et ton leadership. Tu as marque\u0301 la sce\u0300ne politique au Togo. Ta contribution a\u0300 la CDPA a renforce\u0301 notre combat pour une Afrique unie et de\u0301mocratique ; elle a prouve\u0301 que tu croyais en l\u2019engagement envers la liberte\u0301 et l\u2019e\u0301galite\u0301.<\/p>\n<p>Aujourd\u2019hui, nous ce\u0301le\u0301brons non seulement tes accomplissements, mais aussi ton he\u0301ritage. Ta vie a e\u0301te\u0301 un te\u0301moignage de la force du travail acharne\u0301, de l\u2019inte\u0301grite\u0301, de la conviction.<\/p>\n<p>Fo Martin, tu as de\u0301die\u0301 ta vie au service de l\u2019e\u0301ducation, de la de\u0301mocratie et du bien-e\u0302tre de nos peuples. Tu as inspire\u0301 de nombreux jeunes a\u0300 perse\u0301ve\u0301rer dans cette voie, leur montrant qu\u2019il est possible de transformer les re\u0300gles d\u2019un syste\u0300me a\u0300 cause des ide\u0301es naissant dans les c\u0153urs des hommes. Restons fide\u0300les a\u0300 ton he\u0301ritage et a\u0300 ton inspiration.<\/p>\n<p>Nous ne t\u2019oublierons jamais, Martin. Ta grande contribution pour ton engagement et nous tous restera grave\u0301e dans nos me\u0301moires.<\/p>\n<p>Avec toute notre reconnaissance et notre admiration.<\/p>\n<p><strong>Pour plus d&rsquo;informations et d&rsquo;analyses sur la <span style=\"color: #ff6600\">Togo<\/span>, suivez <span style=\"color: #ff6600\">Africa-Press<\/span><\/strong><\/p>\n","protected":false},"excerpt":{"rendered":"<p>Africa-Press &#8211; Togo. Le Prof Aduayom, ancien ministre, est de\u0301ce\u0301de\u0301 le 8 septembre dernier. La CDPA, son parti lui rend un vibrant hommage. Hommage a\u0300 Martin ADUAYOM Fo Martin, dont l\u2019engagement et la passion ont marque\u0301 profonde\u0301ment notre ge\u0301ne\u0301ration, tu nous as quitte\u0301 ce dimanche 8 septembre 2024. Martin Aduayom, comme Pre\u0301sident de la Fe\u0301de\u0301ration [&hellip;]<\/p>\n","protected":false},"author":82,"featured_media":33846,"comment_status":"open","ping_status":"closed","sticky":false,"template":"","format":"standard","meta":{"footnotes":""},"categories":[4,10],"tags":[2445,50],"class_list":["post-33847","post","type-post","status-publish","format-standard","has-post-thumbnail","hentry","category-parties","category-toutes-les-actualites","tag-cdpa","tag-togo"],"yoast_head":"<!-- This site is optimized with the Yoast SEO Premium plugin v26.1 (Yoast SEO v27.0) - https:\/\/yoast.com\/product\/yoast-seo-premium-wordpress\/ -->\n<title>La CDPA Rend Hommage au Prof Martin Aduayom - Togo<\/title>\n<meta name=\"description\" content=\"Le Prof Aduayom, ancien ministre, est de\u0301ce\u0301de\u0301 le 8 septembre dernier. La CDPA, son parti lui rend un vibrant hommage. ...\" \/>\n<meta name=\"robots\" content=\"index, follow, max-snippet:-1, max-image-preview:large, max-video-preview:-1\" \/>\n<link rel=\"canonical\" href=\"https:\/\/www.africa-press.net\/togo\/parties\/la-cdpa-rend-hommage-au-prof-martin-aduayom\" \/>\n<meta property=\"og:locale\" content=\"fr_FR\" \/>\n<meta property=\"og:type\" content=\"article\" \/>\n<meta property=\"og:title\" content=\"La CDPA Rend Hommage au Prof Martin Aduayom\" \/>\n<meta property=\"og:description\" content=\"Le Prof Aduayom, ancien ministre, est de\u0301ce\u0301de\u0301 le 8 septembre dernier. La CDPA, son parti lui rend un vibrant hommage. ...\" \/>\n<meta property=\"og:url\" content=\"https:\/\/www.africa-press.net\/togo\/parties\/la-cdpa-rend-hommage-au-prof-martin-aduayom\" \/>\n<meta property=\"og:site_name\" content=\"Togo\" \/>\n<meta property=\"article:published_time\" content=\"2024-09-10T22:42:40+00:00\" \/>\n<meta property=\"article:modified_time\" content=\"2024-09-11T03:57:58+00:00\" \/>\n<meta property=\"og:image\" content=\"https:\/\/static.africa-press.net\/togo\/sites\/58\/2024\/09\/sm_1726014363.443325.jpg\" \/>\n\t<meta property=\"og:image:width\" content=\"720\" \/>\n\t<meta property=\"og:image:height\" content=\"480\" \/>\n\t<meta property=\"og:image:type\" content=\"image\/jpeg\" \/>\n<meta name=\"author\" content=\"cfeditorfr\" \/>\n<meta name=\"twitter:card\" content=\"summary_large_image\" \/>\n<meta name=\"twitter:label1\" content=\"\u00c9crit par\" \/>\n\t<meta name=\"twitter:data1\" content=\"cfeditorfr\" \/>\n\t<meta name=\"twitter:label2\" content=\"Dur\u00e9e de lecture estim\u00e9e\" \/>\n\t<meta name=\"twitter:data2\" content=\"2 minutes\" \/>\n<script type=\"application\/ld+json\" class=\"yoast-schema-graph\">{\"@context\":\"https:\/\/schema.org\",\"@graph\":[{\"@type\":\"Article\",\"@id\":\"https:\/\/www.africa-press.net\/togo\/parties\/la-cdpa-rend-hommage-au-prof-martin-aduayom#article\",\"isPartOf\":{\"@id\":\"https:\/\/www.africa-press.net\/togo\/parties\/la-cdpa-rend-hommage-au-prof-martin-aduayom\"},\"author\":{\"name\":\"cfeditorfr\",\"@id\":\"https:\/\/www.africa-press.net\/togo\/#\/schema\/person\/2b1cf3cd81a31e3cd26889ca66d677f1\"},\"headline\":\"La CDPA Rend Hommage au Prof Martin Aduayom\",\"datePublished\":\"2024-09-10T22:42:40+00:00\",\"dateModified\":\"2024-09-11T03:57:58+00:00\",\"mainEntityOfPage\":{\"@id\":\"https:\/\/www.africa-press.net\/togo\/parties\/la-cdpa-rend-hommage-au-prof-martin-aduayom\"},\"wordCount\":469,\"commentCount\":0,\"image\":{\"@id\":\"https:\/\/www.africa-press.net\/togo\/parties\/la-cdpa-rend-hommage-au-prof-martin-aduayom#primaryimage\"},\"thumbnailUrl\":\"https:\/\/static.africa-press.net\/togo\/sites\/58\/2024\/09\/sm_1726014363.443325.jpg\",\"keywords\":[\"CDPA\",\"Togo\"],\"articleSection\":[\"Parties\",\"Toutes les actualit\u00e9s\"],\"inLanguage\":\"fr-FR\",\"potentialAction\":[{\"@type\":\"CommentAction\",\"name\":\"Comment\",\"target\":[\"https:\/\/www.africa-press.net\/togo\/parties\/la-cdpa-rend-hommage-au-prof-martin-aduayom#respond\"]}]},{\"@type\":\"WebPage\",\"@id\":\"https:\/\/www.africa-press.net\/togo\/parties\/la-cdpa-rend-hommage-au-prof-martin-aduayom\",\"url\":\"https:\/\/www.africa-press.net\/togo\/parties\/la-cdpa-rend-hommage-au-prof-martin-aduayom\",\"name\":\"La CDPA Rend Hommage au Prof Martin Aduayom - Togo\",\"isPartOf\":{\"@id\":\"https:\/\/www.africa-press.net\/togo\/#website\"},\"primaryImageOfPage\":{\"@id\":\"https:\/\/www.africa-press.net\/togo\/parties\/la-cdpa-rend-hommage-au-prof-martin-aduayom#primaryimage\"},\"image\":{\"@id\":\"https:\/\/www.africa-press.net\/togo\/parties\/la-cdpa-rend-hommage-au-prof-martin-aduayom#primaryimage\"},\"thumbnailUrl\":\"https:\/\/static.africa-press.net\/togo\/sites\/58\/2024\/09\/sm_1726014363.443325.jpg\",\"datePublished\":\"2024-09-10T22:42:40+00:00\",\"dateModified\":\"2024-09-11T03:57:58+00:00\",\"author\":{\"@id\":\"https:\/\/www.africa-press.net\/togo\/#\/schema\/person\/2b1cf3cd81a31e3cd26889ca66d677f1\"},\"description\":\"Le Prof Aduayom, ancien ministre, est de\u0301ce\u0301de\u0301 le 8 septembre dernier. La CDPA, son parti lui rend un vibrant hommage. ...\",\"breadcrumb\":{\"@id\":\"https:\/\/www.africa-press.net\/togo\/parties\/la-cdpa-rend-hommage-au-prof-martin-aduayom#breadcrumb\"},\"inLanguage\":\"fr-FR\",\"potentialAction\":[{\"@type\":\"ReadAction\",\"target\":[\"https:\/\/www.africa-press.net\/togo\/parties\/la-cdpa-rend-hommage-au-prof-martin-aduayom\"]}]},{\"@type\":\"ImageObject\",\"inLanguage\":\"fr-FR\",\"@id\":\"https:\/\/www.africa-press.net\/togo\/parties\/la-cdpa-rend-hommage-au-prof-martin-aduayom#primaryimage\",\"url\":\"https:\/\/static.africa-press.net\/togo\/sites\/58\/2024\/09\/sm_1726014363.443325.jpg\",\"contentUrl\":\"https:\/\/static.africa-press.net\/togo\/sites\/58\/2024\/09\/sm_1726014363.443325.jpg\",\"width\":720,\"height\":480,\"caption\":\"La CDPA Rend Hommage au Prof Martin Aduayom\"},{\"@type\":\"BreadcrumbList\",\"@id\":\"https:\/\/www.africa-press.net\/togo\/parties\/la-cdpa-rend-hommage-au-prof-martin-aduayom#breadcrumb\",\"itemListElement\":[{\"@type\":\"ListItem\",\"position\":1,\"name\":\"Accueil\",\"item\":\"https:\/\/www.africa-press.net\/togo\/\"},{\"@type\":\"ListItem\",\"position\":2,\"name\":\"La CDPA Rend Hommage au Prof Martin Aduayom\"}]},{\"@type\":\"WebSite\",\"@id\":\"https:\/\/www.africa-press.net\/togo\/#website\",\"url\":\"https:\/\/www.africa-press.net\/togo\/\",\"name\":\"Togo\",\"description\":\"Just another Africa News Agency Sites site\",\"potentialAction\":[{\"@type\":\"SearchAction\",\"target\":{\"@type\":\"EntryPoint\",\"urlTemplate\":\"https:\/\/www.africa-press.net\/togo\/?s={search_term_string}\"},\"query-input\":{\"@type\":\"PropertyValueSpecification\",\"valueRequired\":true,\"valueName\":\"search_term_string\"}}],\"inLanguage\":\"fr-FR\"},{\"@type\":\"Person\",\"@id\":\"https:\/\/www.africa-press.net\/togo\/#\/schema\/person\/2b1cf3cd81a31e3cd26889ca66d677f1\",\"name\":\"cfeditorfr\"}]}<\/script>\n<!-- \/ Yoast SEO Premium plugin. -->","yoast_head_json":{"title":"La CDPA Rend Hommage au Prof Martin Aduayom - Togo","description":"Le Prof Aduayom, ancien ministre, est de\u0301ce\u0301de\u0301 le 8 septembre dernier. La CDPA, son parti lui rend un vibrant hommage. ...","robots":{"index":"index","follow":"follow","max-snippet":"max-snippet:-1","max-image-preview":"max-image-preview:large","max-video-preview":"max-video-preview:-1"},"canonical":"https:\/\/www.africa-press.net\/togo\/parties\/la-cdpa-rend-hommage-au-prof-martin-aduayom","og_locale":"fr_FR","og_type":"article","og_title":"La CDPA Rend Hommage au Prof Martin Aduayom","og_description":"Le Prof Aduayom, ancien ministre, est de\u0301ce\u0301de\u0301 le 8 septembre dernier. La CDPA, son parti lui rend un vibrant hommage. ...","og_url":"https:\/\/www.africa-press.net\/togo\/parties\/la-cdpa-rend-hommage-au-prof-martin-aduayom","og_site_name":"Togo","article_published_time":"2024-09-10T22:42:40+00:00","article_modified_time":"2024-09-11T03:57:58+00:00","og_image":[{"width":720,"height":480,"url":"https:\/\/static.africa-press.net\/togo\/sites\/58\/2024\/09\/sm_1726014363.443325.jpg","type":"image\/jpeg"}],"author":"cfeditorfr","twitter_card":"summary_large_image","twitter_misc":{"\u00c9crit par":"cfeditorfr","Dur\u00e9e de lecture estim\u00e9e":"2 minutes"},"schema":{"@context":"https:\/\/schema.org","@graph":[{"@type":"Article","@id":"https:\/\/www.africa-press.net\/togo\/parties\/la-cdpa-rend-hommage-au-prof-martin-aduayom#article","isPartOf":{"@id":"https:\/\/www.africa-press.net\/togo\/parties\/la-cdpa-rend-hommage-au-prof-martin-aduayom"},"author":{"name":"cfeditorfr","@id":"https:\/\/www.africa-press.net\/togo\/#\/schema\/person\/2b1cf3cd81a31e3cd26889ca66d677f1"},"headline":"La CDPA Rend Hommage au Prof Martin Aduayom","datePublished":"2024-09-10T22:42:40+00:00","dateModified":"2024-09-11T03:57:58+00:00","mainEntityOfPage":{"@id":"https:\/\/www.africa-press.net\/togo\/parties\/la-cdpa-rend-hommage-au-prof-martin-aduayom"},"wordCount":469,"commentCount":0,"image":{"@id":"https:\/\/www.africa-press.net\/togo\/parties\/la-cdpa-rend-hommage-au-prof-martin-aduayom#primaryimage"},"thumbnailUrl":"https:\/\/static.africa-press.net\/togo\/sites\/58\/2024\/09\/sm_1726014363.443325.jpg","keywords":["CDPA","Togo"],"articleSection":["Parties","Toutes les actualit\u00e9s"],"inLanguage":"fr-FR","potentialAction":[{"@type":"CommentAction","name":"Comment","target":["https:\/\/www.africa-press.net\/togo\/parties\/la-cdpa-rend-hommage-au-prof-martin-aduayom#respond"]}]},{"@type":"WebPage","@id":"https:\/\/www.africa-press.net\/togo\/parties\/la-cdpa-rend-hommage-au-prof-martin-aduayom","url":"https:\/\/www.africa-press.net\/togo\/parties\/la-cdpa-rend-hommage-au-prof-martin-aduayom","name":"La CDPA Rend Hommage au Prof Martin Aduayom - Togo","isPartOf":{"@id":"https:\/\/www.africa-press.net\/togo\/#website"},"primaryImageOfPage":{"@id":"https:\/\/www.africa-press.net\/togo\/parties\/la-cdpa-rend-hommage-au-prof-martin-aduayom#primaryimage"},"image":{"@id":"https:\/\/www.africa-press.net\/togo\/parties\/la-cdpa-rend-hommage-au-prof-martin-aduayom#primaryimage"},"thumbnailUrl":"https:\/\/static.africa-press.net\/togo\/sites\/58\/2024\/09\/sm_1726014363.443325.jpg","datePublished":"2024-09-10T22:42:40+00:00","dateModified":"2024-09-11T03:57:58+00:00","author":{"@id":"https:\/\/www.africa-press.net\/togo\/#\/schema\/person\/2b1cf3cd81a31e3cd26889ca66d677f1"},"description":"Le Prof Aduayom, ancien ministre, est de\u0301ce\u0301de\u0301 le 8 septembre dernier. La CDPA, son parti lui rend un vibrant hommage. ...","breadcrumb":{"@id":"https:\/\/www.africa-press.net\/togo\/parties\/la-cdpa-rend-hommage-au-prof-martin-aduayom#breadcrumb"},"inLanguage":"fr-FR","potentialAction":[{"@type":"ReadAction","target":["https:\/\/www.africa-press.net\/togo\/parties\/la-cdpa-rend-hommage-au-prof-martin-aduayom"]}]},{"@type":"ImageObject","inLanguage":"fr-FR","@id":"https:\/\/www.africa-press.net\/togo\/parties\/la-cdpa-rend-hommage-au-prof-martin-aduayom#primaryimage","url":"https:\/\/static.africa-press.net\/togo\/sites\/58\/2024\/09\/sm_1726014363.443325.jpg","contentUrl":"https:\/\/static.africa-press.net\/togo\/sites\/58\/2024\/09\/sm_1726014363.443325.jpg","width":720,"height":480,"caption":"La CDPA Rend Hommage au Prof Martin Aduayom"},{"@type":"BreadcrumbList","@id":"https:\/\/www.africa-press.net\/togo\/parties\/la-cdpa-rend-hommage-au-prof-martin-aduayom#breadcrumb","itemListElement":[{"@type":"ListItem","position":1,"name":"Accueil","item":"https:\/\/www.africa-press.net\/togo\/"},{"@type":"ListItem","position":2,"name":"La CDPA Rend Hommage au Prof Martin Aduayom"}]},{"@type":"WebSite","@id":"https:\/\/www.africa-press.net\/togo\/#website","url":"https:\/\/www.africa-press.net\/togo\/","name":"Togo","description":"Just another Africa News Agency Sites site","potentialAction":[{"@type":"SearchAction","target":{"@type":"EntryPoint","urlTemplate":"https:\/\/www.africa-press.net\/togo\/?s={search_term_string}"},"query-input":{"@type":"PropertyValueSpecification","valueRequired":true,"valueName":"search_term_string"}}],"inLanguage":"fr-FR"},{"@type":"Person","@id":"https:\/\/www.africa-press.net\/togo\/#\/schema\/person\/2b1cf3cd81a31e3cd26889ca66d677f1","name":"cfeditorfr"}]}},"_links":{"self":[{"href":"https:\/\/www.africa-press.net\/togo\/wp-json\/wp\/v2\/posts\/33847","targetHints":{"allow":["GET"]}}],"collection":[{"href":"https:\/\/www.africa-press.net\/togo\/wp-json\/wp\/v2\/posts"}],"about":[{"href":"https:\/\/www.africa-press.net\/togo\/wp-json\/wp\/v2\/types\/post"}],"author":[{"embeddable":true,"href":"https:\/\/www.africa-press.net\/togo\/wp-json\/wp\/v2\/users\/82"}],"replies":[{"embeddable":true,"href":"https:\/\/www.africa-press.net\/togo\/wp-json\/wp\/v2\/comments?post=33847"}],"version-history":[{"count":0,"href":"https:\/\/www.africa-press.net\/togo\/wp-json\/wp\/v2\/posts\/33847\/revisions"}],"wp:featuredmedia":[{"embeddable":true,"href":"https:\/\/www.africa-press.net\/togo\/wp-json\/wp\/v2\/media\/33846"}],"wp:attachment":[{"href":"https:\/\/www.africa-press.net\/togo\/wp-json\/wp\/v2\/media?parent=33847"}],"wp:term":[{"taxonomy":"category","embeddable":true,"href":"https:\/\/www.africa-press.net\/togo\/wp-json\/wp\/v2\/categories?post=33847"},{"taxonomy":"post_tag","embeddable":true,"href":"https:\/\/www.africa-press.net\/togo\/wp-json\/wp\/v2\/tags?post=33847"}],"curies":[{"name":"wp","href":"https:\/\/api.w.org\/{rel}","templated":true}]}}