{"id":34659,"date":"2024-10-12T22:41:35","date_gmt":"2024-10-12T22:41:35","guid":{"rendered":"https:\/\/www.africa-press.net\/togo\/politique\/nouvelle-constitution-du-togo-de-quoi-se-mele-adama-bictogo"},"modified":"2024-10-13T02:56:26","modified_gmt":"2024-10-13T02:56:26","slug":"nouvelle-constitution-du-togo-de-quoi-se-mele-adama-bictogo","status":"publish","type":"post","link":"https:\/\/www.africa-press.net\/togo\/politique\/nouvelle-constitution-du-togo-de-quoi-se-mele-adama-bictogo","title":{"rendered":"Nouvelle constitution du Togo: De quoi se m\u00eale Adama Bictogo?"},"content":{"rendered":"<p><span style=\"color: #ff6600\"><strong>Africa-Press &#8211; Togo. <\/strong><\/span>L\u2019Assemble\u0301e Nationale a ouvert le 1er octobre 2024 a\u0300 Kara la deuxie\u0300me session ordinaire de l\u2019anne\u0301e. Avec toute la the\u0301a\u0302tralite\u0301 comme le re\u0301gime de Faure Gnassingbe\u0301 sait bien se mettre en sce\u0300ne, les Pre\u0301sidents de l\u2019Assemble\u0301e Nationale de la Co\u0302te d\u2019Ivoire, Adama Bictogo et du Be\u0301nin, Gbe\u0300hounou Louis Vlavonou ont e\u0301te\u0301 convie\u0301s a\u0300 cette session de\u0301localise\u0301e de la capitale pour des raisons a\u0300 la limite saugrenues. Prenant la parole, Adama Bictogo s\u2019est prononce\u0301 sur l\u2019e\u0301pineux sujet de la nouvelle constitution qui plonge le pays depuis mars 2024 dans une incertitude politique et institutionnelle.<\/p>\n<p>Quelle mouche a bien pu piquer Adama Bictogo ? Dans tous les cas, le Pre\u0301sident de l\u2019Assemble\u0301e Nationale de Co\u0302te d\u2019Ivoire a manque\u0301 l\u2019occasion de se taire. Surtout, un sujet e\u0301pineux qui concerne avant tout les Togolais. En effet, a\u0300 Kara, Adama Bictogo s\u2019est permis une de\u0301claration pour le moins surprenante venant d\u2019un invite\u0301 dit d\u2019honneur.<\/p>\n<p>\u00ab La nouvelle constitution fait du Parlement la cle\u0301 de vou\u0302te des institutions de la Re\u0301publique et reconnai\u0302t in fine, le ro\u0302le fondamental que doivent jouer nos Assemble\u0301es dans le renforcement de la de\u0301mocratie et de l\u2019E\u0301tat de droit \u00bb, a de\u0301clare\u0301 le Pre\u0301sident de l\u2019Assemble\u0301e Nationale de Co\u0302te d\u2019Ivoire apportant ainsi sans aucune ambigui\u0308te\u0301 son soutien a\u0300 cette de\u0301marche controverse\u0301e du pouvoir togolais.<\/p>\n<p>En re\u0301alite\u0301, en prenant position, Adama Bictogo semble vouloir attirer la sympathie du re\u0301gime de Faure Gnassingbe\u0301. Et pour cause.Le Pre\u0301sident est en pleine tempe\u0302te politique. Entre lui et le Pre\u0301sident Alassane Ouattara, l\u2019eau est dans le gaz. Le Pre\u0301sident ivoirien n\u2019a toujours pas dige\u0301re\u0301 la manie\u0300re dont il s\u2019est impose\u0301 a\u0300 l\u2019Assemble\u0301e Nationale contre sa volonte\u0301.<\/p>\n<p>En conse\u0301quence, depuis plusieurs mois, l\u2019administration ivoirienne a fait monter la pression sur les entreprises fonde\u0301es par Adama Bictogo. Contro\u0302le fiscal, retrait de concessions et investigations mene\u0301es par le fisc ivoirien.<\/p>\n<p>Certains marche\u0301s qui lui avaient e\u0301te\u0301 accorde\u0301s a\u0300 titre de concessions ont d\u2019ores et de\u0301ja\u0300 e\u0301te\u0301 retire\u0301s. C\u2019est le cas de la Socie\u0301te\u0301 Nationale d\u2019Edition de Documents Administratifs et d\u2019Identification, Snedai, son groupe, qui s\u2019est vu retirer le marche\u0301 de la confection des cartes de la Couverture maladie universelle (CMU), le syste\u0300me d\u2019assurance maladie du gouvernement, dont il e\u0301tait, depuis son lancement, l\u2019ope\u0301rateur principal, ainsi que le marche\u0301 de la fabrication des passeports et de la de\u0301livrance de visa qui, lui, n\u2019a pas e\u0301te\u0301 proroge\u0301.<\/p>\n<p>Cette concession, qui arrivait a\u0300 son terme cette anne\u0301e, devait faire l\u2019objet de ne\u0301gociations pour une prorogation. Mais non seulement cela n\u2019a plus e\u0301te\u0301 le cas. Pis, le gouvernement a de\u0301ja\u0300 lance\u0301 un appel d\u2019offres public.<\/p>\n<p>C\u2019est dire qu\u2019Adama Bictogo est dans de beaux draps. Pour se tirer d\u2019affaire, il a ne\u0301cessairement besoin de soutiens. Ce qui expliquerait son clin d\u2019\u0153il au re\u0301gime de Faure Gnassingbe\u0301 qui lui aussi est en que\u0302te de soutien politique apre\u0300s le changement conteste\u0301 de la constitution du Togo.<\/p>\n<p>Source: Journal \u00ab Le Correcteur \u00bb<\/p>\n<p><strong>Pour plus d&rsquo;informations et d&rsquo;analyses sur la <span style=\"color: #ff6600\">Togo<\/span>, suivez <span style=\"color: #ff6600\">Africa-Press<\/span><\/strong><\/p>\n","protected":false},"excerpt":{"rendered":"<p>Africa-Press &#8211; Togo. L\u2019Assemble\u0301e Nationale a ouvert le 1er octobre 2024 a\u0300 Kara la deuxie\u0300me session ordinaire de l\u2019anne\u0301e. Avec toute la the\u0301a\u0302tralite\u0301 comme le re\u0301gime de Faure Gnassingbe\u0301 sait bien se mettre en sce\u0300ne, les Pre\u0301sidents de l\u2019Assemble\u0301e Nationale de la Co\u0302te d\u2019Ivoire, Adama Bictogo et du Be\u0301nin, Gbe\u0300hounou Louis Vlavonou ont e\u0301te\u0301 convie\u0301s [&hellip;]<\/p>\n","protected":false},"author":82,"featured_media":34658,"comment_status":"open","ping_status":"closed","sticky":false,"template":"","format":"standard","meta":{"footnotes":""},"categories":[2,10],"tags":[1219,50],"class_list":["post-34659","post","type-post","status-publish","format-standard","has-post-thumbnail","hentry","category-politique","category-toutes-les-actualites","tag-constitution","tag-togo"],"yoast_head":"<!-- This site is optimized with the Yoast SEO Premium plugin v26.1 (Yoast SEO v27.0) - https:\/\/yoast.com\/product\/yoast-seo-premium-wordpress\/ -->\n<title>Nouvelle constitution du Togo: De quoi se m\u00eale Adama Bictogo? - Togo<\/title>\n<meta name=\"description\" content=\"L\u2019Assemble\u0301e Nationale a ouvert le 1er octobre 2024 a\u0300 Kara la deuxie\u0300me session ordinaire de l\u2019anne\u0301e. Avec toute la th ...\" \/>\n<meta name=\"robots\" content=\"index, follow, max-snippet:-1, max-image-preview:large, max-video-preview:-1\" \/>\n<link rel=\"canonical\" href=\"https:\/\/www.africa-press.net\/togo\/politique\/nouvelle-constitution-du-togo-de-quoi-se-mele-adama-bictogo\" \/>\n<meta property=\"og:locale\" content=\"fr_FR\" \/>\n<meta property=\"og:type\" content=\"article\" \/>\n<meta property=\"og:title\" content=\"Nouvelle constitution du Togo: De quoi se m\u00eale Adama Bictogo?\" \/>\n<meta property=\"og:description\" content=\"L\u2019Assemble\u0301e Nationale a ouvert le 1er octobre 2024 a\u0300 Kara la deuxie\u0300me session ordinaire de l\u2019anne\u0301e. Avec toute la th ...\" \/>\n<meta property=\"og:url\" content=\"https:\/\/www.africa-press.net\/togo\/politique\/nouvelle-constitution-du-togo-de-quoi-se-mele-adama-bictogo\" \/>\n<meta property=\"og:site_name\" content=\"Togo\" \/>\n<meta property=\"article:published_time\" content=\"2024-10-12T22:41:35+00:00\" \/>\n<meta property=\"article:modified_time\" content=\"2024-10-13T02:56:26+00:00\" \/>\n<meta property=\"og:image\" content=\"https:\/\/static.africa-press.net\/togo\/sites\/58\/2024\/10\/sm_1728775498.10877.jpg\" \/>\n\t<meta property=\"og:image:width\" content=\"720\" \/>\n\t<meta property=\"og:image:height\" content=\"525\" \/>\n\t<meta property=\"og:image:type\" content=\"image\/jpeg\" \/>\n<meta name=\"author\" content=\"cfeditorfr\" \/>\n<meta name=\"twitter:card\" content=\"summary_large_image\" \/>\n<meta name=\"twitter:label1\" content=\"\u00c9crit par\" \/>\n\t<meta name=\"twitter:data1\" content=\"cfeditorfr\" \/>\n\t<meta name=\"twitter:label2\" content=\"Dur\u00e9e de lecture estim\u00e9e\" \/>\n\t<meta name=\"twitter:data2\" content=\"3 minutes\" \/>\n<script type=\"application\/ld+json\" class=\"yoast-schema-graph\">{\"@context\":\"https:\/\/schema.org\",\"@graph\":[{\"@type\":\"Article\",\"@id\":\"https:\/\/www.africa-press.net\/togo\/politique\/nouvelle-constitution-du-togo-de-quoi-se-mele-adama-bictogo#article\",\"isPartOf\":{\"@id\":\"https:\/\/www.africa-press.net\/togo\/politique\/nouvelle-constitution-du-togo-de-quoi-se-mele-adama-bictogo\"},\"author\":{\"name\":\"cfeditorfr\",\"@id\":\"https:\/\/www.africa-press.net\/togo\/#\/schema\/person\/2b1cf3cd81a31e3cd26889ca66d677f1\"},\"headline\":\"Nouvelle constitution du Togo: De quoi se m\u00eale Adama Bictogo?\",\"datePublished\":\"2024-10-12T22:41:35+00:00\",\"dateModified\":\"2024-10-13T02:56:26+00:00\",\"mainEntityOfPage\":{\"@id\":\"https:\/\/www.africa-press.net\/togo\/politique\/nouvelle-constitution-du-togo-de-quoi-se-mele-adama-bictogo\"},\"wordCount\":600,\"commentCount\":0,\"image\":{\"@id\":\"https:\/\/www.africa-press.net\/togo\/politique\/nouvelle-constitution-du-togo-de-quoi-se-mele-adama-bictogo#primaryimage\"},\"thumbnailUrl\":\"https:\/\/static.africa-press.net\/togo\/sites\/58\/2024\/10\/sm_1728775498.10877.jpg\",\"keywords\":[\"Constitution\",\"Togo\"],\"articleSection\":[\"Politique\",\"Toutes les actualit\u00e9s\"],\"inLanguage\":\"fr-FR\",\"potentialAction\":[{\"@type\":\"CommentAction\",\"name\":\"Comment\",\"target\":[\"https:\/\/www.africa-press.net\/togo\/politique\/nouvelle-constitution-du-togo-de-quoi-se-mele-adama-bictogo#respond\"]}]},{\"@type\":\"WebPage\",\"@id\":\"https:\/\/www.africa-press.net\/togo\/politique\/nouvelle-constitution-du-togo-de-quoi-se-mele-adama-bictogo\",\"url\":\"https:\/\/www.africa-press.net\/togo\/politique\/nouvelle-constitution-du-togo-de-quoi-se-mele-adama-bictogo\",\"name\":\"Nouvelle constitution du Togo: De quoi se m\u00eale Adama Bictogo? - Togo\",\"isPartOf\":{\"@id\":\"https:\/\/www.africa-press.net\/togo\/#website\"},\"primaryImageOfPage\":{\"@id\":\"https:\/\/www.africa-press.net\/togo\/politique\/nouvelle-constitution-du-togo-de-quoi-se-mele-adama-bictogo#primaryimage\"},\"image\":{\"@id\":\"https:\/\/www.africa-press.net\/togo\/politique\/nouvelle-constitution-du-togo-de-quoi-se-mele-adama-bictogo#primaryimage\"},\"thumbnailUrl\":\"https:\/\/static.africa-press.net\/togo\/sites\/58\/2024\/10\/sm_1728775498.10877.jpg\",\"datePublished\":\"2024-10-12T22:41:35+00:00\",\"dateModified\":\"2024-10-13T02:56:26+00:00\",\"author\":{\"@id\":\"https:\/\/www.africa-press.net\/togo\/#\/schema\/person\/2b1cf3cd81a31e3cd26889ca66d677f1\"},\"description\":\"L\u2019Assemble\u0301e Nationale a ouvert le 1er octobre 2024 a\u0300 Kara la deuxie\u0300me session ordinaire de l\u2019anne\u0301e. Avec toute la th ...\",\"breadcrumb\":{\"@id\":\"https:\/\/www.africa-press.net\/togo\/politique\/nouvelle-constitution-du-togo-de-quoi-se-mele-adama-bictogo#breadcrumb\"},\"inLanguage\":\"fr-FR\",\"potentialAction\":[{\"@type\":\"ReadAction\",\"target\":[\"https:\/\/www.africa-press.net\/togo\/politique\/nouvelle-constitution-du-togo-de-quoi-se-mele-adama-bictogo\"]}]},{\"@type\":\"ImageObject\",\"inLanguage\":\"fr-FR\",\"@id\":\"https:\/\/www.africa-press.net\/togo\/politique\/nouvelle-constitution-du-togo-de-quoi-se-mele-adama-bictogo#primaryimage\",\"url\":\"https:\/\/static.africa-press.net\/togo\/sites\/58\/2024\/10\/sm_1728775498.10877.jpg\",\"contentUrl\":\"https:\/\/static.africa-press.net\/togo\/sites\/58\/2024\/10\/sm_1728775498.10877.jpg\",\"width\":720,\"height\":525,\"caption\":\"Nouvelle constitution du Togo: De quoi se m\u00eale Adama Bictogo?\"},{\"@type\":\"BreadcrumbList\",\"@id\":\"https:\/\/www.africa-press.net\/togo\/politique\/nouvelle-constitution-du-togo-de-quoi-se-mele-adama-bictogo#breadcrumb\",\"itemListElement\":[{\"@type\":\"ListItem\",\"position\":1,\"name\":\"Accueil\",\"item\":\"https:\/\/www.africa-press.net\/togo\/\"},{\"@type\":\"ListItem\",\"position\":2,\"name\":\"Nouvelle constitution du Togo: De quoi se m\u00eale Adama Bictogo?\"}]},{\"@type\":\"WebSite\",\"@id\":\"https:\/\/www.africa-press.net\/togo\/#website\",\"url\":\"https:\/\/www.africa-press.net\/togo\/\",\"name\":\"Togo\",\"description\":\"Just another Africa News Agency Sites site\",\"potentialAction\":[{\"@type\":\"SearchAction\",\"target\":{\"@type\":\"EntryPoint\",\"urlTemplate\":\"https:\/\/www.africa-press.net\/togo\/?s={search_term_string}\"},\"query-input\":{\"@type\":\"PropertyValueSpecification\",\"valueRequired\":true,\"valueName\":\"search_term_string\"}}],\"inLanguage\":\"fr-FR\"},{\"@type\":\"Person\",\"@id\":\"https:\/\/www.africa-press.net\/togo\/#\/schema\/person\/2b1cf3cd81a31e3cd26889ca66d677f1\",\"name\":\"cfeditorfr\"}]}<\/script>\n<!-- \/ Yoast SEO Premium plugin. -->","yoast_head_json":{"title":"Nouvelle constitution du Togo: De quoi se m\u00eale Adama Bictogo? - Togo","description":"L\u2019Assemble\u0301e Nationale a ouvert le 1er octobre 2024 a\u0300 Kara la deuxie\u0300me session ordinaire de l\u2019anne\u0301e. Avec toute la th ...","robots":{"index":"index","follow":"follow","max-snippet":"max-snippet:-1","max-image-preview":"max-image-preview:large","max-video-preview":"max-video-preview:-1"},"canonical":"https:\/\/www.africa-press.net\/togo\/politique\/nouvelle-constitution-du-togo-de-quoi-se-mele-adama-bictogo","og_locale":"fr_FR","og_type":"article","og_title":"Nouvelle constitution du Togo: De quoi se m\u00eale Adama Bictogo?","og_description":"L\u2019Assemble\u0301e Nationale a ouvert le 1er octobre 2024 a\u0300 Kara la deuxie\u0300me session ordinaire de l\u2019anne\u0301e. Avec toute la th ...","og_url":"https:\/\/www.africa-press.net\/togo\/politique\/nouvelle-constitution-du-togo-de-quoi-se-mele-adama-bictogo","og_site_name":"Togo","article_published_time":"2024-10-12T22:41:35+00:00","article_modified_time":"2024-10-13T02:56:26+00:00","og_image":[{"width":720,"height":525,"url":"https:\/\/static.africa-press.net\/togo\/sites\/58\/2024\/10\/sm_1728775498.10877.jpg","type":"image\/jpeg"}],"author":"cfeditorfr","twitter_card":"summary_large_image","twitter_misc":{"\u00c9crit par":"cfeditorfr","Dur\u00e9e de lecture estim\u00e9e":"3 minutes"},"schema":{"@context":"https:\/\/schema.org","@graph":[{"@type":"Article","@id":"https:\/\/www.africa-press.net\/togo\/politique\/nouvelle-constitution-du-togo-de-quoi-se-mele-adama-bictogo#article","isPartOf":{"@id":"https:\/\/www.africa-press.net\/togo\/politique\/nouvelle-constitution-du-togo-de-quoi-se-mele-adama-bictogo"},"author":{"name":"cfeditorfr","@id":"https:\/\/www.africa-press.net\/togo\/#\/schema\/person\/2b1cf3cd81a31e3cd26889ca66d677f1"},"headline":"Nouvelle constitution du Togo: De quoi se m\u00eale Adama Bictogo?","datePublished":"2024-10-12T22:41:35+00:00","dateModified":"2024-10-13T02:56:26+00:00","mainEntityOfPage":{"@id":"https:\/\/www.africa-press.net\/togo\/politique\/nouvelle-constitution-du-togo-de-quoi-se-mele-adama-bictogo"},"wordCount":600,"commentCount":0,"image":{"@id":"https:\/\/www.africa-press.net\/togo\/politique\/nouvelle-constitution-du-togo-de-quoi-se-mele-adama-bictogo#primaryimage"},"thumbnailUrl":"https:\/\/static.africa-press.net\/togo\/sites\/58\/2024\/10\/sm_1728775498.10877.jpg","keywords":["Constitution","Togo"],"articleSection":["Politique","Toutes les actualit\u00e9s"],"inLanguage":"fr-FR","potentialAction":[{"@type":"CommentAction","name":"Comment","target":["https:\/\/www.africa-press.net\/togo\/politique\/nouvelle-constitution-du-togo-de-quoi-se-mele-adama-bictogo#respond"]}]},{"@type":"WebPage","@id":"https:\/\/www.africa-press.net\/togo\/politique\/nouvelle-constitution-du-togo-de-quoi-se-mele-adama-bictogo","url":"https:\/\/www.africa-press.net\/togo\/politique\/nouvelle-constitution-du-togo-de-quoi-se-mele-adama-bictogo","name":"Nouvelle constitution du Togo: De quoi se m\u00eale Adama Bictogo? - Togo","isPartOf":{"@id":"https:\/\/www.africa-press.net\/togo\/#website"},"primaryImageOfPage":{"@id":"https:\/\/www.africa-press.net\/togo\/politique\/nouvelle-constitution-du-togo-de-quoi-se-mele-adama-bictogo#primaryimage"},"image":{"@id":"https:\/\/www.africa-press.net\/togo\/politique\/nouvelle-constitution-du-togo-de-quoi-se-mele-adama-bictogo#primaryimage"},"thumbnailUrl":"https:\/\/static.africa-press.net\/togo\/sites\/58\/2024\/10\/sm_1728775498.10877.jpg","datePublished":"2024-10-12T22:41:35+00:00","dateModified":"2024-10-13T02:56:26+00:00","author":{"@id":"https:\/\/www.africa-press.net\/togo\/#\/schema\/person\/2b1cf3cd81a31e3cd26889ca66d677f1"},"description":"L\u2019Assemble\u0301e Nationale a ouvert le 1er octobre 2024 a\u0300 Kara la deuxie\u0300me session ordinaire de l\u2019anne\u0301e. Avec toute la th ...","breadcrumb":{"@id":"https:\/\/www.africa-press.net\/togo\/politique\/nouvelle-constitution-du-togo-de-quoi-se-mele-adama-bictogo#breadcrumb"},"inLanguage":"fr-FR","potentialAction":[{"@type":"ReadAction","target":["https:\/\/www.africa-press.net\/togo\/politique\/nouvelle-constitution-du-togo-de-quoi-se-mele-adama-bictogo"]}]},{"@type":"ImageObject","inLanguage":"fr-FR","@id":"https:\/\/www.africa-press.net\/togo\/politique\/nouvelle-constitution-du-togo-de-quoi-se-mele-adama-bictogo#primaryimage","url":"https:\/\/static.africa-press.net\/togo\/sites\/58\/2024\/10\/sm_1728775498.10877.jpg","contentUrl":"https:\/\/static.africa-press.net\/togo\/sites\/58\/2024\/10\/sm_1728775498.10877.jpg","width":720,"height":525,"caption":"Nouvelle constitution du Togo: De quoi se m\u00eale Adama Bictogo?"},{"@type":"BreadcrumbList","@id":"https:\/\/www.africa-press.net\/togo\/politique\/nouvelle-constitution-du-togo-de-quoi-se-mele-adama-bictogo#breadcrumb","itemListElement":[{"@type":"ListItem","position":1,"name":"Accueil","item":"https:\/\/www.africa-press.net\/togo\/"},{"@type":"ListItem","position":2,"name":"Nouvelle constitution du Togo: De quoi se m\u00eale Adama Bictogo?"}]},{"@type":"WebSite","@id":"https:\/\/www.africa-press.net\/togo\/#website","url":"https:\/\/www.africa-press.net\/togo\/","name":"Togo","description":"Just another Africa News Agency Sites site","potentialAction":[{"@type":"SearchAction","target":{"@type":"EntryPoint","urlTemplate":"https:\/\/www.africa-press.net\/togo\/?s={search_term_string}"},"query-input":{"@type":"PropertyValueSpecification","valueRequired":true,"valueName":"search_term_string"}}],"inLanguage":"fr-FR"},{"@type":"Person","@id":"https:\/\/www.africa-press.net\/togo\/#\/schema\/person\/2b1cf3cd81a31e3cd26889ca66d677f1","name":"cfeditorfr"}]}},"_links":{"self":[{"href":"https:\/\/www.africa-press.net\/togo\/wp-json\/wp\/v2\/posts\/34659","targetHints":{"allow":["GET"]}}],"collection":[{"href":"https:\/\/www.africa-press.net\/togo\/wp-json\/wp\/v2\/posts"}],"about":[{"href":"https:\/\/www.africa-press.net\/togo\/wp-json\/wp\/v2\/types\/post"}],"author":[{"embeddable":true,"href":"https:\/\/www.africa-press.net\/togo\/wp-json\/wp\/v2\/users\/82"}],"replies":[{"embeddable":true,"href":"https:\/\/www.africa-press.net\/togo\/wp-json\/wp\/v2\/comments?post=34659"}],"version-history":[{"count":0,"href":"https:\/\/www.africa-press.net\/togo\/wp-json\/wp\/v2\/posts\/34659\/revisions"}],"wp:featuredmedia":[{"embeddable":true,"href":"https:\/\/www.africa-press.net\/togo\/wp-json\/wp\/v2\/media\/34658"}],"wp:attachment":[{"href":"https:\/\/www.africa-press.net\/togo\/wp-json\/wp\/v2\/media?parent=34659"}],"wp:term":[{"taxonomy":"category","embeddable":true,"href":"https:\/\/www.africa-press.net\/togo\/wp-json\/wp\/v2\/categories?post=34659"},{"taxonomy":"post_tag","embeddable":true,"href":"https:\/\/www.africa-press.net\/togo\/wp-json\/wp\/v2\/tags?post=34659"}],"curies":[{"name":"wp","href":"https:\/\/api.w.org\/{rel}","templated":true}]}}