{"id":37313,"date":"2025-01-27T12:03:09","date_gmt":"2025-01-27T12:03:09","guid":{"rendered":"https:\/\/www.africa-press.net\/togo\/politique\/decouverte-le-major-general-de-la-gendarmerie-nationale-francaise-revisite-lhistoire-de-pierre-savorgnan-de-brazza"},"modified":"2025-04-04T02:40:16","modified_gmt":"2025-04-04T02:40:16","slug":"decouverte-le-major-general-de-la-gendarmerie-nationale-francaise-revisite-lhistoire-de-pierre-savorgnan-de-brazza","status":"publish","type":"post","link":"https:\/\/www.africa-press.net\/togo\/culture-et-art\/decouverte-le-major-general-de-la-gendarmerie-nationale-francaise-revisite-lhistoire-de-pierre-savorgnan-de-brazza","title":{"rendered":"D\u00e9couverte : le major g\u00e9n\u00e9ral de la gendarmerie nationale fran\u00e7aise revisite l\u2019histoire de Pierre Savorgnan de Brazza"},"content":{"rendered":"<p><span style=\"color: #ff6600\"><strong>Africa-Press &#8211; Togo. <\/strong><\/span><b>Avant de quitter la Re\u0301publique du Congo apre\u0300s un fructueux se\u0301jour de travail, le<\/b> <b>major ge\u0301ne\u0301ral de la gendarmerie nationale franc\u0327aise, le ge\u0301ne\u0301ral de corps d\u2019arme\u0301e Andre\u0301 Petillot, a visite\u0301 le me\u0301morial Pierre-Savorgnan-de-Brazza, question de s\u2019impre\u0301gner de l\u2019histoire du fondateur de Brazzaville. <\/b><\/p>\n<p>Devenu la plaque tournante historique et culturelle du Congo, le me\u0301morial Pierre-Savorgnan-de-Brazza ne cesse de recevoir en son sein des ho\u0302tes de marque. Parmi ceux-ci, le major ge\u0301ne\u0301ral de la gendarmerie nationale franc\u0327aise, le ge\u0301ne\u0301ral de corps d\u2019arme\u0301e Andre\u0301 Petillot. Rec\u0327u au perron du premier module de ce haut lieu de me\u0301moire par la directrice ge\u0301ne\u0301rale de cet espace, Be\u0301linda Ayessa, le ge\u0301ne\u0301ral de corps d\u2019arme\u0301e Andre\u0301 Petillot, qui e\u0301tait accompagne\u0301 d\u2019une forte de\u0301le\u0301gation des autorite\u0301s de la gendarmerie nationale congolaise et des franc\u0327ais, s\u2019est vu conter l\u2019histoire de l\u2019explorateur franco-italien Pierre Savorgnan de Brazza, fondateur de la ville de Brazzaville.<\/p>\n<p>Epate\u0301 par les explications de la directrice ge\u0301ne\u0301rale du me\u0301morial, Be\u0301linda Ayessa, et du guide Marcel Mbouesse\u0301, le major ge\u0301ne\u0301ral de la gendarmerie nationale franc\u0327aise n\u2019a pas cache\u0301 les sentiments ressentis apre\u0300s avoir revisite\u0301 l\u2019histoire de la cre\u0301ation de Brazzaville. Il a remercie\u0301 la directrice ge\u0301ne\u0301rale du me\u0301morial pour cette belle visite des deux modules de ce haut lieu d\u2019histoire. \u00ab C\u2019est avec beaucoup d\u2019e\u0301motions que de se recueillir sur la tombe de Pierre Savorgnan de Brazza, de rede\u0301couvrir, a\u0300 travers la pre\u0301sentation extre\u0302mement riche et complexe qui m\u2019a e\u0301te\u0301 faite, la vie et l\u2019\u0153uvre de ce grand homme. Je trouve que le symbole de ce monument est tre\u0300s important pour l\u2019amitie\u0301 franco-congolaise, ce qui est me\u0301morielle finalement. Je vois que c\u2019est a\u0300 l\u2019initiative du pre\u0301sident de la Re\u0301publique du Congo, Denis Sassou N\u2019Guesso, que la volonte\u0301 de Pierre Savorgnan de Brazza d\u2019e\u0302tre inhume\u0301 ici a\u0300 Brazzaville a pu e\u0302tre satisfaite, quasiment un sie\u0300cle apre\u0300s sa mort. Je pense que c\u2019est un ancrage dans l\u2019histoire qui nous parle a\u0300 tous \u00bb, a de\u0301clare\u0301 Andre\u0301 Petillot.<\/p>\n<p>Avant de quitter le me\u0301morial Pierre-Savorgnan-de-Brazza, le major ge\u0301ne\u0301ral Andre\u0301 Petillot a offert a\u0300 Be\u0301linda Ayessa une me\u0301daille de la gendarmerie nationale franc\u0327aise. En retour, elle a offert a\u0300 son ho\u0302te de marque un lot des livres sur les activite\u0301s organise\u0301es dans ce lieu. Aussi, pour la poste\u0301rite\u0301, le ge\u0301ne\u0301ral de corps d\u2019arme\u0301e Andre\u0301 Petillot a inscrit ses belles lettres dans le livre d\u2019or du me\u0301morial.<\/p>\n<p>Notons que le major ge\u0301ne\u0301ral de la gendarmerie nationale est un officier ge\u0301ne\u0301ral de l\u2019arme\u0301e franc\u0327aise, adjoint du directeur ge\u0301ne\u0301ral de la gendarmerie nationale.<\/p>\n\r\n                <style type=\"text\/css\">\r\n                    \r\n                    #td_uid_1_69f0151a364d8  .td-doubleSlider-2 .td-item1 {\r\n                        background: url(https:\/\/static.africa-press.net\/togo\/sites\/58\/2025\/01\/sm_1737968597.725746-80x60.jpg) 0 0 no-repeat;\r\n                    }\r\n                    #td_uid_1_69f0151a364d8  .td-doubleSlider-2 .td-item2 {\r\n                        background: url(https:\/\/static.africa-press.net\/togo\/sites\/58\/2025\/01\/sm_1737968601.316743-80x60.jpg) 0 0 no-repeat;\r\n                    }\r\n                <\/style>\r\n\r\n                <div id=\"td_uid_1_69f0151a364d8\" class=\"td-gallery td-slide-on-2-columns\">\r\n                    <div class=\"post_td_gallery\">\r\n                        <div class=\"td-gallery-slide-top\">\r\n                           <div class=\"td-gallery-title\"><\/div>\r\n\r\n                            <div class=\"td-gallery-controls-wrapper\">\r\n                                <div class=\"td-gallery-slide-count\"><span class=\"td-gallery-slide-item-focus\">1<\/span> de 2<\/div>\r\n                                <div class=\"td-gallery-slide-prev-next-but\">\r\n                                    <i class = \"td-icon-left doubleSliderPrevButton\"><\/i>\r\n                                    <i class = \"td-icon-right doubleSliderNextButton\"><\/i>\r\n                                <\/div>\r\n                            <\/div>\r\n                        <\/div>\r\n\r\n                        <div class = \"td-doubleSlider-1 \">\r\n                            <div class = \"td-slider\">\r\n                                \r\n                    <div class = \"td-slide-item td-item1\">\r\n                        <figure class=\"td-slide-galery-figure td-slide-popup-gallery\">\r\n                            <a class=\"slide-gallery-image-link\" href=\"https:\/\/static.africa-press.net\/togo\/sites\/58\/2025\/01\/sm_1737968597.725746.jpg\" title=\"sm_1737968597.725746\"  data-caption=\"\"  data-description=\"\">\r\n                                <img decoding=\"async\" src=\"https:\/\/static.africa-press.net\/togo\/sites\/58\/2025\/01\/sm_1737968597.725746.jpg\" srcset=\"https:\/\/static.africa-press.net\/togo\/sites\/58\/2025\/01\/sm_1737968597.725746.jpg 1510w, https:\/\/static.africa-press.net\/togo\/sites\/58\/2025\/01\/sm_1737968597.725746-300x177.jpg 300w, https:\/\/static.africa-press.net\/togo\/sites\/58\/2025\/01\/sm_1737968597.725746-1024x604.jpg 1024w, https:\/\/static.africa-press.net\/togo\/sites\/58\/2025\/01\/sm_1737968597.725746-768x453.jpg 768w\" sizes=\"(max-width: 1510px) 100vw, 1510px\" alt=\"\">\r\n                            <\/a>\r\n                            \r\n                        <\/figure>\r\n                    <\/div>\r\n                    <div class = \"td-slide-item td-item2\">\r\n                        <figure class=\"td-slide-galery-figure td-slide-popup-gallery\">\r\n                            <a class=\"slide-gallery-image-link\" href=\"https:\/\/static.africa-press.net\/togo\/sites\/58\/2025\/01\/sm_1737968601.316743.jpg\" title=\"sm_1737968601.316743\"  data-caption=\"\"  data-description=\"\">\r\n                                <img decoding=\"async\" src=\"https:\/\/static.africa-press.net\/togo\/sites\/58\/2025\/01\/sm_1737968601.316743.jpg\" srcset=\"https:\/\/static.africa-press.net\/togo\/sites\/58\/2025\/01\/sm_1737968601.316743.jpg 1227w, https:\/\/static.africa-press.net\/togo\/sites\/58\/2025\/01\/sm_1737968601.316743-300x186.jpg 300w, https:\/\/static.africa-press.net\/togo\/sites\/58\/2025\/01\/sm_1737968601.316743-1024x635.jpg 1024w, https:\/\/static.africa-press.net\/togo\/sites\/58\/2025\/01\/sm_1737968601.316743-768x476.jpg 768w, https:\/\/static.africa-press.net\/togo\/sites\/58\/2025\/01\/sm_1737968601.316743-356x220.jpg 356w\" sizes=\"(max-width: 1227px) 100vw, 1227px\" alt=\"\">\r\n                            <\/a>\r\n                            \r\n                        <\/figure>\r\n                    <\/div>\r\n                            <\/div>\r\n                        <\/div>\r\n\r\n                        <div class = \"td-doubleSlider-2\">\r\n                            <div class = \"td-slider\">\r\n                                \r\n                    <div class = \"td-button td-item1\">\r\n                        <div class = \"td-border\"><\/div>\r\n                    <\/div>\r\n                    <div class = \"td-button td-item2\">\r\n                        <div class = \"td-border\"><\/div>\r\n                    <\/div>\r\n                            <\/div>\r\n                        <\/div>\r\n\r\n                    <\/div>\r\n\r\n                <\/div>\r\n                \n<p><strong>Pour plus d&rsquo;informations et d&rsquo;analyses sur la <span style=\"color: #ff6600\">Togo<\/span>, suivez <span style=\"color: #ff6600\">Africa-Press<\/span><\/strong><\/p>\n","protected":false},"excerpt":{"rendered":"<p>Africa-Press &#8211; Togo. Avant de quitter la Re\u0301publique du Congo apre\u0300s un fructueux se\u0301jour de travail, le major ge\u0301ne\u0301ral de la gendarmerie nationale franc\u0327aise, le ge\u0301ne\u0301ral de corps d\u2019arme\u0301e Andre\u0301 Petillot, a visite\u0301 le me\u0301morial Pierre-Savorgnan-de-Brazza, question de s\u2019impre\u0301gner de l\u2019histoire du fondateur de Brazzaville. Devenu la plaque tournante historique et culturelle du Congo, le [&hellip;]<\/p>\n","protected":false},"author":82,"featured_media":37312,"comment_status":"open","ping_status":"closed","sticky":false,"template":"","format":"standard","meta":{"footnotes":""},"categories":[5,8,10],"tags":[50],"class_list":["post-37313","post","type-post","status-publish","format-standard","has-post-thumbnail","hentry","category-culture-et-art","category-photo","category-toutes-les-actualites","tag-togo"],"yoast_head":"<!-- This site is optimized with the Yoast SEO Premium plugin v26.1 (Yoast SEO v27.0) - https:\/\/yoast.com\/product\/yoast-seo-premium-wordpress\/ -->\n<title>D\u00e9couverte : le major g\u00e9n\u00e9ral de la gendarmerie nationale fran\u00e7aise revisite l\u2019histoire de Pierre Savorgnan de Brazza - Togo<\/title>\n<meta name=\"description\" content=\"Avant de quitter la Re\u0301publique du Congo apre\u0300s un fructueux se\u0301jour de travail, le major ge\u0301ne\u0301ral de la gend ...\" \/>\n<meta name=\"robots\" content=\"index, follow, max-snippet:-1, max-image-preview:large, max-video-preview:-1\" \/>\n<link rel=\"canonical\" href=\"https:\/\/www.africa-press.net\/togo\/culture-et-art\/decouverte-le-major-general-de-la-gendarmerie-nationale-francaise-revisite-lhistoire-de-pierre-savorgnan-de-brazza\" \/>\n<meta property=\"og:locale\" content=\"fr_FR\" \/>\n<meta property=\"og:type\" content=\"article\" \/>\n<meta property=\"og:title\" content=\"D\u00e9couverte : le major g\u00e9n\u00e9ral de la gendarmerie nationale fran\u00e7aise revisite l\u2019histoire de Pierre Savorgnan de Brazza\" \/>\n<meta property=\"og:description\" content=\"Avant de quitter la Re\u0301publique du Congo apre\u0300s un fructueux se\u0301jour de travail, le major ge\u0301ne\u0301ral de la gend ...\" \/>\n<meta property=\"og:url\" content=\"https:\/\/www.africa-press.net\/togo\/culture-et-art\/decouverte-le-major-general-de-la-gendarmerie-nationale-francaise-revisite-lhistoire-de-pierre-savorgnan-de-brazza\" \/>\n<meta property=\"og:site_name\" content=\"Togo\" \/>\n<meta property=\"article:published_time\" content=\"2025-01-27T12:03:09+00:00\" \/>\n<meta property=\"article:modified_time\" content=\"2025-04-04T02:40:16+00:00\" \/>\n<meta property=\"og:image\" content=\"https:\/\/static.africa-press.net\/togo\/sites\/58\/2025\/01\/sm_1737968604.879796.jpg\" \/>\n\t<meta property=\"og:image:width\" content=\"1510\" \/>\n\t<meta property=\"og:image:height\" content=\"890\" \/>\n\t<meta property=\"og:image:type\" content=\"image\/jpeg\" \/>\n<meta name=\"author\" content=\"cfeditorfr\" \/>\n<meta name=\"twitter:card\" content=\"summary_large_image\" \/>\n<meta name=\"twitter:label1\" content=\"\u00c9crit par\" \/>\n\t<meta name=\"twitter:data1\" content=\"cfeditorfr\" \/>\n\t<meta name=\"twitter:label2\" content=\"Dur\u00e9e de lecture estim\u00e9e\" \/>\n\t<meta name=\"twitter:data2\" content=\"3 minutes\" \/>\n<script type=\"application\/ld+json\" class=\"yoast-schema-graph\">{\"@context\":\"https:\/\/schema.org\",\"@graph\":[{\"@type\":\"Article\",\"@id\":\"https:\/\/www.africa-press.net\/togo\/culture-et-art\/decouverte-le-major-general-de-la-gendarmerie-nationale-francaise-revisite-lhistoire-de-pierre-savorgnan-de-brazza#article\",\"isPartOf\":{\"@id\":\"https:\/\/www.africa-press.net\/togo\/culture-et-art\/decouverte-le-major-general-de-la-gendarmerie-nationale-francaise-revisite-lhistoire-de-pierre-savorgnan-de-brazza\"},\"author\":{\"name\":\"cfeditorfr\",\"@id\":\"https:\/\/www.africa-press.net\/togo\/#\/schema\/person\/2b1cf3cd81a31e3cd26889ca66d677f1\"},\"headline\":\"D\u00e9couverte : le major g\u00e9n\u00e9ral de la gendarmerie nationale fran\u00e7aise revisite l\u2019histoire de Pierre Savorgnan de Brazza\",\"datePublished\":\"2025-01-27T12:03:09+00:00\",\"dateModified\":\"2025-04-04T02:40:16+00:00\",\"mainEntityOfPage\":{\"@id\":\"https:\/\/www.africa-press.net\/togo\/culture-et-art\/decouverte-le-major-general-de-la-gendarmerie-nationale-francaise-revisite-lhistoire-de-pierre-savorgnan-de-brazza\"},\"wordCount\":558,\"commentCount\":0,\"image\":{\"@id\":\"https:\/\/www.africa-press.net\/togo\/culture-et-art\/decouverte-le-major-general-de-la-gendarmerie-nationale-francaise-revisite-lhistoire-de-pierre-savorgnan-de-brazza#primaryimage\"},\"thumbnailUrl\":\"https:\/\/static.africa-press.net\/togo\/sites\/58\/2025\/01\/sm_1737968604.879796.jpg\",\"keywords\":[\"Togo\"],\"articleSection\":[\"Culture et Art\",\"Photo\",\"Toutes les actualit\u00e9s\"],\"inLanguage\":\"fr-FR\",\"potentialAction\":[{\"@type\":\"CommentAction\",\"name\":\"Comment\",\"target\":[\"https:\/\/www.africa-press.net\/togo\/culture-et-art\/decouverte-le-major-general-de-la-gendarmerie-nationale-francaise-revisite-lhistoire-de-pierre-savorgnan-de-brazza#respond\"]}]},{\"@type\":\"WebPage\",\"@id\":\"https:\/\/www.africa-press.net\/togo\/culture-et-art\/decouverte-le-major-general-de-la-gendarmerie-nationale-francaise-revisite-lhistoire-de-pierre-savorgnan-de-brazza\",\"url\":\"https:\/\/www.africa-press.net\/togo\/culture-et-art\/decouverte-le-major-general-de-la-gendarmerie-nationale-francaise-revisite-lhistoire-de-pierre-savorgnan-de-brazza\",\"name\":\"D\u00e9couverte : le major g\u00e9n\u00e9ral de la gendarmerie nationale fran\u00e7aise revisite l\u2019histoire de Pierre Savorgnan de Brazza - Togo\",\"isPartOf\":{\"@id\":\"https:\/\/www.africa-press.net\/togo\/#website\"},\"primaryImageOfPage\":{\"@id\":\"https:\/\/www.africa-press.net\/togo\/culture-et-art\/decouverte-le-major-general-de-la-gendarmerie-nationale-francaise-revisite-lhistoire-de-pierre-savorgnan-de-brazza#primaryimage\"},\"image\":{\"@id\":\"https:\/\/www.africa-press.net\/togo\/culture-et-art\/decouverte-le-major-general-de-la-gendarmerie-nationale-francaise-revisite-lhistoire-de-pierre-savorgnan-de-brazza#primaryimage\"},\"thumbnailUrl\":\"https:\/\/static.africa-press.net\/togo\/sites\/58\/2025\/01\/sm_1737968604.879796.jpg\",\"datePublished\":\"2025-01-27T12:03:09+00:00\",\"dateModified\":\"2025-04-04T02:40:16+00:00\",\"author\":{\"@id\":\"https:\/\/www.africa-press.net\/togo\/#\/schema\/person\/2b1cf3cd81a31e3cd26889ca66d677f1\"},\"description\":\"Avant de quitter la Re\u0301publique du Congo apre\u0300s un fructueux se\u0301jour de travail, le major ge\u0301ne\u0301ral de la gend ...\",\"breadcrumb\":{\"@id\":\"https:\/\/www.africa-press.net\/togo\/culture-et-art\/decouverte-le-major-general-de-la-gendarmerie-nationale-francaise-revisite-lhistoire-de-pierre-savorgnan-de-brazza#breadcrumb\"},\"inLanguage\":\"fr-FR\",\"potentialAction\":[{\"@type\":\"ReadAction\",\"target\":[\"https:\/\/www.africa-press.net\/togo\/culture-et-art\/decouverte-le-major-general-de-la-gendarmerie-nationale-francaise-revisite-lhistoire-de-pierre-savorgnan-de-brazza\"]}]},{\"@type\":\"ImageObject\",\"inLanguage\":\"fr-FR\",\"@id\":\"https:\/\/www.africa-press.net\/togo\/culture-et-art\/decouverte-le-major-general-de-la-gendarmerie-nationale-francaise-revisite-lhistoire-de-pierre-savorgnan-de-brazza#primaryimage\",\"url\":\"https:\/\/static.africa-press.net\/togo\/sites\/58\/2025\/01\/sm_1737968604.879796.jpg\",\"contentUrl\":\"https:\/\/static.africa-press.net\/togo\/sites\/58\/2025\/01\/sm_1737968604.879796.jpg\",\"width\":1510,\"height\":890,\"caption\":\"D\u00e9couverte : le major g\u00e9n\u00e9ral de la gendarmerie nationale fran\u00e7aise revisite l\u2019histoire de Pierre Savorgnan de Brazza\"},{\"@type\":\"BreadcrumbList\",\"@id\":\"https:\/\/www.africa-press.net\/togo\/culture-et-art\/decouverte-le-major-general-de-la-gendarmerie-nationale-francaise-revisite-lhistoire-de-pierre-savorgnan-de-brazza#breadcrumb\",\"itemListElement\":[{\"@type\":\"ListItem\",\"position\":1,\"name\":\"Accueil\",\"item\":\"https:\/\/www.africa-press.net\/togo\/\"},{\"@type\":\"ListItem\",\"position\":2,\"name\":\"D\u00e9couverte : le major g\u00e9n\u00e9ral de la gendarmerie nationale fran\u00e7aise revisite l\u2019histoire de Pierre Savorgnan de Brazza\"}]},{\"@type\":\"WebSite\",\"@id\":\"https:\/\/www.africa-press.net\/togo\/#website\",\"url\":\"https:\/\/www.africa-press.net\/togo\/\",\"name\":\"Togo\",\"description\":\"Just another Africa News Agency Sites site\",\"potentialAction\":[{\"@type\":\"SearchAction\",\"target\":{\"@type\":\"EntryPoint\",\"urlTemplate\":\"https:\/\/www.africa-press.net\/togo\/?s={search_term_string}\"},\"query-input\":{\"@type\":\"PropertyValueSpecification\",\"valueRequired\":true,\"valueName\":\"search_term_string\"}}],\"inLanguage\":\"fr-FR\"},{\"@type\":\"Person\",\"@id\":\"https:\/\/www.africa-press.net\/togo\/#\/schema\/person\/2b1cf3cd81a31e3cd26889ca66d677f1\",\"name\":\"cfeditorfr\"}]}<\/script>\n<!-- \/ Yoast SEO Premium plugin. -->","yoast_head_json":{"title":"D\u00e9couverte : le major g\u00e9n\u00e9ral de la gendarmerie nationale fran\u00e7aise revisite l\u2019histoire de Pierre Savorgnan de Brazza - Togo","description":"Avant de quitter la Re\u0301publique du Congo apre\u0300s un fructueux se\u0301jour de travail, le major ge\u0301ne\u0301ral de la gend ...","robots":{"index":"index","follow":"follow","max-snippet":"max-snippet:-1","max-image-preview":"max-image-preview:large","max-video-preview":"max-video-preview:-1"},"canonical":"https:\/\/www.africa-press.net\/togo\/culture-et-art\/decouverte-le-major-general-de-la-gendarmerie-nationale-francaise-revisite-lhistoire-de-pierre-savorgnan-de-brazza","og_locale":"fr_FR","og_type":"article","og_title":"D\u00e9couverte : le major g\u00e9n\u00e9ral de la gendarmerie nationale fran\u00e7aise revisite l\u2019histoire de Pierre Savorgnan de Brazza","og_description":"Avant de quitter la Re\u0301publique du Congo apre\u0300s un fructueux se\u0301jour de travail, le major ge\u0301ne\u0301ral de la gend ...","og_url":"https:\/\/www.africa-press.net\/togo\/culture-et-art\/decouverte-le-major-general-de-la-gendarmerie-nationale-francaise-revisite-lhistoire-de-pierre-savorgnan-de-brazza","og_site_name":"Togo","article_published_time":"2025-01-27T12:03:09+00:00","article_modified_time":"2025-04-04T02:40:16+00:00","og_image":[{"width":1510,"height":890,"url":"https:\/\/static.africa-press.net\/togo\/sites\/58\/2025\/01\/sm_1737968604.879796.jpg","type":"image\/jpeg"}],"author":"cfeditorfr","twitter_card":"summary_large_image","twitter_misc":{"\u00c9crit par":"cfeditorfr","Dur\u00e9e de lecture estim\u00e9e":"3 minutes"},"schema":{"@context":"https:\/\/schema.org","@graph":[{"@type":"Article","@id":"https:\/\/www.africa-press.net\/togo\/culture-et-art\/decouverte-le-major-general-de-la-gendarmerie-nationale-francaise-revisite-lhistoire-de-pierre-savorgnan-de-brazza#article","isPartOf":{"@id":"https:\/\/www.africa-press.net\/togo\/culture-et-art\/decouverte-le-major-general-de-la-gendarmerie-nationale-francaise-revisite-lhistoire-de-pierre-savorgnan-de-brazza"},"author":{"name":"cfeditorfr","@id":"https:\/\/www.africa-press.net\/togo\/#\/schema\/person\/2b1cf3cd81a31e3cd26889ca66d677f1"},"headline":"D\u00e9couverte : le major g\u00e9n\u00e9ral de la gendarmerie nationale fran\u00e7aise revisite l\u2019histoire de Pierre Savorgnan de Brazza","datePublished":"2025-01-27T12:03:09+00:00","dateModified":"2025-04-04T02:40:16+00:00","mainEntityOfPage":{"@id":"https:\/\/www.africa-press.net\/togo\/culture-et-art\/decouverte-le-major-general-de-la-gendarmerie-nationale-francaise-revisite-lhistoire-de-pierre-savorgnan-de-brazza"},"wordCount":558,"commentCount":0,"image":{"@id":"https:\/\/www.africa-press.net\/togo\/culture-et-art\/decouverte-le-major-general-de-la-gendarmerie-nationale-francaise-revisite-lhistoire-de-pierre-savorgnan-de-brazza#primaryimage"},"thumbnailUrl":"https:\/\/static.africa-press.net\/togo\/sites\/58\/2025\/01\/sm_1737968604.879796.jpg","keywords":["Togo"],"articleSection":["Culture et Art","Photo","Toutes les actualit\u00e9s"],"inLanguage":"fr-FR","potentialAction":[{"@type":"CommentAction","name":"Comment","target":["https:\/\/www.africa-press.net\/togo\/culture-et-art\/decouverte-le-major-general-de-la-gendarmerie-nationale-francaise-revisite-lhistoire-de-pierre-savorgnan-de-brazza#respond"]}]},{"@type":"WebPage","@id":"https:\/\/www.africa-press.net\/togo\/culture-et-art\/decouverte-le-major-general-de-la-gendarmerie-nationale-francaise-revisite-lhistoire-de-pierre-savorgnan-de-brazza","url":"https:\/\/www.africa-press.net\/togo\/culture-et-art\/decouverte-le-major-general-de-la-gendarmerie-nationale-francaise-revisite-lhistoire-de-pierre-savorgnan-de-brazza","name":"D\u00e9couverte : le major g\u00e9n\u00e9ral de la gendarmerie nationale fran\u00e7aise revisite l\u2019histoire de Pierre Savorgnan de Brazza - Togo","isPartOf":{"@id":"https:\/\/www.africa-press.net\/togo\/#website"},"primaryImageOfPage":{"@id":"https:\/\/www.africa-press.net\/togo\/culture-et-art\/decouverte-le-major-general-de-la-gendarmerie-nationale-francaise-revisite-lhistoire-de-pierre-savorgnan-de-brazza#primaryimage"},"image":{"@id":"https:\/\/www.africa-press.net\/togo\/culture-et-art\/decouverte-le-major-general-de-la-gendarmerie-nationale-francaise-revisite-lhistoire-de-pierre-savorgnan-de-brazza#primaryimage"},"thumbnailUrl":"https:\/\/static.africa-press.net\/togo\/sites\/58\/2025\/01\/sm_1737968604.879796.jpg","datePublished":"2025-01-27T12:03:09+00:00","dateModified":"2025-04-04T02:40:16+00:00","author":{"@id":"https:\/\/www.africa-press.net\/togo\/#\/schema\/person\/2b1cf3cd81a31e3cd26889ca66d677f1"},"description":"Avant de quitter la Re\u0301publique du Congo apre\u0300s un fructueux se\u0301jour de travail, le major ge\u0301ne\u0301ral de la gend ...","breadcrumb":{"@id":"https:\/\/www.africa-press.net\/togo\/culture-et-art\/decouverte-le-major-general-de-la-gendarmerie-nationale-francaise-revisite-lhistoire-de-pierre-savorgnan-de-brazza#breadcrumb"},"inLanguage":"fr-FR","potentialAction":[{"@type":"ReadAction","target":["https:\/\/www.africa-press.net\/togo\/culture-et-art\/decouverte-le-major-general-de-la-gendarmerie-nationale-francaise-revisite-lhistoire-de-pierre-savorgnan-de-brazza"]}]},{"@type":"ImageObject","inLanguage":"fr-FR","@id":"https:\/\/www.africa-press.net\/togo\/culture-et-art\/decouverte-le-major-general-de-la-gendarmerie-nationale-francaise-revisite-lhistoire-de-pierre-savorgnan-de-brazza#primaryimage","url":"https:\/\/static.africa-press.net\/togo\/sites\/58\/2025\/01\/sm_1737968604.879796.jpg","contentUrl":"https:\/\/static.africa-press.net\/togo\/sites\/58\/2025\/01\/sm_1737968604.879796.jpg","width":1510,"height":890,"caption":"D\u00e9couverte : le major g\u00e9n\u00e9ral de la gendarmerie nationale fran\u00e7aise revisite l\u2019histoire de Pierre Savorgnan de Brazza"},{"@type":"BreadcrumbList","@id":"https:\/\/www.africa-press.net\/togo\/culture-et-art\/decouverte-le-major-general-de-la-gendarmerie-nationale-francaise-revisite-lhistoire-de-pierre-savorgnan-de-brazza#breadcrumb","itemListElement":[{"@type":"ListItem","position":1,"name":"Accueil","item":"https:\/\/www.africa-press.net\/togo\/"},{"@type":"ListItem","position":2,"name":"D\u00e9couverte : le major g\u00e9n\u00e9ral de la gendarmerie nationale fran\u00e7aise revisite l\u2019histoire de Pierre Savorgnan de Brazza"}]},{"@type":"WebSite","@id":"https:\/\/www.africa-press.net\/togo\/#website","url":"https:\/\/www.africa-press.net\/togo\/","name":"Togo","description":"Just another Africa News Agency Sites site","potentialAction":[{"@type":"SearchAction","target":{"@type":"EntryPoint","urlTemplate":"https:\/\/www.africa-press.net\/togo\/?s={search_term_string}"},"query-input":{"@type":"PropertyValueSpecification","valueRequired":true,"valueName":"search_term_string"}}],"inLanguage":"fr-FR"},{"@type":"Person","@id":"https:\/\/www.africa-press.net\/togo\/#\/schema\/person\/2b1cf3cd81a31e3cd26889ca66d677f1","name":"cfeditorfr"}]}},"_links":{"self":[{"href":"https:\/\/www.africa-press.net\/togo\/wp-json\/wp\/v2\/posts\/37313","targetHints":{"allow":["GET"]}}],"collection":[{"href":"https:\/\/www.africa-press.net\/togo\/wp-json\/wp\/v2\/posts"}],"about":[{"href":"https:\/\/www.africa-press.net\/togo\/wp-json\/wp\/v2\/types\/post"}],"author":[{"embeddable":true,"href":"https:\/\/www.africa-press.net\/togo\/wp-json\/wp\/v2\/users\/82"}],"replies":[{"embeddable":true,"href":"https:\/\/www.africa-press.net\/togo\/wp-json\/wp\/v2\/comments?post=37313"}],"version-history":[{"count":0,"href":"https:\/\/www.africa-press.net\/togo\/wp-json\/wp\/v2\/posts\/37313\/revisions"}],"wp:featuredmedia":[{"embeddable":true,"href":"https:\/\/www.africa-press.net\/togo\/wp-json\/wp\/v2\/media\/37312"}],"wp:attachment":[{"href":"https:\/\/www.africa-press.net\/togo\/wp-json\/wp\/v2\/media?parent=37313"}],"wp:term":[{"taxonomy":"category","embeddable":true,"href":"https:\/\/www.africa-press.net\/togo\/wp-json\/wp\/v2\/categories?post=37313"},{"taxonomy":"post_tag","embeddable":true,"href":"https:\/\/www.africa-press.net\/togo\/wp-json\/wp\/v2\/tags?post=37313"}],"curies":[{"name":"wp","href":"https:\/\/api.w.org\/{rel}","templated":true}]}}